{"id":86500,"date":"2026-04-30T07:33:53","date_gmt":"2026-04-30T05:33:53","guid":{"rendered":"https:\/\/jagdverband.it\/?p=86500"},"modified":"2026-05-02T20:46:17","modified_gmt":"2026-05-02T18:46:17","slug":"bezirksjaegerschiessen-2026","status":"publish","type":"post","link":"https:\/\/jagdverband.it\/it\/bezirksjaegerschiessen-2026\/","title":{"rendered":"Ergebnisse der Bezirksj\u00e4gerschie\u00dfen 2026"},"content":{"rendered":"<p>[et_pb_section fb_built=&#8221;1&#8243; specialty=&#8221;on&#8221; _builder_version=&#8221;4.16&#8243; global_colors_info=&#8221;{}&#8221;][et_pb_column type=&#8221;3_4&#8243; specialty_columns=&#8221;3&#8243; _builder_version=&#8221;4.16&#8243; custom_padding=&#8221;|||&#8221; global_colors_info=&#8221;{}&#8221; custom_padding__hover=&#8221;|||&#8221;][et_pb_row_inner _builder_version=&#8221;4.16&#8243; custom_padding=&#8221;||5px||false|false&#8221; global_colors_info=&#8221;{}&#8221;][et_pb_column_inner saved_specialty_column_type=&#8221;3_4&#8243; _builder_version=&#8221;4.16&#8243; global_colors_info=&#8221;{}&#8221;][et_pb_text _builder_version=&#8221;4.27.4&#8243; custom_padding=&#8221;||0px|||&#8221; hover_enabled=&#8221;0&#8243; global_colors_info=&#8221;{}&#8221; sticky_enabled=&#8221;0&#8243;]<\/p>\n<h1>Ergebnisse der Bezirks-J\u00e4gerschie\u00dfen 2026<\/h1>\n<p>[\/et_pb_text][\/et_pb_column_inner][\/et_pb_row_inner][et_pb_row_inner disabled_on=&#8221;on|on|on&#8221; _builder_version=&#8221;4.27.4&#8243; custom_margin=&#8221;10px||||false|false&#8221; custom_padding=&#8221;0px||5px||false|false&#8221; hover_enabled=&#8221;0&#8243; global_colors_info=&#8221;{}&#8221; disabled=&#8221;on&#8221; sticky_enabled=&#8221;0&#8243;][et_pb_column_inner saved_specialty_column_type=&#8221;3_4&#8243; _builder_version=&#8221;4.16&#8243; global_colors_info=&#8221;{}&#8221;][et_pb_divider color=&#8221;rgba(0,0,0,0.1)&#8221; divider_weight=&#8221;4px&#8221; _builder_version=&#8221;4.18.0&#8243; global_colors_info=&#8221;{}&#8221;][\/et_pb_divider][et_pb_text _builder_version=&#8221;4.18.0&#8243; custom_margin=&#8221;||16px|||&#8221; custom_padding=&#8221;||0px|||&#8221; global_colors_info=&#8221;{}&#8221;]<\/p>\n<h2><span style=\"color: #008000;\">Bezirk Vinschgau <\/span><span style=\"color: #008000;\">&#8211; 31. Mai 2025<\/span><\/h2>\n<p>[\/et_pb_text][\/et_pb_column_inner][\/et_pb_row_inner][et_pb_row_inner column_structure=&#8221;1_2,1_2&#8243; disabled_on=&#8221;on|on|on&#8221; _builder_version=&#8221;4.27.4&#8243; custom_padding=&#8221;0px||5px||false|false&#8221; hover_enabled=&#8221;0&#8243; global_colors_info=&#8221;{}&#8221; disabled=&#8221;on&#8221; sticky_enabled=&#8221;0&#8243;][et_pb_column_inner type=&#8221;1_2&#8243; saved_specialty_column_type=&#8221;3_4&#8243; _builder_version=&#8221;4.16&#8243; global_colors_info=&#8221;{}&#8221;][et_pb_text disabled_on=&#8221;off|off|off&#8221; _builder_version=&#8221;4.18.0&#8243; custom_padding=&#8221;||10px|||&#8221; global_colors_info=&#8221;{}&#8221;]<\/p>\n<p>Am 31. Mai fand auf dem Festplatz in Taufers im M\u00fcnstertal das Bezirksschie\u00dfen des Bezirks Vinschgau statt, als letztes im ganzen Land. <br \/>Bei Kaiserwetter konnten die Vinschger J\u00e4ger Ihre Treffsicherheit unter Beweis stellen. Es wurden sehr gute Ergebnisse erzielt. 51 Sch\u00fctzen sicherten sich das Abzeichen in Gold, 78 Sch\u00fctzen jenes in Silber.<br \/>Beschossen wurden insgesamt 213 Zielscheiben auf einer Distanz von 200 Metern. Auf der Zielscheibe befanden sich zwei Wildmotive und eine Ringscheibe.<\/p>\n<p><strong>Kategorie Repetierer<\/strong><br \/>142 Sch\u00fctzen insgesamt: 1. Evi K\u00fcrner, 2. Christoph Platzer, 3. Dominik Fierer, 4. Kai Ziernheld, 5. Konrad Thoman<\/p>\n<p><strong>Kategorie Kipplauf<\/strong><br \/>71 Sch\u00fctzen insgesamt: 1. Erhard Thanei, 2. Ewald Nischler, 3. Erwin Fierer, 4. Christoph Platzer, 5. Otto Platzer<\/p>\n<p>Neben dem Schie\u00dfen wurde, wie unter J\u00e4gern \u00fcblich, gefachsimpelt, Karten gespielt und so manches Jagderlebnis \u2013 ob wahr oder \u00fcbertrieben \u2013 erz\u00e4hlt.<\/p>\n<p>Bei H\u00f6rnerklang der Jagdhornbl\u00e4ser von Latsch, gutem Essen und einem Glasl Wein lie\u00dfen wir den Tag ausklingen. Wir freuen uns bereits auf den 14. Juni, wo sich Sch\u00fctzen des gesamten Landes zum Landesschie\u00dfen auf dem Festplatz in Taufers im M\u00fcnstertal treffen werden.<br \/>Dem Revier Taufers gilt ein gro\u00dfer Dank f\u00fcr die super Organisation.<\/p>\n<p style=\"text-align: right;\"><em>Revierleiter Dietrich Spiess<\/em><\/p>\n<p>[\/et_pb_text][et_pb_blurb title=&#8221;Ergebnisse des Bezirksschie\u00dfen Vinschgau&#8221; url=&#8221;https:\/\/jagdverband.it\/wp-content\/uploads\/2025\/06\/Bezirksschiessen-Vinschgau-2025-Ergebnis.pdf&#8221; use_icon=&#8221;on&#8221; font_icon=&#8221;&#xe092;||divi||400&#8243; icon_color=&#8221;rgba(0,45,3,0.61)&#8221; icon_placement=&#8221;left&#8221; image_icon_width=&#8221;25px&#8221; _builder_version=&#8221;4.18.0&#8243; header_level=&#8221;h3&#8243; background_color_gradient_direction=&#8221;90deg&#8221; custom_margin=&#8221;0px||5px||false|false&#8221; icon_font_size=&#8221;25px&#8221; global_colors_info=&#8221;{}&#8221;][\/et_pb_blurb][\/et_pb_column_inner][et_pb_column_inner type=&#8221;1_2&#8243; saved_specialty_column_type=&#8221;3_4&#8243; _builder_version=&#8221;4.16&#8243; global_colors_info=&#8221;{}&#8221;][et_pb_image src=&#8221;https:\/\/jagdverband.it\/wp-content\/uploads\/2025\/05\/2025_Bezirksschiessen-Vinschgau.jpg&#8221; title_text=&#8221;2025_Bezirksschiessen-Vinschgau&#8221; show_in_lightbox=&#8221;on&#8221; show_bottom_space=&#8221;off&#8221; disabled_on=&#8221;off|off|off&#8221; _builder_version=&#8221;4.18.0&#8243; _module_preset=&#8221;default&#8221; min_height=&#8221;302.1px&#8221; global_colors_info=&#8221;{}&#8221;][\/et_pb_image][et_pb_text disabled_on=&#8221;off|off|off&#8221; _builder_version=&#8221;4.18.0&#8243; custom_margin=&#8221;10px||||false|false&#8221; custom_padding=&#8221;||10px|||&#8221; global_colors_info=&#8221;{}&#8221;]<\/p>\n<h4>Die drei Erstplatzierten der Kategorien Repetierer und Kipplauf, gemeinsam mit B\u00fcrgermeisterin Roselinde Gunsch Koch, den Jagdhornbl\u00e4sern Schworzwond Latsch, dem Bezirksj\u00e4germeister G\u00fcnther Hohenegger und dem Revierleiter von Taufers Dietrich Spiess.<\/h4>\n<p>[\/et_pb_text][\/et_pb_column_inner][\/et_pb_row_inner][et_pb_row_inner disabled_on=&#8221;on|on|on&#8221; _builder_version=&#8221;4.27.4&#8243; custom_margin=&#8221;10px||||false|false&#8221; custom_padding=&#8221;0px||5px||false|false&#8221; hover_enabled=&#8221;0&#8243; global_colors_info=&#8221;{}&#8221; disabled=&#8221;on&#8221; sticky_enabled=&#8221;0&#8243;][et_pb_column_inner saved_specialty_column_type=&#8221;3_4&#8243; _builder_version=&#8221;4.16&#8243; global_colors_info=&#8221;{}&#8221;][et_pb_divider color=&#8221;rgba(0,0,0,0.1)&#8221; divider_weight=&#8221;4px&#8221; _builder_version=&#8221;4.18.0&#8243; global_colors_info=&#8221;{}&#8221;][\/et_pb_divider][et_pb_text _builder_version=&#8221;4.18.0&#8243; custom_margin=&#8221;||16px|||&#8221; custom_padding=&#8221;||0px|||&#8221; global_colors_info=&#8221;{}&#8221;]<\/p>\n<h2><span style=\"color: #008000;\">Bezirk Brixen <\/span><span style=\"color: #008000;\">&#8211; 24. Mai 2025<\/span><\/h2>\n<p>[\/et_pb_text][\/et_pb_column_inner][\/et_pb_row_inner][et_pb_row_inner column_structure=&#8221;1_2,1_2&#8243; disabled_on=&#8221;on|on|on&#8221; _builder_version=&#8221;4.27.4&#8243; custom_padding=&#8221;0px||5px||false|false&#8221; hover_enabled=&#8221;0&#8243; global_colors_info=&#8221;{}&#8221; disabled=&#8221;on&#8221; sticky_enabled=&#8221;0&#8243;][et_pb_column_inner type=&#8221;1_2&#8243; saved_specialty_column_type=&#8221;3_4&#8243; _builder_version=&#8221;4.16&#8243; global_colors_info=&#8221;{}&#8221;][et_pb_image src=&#8221;https:\/\/jagdverband.it\/wp-content\/uploads\/2025\/05\/2025_Bezirksschiessen-Brixen_Alle.jpg&#8221; title_text=&#8221;2025_Bezirksschie\u00dfen Brixen_Alle&#8221; show_in_lightbox=&#8221;on&#8221; show_bottom_space=&#8221;off&#8221; _builder_version=&#8221;4.18.0&#8243; _module_preset=&#8221;default&#8221; custom_padding=&#8221;||27px|||&#8221; global_colors_info=&#8221;{}&#8221;][\/et_pb_image][et_pb_text _builder_version=&#8221;4.18.0&#8243; custom_padding=&#8221;||10px|||&#8221; global_colors_info=&#8221;{}&#8221;]<\/p>\n<p>Am Samstag den 24. Mai wurde das Bezirksschie\u00dfen des Jagdbezirkes Brixen durchgef\u00fchrt. Zum ersten Mal hat das Jagdrevier Pfunders diesen Event organisiert. Bei sch\u00f6nem Wetter und in mitten einer traumhaften Bergkulisse fanden sich mehr als 100 Teilnehmer ein. Die Entfernung betrug 130 Meter und es wurde in den Kategorien Repetierer, Kipplauf und Tiefschuss geschossen. Beim Tiefschuss wurde ein Schuss auf eine Murmeltierscheibe abgegeben. In der Kategorie Repetierer hat Markus Senn vom Jagdrevier Klausen das beste Ergebnis erzielt. In der Kategorie Kipplauf konnte Willi Runggaldier vom Jagdrevier St. Christina den Titel holen. Die Mannschaftswertung und damit die Wandertroph\u00e4e konnte sich das Revier Pfunders sichern.<\/p>\n<p>Besonders spannend war es in der Kategorie Tiefschuss. Die ersten drei Pl\u00e4tze gingen an Mitglieder des Reviers Pfunders. Als Sieger ging Roland Volgger hervor. Es gab in allen Kategorien sehr viele Sachpreise zu gewinnen, unter anderem auch Holzschnitzereien von Rino Insam. Der erste in der Kategorie Repetierer konnte sich \u00fcber eine Repetierb\u00fcchse Beretta freuen. Der erste in der Kategorie Tiefschuss hat eine Bergara Kipplaufb\u00fcchse erhalten. Unter den anwesenden Teilnehmern wurde eine weitere Reptierb\u00fcchse Bergara verlost.<\/p>\n<p>Ein besonderer Dank gilt dem Hauptsponsor BERETTA sowie allen weiteren Sponsoren, G\u00f6nnern und den Revieren des Bezirkes f\u00fcr die Sachspenden. An dieser Stelle sei auch allen gedankt die einen Beitrag zu dieser \u00e4u\u00dferst gelungenen Veranstaltung geleistet haben.<\/p>\n<p><em>Karl Neumair<\/em><\/p>\n<p>[\/et_pb_text][et_pb_blurb title=&#8221;Ergebnisse des Bezirksschie\u00dfen Brixen&#8221; url=&#8221;https:\/\/jagdverband.it\/wp-content\/uploads\/2025\/05\/Bezirksschiessen-Brixen-2025-Ergebnis.pdf&#8221; use_icon=&#8221;on&#8221; font_icon=&#8221;&#xe092;||divi||400&#8243; icon_color=&#8221;rgba(0,45,3,0.61)&#8221; icon_placement=&#8221;left&#8221; image_icon_width=&#8221;25px&#8221; _builder_version=&#8221;4.18.0&#8243; header_level=&#8221;h3&#8243; background_color_gradient_direction=&#8221;90deg&#8221; custom_margin=&#8221;0px||5px||false|false&#8221; icon_font_size=&#8221;25px&#8221; global_colors_info=&#8221;{}&#8221;][\/et_pb_blurb][\/et_pb_column_inner][et_pb_column_inner type=&#8221;1_2&#8243; saved_specialty_column_type=&#8221;3_4&#8243; _builder_version=&#8221;4.16&#8243; global_colors_info=&#8221;{}&#8221;][et_pb_image src=&#8221;https:\/\/jagdverband.it\/wp-content\/uploads\/2025\/05\/2025_Bezirksschiessen-Brixen_Repetierer-und-Kipplauf.jpg&#8221; title_text=&#8221;2025_Bezirksschie\u00dfen Brixen_Repetierer und Kipplauf&#8221; show_in_lightbox=&#8221;on&#8221; show_bottom_space=&#8221;off&#8221; _builder_version=&#8221;4.18.0&#8243; _module_preset=&#8221;default&#8221; min_height=&#8221;302.1px&#8221; global_colors_info=&#8221;{}&#8221;][\/et_pb_image][et_pb_text _builder_version=&#8221;4.18.0&#8243; custom_margin=&#8221;10px||||false|false&#8221; custom_padding=&#8221;||10px|||&#8221; global_colors_info=&#8221;{}&#8221;]<\/p>\n<h4>Von Links Bezirksj\u00e4germeister Rino Insam, Stefan Gatterer (2. Repetierer), Willi Runggaldier (1. Kipplauf), Gottfried Unterfrauner (2. Kipplauf), Markus Senn (1. Repetierer) und Revierleiter Karl Neumair<\/h4>\n<p>[\/et_pb_text][et_pb_image src=&#8221;https:\/\/jagdverband.it\/wp-content\/uploads\/2025\/05\/2025_Bezirksschiessen-Brixen_Tiefschuss.jpg&#8221; title_text=&#8221;2025_Bezirksschie\u00dfen Brixen_Tiefschuss&#8221; show_in_lightbox=&#8221;on&#8221; show_bottom_space=&#8221;off&#8221; _builder_version=&#8221;4.18.0&#8243; _module_preset=&#8221;default&#8221; global_colors_info=&#8221;{}&#8221;][\/et_pb_image][et_pb_text _builder_version=&#8221;4.18.0&#8243; custom_margin=&#8221;10px||||false|false&#8221; custom_padding=&#8221;||10px|||&#8221; global_colors_info=&#8221;{}&#8221;]<\/p>\n<h4>Von links Benjamin Huber (2.), Roland Volgger (1.), Bezirksj\u00e4germeister Rino Insam und der Revierleiter von Pfunders Karl Neumair (3.)<\/h4>\n<p>[\/et_pb_text][\/et_pb_column_inner][\/et_pb_row_inner][et_pb_row_inner _builder_version=&#8221;4.16&#8243; custom_margin=&#8221;10px||||false|false&#8221; custom_padding=&#8221;0px||5px||false|false&#8221; global_colors_info=&#8221;{}&#8221;][et_pb_column_inner saved_specialty_column_type=&#8221;3_4&#8243; _builder_version=&#8221;4.16&#8243; global_colors_info=&#8221;{}&#8221;][et_pb_divider color=&#8221;rgba(0,0,0,0.1)&#8221; divider_weight=&#8221;4px&#8221; _builder_version=&#8221;4.18.0&#8243; global_colors_info=&#8221;{}&#8221;][\/et_pb_divider][et_pb_text _builder_version=&#8221;4.27.4&#8243; custom_padding=&#8221;||0px|||&#8221; hover_enabled=&#8221;0&#8243; global_colors_info=&#8221;{}&#8221; sticky_enabled=&#8221;0&#8243;]<\/p>\n<h2><span style=\"color: #008000;\">Bezirk Bruneck <\/span><span style=\"color: #008000;\">&#8211; 24. und 25. April 2026<\/span><\/h2>\n<p>[\/et_pb_text][\/et_pb_column_inner][\/et_pb_row_inner][et_pb_row_inner _builder_version=&#8221;4.16&#8243; custom_padding=&#8221;0px||5px||false|false&#8221; global_colors_info=&#8221;{}&#8221;][et_pb_column_inner saved_specialty_column_type=&#8221;3_4&#8243; _builder_version=&#8221;4.16&#8243; global_colors_info=&#8221;{}&#8221;][et_pb_image src=&#8221;https:\/\/jagdverband.it\/wp-content\/uploads\/2026\/05\/Bezirkschiessen-Bruneck.jpg&#8221; title_text=&#8221;Bezirkschiessen Bruneck&#8221; show_in_lightbox=&#8221;on&#8221; show_bottom_space=&#8221;off&#8221; _builder_version=&#8221;4.27.4&#8243; _module_preset=&#8221;default&#8221; hover_enabled=&#8221;0&#8243; global_colors_info=&#8221;{}&#8221; sticky_enabled=&#8221;0&#8243;][\/et_pb_image][et_pb_text _builder_version=&#8221;4.27.4&#8243; custom_margin=&#8221;10px||||false|false&#8221; custom_padding=&#8221;||10px|||&#8221; hover_enabled=&#8221;0&#8243; global_colors_info=&#8221;{}&#8221; sticky_enabled=&#8221;0&#8243;]<\/p>\n<h4>Von links: Schie\u00dfreferent Manfred Plaickner, Reinhard Kammerer, Werner Clara, Renzo Vesco, Richard Gruber, Meinhard Steiner, Hannes Clara und Bezirksj\u00e4germeister Paul Steiner<\/h4>\n<p>[\/et_pb_text][\/et_pb_column_inner][\/et_pb_row_inner][et_pb_row_inner column_structure=&#8221;1_2,1_2&#8243; _builder_version=&#8221;4.16&#8243; custom_padding=&#8221;0px||5px||false|false&#8221; global_colors_info=&#8221;{}&#8221;][et_pb_column_inner type=&#8221;1_2&#8243; saved_specialty_column_type=&#8221;3_4&#8243; _builder_version=&#8221;4.16&#8243; global_colors_info=&#8221;{}&#8221;][et_pb_text _builder_version=&#8221;4.27.4&#8243; custom_padding=&#8221;||10px|||&#8221; hover_enabled=&#8221;0&#8243; global_colors_info=&#8221;{}&#8221; sticky_enabled=&#8221;0&#8243;]<\/p>\n<p>Am 24. und 25. April veranstaltete der Jagdbezirk Bruneck im Schie\u00dfstand von St. Lorenzen sein traditionelles Bezirksschie\u00dfen. Die Veranstaltung bietet allj\u00e4hrlich eine wichtige Gelegenheit, Jagdwaffen rechtzeitig vor Beginn der neuen Jagdsaison zu \u00fcberpr\u00fcfen.<\/p>\n<p>F\u00fcr einen reibungslosen Ablauf sorgten auch heuer Schie\u00dfreferent Manfred Plaickner und sein engagiertes Team. Mit insgesamt 110 Teilnehmern in den Kategorien Repetierer und Kipplauf war das Interesse sogar gr\u00f6\u00dfer als in den Vorjahren. Zugelassen waren ausschlie\u00dflich Kaliber, die f\u00fcr die Rotwildjagd geeignet sind, mit einem Mindestgeschossdurchmesser von 6,5 Millimetern.<\/p>\n<p>[\/et_pb_text][\/et_pb_column_inner][et_pb_column_inner type=&#8221;1_2&#8243; saved_specialty_column_type=&#8221;3_4&#8243; _builder_version=&#8221;4.16&#8243; global_colors_info=&#8221;{}&#8221;][et_pb_text _builder_version=&#8221;4.27.4&#8243; custom_padding=&#8221;||10px|||&#8221; hover_enabled=&#8221;0&#8243; global_colors_info=&#8221;{}&#8221; sticky_enabled=&#8221;0&#8243;]<\/p>\n<p>Im Rahmen des Wettbewerbs wurden die Schie\u00dfnadeln des Bezirkes in Gold, Silber und Bronze vergeben. Zudem stellten die Jagdreviere, Sponsoren sowie der Bezirk Bruneck auch in diesem Jahr zahlreiche hochwertige Preise zur Verf\u00fcgung. Die jeweils drei Erstplatzierten jeder Kategorie durften sich \u00fcber eine kunstvoll gestaltete Schie\u00dfscheibe freuen.<\/p>\n<p>Dar\u00fcber hinaus wurden unter allen Teilnehmern mehr als 40 attraktive Sach- und Jagdpreise verlost, darunter Jagderlaubnisscheine auf zwei Gamsjahrlinge, Rehwild sowie Tageskarten f\u00fcr Murmeltiere und Niederwild.<\/p>\n<p>Der Veranstalter bedankt sich herzlich bei allen Revieren und Sponsoren f\u00fcr die gro\u00dfz\u00fcgige Unterst\u00fctzung, die ma\u00dfgeblich dazu beitr\u00e4gt, das Bezirksschie\u00dfen f\u00fcr alle Teilnehmer besonders attraktiv zu gestalten.<\/p>\n<p>[\/et_pb_text][et_pb_blurb title=&#8221;Ergebnisse des Bezirksschie\u00dfen Bruneck&#8221; url=&#8221;https:\/\/jagdverband.it\/wp-content\/uploads\/2026\/05\/Bezirksschiessen-Bruneck-2026-Ergebnis.pdf&#8221; use_icon=&#8221;on&#8221; font_icon=&#8221;&#xe092;||divi||400&#8243; icon_color=&#8221;rgba(0,45,3,0.61)&#8221; icon_placement=&#8221;left&#8221; image_icon_width=&#8221;25px&#8221; _builder_version=&#8221;4.27.4&#8243; header_level=&#8221;h3&#8243; background_color_gradient_direction=&#8221;90deg&#8221; custom_margin=&#8221;0px||5px||false|false&#8221; hover_enabled=&#8221;0&#8243; icon_font_size=&#8221;25px&#8221; global_colors_info=&#8221;{}&#8221; sticky_enabled=&#8221;0&#8243;][\/et_pb_blurb][\/et_pb_column_inner][\/et_pb_row_inner][et_pb_row_inner column_structure=&#8221;undefined&#8221; _builder_version=&#8221;4.16&#8243; custom_padding=&#8221;0px||0px||false|false&#8221; global_colors_info=&#8221;{}&#8221;][et_pb_column_inner type=&#8221;undefined&#8221; saved_specialty_column_type=&#8221;3_4&#8243; _builder_version=&#8221;4.16&#8243; global_colors_info=&#8221;{}&#8221;][et_pb_divider color=&#8221;rgba(0,0,0,0.1)&#8221; divider_weight=&#8221;4px&#8221; _builder_version=&#8221;4.18.0&#8243; global_colors_info=&#8221;{}&#8221;][\/et_pb_divider][et_pb_button button_url=&#8221;https:\/\/jagdverband.it\/mitteilungen\/&#8221; button_text=&#8221;Zur\u00fcck zur \u00dcbersicht&#8221; button_alignment=&#8221;center&#8221; _builder_version=&#8221;4.16&#8243; global_colors_info=&#8221;{}&#8221;][\/et_pb_button][et_pb_divider color=&#8221;rgba(0,0,0,0.1)&#8221; _builder_version=&#8221;4.16&#8243; global_colors_info=&#8221;{}&#8221;][\/et_pb_divider][\/et_pb_column_inner][\/et_pb_row_inner][\/et_pb_column][et_pb_column type=&#8221;1_4&#8243; _builder_version=&#8221;4.16&#8243; custom_padding=&#8221;|||&#8221; global_colors_info=&#8221;{}&#8221; custom_padding__hover=&#8221;|||&#8221;][et_pb_sidebar orientation=&#8221;right&#8221; _builder_version=&#8221;4.16&#8243; global_colors_info=&#8221;{}&#8221;][\/et_pb_sidebar][\/et_pb_column][\/et_pb_section]<\/p>\n","protected":false},"excerpt":{"rendered":"<p>Mai 2026 &#8211; Hier finden Sie die Ergebnisse der verschiedenen J\u00e4gerschie\u00dfen auf Bezirksebene.<\/p>\n","protected":false},"author":1,"featured_media":76972,"comment_status":"closed","ping_status":"closed","sticky":false,"template":"","format":"standard","meta":{"_et_pb_use_builder":"on","_et_pb_old_content":"","_et_gb_content_width":""},"categories":[80],"tags":[],"featured_image_src":"https:\/\/jagdverband.it\/wp-content\/uploads\/2023\/12\/Schiessabzeichen-2024-IMG_2940-Kopie-1024x766.jpg","blog_images":{"medium":"https:\/\/jagdverband.it\/wp-content\/uploads\/2023\/12\/Schiessabzeichen-2024-IMG_2940-Kopie-300x224.jpg","large":"https:\/\/jagdverband.it\/wp-content\/uploads\/2023\/12\/Schiessabzeichen-2024-IMG_2940-Kopie-1024x766.jpg"},"ams_acf":[],"yoast_head":"<!-- This site is optimized with the Yoast SEO plugin v19.6 - https:\/\/yoast.com\/wordpress\/plugins\/seo\/ -->\n<title>Ergebnisse der Bezirksj\u00e4gerschie\u00dfen 2026 - S\u00fcdtiroler Jagdverband<\/title>\n<meta name=\"robots\" content=\"index, follow, max-snippet:-1, max-image-preview:large, max-video-preview:-1\" \/>\n<link rel=\"canonical\" href=\"https:\/\/jagdverband.it\/it\/bezirksjaegerschiessen-2026\/\" \/>\n<meta property=\"og:locale\" content=\"it_IT\" \/>\n<meta property=\"og:type\" content=\"article\" \/>\n<meta property=\"og:title\" content=\"Ergebnisse der Bezirksj\u00e4gerschie\u00dfen 2026 - S\u00fcdtiroler Jagdverband\" \/>\n<meta property=\"og:description\" content=\"Mai 2026 - Hier finden Sie die Ergebnisse der verschiedenen J\u00e4gerschie\u00dfen auf Bezirksebene.\" \/>\n<meta property=\"og:url\" content=\"https:\/\/jagdverband.it\/it\/bezirksjaegerschiessen-2026\/\" \/>\n<meta property=\"og:site_name\" content=\"S\u00fcdtiroler Jagdverband\" \/>\n<meta property=\"article:published_time\" content=\"2026-04-30T05:33:53+00:00\" \/>\n<meta property=\"article:modified_time\" content=\"2026-05-02T18:46:17+00:00\" \/>\n<meta property=\"og:image\" content=\"https:\/\/jagdverband.it\/wp-content\/uploads\/2023\/12\/Schiessabzeichen-2024-IMG_2940-Kopie-scaled.jpg\" \/>\n\t<meta property=\"og:image:width\" content=\"2560\" \/>\n\t<meta property=\"og:image:height\" content=\"1915\" \/>\n\t<meta property=\"og:image:type\" content=\"image\/jpeg\" \/>\n<meta name=\"author\" content=\"admin\" \/>\n<meta name=\"twitter:card\" content=\"summary\" \/>\n<meta name=\"twitter:label1\" content=\"Scritto da\" \/>\n\t<meta name=\"twitter:data1\" content=\"admin\" \/>\n\t<meta name=\"twitter:label2\" content=\"Tempo di lettura stimato\" \/>\n\t<meta name=\"twitter:data2\" content=\"11 minuti\" \/>\n<script type=\"application\/ld+json\" class=\"yoast-schema-graph\">{\"@context\":\"https:\/\/schema.org\",\"@graph\":[{\"@type\":\"Article\",\"@id\":\"https:\/\/jagdverband.it\/it\/bezirksjaegerschiessen-2026\/#article\",\"isPartOf\":{\"@id\":\"https:\/\/jagdverband.it\/it\/bezirksjaegerschiessen-2026\/\"},\"author\":{\"name\":\"admin\",\"@id\":\"https:\/\/jagdverband.it\/it\/#\/schema\/person\/3e030b3a4aa7c391e09cd551afd6dc73\"},\"headline\":\"Ergebnisse der Bezirksj\u00e4gerschie\u00dfen 2026\",\"datePublished\":\"2026-04-30T05:33:53+00:00\",\"dateModified\":\"2026-05-02T18:46:17+00:00\",\"mainEntityOfPage\":{\"@id\":\"https:\/\/jagdverband.it\/it\/bezirksjaegerschiessen-2026\/\"},\"wordCount\":1958,\"publisher\":{\"@id\":\"https:\/\/jagdverband.it\/it\/#organization\"},\"articleSection\":[\"Mitteilungen\"],\"inLanguage\":\"it-IT\"},{\"@type\":\"WebPage\",\"@id\":\"https:\/\/jagdverband.it\/it\/bezirksjaegerschiessen-2026\/\",\"url\":\"https:\/\/jagdverband.it\/it\/bezirksjaegerschiessen-2026\/\",\"name\":\"Ergebnisse der Bezirksj\u00e4gerschie\u00dfen 2026 - S\u00fcdtiroler Jagdverband\",\"isPartOf\":{\"@id\":\"https:\/\/jagdverband.it\/it\/#website\"},\"datePublished\":\"2026-04-30T05:33:53+00:00\",\"dateModified\":\"2026-05-02T18:46:17+00:00\",\"breadcrumb\":{\"@id\":\"https:\/\/jagdverband.it\/it\/bezirksjaegerschiessen-2026\/#breadcrumb\"},\"inLanguage\":\"it-IT\",\"potentialAction\":[{\"@type\":\"ReadAction\",\"target\":[\"https:\/\/jagdverband.it\/it\/bezirksjaegerschiessen-2026\/\"]}]},{\"@type\":\"BreadcrumbList\",\"@id\":\"https:\/\/jagdverband.it\/it\/bezirksjaegerschiessen-2026\/#breadcrumb\",\"itemListElement\":[{\"@type\":\"ListItem\",\"position\":1,\"name\":\"Home\",\"item\":\"https:\/\/jagdverband.it\/it\/\"},{\"@type\":\"ListItem\",\"position\":2,\"name\":\"Mitteilungen\",\"item\":\"https:\/\/jagdverband.it\/c\/mitteilungen\/\"},{\"@type\":\"ListItem\",\"position\":3,\"name\":\"Ergebnisse der Bezirksj\u00e4gerschie\u00dfen 2026\"}]},{\"@type\":\"WebSite\",\"@id\":\"https:\/\/jagdverband.it\/it\/#website\",\"url\":\"https:\/\/jagdverband.it\/it\/\",\"name\":\"S\u00fcdtiroler Jagdverband\",\"description\":\"S\u00fcdtiroler Jagdverband\",\"publisher\":{\"@id\":\"https:\/\/jagdverband.it\/it\/#organization\"},\"potentialAction\":[{\"@type\":\"SearchAction\",\"target\":{\"@type\":\"EntryPoint\",\"urlTemplate\":\"https:\/\/jagdverband.it\/it\/?s={search_term_string}\"},\"query-input\":\"required name=search_term_string\"}],\"inLanguage\":\"it-IT\"},{\"@type\":\"Organization\",\"@id\":\"https:\/\/jagdverband.it\/it\/#organization\",\"name\":\"S\u00fcdtiroler Jagdverband\",\"url\":\"https:\/\/jagdverband.it\/it\/\",\"sameAs\":[],\"logo\":{\"@type\":\"ImageObject\",\"inLanguage\":\"it-IT\",\"@id\":\"https:\/\/jagdverband.it\/it\/#\/schema\/logo\/image\/\",\"url\":\"\",\"contentUrl\":\"\",\"caption\":\"S\u00fcdtiroler Jagdverband\"},\"image\":{\"@id\":\"https:\/\/jagdverband.it\/it\/#\/schema\/logo\/image\/\"}},{\"@type\":\"Person\",\"@id\":\"https:\/\/jagdverband.it\/it\/#\/schema\/person\/3e030b3a4aa7c391e09cd551afd6dc73\",\"name\":\"admin\",\"image\":{\"@type\":\"ImageObject\",\"inLanguage\":\"it-IT\",\"@id\":\"https:\/\/jagdverband.it\/it\/#\/schema\/person\/image\/\",\"url\":\"https:\/\/secure.gravatar.com\/avatar\/badbf5eaa88657062fdcacb31218cc5c?s=96&d=blank&r=g\",\"contentUrl\":\"https:\/\/secure.gravatar.com\/avatar\/badbf5eaa88657062fdcacb31218cc5c?s=96&d=blank&r=g\",\"caption\":\"admin\"},\"url\":\"https:\/\/jagdverband.it\/it\/author\/admin\/\"}]}<\/script>\n<!-- \/ Yoast SEO plugin. -->","yoast_head_json":{"title":"Ergebnisse der Bezirksj\u00e4gerschie\u00dfen 2026 - S\u00fcdtiroler Jagdverband","robots":{"index":"index","follow":"follow","max-snippet":"max-snippet:-1","max-image-preview":"max-image-preview:large","max-video-preview":"max-video-preview:-1"},"canonical":"https:\/\/jagdverband.it\/it\/bezirksjaegerschiessen-2026\/","og_locale":"it_IT","og_type":"article","og_title":"Ergebnisse der Bezirksj\u00e4gerschie\u00dfen 2026 - S\u00fcdtiroler Jagdverband","og_description":"Mai 2026 - Hier finden Sie die Ergebnisse der verschiedenen J\u00e4gerschie\u00dfen auf Bezirksebene.","og_url":"https:\/\/jagdverband.it\/it\/bezirksjaegerschiessen-2026\/","og_site_name":"S\u00fcdtiroler Jagdverband","article_published_time":"2026-04-30T05:33:53+00:00","article_modified_time":"2026-05-02T18:46:17+00:00","og_image":[{"width":2560,"height":1915,"url":"https:\/\/jagdverband.it\/wp-content\/uploads\/2023\/12\/Schiessabzeichen-2024-IMG_2940-Kopie-scaled.jpg","type":"image\/jpeg"}],"author":"admin","twitter_card":"summary","twitter_misc":{"Scritto da":"admin","Tempo di lettura stimato":"11 minuti"},"schema":{"@context":"https:\/\/schema.org","@graph":[{"@type":"Article","@id":"https:\/\/jagdverband.it\/it\/bezirksjaegerschiessen-2026\/#article","isPartOf":{"@id":"https:\/\/jagdverband.it\/it\/bezirksjaegerschiessen-2026\/"},"author":{"name":"admin","@id":"https:\/\/jagdverband.it\/it\/#\/schema\/person\/3e030b3a4aa7c391e09cd551afd6dc73"},"headline":"Ergebnisse der Bezirksj\u00e4gerschie\u00dfen 2026","datePublished":"2026-04-30T05:33:53+00:00","dateModified":"2026-05-02T18:46:17+00:00","mainEntityOfPage":{"@id":"https:\/\/jagdverband.it\/it\/bezirksjaegerschiessen-2026\/"},"wordCount":1958,"publisher":{"@id":"https:\/\/jagdverband.it\/it\/#organization"},"articleSection":["Mitteilungen"],"inLanguage":"it-IT"},{"@type":"WebPage","@id":"https:\/\/jagdverband.it\/it\/bezirksjaegerschiessen-2026\/","url":"https:\/\/jagdverband.it\/it\/bezirksjaegerschiessen-2026\/","name":"Ergebnisse der Bezirksj\u00e4gerschie\u00dfen 2026 - S\u00fcdtiroler Jagdverband","isPartOf":{"@id":"https:\/\/jagdverband.it\/it\/#website"},"datePublished":"2026-04-30T05:33:53+00:00","dateModified":"2026-05-02T18:46:17+00:00","breadcrumb":{"@id":"https:\/\/jagdverband.it\/it\/bezirksjaegerschiessen-2026\/#breadcrumb"},"inLanguage":"it-IT","potentialAction":[{"@type":"ReadAction","target":["https:\/\/jagdverband.it\/it\/bezirksjaegerschiessen-2026\/"]}]},{"@type":"BreadcrumbList","@id":"https:\/\/jagdverband.it\/it\/bezirksjaegerschiessen-2026\/#breadcrumb","itemListElement":[{"@type":"ListItem","position":1,"name":"Home","item":"https:\/\/jagdverband.it\/it\/"},{"@type":"ListItem","position":2,"name":"Mitteilungen","item":"https:\/\/jagdverband.it\/c\/mitteilungen\/"},{"@type":"ListItem","position":3,"name":"Ergebnisse der Bezirksj\u00e4gerschie\u00dfen 2026"}]},{"@type":"WebSite","@id":"https:\/\/jagdverband.it\/it\/#website","url":"https:\/\/jagdverband.it\/it\/","name":"S\u00fcdtiroler Jagdverband","description":"S\u00fcdtiroler Jagdverband","publisher":{"@id":"https:\/\/jagdverband.it\/it\/#organization"},"potentialAction":[{"@type":"SearchAction","target":{"@type":"EntryPoint","urlTemplate":"https:\/\/jagdverband.it\/it\/?s={search_term_string}"},"query-input":"required name=search_term_string"}],"inLanguage":"it-IT"},{"@type":"Organization","@id":"https:\/\/jagdverband.it\/it\/#organization","name":"S\u00fcdtiroler Jagdverband","url":"https:\/\/jagdverband.it\/it\/","sameAs":[],"logo":{"@type":"ImageObject","inLanguage":"it-IT","@id":"https:\/\/jagdverband.it\/it\/#\/schema\/logo\/image\/","url":"","contentUrl":"","caption":"S\u00fcdtiroler Jagdverband"},"image":{"@id":"https:\/\/jagdverband.it\/it\/#\/schema\/logo\/image\/"}},{"@type":"Person","@id":"https:\/\/jagdverband.it\/it\/#\/schema\/person\/3e030b3a4aa7c391e09cd551afd6dc73","name":"admin","image":{"@type":"ImageObject","inLanguage":"it-IT","@id":"https:\/\/jagdverband.it\/it\/#\/schema\/person\/image\/","url":"https:\/\/secure.gravatar.com\/avatar\/badbf5eaa88657062fdcacb31218cc5c?s=96&d=blank&r=g","contentUrl":"https:\/\/secure.gravatar.com\/avatar\/badbf5eaa88657062fdcacb31218cc5c?s=96&d=blank&r=g","caption":"admin"},"url":"https:\/\/jagdverband.it\/it\/author\/admin\/"}]}},"_links":{"self":[{"href":"https:\/\/jagdverband.it\/it\/wp-json\/wp\/v2\/posts\/86500"}],"collection":[{"href":"https:\/\/jagdverband.it\/it\/wp-json\/wp\/v2\/posts"}],"about":[{"href":"https:\/\/jagdverband.it\/it\/wp-json\/wp\/v2\/types\/post"}],"author":[{"embeddable":true,"href":"https:\/\/jagdverband.it\/it\/wp-json\/wp\/v2\/users\/1"}],"replies":[{"embeddable":true,"href":"https:\/\/jagdverband.it\/it\/wp-json\/wp\/v2\/comments?post=86500"}],"version-history":[{"count":3,"href":"https:\/\/jagdverband.it\/it\/wp-json\/wp\/v2\/posts\/86500\/revisions"}],"predecessor-version":[{"id":86508,"href":"https:\/\/jagdverband.it\/it\/wp-json\/wp\/v2\/posts\/86500\/revisions\/86508"}],"wp:featuredmedia":[{"embeddable":true,"href":"https:\/\/jagdverband.it\/it\/wp-json\/wp\/v2\/media\/76972"}],"wp:attachment":[{"href":"https:\/\/jagdverband.it\/it\/wp-json\/wp\/v2\/media?parent=86500"}],"wp:term":[{"taxonomy":"category","embeddable":true,"href":"https:\/\/jagdverband.it\/it\/wp-json\/wp\/v2\/categories?post=86500"},{"taxonomy":"post_tag","embeddable":true,"href":"https:\/\/jagdverband.it\/it\/wp-json\/wp\/v2\/tags?post=86500"}],"curies":[{"name":"wp","href":"https:\/\/api.w.org\/{rel}","templated":true}]}}