{"id":80611,"date":"2025-04-24T08:04:21","date_gmt":"2025-04-24T06:04:21","guid":{"rendered":"https:\/\/jagdverband.it\/?p=80611"},"modified":"2025-04-24T11:35:17","modified_gmt":"2025-04-24T09:35:17","slug":"a-febbraio-2026-parte-il-nuovo-corso-di-formazione-per-agenti-venatori","status":"publish","type":"post","link":"https:\/\/jagdverband.it\/it\/a-febbraio-2026-parte-il-nuovo-corso-di-formazione-per-agenti-venatori\/","title":{"rendered":"A febbraio 2026 parte il nuovo corso di formazione per agenti venatori"},"content":{"rendered":"<p>[et_pb_section fb_built=&#8221;1&#8243; specialty=&#8221;on&#8221; _builder_version=&#8221;4.16&#8243; global_colors_info=&#8221;{}&#8221;][et_pb_column type=&#8221;3_4&#8243; specialty_columns=&#8221;3&#8243; _builder_version=&#8221;4.16&#8243; custom_padding=&#8221;|||&#8221; global_colors_info=&#8221;{}&#8221; custom_padding__hover=&#8221;|||&#8221;][et_pb_row_inner _builder_version=&#8221;4.16&#8243; custom_padding=&#8221;||5px||false|false&#8221; global_colors_info=&#8221;{}&#8221;][et_pb_column_inner saved_specialty_column_type=&#8221;3_4&#8243; _builder_version=&#8221;4.16&#8243; global_colors_info=&#8221;{}&#8221;][et_pb_text _builder_version=&#8221;4.18.0&#8243; custom_padding=&#8221;||0px|||&#8221; hover_enabled=&#8221;0&#8243; global_colors_info=&#8221;{}&#8221; sticky_enabled=&#8221;0&#8243;]<\/p>\n<h1>A febbraio 2026 parte il nuovo corso di formazione per agenti venatori<\/h1>\n<h4><em>24 aprile 2025<\/em><\/h4>\n<p>[\/et_pb_text][\/et_pb_column_inner][\/et_pb_row_inner][et_pb_row_inner column_structure=&#8221;1_2,1_2&#8243; _builder_version=&#8221;4.18.0&#8243; global_colors_info=&#8221;{}&#8221;][et_pb_column_inner type=&#8221;1_2&#8243; saved_specialty_column_type=&#8221;3_4&#8243; _builder_version=&#8221;4.16&#8243; global_colors_info=&#8221;{}&#8221;][et_pb_text _builder_version=&#8221;4.18.0&#8243; custom_margin=&#8221;||20px||false|false&#8221; hover_enabled=&#8221;0&#8243; global_colors_info=&#8221;{}&#8221; sticky_enabled=&#8221;0&#8243;]<\/p>\n<p>Il loro campo d\u2019azione \u00e8 molto ampio. All\u2019inizio dell\u2019estate coordinano il salvataggio dei piccoli di capriolo e partecipano in modo significativo ai censimenti faunistici, che costituiscono la base per i piani di abbattimento. Il periodo di maggiore attivit\u00e0 \u00e8 in autunno, durante la stagione venatoria principale. Un aspetto essenziale del loro lavoro \u00e8 il servizio di sorveglianza e controllo, anche al di fuori del periodo di caccia. Molti agenti venatori conducono un cane da traccia e svolgono un<br \/>prezioso lavoro di recupero della selvaggina ferita, non solo in caso di incidenti con la fauna selvatica. Con competenza e disponibilit\u00e0, offrono supporto ai cacciatori e alla direzione della riserva di caccia su diverse questioni.<\/p>\n<p>Se questa descrizione ha suscitato il tuo interesse, presto si presenter\u00e0 una grande opportunit\u00e0: a febbraio 2026 avr\u00e0 inizio un nuovo corso per agenti venatori (in lingua tedesca) presso la Scuola forestale Latemar. Il corso \u00e8 organizzato dall\u2019Ufficio Gestione fauna selvatica in collaborazione con l\u2019Associazione Cacciatori Alto Adige. Il bando e la selezione per il corso si svolgeranno nell\u2019autunno 2025. Maggiori informazioni saranno pubblicate in tempo utile.<\/p>\n<blockquote>\n<p>Requisiti per la partecipazione al corso<\/p>\n<\/blockquote>\n<ul>\n<li>Idoneit\u00e0 psico-fisica per le mansioni legate all\u2019attivit\u00e0 di agente venatorio<\/li>\n<li>Diploma di scuola dell\u2019obbligo<\/li>\n<li>Esame di abilitazione venatoria superato e porto d\u2019armi per uso caccia valido<\/li>\n<li>Buona reputazione<\/li>\n<li>Attestato di bilinguismo livello B1 (ex livello C)<\/li>\n<\/ul>\n<p>&nbsp;<\/p>\n<p>Per potersi gi\u00e0 fare un&#8217;idea della professione prima di iniziare la formazione, quest&#8217;anno c&#8217;\u00e8 la possibilit\u00e0 di accompagnare agenti venatori professionisti durante il loro servizio. Chi desidera partecipare a queste giornate di orientamento, \u00e8 pregato di scrivere una mail a <a href=\"mailto:info@jagdverband.it\"><strong>info@jagdverband.it<\/strong> <\/a>con le seguenti informazioni: nome e cognome, indirizzo e-mail, numero di telefono e luogo di residenza. Sarete contattati per concordare un appuntamento.<\/p>\n<p>[\/et_pb_text][\/et_pb_column_inner][et_pb_column_inner type=&#8221;1_2&#8243; saved_specialty_column_type=&#8221;3_4&#8243; _builder_version=&#8221;4.16&#8243; global_colors_info=&#8221;{}&#8221;][et_pb_image src=&#8221;https:\/\/jagdverband.it\/wp-content\/uploads\/2025\/04\/Jagdaufseher.jpg&#8221; title_text=&#8221;Jagdaufseher&#8221; show_in_lightbox=&#8221;on&#8221; _builder_version=&#8221;4.18.0&#8243; _module_preset=&#8221;default&#8221; global_colors_info=&#8221;{}&#8221;][\/et_pb_image][\/et_pb_column_inner][\/et_pb_row_inner][et_pb_row_inner column_structure=&#8221;undefined&#8221; _builder_version=&#8221;4.16&#8243; custom_padding=&#8221;0px||0px||false|false&#8221; global_colors_info=&#8221;{}&#8221;][et_pb_column_inner type=&#8221;undefined&#8221; saved_specialty_column_type=&#8221;3_4&#8243; _builder_version=&#8221;4.16&#8243; global_colors_info=&#8221;{}&#8221;][et_pb_divider color=&#8221;rgba(0,0,0,0.13)&#8221; _builder_version=&#8221;4.16&#8243; custom_margin=&#8221;||0px||false|false&#8221; global_colors_info=&#8221;{}&#8221;][\/et_pb_divider][et_pb_button button_url=&#8221;https:\/\/jagdverband.it\/mitteilungen\/&#8221; button_text=&#8221;torna indietro&#8221; button_alignment=&#8221;center&#8221; _builder_version=&#8221;4.18.0&#8243; hover_enabled=&#8221;0&#8243; global_colors_info=&#8221;{}&#8221; sticky_enabled=&#8221;0&#8243;][\/et_pb_button][et_pb_divider color=&#8221;rgba(0,0,0,0.13)&#8221; _builder_version=&#8221;4.16&#8243; custom_margin=&#8221;25px||||false|false&#8221; global_colors_info=&#8221;{}&#8221;][\/et_pb_divider][\/et_pb_column_inner][\/et_pb_row_inner][\/et_pb_column][et_pb_column type=&#8221;1_4&#8243; _builder_version=&#8221;4.16&#8243; custom_padding=&#8221;|||&#8221; global_colors_info=&#8221;{}&#8221; custom_padding__hover=&#8221;|||&#8221;][et_pb_sidebar orientation=&#8221;right&#8221; _builder_version=&#8221;4.16&#8243; global_colors_info=&#8221;{}&#8221;][\/et_pb_sidebar][\/et_pb_column][\/et_pb_section]<\/p>\n","protected":false},"excerpt":{"rendered":"<p>24.04.2025 &#8211; Gli agenti venatori sono esperti in numerosi ambiti della caccia. Le loro competenze spaziano dalla zoologia venatoria, alla gestione della selvaggina, alle malattie della fauna, fino alla balistica, all\u2019igiene della selvaggina e al diritto venatorio.<\/p>\n","protected":false},"author":1,"featured_media":80590,"comment_status":"closed","ping_status":"closed","sticky":false,"template":"","format":"standard","meta":{"_et_pb_use_builder":"on","_et_pb_old_content":"","_et_gb_content_width":""},"categories":[163],"tags":[],"featured_image_src":"https:\/\/jagdverband.it\/wp-content\/uploads\/2025\/04\/Jagdaufseher-1024x683.jpg","blog_images":{"medium":"https:\/\/jagdverband.it\/wp-content\/uploads\/2025\/04\/Jagdaufseher-300x200.jpg","large":"https:\/\/jagdverband.it\/wp-content\/uploads\/2025\/04\/Jagdaufseher-1024x683.jpg"},"ams_acf":[],"yoast_head":"<!-- This site is optimized with the Yoast SEO plugin v19.6 - https:\/\/yoast.com\/wordpress\/plugins\/seo\/ -->\n<title>A febbraio 2026 parte il nuovo corso di formazione per agenti venatori - S\u00fcdtiroler Jagdverband<\/title>\n<meta name=\"robots\" content=\"index, follow, max-snippet:-1, max-image-preview:large, max-video-preview:-1\" \/>\n<link rel=\"canonical\" href=\"https:\/\/jagdverband.it\/it\/a-febbraio-2026-parte-il-nuovo-corso-di-formazione-per-agenti-venatori\/\" \/>\n<meta property=\"og:locale\" content=\"it_IT\" \/>\n<meta property=\"og:type\" content=\"article\" \/>\n<meta property=\"og:title\" content=\"A febbraio 2026 parte il nuovo corso di formazione per agenti venatori - S\u00fcdtiroler Jagdverband\" \/>\n<meta property=\"og:description\" content=\"24.04.2025 - Gli agenti venatori sono esperti in numerosi ambiti della caccia. Le loro competenze spaziano dalla zoologia venatoria, alla gestione della selvaggina, alle malattie della fauna, fino alla balistica, all\u2019igiene della selvaggina e al diritto venatorio.\" \/>\n<meta property=\"og:url\" content=\"https:\/\/jagdverband.it\/it\/a-febbraio-2026-parte-il-nuovo-corso-di-formazione-per-agenti-venatori\/\" \/>\n<meta property=\"og:site_name\" content=\"S\u00fcdtiroler Jagdverband\" \/>\n<meta property=\"article:published_time\" content=\"2025-04-24T06:04:21+00:00\" \/>\n<meta property=\"article:modified_time\" content=\"2025-04-24T09:35:17+00:00\" \/>\n<meta property=\"og:image\" content=\"https:\/\/jagdverband.it\/wp-content\/uploads\/2025\/04\/Jagdaufseher.jpg\" \/>\n\t<meta property=\"og:image:width\" content=\"1920\" \/>\n\t<meta property=\"og:image:height\" content=\"1280\" \/>\n\t<meta property=\"og:image:type\" content=\"image\/jpeg\" \/>\n<meta name=\"author\" content=\"admin\" \/>\n<meta name=\"twitter:card\" content=\"summary\" \/>\n<meta name=\"twitter:label1\" content=\"Scritto da\" \/>\n\t<meta name=\"twitter:data1\" content=\"admin\" \/>\n\t<meta name=\"twitter:label2\" content=\"Tempo di lettura stimato\" \/>\n\t<meta name=\"twitter:data2\" content=\"2 minuti\" \/>\n<script type=\"application\/ld+json\" class=\"yoast-schema-graph\">{\"@context\":\"https:\/\/schema.org\",\"@graph\":[{\"@type\":\"Article\",\"@id\":\"https:\/\/jagdverband.it\/it\/a-febbraio-2026-parte-il-nuovo-corso-di-formazione-per-agenti-venatori\/#article\",\"isPartOf\":{\"@id\":\"https:\/\/jagdverband.it\/it\/a-febbraio-2026-parte-il-nuovo-corso-di-formazione-per-agenti-venatori\/\"},\"author\":{\"name\":\"admin\",\"@id\":\"https:\/\/jagdverband.it\/it\/#\/schema\/person\/3e030b3a4aa7c391e09cd551afd6dc73\"},\"headline\":\"A febbraio 2026 parte il nuovo corso di formazione per agenti venatori\",\"datePublished\":\"2025-04-24T06:04:21+00:00\",\"dateModified\":\"2025-04-24T09:35:17+00:00\",\"mainEntityOfPage\":{\"@id\":\"https:\/\/jagdverband.it\/it\/a-febbraio-2026-parte-il-nuovo-corso-di-formazione-per-agenti-venatori\/\"},\"wordCount\":634,\"publisher\":{\"@id\":\"https:\/\/jagdverband.it\/it\/#organization\"},\"articleSection\":[\"comunicazioni_it\"],\"inLanguage\":\"it-IT\"},{\"@type\":\"WebPage\",\"@id\":\"https:\/\/jagdverband.it\/it\/a-febbraio-2026-parte-il-nuovo-corso-di-formazione-per-agenti-venatori\/\",\"url\":\"https:\/\/jagdverband.it\/it\/a-febbraio-2026-parte-il-nuovo-corso-di-formazione-per-agenti-venatori\/\",\"name\":\"A febbraio 2026 parte il nuovo corso di formazione per agenti venatori - S\u00fcdtiroler Jagdverband\",\"isPartOf\":{\"@id\":\"https:\/\/jagdverband.it\/it\/#website\"},\"datePublished\":\"2025-04-24T06:04:21+00:00\",\"dateModified\":\"2025-04-24T09:35:17+00:00\",\"breadcrumb\":{\"@id\":\"https:\/\/jagdverband.it\/it\/a-febbraio-2026-parte-il-nuovo-corso-di-formazione-per-agenti-venatori\/#breadcrumb\"},\"inLanguage\":\"it-IT\",\"potentialAction\":[{\"@type\":\"ReadAction\",\"target\":[\"https:\/\/jagdverband.it\/it\/a-febbraio-2026-parte-il-nuovo-corso-di-formazione-per-agenti-venatori\/\"]}]},{\"@type\":\"BreadcrumbList\",\"@id\":\"https:\/\/jagdverband.it\/it\/a-febbraio-2026-parte-il-nuovo-corso-di-formazione-per-agenti-venatori\/#breadcrumb\",\"itemListElement\":[{\"@type\":\"ListItem\",\"position\":1,\"name\":\"Home\",\"item\":\"https:\/\/jagdverband.it\/it\/\"},{\"@type\":\"ListItem\",\"position\":2,\"name\":\"comunicazioni_it\",\"item\":\"https:\/\/jagdverband.it\/it\/c\/comunicazioni-it\/\"},{\"@type\":\"ListItem\",\"position\":3,\"name\":\"A febbraio 2026 parte il nuovo corso di formazione per agenti venatori\"}]},{\"@type\":\"WebSite\",\"@id\":\"https:\/\/jagdverband.it\/it\/#website\",\"url\":\"https:\/\/jagdverband.it\/it\/\",\"name\":\"S\u00fcdtiroler Jagdverband\",\"description\":\"S\u00fcdtiroler Jagdverband\",\"publisher\":{\"@id\":\"https:\/\/jagdverband.it\/it\/#organization\"},\"potentialAction\":[{\"@type\":\"SearchAction\",\"target\":{\"@type\":\"EntryPoint\",\"urlTemplate\":\"https:\/\/jagdverband.it\/it\/?s={search_term_string}\"},\"query-input\":\"required name=search_term_string\"}],\"inLanguage\":\"it-IT\"},{\"@type\":\"Organization\",\"@id\":\"https:\/\/jagdverband.it\/it\/#organization\",\"name\":\"S\u00fcdtiroler Jagdverband\",\"url\":\"https:\/\/jagdverband.it\/it\/\",\"sameAs\":[],\"logo\":{\"@type\":\"ImageObject\",\"inLanguage\":\"it-IT\",\"@id\":\"https:\/\/jagdverband.it\/it\/#\/schema\/logo\/image\/\",\"url\":\"\",\"contentUrl\":\"\",\"caption\":\"S\u00fcdtiroler Jagdverband\"},\"image\":{\"@id\":\"https:\/\/jagdverband.it\/it\/#\/schema\/logo\/image\/\"}},{\"@type\":\"Person\",\"@id\":\"https:\/\/jagdverband.it\/it\/#\/schema\/person\/3e030b3a4aa7c391e09cd551afd6dc73\",\"name\":\"admin\",\"image\":{\"@type\":\"ImageObject\",\"inLanguage\":\"it-IT\",\"@id\":\"https:\/\/jagdverband.it\/it\/#\/schema\/person\/image\/\",\"url\":\"https:\/\/secure.gravatar.com\/avatar\/badbf5eaa88657062fdcacb31218cc5c?s=96&d=blank&r=g\",\"contentUrl\":\"https:\/\/secure.gravatar.com\/avatar\/badbf5eaa88657062fdcacb31218cc5c?s=96&d=blank&r=g\",\"caption\":\"admin\"},\"url\":\"https:\/\/jagdverband.it\/it\/author\/admin\/\"}]}<\/script>\n<!-- \/ Yoast SEO plugin. -->","yoast_head_json":{"title":"A febbraio 2026 parte il nuovo corso di formazione per agenti venatori - S\u00fcdtiroler Jagdverband","robots":{"index":"index","follow":"follow","max-snippet":"max-snippet:-1","max-image-preview":"max-image-preview:large","max-video-preview":"max-video-preview:-1"},"canonical":"https:\/\/jagdverband.it\/it\/a-febbraio-2026-parte-il-nuovo-corso-di-formazione-per-agenti-venatori\/","og_locale":"it_IT","og_type":"article","og_title":"A febbraio 2026 parte il nuovo corso di formazione per agenti venatori - S\u00fcdtiroler Jagdverband","og_description":"24.04.2025 - Gli agenti venatori sono esperti in numerosi ambiti della caccia. Le loro competenze spaziano dalla zoologia venatoria, alla gestione della selvaggina, alle malattie della fauna, fino alla balistica, all\u2019igiene della selvaggina e al diritto venatorio.","og_url":"https:\/\/jagdverband.it\/it\/a-febbraio-2026-parte-il-nuovo-corso-di-formazione-per-agenti-venatori\/","og_site_name":"S\u00fcdtiroler Jagdverband","article_published_time":"2025-04-24T06:04:21+00:00","article_modified_time":"2025-04-24T09:35:17+00:00","og_image":[{"width":1920,"height":1280,"url":"https:\/\/jagdverband.it\/wp-content\/uploads\/2025\/04\/Jagdaufseher.jpg","type":"image\/jpeg"}],"author":"admin","twitter_card":"summary","twitter_misc":{"Scritto da":"admin","Tempo di lettura stimato":"2 minuti"},"schema":{"@context":"https:\/\/schema.org","@graph":[{"@type":"Article","@id":"https:\/\/jagdverband.it\/it\/a-febbraio-2026-parte-il-nuovo-corso-di-formazione-per-agenti-venatori\/#article","isPartOf":{"@id":"https:\/\/jagdverband.it\/it\/a-febbraio-2026-parte-il-nuovo-corso-di-formazione-per-agenti-venatori\/"},"author":{"name":"admin","@id":"https:\/\/jagdverband.it\/it\/#\/schema\/person\/3e030b3a4aa7c391e09cd551afd6dc73"},"headline":"A febbraio 2026 parte il nuovo corso di formazione per agenti venatori","datePublished":"2025-04-24T06:04:21+00:00","dateModified":"2025-04-24T09:35:17+00:00","mainEntityOfPage":{"@id":"https:\/\/jagdverband.it\/it\/a-febbraio-2026-parte-il-nuovo-corso-di-formazione-per-agenti-venatori\/"},"wordCount":634,"publisher":{"@id":"https:\/\/jagdverband.it\/it\/#organization"},"articleSection":["comunicazioni_it"],"inLanguage":"it-IT"},{"@type":"WebPage","@id":"https:\/\/jagdverband.it\/it\/a-febbraio-2026-parte-il-nuovo-corso-di-formazione-per-agenti-venatori\/","url":"https:\/\/jagdverband.it\/it\/a-febbraio-2026-parte-il-nuovo-corso-di-formazione-per-agenti-venatori\/","name":"A febbraio 2026 parte il nuovo corso di formazione per agenti venatori - S\u00fcdtiroler Jagdverband","isPartOf":{"@id":"https:\/\/jagdverband.it\/it\/#website"},"datePublished":"2025-04-24T06:04:21+00:00","dateModified":"2025-04-24T09:35:17+00:00","breadcrumb":{"@id":"https:\/\/jagdverband.it\/it\/a-febbraio-2026-parte-il-nuovo-corso-di-formazione-per-agenti-venatori\/#breadcrumb"},"inLanguage":"it-IT","potentialAction":[{"@type":"ReadAction","target":["https:\/\/jagdverband.it\/it\/a-febbraio-2026-parte-il-nuovo-corso-di-formazione-per-agenti-venatori\/"]}]},{"@type":"BreadcrumbList","@id":"https:\/\/jagdverband.it\/it\/a-febbraio-2026-parte-il-nuovo-corso-di-formazione-per-agenti-venatori\/#breadcrumb","itemListElement":[{"@type":"ListItem","position":1,"name":"Home","item":"https:\/\/jagdverband.it\/it\/"},{"@type":"ListItem","position":2,"name":"comunicazioni_it","item":"https:\/\/jagdverband.it\/it\/c\/comunicazioni-it\/"},{"@type":"ListItem","position":3,"name":"A febbraio 2026 parte il nuovo corso di formazione per agenti venatori"}]},{"@type":"WebSite","@id":"https:\/\/jagdverband.it\/it\/#website","url":"https:\/\/jagdverband.it\/it\/","name":"S\u00fcdtiroler Jagdverband","description":"S\u00fcdtiroler Jagdverband","publisher":{"@id":"https:\/\/jagdverband.it\/it\/#organization"},"potentialAction":[{"@type":"SearchAction","target":{"@type":"EntryPoint","urlTemplate":"https:\/\/jagdverband.it\/it\/?s={search_term_string}"},"query-input":"required name=search_term_string"}],"inLanguage":"it-IT"},{"@type":"Organization","@id":"https:\/\/jagdverband.it\/it\/#organization","name":"S\u00fcdtiroler Jagdverband","url":"https:\/\/jagdverband.it\/it\/","sameAs":[],"logo":{"@type":"ImageObject","inLanguage":"it-IT","@id":"https:\/\/jagdverband.it\/it\/#\/schema\/logo\/image\/","url":"","contentUrl":"","caption":"S\u00fcdtiroler Jagdverband"},"image":{"@id":"https:\/\/jagdverband.it\/it\/#\/schema\/logo\/image\/"}},{"@type":"Person","@id":"https:\/\/jagdverband.it\/it\/#\/schema\/person\/3e030b3a4aa7c391e09cd551afd6dc73","name":"admin","image":{"@type":"ImageObject","inLanguage":"it-IT","@id":"https:\/\/jagdverband.it\/it\/#\/schema\/person\/image\/","url":"https:\/\/secure.gravatar.com\/avatar\/badbf5eaa88657062fdcacb31218cc5c?s=96&d=blank&r=g","contentUrl":"https:\/\/secure.gravatar.com\/avatar\/badbf5eaa88657062fdcacb31218cc5c?s=96&d=blank&r=g","caption":"admin"},"url":"https:\/\/jagdverband.it\/it\/author\/admin\/"}]}},"_links":{"self":[{"href":"https:\/\/jagdverband.it\/it\/wp-json\/wp\/v2\/posts\/80611"}],"collection":[{"href":"https:\/\/jagdverband.it\/it\/wp-json\/wp\/v2\/posts"}],"about":[{"href":"https:\/\/jagdverband.it\/it\/wp-json\/wp\/v2\/types\/post"}],"author":[{"embeddable":true,"href":"https:\/\/jagdverband.it\/it\/wp-json\/wp\/v2\/users\/1"}],"replies":[{"embeddable":true,"href":"https:\/\/jagdverband.it\/it\/wp-json\/wp\/v2\/comments?post=80611"}],"version-history":[{"count":4,"href":"https:\/\/jagdverband.it\/it\/wp-json\/wp\/v2\/posts\/80611\/revisions"}],"predecessor-version":[{"id":80616,"href":"https:\/\/jagdverband.it\/it\/wp-json\/wp\/v2\/posts\/80611\/revisions\/80616"}],"wp:featuredmedia":[{"embeddable":true,"href":"https:\/\/jagdverband.it\/it\/wp-json\/wp\/v2\/media\/80590"}],"wp:attachment":[{"href":"https:\/\/jagdverband.it\/it\/wp-json\/wp\/v2\/media?parent=80611"}],"wp:term":[{"taxonomy":"category","embeddable":true,"href":"https:\/\/jagdverband.it\/it\/wp-json\/wp\/v2\/categories?post=80611"},{"taxonomy":"post_tag","embeddable":true,"href":"https:\/\/jagdverband.it\/it\/wp-json\/wp\/v2\/tags?post=80611"}],"curies":[{"name":"wp","href":"https:\/\/api.w.org\/{rel}","templated":true}]}}