{"id":80359,"date":"2025-03-27T15:35:05","date_gmt":"2025-03-27T14:35:05","guid":{"rendered":"https:\/\/jagdverband.it\/online-fortbildung-gamswild-2025-01-copy\/"},"modified":"2025-03-27T15:51:44","modified_gmt":"2025-03-27T14:51:44","slug":"foerderung-fuer-waermebilddrohnen-zur-kitzrettung","status":"publish","type":"post","link":"https:\/\/jagdverband.it\/it\/foerderung-fuer-waermebilddrohnen-zur-kitzrettung\/","title":{"rendered":"F\u00f6rderung f\u00fcr W\u00e4rmebilddrohnen zur Kitzrettung"},"content":{"rendered":"<p>[et_pb_section fb_built=&#8221;1&#8243; specialty=&#8221;on&#8221; _builder_version=&#8221;4.16&#8243; global_colors_info=&#8221;{}&#8221;][et_pb_column type=&#8221;3_4&#8243; specialty_columns=&#8221;3&#8243; _builder_version=&#8221;4.16&#8243; custom_padding=&#8221;|||&#8221; global_colors_info=&#8221;{}&#8221; custom_padding__hover=&#8221;|||&#8221;][et_pb_row_inner _builder_version=&#8221;4.16&#8243; custom_padding=&#8221;||5px||false|false&#8221; global_colors_info=&#8221;{}&#8221;][et_pb_column_inner saved_specialty_column_type=&#8221;3_4&#8243; _builder_version=&#8221;4.16&#8243; global_colors_info=&#8221;{}&#8221;][et_pb_text _builder_version=&#8221;4.18.0&#8243; custom_padding=&#8221;||0px|||&#8221; global_colors_info=&#8221;{}&#8221;]<\/p>\n<h1>F\u00f6rderung f\u00fcr W\u00e4rmebilddrohnen zur Kitzrettung<\/h1>\n<h4><em>27. M\u00e4rz 2025<\/em><\/h4>\n<p>[\/et_pb_text][\/et_pb_column_inner][\/et_pb_row_inner][et_pb_row_inner column_structure=&#8221;1_2,1_2&#8243; _builder_version=&#8221;4.18.0&#8243; global_colors_info=&#8221;{}&#8221;][et_pb_column_inner type=&#8221;1_2&#8243; saved_specialty_column_type=&#8221;3_4&#8243; _builder_version=&#8221;4.16&#8243; global_colors_info=&#8221;{}&#8221;][et_pb_image src=&#8221;https:\/\/jagdverband.it\/wp-content\/uploads\/2018\/09\/Drohne_Website.jpg&#8221; title_text=&#8221;Drohne_Website&#8221; show_in_lightbox=&#8221;on&#8221; _builder_version=&#8221;4.18.0&#8243; _module_preset=&#8221;default&#8221; global_colors_info=&#8221;{}&#8221;][\/et_pb_image][\/et_pb_column_inner][et_pb_column_inner type=&#8221;1_2&#8243; saved_specialty_column_type=&#8221;3_4&#8243; _builder_version=&#8221;4.16&#8243; global_colors_info=&#8221;{}&#8221;][et_pb_text _builder_version=&#8221;4.18.0&#8243; custom_margin=&#8221;||20px||false|false&#8221; global_colors_info=&#8221;{}&#8221;]<\/p>\n<p>Der S\u00fcdtiroler Jagdverband freut sich, in Zusammenarbeit mit der Stiftung S\u00fcdtiroler Sparkasse eine F\u00f6rderung f\u00fcr den Ankauf von W\u00e4rmebilddrohnen zur Kitzrettung anzubieten. Jedes S\u00fcdtiroler Jagdrevier kann einen Zuschuss von bis zu 50 % der Anschaffungskosten erhalten, maximal 4.000 \u20ac pro Drohne. Antragsberechtigt sind alle S\u00fcdtiroler Jagdreviere, pro Revier kann j\u00e4hrlich eine F\u00f6rderung f\u00fcr den Ankauf einer Drohne beantragt werden, vorrangig werden Erstanschaffungen gef\u00f6rdert.<\/p>\n<p>Gesuche k\u00f6nnen vom 1. M\u00e4rz bis 30. Juni des Jahres eingereicht werden.<\/p>\n<blockquote>\n<p>Die F\u00f6rderkriterien sowie die erforderlichen Formulare finden Sie im Download-Bereich unserer Webseite:\u00a0<strong><a href=\"https:\/\/jagdverband.it\/downloads\/#:~:text=Export%20einer%20Waffe-,F%C3%B6rderung%20von%20W%C3%A4rmebilddrohnen%20zur%20Kitzrettung,-%EE%82%92\" target=\"_blank\" rel=\"noopener\">https:\/\/jagdverband.it\/downloads<\/a><\/strong><\/p>\n<\/blockquote>\n<p>[\/et_pb_text][\/et_pb_column_inner][\/et_pb_row_inner][et_pb_row_inner column_structure=&#8221;undefined&#8221; _builder_version=&#8221;4.16&#8243; custom_padding=&#8221;0px||0px||false|false&#8221; global_colors_info=&#8221;{}&#8221;][et_pb_column_inner type=&#8221;undefined&#8221; saved_specialty_column_type=&#8221;3_4&#8243; _builder_version=&#8221;4.16&#8243; global_colors_info=&#8221;{}&#8221;][et_pb_divider color=&#8221;rgba(0,0,0,0.13)&#8221; _builder_version=&#8221;4.16&#8243; custom_margin=&#8221;||0px||false|false&#8221; global_colors_info=&#8221;{}&#8221;][\/et_pb_divider][et_pb_button button_url=&#8221;https:\/\/jagdverband.it\/mitteilungen\/&#8221; button_text=&#8221;Zur\u00fcck zur \u00dcbersicht&#8221; button_alignment=&#8221;center&#8221; _builder_version=&#8221;4.16&#8243; global_colors_info=&#8221;{}&#8221;][\/et_pb_button][et_pb_divider color=&#8221;rgba(0,0,0,0.13)&#8221; _builder_version=&#8221;4.16&#8243; custom_margin=&#8221;25px||||false|false&#8221; global_colors_info=&#8221;{}&#8221;][\/et_pb_divider][\/et_pb_column_inner][\/et_pb_row_inner][\/et_pb_column][et_pb_column type=&#8221;1_4&#8243; _builder_version=&#8221;4.16&#8243; custom_padding=&#8221;|||&#8221; global_colors_info=&#8221;{}&#8221; custom_padding__hover=&#8221;|||&#8221;][et_pb_sidebar orientation=&#8221;right&#8221; _builder_version=&#8221;4.16&#8243; global_colors_info=&#8221;{}&#8221;][\/et_pb_sidebar][\/et_pb_column][\/et_pb_section]<\/p>\n","protected":false},"excerpt":{"rendered":"<p>27.03.2025 &#8211; Jetzt ansuchen: Der S\u00fcdtiroler Jagdverband bietet in Zusammenarbeit mit der S\u00fcdtiroler Sparkasse eine F\u00f6rderung f\u00fcr den Ankauf von W\u00e4rmebilddrohnen zur Kitzrettung an!<\/p>\n","protected":false},"author":1,"featured_media":64603,"comment_status":"closed","ping_status":"closed","sticky":false,"template":"","format":"standard","meta":{"_et_pb_use_builder":"on","_et_pb_old_content":"","_et_gb_content_width":""},"categories":[80],"tags":[],"featured_image_src":"https:\/\/jagdverband.it\/wp-content\/uploads\/2018\/09\/Drohne_Website-1024x682.jpg","blog_images":{"medium":"https:\/\/jagdverband.it\/wp-content\/uploads\/2018\/09\/Drohne_Website-300x200.jpg","large":"https:\/\/jagdverband.it\/wp-content\/uploads\/2018\/09\/Drohne_Website-1024x682.jpg"},"ams_acf":[],"yoast_head":"<!-- This site is optimized with the Yoast SEO plugin v19.6 - https:\/\/yoast.com\/wordpress\/plugins\/seo\/ -->\n<title>F\u00f6rderung f\u00fcr W\u00e4rmebilddrohnen zur Kitzrettung - S\u00fcdtiroler Jagdverband<\/title>\n<meta name=\"robots\" content=\"index, follow, max-snippet:-1, max-image-preview:large, max-video-preview:-1\" \/>\n<link rel=\"canonical\" href=\"https:\/\/jagdverband.it\/it\/foerderung-fuer-waermebilddrohnen-zur-kitzrettung\/\" \/>\n<meta property=\"og:locale\" content=\"it_IT\" \/>\n<meta property=\"og:type\" content=\"article\" \/>\n<meta property=\"og:title\" content=\"F\u00f6rderung f\u00fcr W\u00e4rmebilddrohnen zur Kitzrettung - S\u00fcdtiroler Jagdverband\" \/>\n<meta property=\"og:description\" content=\"27.03.2025 - Jetzt ansuchen: Der S\u00fcdtiroler Jagdverband bietet in Zusammenarbeit mit der S\u00fcdtiroler Sparkasse eine F\u00f6rderung f\u00fcr den Ankauf von W\u00e4rmebilddrohnen zur Kitzrettung an!\" \/>\n<meta property=\"og:url\" content=\"https:\/\/jagdverband.it\/it\/foerderung-fuer-waermebilddrohnen-zur-kitzrettung\/\" \/>\n<meta property=\"og:site_name\" content=\"S\u00fcdtiroler Jagdverband\" \/>\n<meta property=\"article:published_time\" content=\"2025-03-27T14:35:05+00:00\" \/>\n<meta property=\"article:modified_time\" content=\"2025-03-27T14:51:44+00:00\" \/>\n<meta property=\"og:image\" content=\"https:\/\/jagdverband.it\/wp-content\/uploads\/2018\/09\/Drohne_Website.jpg\" \/>\n\t<meta property=\"og:image:width\" content=\"1280\" \/>\n\t<meta property=\"og:image:height\" content=\"853\" \/>\n\t<meta property=\"og:image:type\" content=\"image\/jpeg\" \/>\n<meta name=\"author\" content=\"admin\" \/>\n<meta name=\"twitter:card\" content=\"summary\" \/>\n<meta name=\"twitter:label1\" content=\"Scritto da\" \/>\n\t<meta name=\"twitter:data1\" content=\"admin\" \/>\n\t<meta name=\"twitter:label2\" content=\"Tempo di lettura stimato\" \/>\n\t<meta name=\"twitter:data2\" content=\"1 minuto\" \/>\n<script type=\"application\/ld+json\" class=\"yoast-schema-graph\">{\"@context\":\"https:\/\/schema.org\",\"@graph\":[{\"@type\":\"Article\",\"@id\":\"https:\/\/jagdverband.it\/it\/foerderung-fuer-waermebilddrohnen-zur-kitzrettung\/#article\",\"isPartOf\":{\"@id\":\"https:\/\/jagdverband.it\/it\/foerderung-fuer-waermebilddrohnen-zur-kitzrettung\/\"},\"author\":{\"name\":\"admin\",\"@id\":\"https:\/\/jagdverband.it\/it\/#\/schema\/person\/3e030b3a4aa7c391e09cd551afd6dc73\"},\"headline\":\"F\u00f6rderung f\u00fcr W\u00e4rmebilddrohnen zur Kitzrettung\",\"datePublished\":\"2025-03-27T14:35:05+00:00\",\"dateModified\":\"2025-03-27T14:51:44+00:00\",\"mainEntityOfPage\":{\"@id\":\"https:\/\/jagdverband.it\/it\/foerderung-fuer-waermebilddrohnen-zur-kitzrettung\/\"},\"wordCount\":431,\"publisher\":{\"@id\":\"https:\/\/jagdverband.it\/it\/#organization\"},\"articleSection\":[\"Mitteilungen\"],\"inLanguage\":\"it-IT\"},{\"@type\":\"WebPage\",\"@id\":\"https:\/\/jagdverband.it\/it\/foerderung-fuer-waermebilddrohnen-zur-kitzrettung\/\",\"url\":\"https:\/\/jagdverband.it\/it\/foerderung-fuer-waermebilddrohnen-zur-kitzrettung\/\",\"name\":\"F\u00f6rderung f\u00fcr W\u00e4rmebilddrohnen zur Kitzrettung - S\u00fcdtiroler Jagdverband\",\"isPartOf\":{\"@id\":\"https:\/\/jagdverband.it\/it\/#website\"},\"datePublished\":\"2025-03-27T14:35:05+00:00\",\"dateModified\":\"2025-03-27T14:51:44+00:00\",\"breadcrumb\":{\"@id\":\"https:\/\/jagdverband.it\/it\/foerderung-fuer-waermebilddrohnen-zur-kitzrettung\/#breadcrumb\"},\"inLanguage\":\"it-IT\",\"potentialAction\":[{\"@type\":\"ReadAction\",\"target\":[\"https:\/\/jagdverband.it\/it\/foerderung-fuer-waermebilddrohnen-zur-kitzrettung\/\"]}]},{\"@type\":\"BreadcrumbList\",\"@id\":\"https:\/\/jagdverband.it\/it\/foerderung-fuer-waermebilddrohnen-zur-kitzrettung\/#breadcrumb\",\"itemListElement\":[{\"@type\":\"ListItem\",\"position\":1,\"name\":\"Home\",\"item\":\"https:\/\/jagdverband.it\/it\/\"},{\"@type\":\"ListItem\",\"position\":2,\"name\":\"Mitteilungen\",\"item\":\"https:\/\/jagdverband.it\/c\/mitteilungen\/\"},{\"@type\":\"ListItem\",\"position\":3,\"name\":\"F\u00f6rderung f\u00fcr W\u00e4rmebilddrohnen zur Kitzrettung\"}]},{\"@type\":\"WebSite\",\"@id\":\"https:\/\/jagdverband.it\/it\/#website\",\"url\":\"https:\/\/jagdverband.it\/it\/\",\"name\":\"S\u00fcdtiroler Jagdverband\",\"description\":\"S\u00fcdtiroler Jagdverband\",\"publisher\":{\"@id\":\"https:\/\/jagdverband.it\/it\/#organization\"},\"potentialAction\":[{\"@type\":\"SearchAction\",\"target\":{\"@type\":\"EntryPoint\",\"urlTemplate\":\"https:\/\/jagdverband.it\/it\/?s={search_term_string}\"},\"query-input\":\"required name=search_term_string\"}],\"inLanguage\":\"it-IT\"},{\"@type\":\"Organization\",\"@id\":\"https:\/\/jagdverband.it\/it\/#organization\",\"name\":\"S\u00fcdtiroler Jagdverband\",\"url\":\"https:\/\/jagdverband.it\/it\/\",\"sameAs\":[],\"logo\":{\"@type\":\"ImageObject\",\"inLanguage\":\"it-IT\",\"@id\":\"https:\/\/jagdverband.it\/it\/#\/schema\/logo\/image\/\",\"url\":\"\",\"contentUrl\":\"\",\"caption\":\"S\u00fcdtiroler Jagdverband\"},\"image\":{\"@id\":\"https:\/\/jagdverband.it\/it\/#\/schema\/logo\/image\/\"}},{\"@type\":\"Person\",\"@id\":\"https:\/\/jagdverband.it\/it\/#\/schema\/person\/3e030b3a4aa7c391e09cd551afd6dc73\",\"name\":\"admin\",\"image\":{\"@type\":\"ImageObject\",\"inLanguage\":\"it-IT\",\"@id\":\"https:\/\/jagdverband.it\/it\/#\/schema\/person\/image\/\",\"url\":\"https:\/\/secure.gravatar.com\/avatar\/badbf5eaa88657062fdcacb31218cc5c?s=96&d=blank&r=g\",\"contentUrl\":\"https:\/\/secure.gravatar.com\/avatar\/badbf5eaa88657062fdcacb31218cc5c?s=96&d=blank&r=g\",\"caption\":\"admin\"},\"url\":\"https:\/\/jagdverband.it\/it\/author\/admin\/\"}]}<\/script>\n<!-- \/ Yoast SEO plugin. -->","yoast_head_json":{"title":"F\u00f6rderung f\u00fcr W\u00e4rmebilddrohnen zur Kitzrettung - S\u00fcdtiroler Jagdverband","robots":{"index":"index","follow":"follow","max-snippet":"max-snippet:-1","max-image-preview":"max-image-preview:large","max-video-preview":"max-video-preview:-1"},"canonical":"https:\/\/jagdverband.it\/it\/foerderung-fuer-waermebilddrohnen-zur-kitzrettung\/","og_locale":"it_IT","og_type":"article","og_title":"F\u00f6rderung f\u00fcr W\u00e4rmebilddrohnen zur Kitzrettung - S\u00fcdtiroler Jagdverband","og_description":"27.03.2025 - Jetzt ansuchen: Der S\u00fcdtiroler Jagdverband bietet in Zusammenarbeit mit der S\u00fcdtiroler Sparkasse eine F\u00f6rderung f\u00fcr den Ankauf von W\u00e4rmebilddrohnen zur Kitzrettung an!","og_url":"https:\/\/jagdverband.it\/it\/foerderung-fuer-waermebilddrohnen-zur-kitzrettung\/","og_site_name":"S\u00fcdtiroler Jagdverband","article_published_time":"2025-03-27T14:35:05+00:00","article_modified_time":"2025-03-27T14:51:44+00:00","og_image":[{"width":1280,"height":853,"url":"https:\/\/jagdverband.it\/wp-content\/uploads\/2018\/09\/Drohne_Website.jpg","type":"image\/jpeg"}],"author":"admin","twitter_card":"summary","twitter_misc":{"Scritto da":"admin","Tempo di lettura stimato":"1 minuto"},"schema":{"@context":"https:\/\/schema.org","@graph":[{"@type":"Article","@id":"https:\/\/jagdverband.it\/it\/foerderung-fuer-waermebilddrohnen-zur-kitzrettung\/#article","isPartOf":{"@id":"https:\/\/jagdverband.it\/it\/foerderung-fuer-waermebilddrohnen-zur-kitzrettung\/"},"author":{"name":"admin","@id":"https:\/\/jagdverband.it\/it\/#\/schema\/person\/3e030b3a4aa7c391e09cd551afd6dc73"},"headline":"F\u00f6rderung f\u00fcr W\u00e4rmebilddrohnen zur Kitzrettung","datePublished":"2025-03-27T14:35:05+00:00","dateModified":"2025-03-27T14:51:44+00:00","mainEntityOfPage":{"@id":"https:\/\/jagdverband.it\/it\/foerderung-fuer-waermebilddrohnen-zur-kitzrettung\/"},"wordCount":431,"publisher":{"@id":"https:\/\/jagdverband.it\/it\/#organization"},"articleSection":["Mitteilungen"],"inLanguage":"it-IT"},{"@type":"WebPage","@id":"https:\/\/jagdverband.it\/it\/foerderung-fuer-waermebilddrohnen-zur-kitzrettung\/","url":"https:\/\/jagdverband.it\/it\/foerderung-fuer-waermebilddrohnen-zur-kitzrettung\/","name":"F\u00f6rderung f\u00fcr W\u00e4rmebilddrohnen zur Kitzrettung - S\u00fcdtiroler Jagdverband","isPartOf":{"@id":"https:\/\/jagdverband.it\/it\/#website"},"datePublished":"2025-03-27T14:35:05+00:00","dateModified":"2025-03-27T14:51:44+00:00","breadcrumb":{"@id":"https:\/\/jagdverband.it\/it\/foerderung-fuer-waermebilddrohnen-zur-kitzrettung\/#breadcrumb"},"inLanguage":"it-IT","potentialAction":[{"@type":"ReadAction","target":["https:\/\/jagdverband.it\/it\/foerderung-fuer-waermebilddrohnen-zur-kitzrettung\/"]}]},{"@type":"BreadcrumbList","@id":"https:\/\/jagdverband.it\/it\/foerderung-fuer-waermebilddrohnen-zur-kitzrettung\/#breadcrumb","itemListElement":[{"@type":"ListItem","position":1,"name":"Home","item":"https:\/\/jagdverband.it\/it\/"},{"@type":"ListItem","position":2,"name":"Mitteilungen","item":"https:\/\/jagdverband.it\/c\/mitteilungen\/"},{"@type":"ListItem","position":3,"name":"F\u00f6rderung f\u00fcr W\u00e4rmebilddrohnen zur Kitzrettung"}]},{"@type":"WebSite","@id":"https:\/\/jagdverband.it\/it\/#website","url":"https:\/\/jagdverband.it\/it\/","name":"S\u00fcdtiroler Jagdverband","description":"S\u00fcdtiroler Jagdverband","publisher":{"@id":"https:\/\/jagdverband.it\/it\/#organization"},"potentialAction":[{"@type":"SearchAction","target":{"@type":"EntryPoint","urlTemplate":"https:\/\/jagdverband.it\/it\/?s={search_term_string}"},"query-input":"required name=search_term_string"}],"inLanguage":"it-IT"},{"@type":"Organization","@id":"https:\/\/jagdverband.it\/it\/#organization","name":"S\u00fcdtiroler Jagdverband","url":"https:\/\/jagdverband.it\/it\/","sameAs":[],"logo":{"@type":"ImageObject","inLanguage":"it-IT","@id":"https:\/\/jagdverband.it\/it\/#\/schema\/logo\/image\/","url":"","contentUrl":"","caption":"S\u00fcdtiroler Jagdverband"},"image":{"@id":"https:\/\/jagdverband.it\/it\/#\/schema\/logo\/image\/"}},{"@type":"Person","@id":"https:\/\/jagdverband.it\/it\/#\/schema\/person\/3e030b3a4aa7c391e09cd551afd6dc73","name":"admin","image":{"@type":"ImageObject","inLanguage":"it-IT","@id":"https:\/\/jagdverband.it\/it\/#\/schema\/person\/image\/","url":"https:\/\/secure.gravatar.com\/avatar\/badbf5eaa88657062fdcacb31218cc5c?s=96&d=blank&r=g","contentUrl":"https:\/\/secure.gravatar.com\/avatar\/badbf5eaa88657062fdcacb31218cc5c?s=96&d=blank&r=g","caption":"admin"},"url":"https:\/\/jagdverband.it\/it\/author\/admin\/"}]}},"_links":{"self":[{"href":"https:\/\/jagdverband.it\/it\/wp-json\/wp\/v2\/posts\/80359"}],"collection":[{"href":"https:\/\/jagdverband.it\/it\/wp-json\/wp\/v2\/posts"}],"about":[{"href":"https:\/\/jagdverband.it\/it\/wp-json\/wp\/v2\/types\/post"}],"author":[{"embeddable":true,"href":"https:\/\/jagdverband.it\/it\/wp-json\/wp\/v2\/users\/1"}],"replies":[{"embeddable":true,"href":"https:\/\/jagdverband.it\/it\/wp-json\/wp\/v2\/comments?post=80359"}],"version-history":[{"count":6,"href":"https:\/\/jagdverband.it\/it\/wp-json\/wp\/v2\/posts\/80359\/revisions"}],"predecessor-version":[{"id":80366,"href":"https:\/\/jagdverband.it\/it\/wp-json\/wp\/v2\/posts\/80359\/revisions\/80366"}],"wp:featuredmedia":[{"embeddable":true,"href":"https:\/\/jagdverband.it\/it\/wp-json\/wp\/v2\/media\/64603"}],"wp:attachment":[{"href":"https:\/\/jagdverband.it\/it\/wp-json\/wp\/v2\/media?parent=80359"}],"wp:term":[{"taxonomy":"category","embeddable":true,"href":"https:\/\/jagdverband.it\/it\/wp-json\/wp\/v2\/categories?post=80359"},{"taxonomy":"post_tag","embeddable":true,"href":"https:\/\/jagdverband.it\/it\/wp-json\/wp\/v2\/tags?post=80359"}],"curies":[{"name":"wp","href":"https:\/\/api.w.org\/{rel}","templated":true}]}}