{"id":80315,"date":"2025-03-21T07:57:35","date_gmt":"2025-03-21T06:57:35","guid":{"rendered":"https:\/\/jagdverband.it\/vortragsreihe-zum-thema-gamswild-01-copy\/"},"modified":"2025-03-21T08:12:05","modified_gmt":"2025-03-21T07:12:05","slug":"online-fortbildung-gamswild-2025-01","status":"publish","type":"post","link":"https:\/\/jagdverband.it\/it\/online-fortbildung-gamswild-2025-01\/","title":{"rendered":"Online-Fortbildung Gamswild"},"content":{"rendered":"<p>[et_pb_section fb_built=&#8221;1&#8243; specialty=&#8221;on&#8221; _builder_version=&#8221;4.16&#8243; global_colors_info=&#8221;{}&#8221;][et_pb_column type=&#8221;3_4&#8243; specialty_columns=&#8221;3&#8243; _builder_version=&#8221;4.16&#8243; custom_padding=&#8221;|||&#8221; global_colors_info=&#8221;{}&#8221; custom_padding__hover=&#8221;|||&#8221;][et_pb_row_inner _builder_version=&#8221;4.16&#8243; custom_padding=&#8221;||5px||false|false&#8221; global_colors_info=&#8221;{}&#8221;][et_pb_column_inner saved_specialty_column_type=&#8221;3_4&#8243; _builder_version=&#8221;4.16&#8243; global_colors_info=&#8221;{}&#8221;][et_pb_text _builder_version=&#8221;4.18.0&#8243; custom_padding=&#8221;||0px|||&#8221; global_colors_info=&#8221;{}&#8221;]<\/p>\n<h1>Online-Fortbildung Gamswild<br \/><em>&#8220;Die Gamsr\u00e4ude in S\u00fcdtirol &#8211; Wie handeln?&#8221;<\/em><\/h1>\n<h4><em>21. M\u00e4rz 2025<\/em><\/h4>\n<p>[\/et_pb_text][\/et_pb_column_inner][\/et_pb_row_inner][et_pb_row_inner column_structure=&#8221;1_2,1_2&#8243; _builder_version=&#8221;4.18.0&#8243; global_colors_info=&#8221;{}&#8221;][et_pb_column_inner type=&#8221;1_2&#8243; saved_specialty_column_type=&#8221;3_4&#8243; _builder_version=&#8221;4.16&#8243; global_colors_info=&#8221;{}&#8221;][et_pb_text _builder_version=&#8221;4.18.0&#8243; custom_margin=&#8221;||20px||false|false&#8221; global_colors_info=&#8221;{}&#8221;]<\/p>\n<p><strong>Der S\u00fcdtiroler Jagdverband bietet heuer erstmals eine mehrteilige Online-Fortbildung rund ums Thema Gamswild an. Sie richtet sich an die Gamspirschf\u00fchrer des Landes sowie interessierte J\u00e4ger.<\/strong><\/p>\n<p>Den Auftakt machte am Dienstag, 18. M\u00e4rz 2025 der SJV-Wildbiologe Josef Wieser mit einem Vortrag \u00fcber die Gamsr\u00e4ude. Rund 600 Zuschauer nahmen live teil und sehr viele nutzten die M\u00f6glichkeit, im Anschluss Fragen zu stellen. Wir fassen die interessantesten f\u00fcr Euch zusammen.<\/p>\n<p>[\/et_pb_text][\/et_pb_column_inner][et_pb_column_inner type=&#8221;1_2&#8243; saved_specialty_column_type=&#8221;3_4&#8243; _builder_version=&#8221;4.16&#8243; global_colors_info=&#8221;{}&#8221;][et_pb_image src=&#8221;https:\/\/jagdverband.it\/wp-content\/uploads\/2025\/03\/09_2025_Vortrag-Gamsraeude-Maerz-Joe.jpg&#8221; title_text=&#8221;09_2025_Vortrag Gamsr\u00e4ude M\u00e4rz Joe&#8221; show_in_lightbox=&#8221;on&#8221; _builder_version=&#8221;4.18.0&#8243; _module_preset=&#8221;default&#8221; global_colors_info=&#8221;{}&#8221;][\/et_pb_image][\/et_pb_column_inner][\/et_pb_row_inner][et_pb_row_inner column_structure=&#8221;1_2,1_2&#8243; _builder_version=&#8221;4.18.0&#8243; global_colors_info=&#8221;{}&#8221;][et_pb_column_inner type=&#8221;1_2&#8243; saved_specialty_column_type=&#8221;3_4&#8243; _builder_version=&#8221;4.16&#8243; global_colors_info=&#8221;{}&#8221;][et_pb_text _builder_version=&#8221;4.18.0&#8243; custom_margin=&#8221;||20px||false|false&#8221; hover_enabled=&#8221;0&#8243; global_colors_info=&#8221;{}&#8221; sticky_enabled=&#8221;0&#8243;]<\/p>\n<ol>\n<li><strong> Ab welcher Anzahl von F\u00e4llen spricht man von einem Ausbruch der Gamsr\u00e4ude?<\/strong><br \/><em>Antwort:<\/em> Es gibt daf\u00fcr keine einheitliche Schwellenwerte. Grunds\u00e4tzlich kann man von einem seuchenhaften Auftreten sprechen, wenn eine ungew\u00f6hnlich hohe Anzahl von Krankheitsf\u00e4llen innerhalb eines bestimmten Zeitraumes auftritt. Die Fallzahlen steigen sehr rasch an, die Krankheit bef\u00e4llt viele Individuen in sehr kurzer Zeit. Der Befall breitet sich explosionsartig aus.<\/li>\n<li><strong> Sollte man w\u00e4hrend eines Gamsr\u00e4ude-Ausbruchs nur stark befallene Tiere erlegen oder alle Tiere?<\/strong><br \/><em>Antwort:<\/em> Nur stark befallene Tiere sollten erlegt werden. Die restlichen Tiere sollten geschont werden, um dem Bestand die M\u00f6glichkeit zu geben, Immunit\u00e4t zu entwickeln und um die nat\u00fcrliche Selektion zu f\u00f6rdern. Das Ziel ist eine Resistenzpopulation.<\/li>\n<li><strong> Werden stark befallene St\u00fccke, die erlegt werden, in den Abschussplan aufgenommen?<\/strong><br \/><em>Antwort:<\/em> Ja, r\u00e4udige St\u00fccke, die durch J\u00e4ger erlegt werden, z\u00e4hlen auch f\u00fcr den Abschussplan. J\u00e4ger d\u00fcrfen Hegeabsch\u00fcsse nur im Rahmen der Sonderbewilligung t\u00e4tigen. Alternativ k\u00f6nnen Gamsen auch vom Jagdaufseher erlegt werden, diese Hegeabsch\u00fcsse durch den hauptberuflichen Jagdaufseher werden dem Abschussplan nicht angerechnet. F\u00e4lle von offensichtlicher Notwendigkeit werden dem Abschussplan ebenfalls nicht angerechnet.<\/li>\n<li><strong> Gibt es bereits Anzeichen einer Immunisierung gegen Gamsr\u00e4ude in S\u00fcdtirol?<\/strong><br \/><em>Antwort:<\/em> Ja, in Gebieten, wo die Gamsr\u00e4ude bereits zum zweiten oder dritten Mal aufgetreten ist, gibt es deutlich weniger Verluste als beim ersten Ausbruch. Dies deutet darauf hin, dass Immunisierung bzw. Resistenz m\u00f6glich ist.<\/li>\n<\/ol>\n<p>[\/et_pb_text][\/et_pb_column_inner][et_pb_column_inner type=&#8221;1_2&#8243; saved_specialty_column_type=&#8221;3_4&#8243; _builder_version=&#8221;4.16&#8243; global_colors_info=&#8221;{}&#8221;][et_pb_text _builder_version=&#8221;4.18.0&#8243; custom_margin=&#8221;||20px||false|false&#8221; hover_enabled=&#8221;0&#8243; global_colors_info=&#8221;{}&#8221; sticky_enabled=&#8221;0&#8243;]<\/p>\n<ol start=\"5\">\n<li><strong> Ist eine Ausbreitung der Gamsr\u00e4ude nach Westen zu erwarten?<\/strong><br \/><em>Antwort:<\/em> In S\u00fcdtirol ist eine gro\u00dffl\u00e4chige Ausbreitung nach Westen eher unwahrscheinlich. Es gibt dort zwar seit \u00fcber 15 Jahren positive Einzelf\u00e4lle, jedoch bislang keinen gro\u00dfr\u00e4umigen Ausbruch.<\/li>\n<li><strong> Gibt es spezielle Empfehlungen f\u00fcr Reviere, die an r\u00e4udebetroffene Gebiete angrenzen?<\/strong><br \/><em>Antwort:<\/em> In Gebieten bzw. Revieren, die an R\u00e4udegebiete angrenzen, gilt es, den Gamsbestand nachhaltig zu nutzen. Die Best\u00e4nde sollten so bejagt werden, dass sich in der Strecke nat\u00fcrliche Sterblichkeitsmuster widerspiegeln und die Mittelklasse muss absolut geschont werden. Das Geschlechterverh\u00e4ltnis soll in der Strecke ausgeglichen sein.<\/li>\n<li><strong> Sollte man die Jugendklasse besonders schonen oder vor allem schwache Tiere entnehmen?<\/strong><br \/><em>Antwort:<\/em> Dies h\u00e4ngt von der konkreten Situation ab. Generell sollte man bei der Entnahme in der Jugendklasse moderat vorgehen. Man erkennt am \u00e4u\u00dferen Erscheinungsbild eines Tieres nicht, ob es resistent gegen Krankheiten ist. Allein die K\u00f6rpergr\u00f6\u00dfe ist kein gutes Merkmal, da es bei Gamsen gr\u00f6\u00dfere und kleinere Individuen gibt.<\/li>\n<li><strong> Spielt das Mikroklima eine Rolle bei der Verbreitung der Gamsr\u00e4ude?<\/strong><br \/><em>Antwort:<\/em> Genaue Studien dazu sind uns nicht bekannt. Man wei\u00df allerdings, dass R\u00e4udemilben au\u00dferhalb des Wirtes nur kurz \u00fcberlebensf\u00e4hig sind. Bei 5\u00b0C und hoher Luftfeuchtigkeit \u00fcberleben die Milben ca. eine Woche.<\/li>\n<li><strong> Wie wirkt sich der Klimawandel auf die Gamsr\u00e4ude aus?<\/strong><br \/><em>Antwort:<\/em> Der Klimawandel beeinflusst die Verbreitung der Parasiten. W\u00e4rmeres Klima verursacht Hitzestress bei Gamsen und reduziert letzten Endes ihre Widerstandskraft. Dadurch kann das Auftreten von Krankheiten und Parasitosen beg\u00fcnstigt werden.<\/li>\n<\/ol>\n<p>[\/et_pb_text][\/et_pb_column_inner][\/et_pb_row_inner][et_pb_row_inner column_structure=&#8221;1_2,1_2&#8243; _builder_version=&#8221;4.18.0&#8243; global_colors_info=&#8221;{}&#8221;][et_pb_column_inner type=&#8221;1_2&#8243; saved_specialty_column_type=&#8221;3_4&#8243; _builder_version=&#8221;4.16&#8243; global_colors_info=&#8221;{}&#8221;][et_pb_text _builder_version=&#8221;4.18.0&#8243; custom_margin=&#8221;||20px||false|false&#8221; hover_enabled=&#8221;0&#8243; global_colors_info=&#8221;{}&#8221; sticky_enabled=&#8221;0&#8243;]<\/p>\n<ol start=\"10\">\n<li><strong> Ist Inzucht ein Problem bei Gamsbest\u00e4nden und w\u00fcrde das Einbringen von Tieren aus anderen genetischen Clustern helfen?<br \/><\/strong><em>Antwort:<\/em> Inzucht ist grunds\u00e4tzlich immer problematisch. Dadurch wird die genetische Diversit\u00e4t gesenkt und es kann zu Inzuchtdepression (z.B. verk\u00fcrzte Unterkiefer oder sinkende Reproduktionsraten) kommen. Beim Gamswild haben wir in S\u00fcdtirol aktuell, im Gegensatz zum Steinwild, keine Probleme mit Inzucht.<br \/>Das Einbringen von Tieren aus anderen genetischen Clustern k\u00f6nnte theoretisch gegen die Gamsr\u00e4ude helfen, allerdings lassen sich die langfristigen Auswirkungen nicht absch\u00e4tzen. Zudem w\u00e4re eine betr\u00e4chtliche Anzahl von Individuen n\u00f6tig.<\/li>\n<li><strong> K\u00f6nnte man die Gamsr\u00e4ude nicht mit Z\u00e4unen kontrollieren?<\/strong><br \/><em>Antwort:<\/em> Z\u00e4une sind theoretisch eine M\u00f6glichkeit, allerdings nicht nachhaltig wirksam, da sie den nat\u00fcrlichen Austausch von Wildtieren einschr\u00e4nken und langfristig zu anderen Problemen f\u00fchren k\u00f6nnen.<\/li>\n<li><strong> Gibt es eine Impfung gegen die Gamsr\u00e4ude?<\/strong><br \/><em>Antwort:<\/em> Versuche wurden durchgef\u00fchrt, aber eine wirksame Impfung f\u00fcr wildlebende Gamsen ist in der Praxis nicht wirklich umsetzbar. Es stellt sich die Grundsatzfrage, ob eine medikament\u00f6se Behandlung von Wildbest\u00e4nden zielf\u00fchrend ist, da man dadurch der nat\u00fcrlichen Selektion entgegenwirkt.<\/li>\n<li><strong> Wie lange dauert es erfahrungsgem\u00e4\u00df, bis sich ein Gamsbestand nach einem R\u00e4udeausbruch erholt?<\/strong><br \/><em>Antwort:<\/em> Die Erholungsphase dauert erfahrungsgem\u00e4\u00df etwa 10 bis 15 Jahre, abh\u00e4ngig von Habitat, Ausgangsbestand und anderen Faktoren. Gamsen sind relativ langlebige Tiere, die durchaus 20 Jahre und \u00e4lter werden k\u00f6nnen. Wichtig ist, dass der Bestand ausreichend Zeit bekommt, sich wieder nat\u00fcrlich zu strukturieren, mit ausreichend alten Tieren im Bestand.<\/li>\n<\/ol>\n<p>[\/et_pb_text][\/et_pb_column_inner][et_pb_column_inner type=&#8221;1_2&#8243; saved_specialty_column_type=&#8221;3_4&#8243; _builder_version=&#8221;4.16&#8243; global_colors_info=&#8221;{}&#8221;][et_pb_text _builder_version=&#8221;4.18.0&#8243; custom_margin=&#8221;||20px||false|false&#8221; hover_enabled=&#8221;0&#8243; global_colors_info=&#8221;{}&#8221; sticky_enabled=&#8221;0&#8243;]<\/p>\n<ol start=\"14\">\n<li><strong> Sollte ein Revier mit nur wenigen gemeldeten Gamsr\u00e4udef\u00e4llen weiterhin regul\u00e4r bejagt werden?<\/strong><br \/><em>Antwort:<\/em> Dies ist m\u00f6glich, allerdings sollte sehr moderat eingegriffen werden. Besonders die Mittelklasse und gesunde Tiere sollten geschont werden, um eine nachhaltige Bestandsentwicklung zu gew\u00e4hrleisten.<\/li>\n<li><strong> Welche Rolle spielt die F\u00fctterung von Gamsen in S\u00fcdtirol hinsichtlich der Gamsr\u00e4ude?<\/strong><br \/><em>Antwort:<\/em> Die F\u00fctterung von Gamsen ist in S\u00fcdtirol grunds\u00e4tzlich verboten. Unabh\u00e4ngig davon gilt es zu bedenken, dass man durch F\u00fctterungen Wild zus\u00e4tzlich konzentriert wodurch die \u00dcbertragung von Krankheiten beg\u00fcnstigt wird.<\/li>\n<li><strong> Sollte man Salzlecksteine in R\u00e4udegebieten entfernen oder behalten?<\/strong><br \/><em>Antwort:<\/em> Salzstellen sollten entfernt bzw. nicht mehr beschickt werden. Salzstellen f\u00fchren zur Konzentration von Tieren, wodurch das \u00dcbertragungsrisiko steigt.<\/li>\n<li><strong> Kann man das Wildbret von stark befallenen Tieren konsumieren oder verkaufen?<\/strong><br \/><em>Antwort:<\/em> Bei starkem Befall ist davon abzuraten, da durch Sekund\u00e4rinfektionen das Wildbret qualitativ beeintr\u00e4chtigt ist. Solches Wild sollte weder selbst konsumiert noch weiterverkauft werden, es gilt als nicht genusstauglich.<\/li>\n<\/ol>\n<p>[\/et_pb_text][\/et_pb_column_inner][\/et_pb_row_inner][et_pb_row_inner _builder_version=&#8221;4.18.0&#8243; global_colors_info=&#8221;{}&#8221;][et_pb_column_inner saved_specialty_column_type=&#8221;3_4&#8243; _builder_version=&#8221;4.16&#8243; global_colors_info=&#8221;{}&#8221;][et_pb_text _builder_version=&#8221;4.18.0&#8243; custom_margin=&#8221;||20px||false|false&#8221; global_colors_info=&#8221;{}&#8221;]<\/p>\n<blockquote>\n<p>Hier geht\u2019s zur Aufzeichnung des Webinars: <strong><a href=\"https:\/\/www.youtube.com\/watch?v=5HlLaCu_sec\">https:\/\/www.youtube.com\/watch?v=5HlLaCu_sec<\/a><\/strong><\/p>\n<\/blockquote>\n<p>Geplant sind heuer noch drei weitere Vortr\u00e4ge mit verschiedenen Gamswildexperten des Landes.<\/p>\n<p>[\/et_pb_text][\/et_pb_column_inner][\/et_pb_row_inner][et_pb_row_inner column_structure=&#8221;undefined&#8221; _builder_version=&#8221;4.16&#8243; custom_padding=&#8221;0px||0px||false|false&#8221; global_colors_info=&#8221;{}&#8221;][et_pb_column_inner type=&#8221;undefined&#8221; saved_specialty_column_type=&#8221;3_4&#8243; _builder_version=&#8221;4.16&#8243; global_colors_info=&#8221;{}&#8221;][et_pb_divider color=&#8221;rgba(0,0,0,0.13)&#8221; _builder_version=&#8221;4.16&#8243; custom_margin=&#8221;||0px||false|false&#8221; global_colors_info=&#8221;{}&#8221;][\/et_pb_divider][et_pb_button button_url=&#8221;https:\/\/jagdverband.it\/mitteilungen\/&#8221; button_text=&#8221;Zur\u00fcck zur \u00dcbersicht&#8221; button_alignment=&#8221;center&#8221; _builder_version=&#8221;4.16&#8243; global_colors_info=&#8221;{}&#8221;][\/et_pb_button][et_pb_divider color=&#8221;rgba(0,0,0,0.13)&#8221; _builder_version=&#8221;4.16&#8243; custom_margin=&#8221;25px||||false|false&#8221; global_colors_info=&#8221;{}&#8221;][\/et_pb_divider][\/et_pb_column_inner][\/et_pb_row_inner][\/et_pb_column][et_pb_column type=&#8221;1_4&#8243; _builder_version=&#8221;4.16&#8243; custom_padding=&#8221;|||&#8221; global_colors_info=&#8221;{}&#8221; custom_padding__hover=&#8221;|||&#8221;][et_pb_sidebar orientation=&#8221;right&#8221; _builder_version=&#8221;4.16&#8243; global_colors_info=&#8221;{}&#8221;][\/et_pb_sidebar][\/et_pb_column][\/et_pb_section]<\/p>\n","protected":false},"excerpt":{"rendered":"<p>21.03.2025 &#8211; \u201eDie Gamsr\u00e4ude in S\u00fcdtirol \u2013 wie handeln\u201c<\/p>\n","protected":false},"author":1,"featured_media":80323,"comment_status":"closed","ping_status":"closed","sticky":false,"template":"","format":"standard","meta":{"_et_pb_use_builder":"on","_et_pb_old_content":"","_et_gb_content_width":""},"categories":[80],"tags":[],"featured_image_src":"https:\/\/jagdverband.it\/wp-content\/uploads\/2025\/03\/09_2025_Vortrag-Gamsraeude-Maerz-Joe-1024x575.jpg","blog_images":{"medium":"https:\/\/jagdverband.it\/wp-content\/uploads\/2025\/03\/09_2025_Vortrag-Gamsraeude-Maerz-Joe-300x169.jpg","large":"https:\/\/jagdverband.it\/wp-content\/uploads\/2025\/03\/09_2025_Vortrag-Gamsraeude-Maerz-Joe-1024x575.jpg"},"ams_acf":[],"yoast_head":"<!-- This site is optimized with the Yoast SEO plugin v19.6 - https:\/\/yoast.com\/wordpress\/plugins\/seo\/ -->\n<title>Online-Fortbildung Gamswild - S\u00fcdtiroler Jagdverband<\/title>\n<meta name=\"robots\" content=\"index, follow, max-snippet:-1, max-image-preview:large, max-video-preview:-1\" \/>\n<link rel=\"canonical\" href=\"https:\/\/jagdverband.it\/it\/online-fortbildung-gamswild-2025-01\/\" \/>\n<meta property=\"og:locale\" content=\"it_IT\" \/>\n<meta property=\"og:type\" content=\"article\" \/>\n<meta property=\"og:title\" content=\"Online-Fortbildung Gamswild - S\u00fcdtiroler Jagdverband\" \/>\n<meta property=\"og:description\" content=\"21.03.2025 - \u201eDie Gamsr\u00e4ude in S\u00fcdtirol \u2013 wie handeln\u201c\" \/>\n<meta property=\"og:url\" content=\"https:\/\/jagdverband.it\/it\/online-fortbildung-gamswild-2025-01\/\" \/>\n<meta property=\"og:site_name\" content=\"S\u00fcdtiroler Jagdverband\" \/>\n<meta property=\"article:published_time\" content=\"2025-03-21T06:57:35+00:00\" \/>\n<meta property=\"article:modified_time\" content=\"2025-03-21T07:12:05+00:00\" \/>\n<meta property=\"og:image\" content=\"https:\/\/jagdverband.it\/wp-content\/uploads\/2025\/03\/09_2025_Vortrag-Gamsraeude-Maerz-Joe.jpg\" \/>\n\t<meta property=\"og:image:width\" content=\"1636\" \/>\n\t<meta property=\"og:image:height\" content=\"919\" \/>\n\t<meta property=\"og:image:type\" content=\"image\/jpeg\" \/>\n<meta name=\"author\" content=\"admin\" \/>\n<meta name=\"twitter:card\" content=\"summary\" \/>\n<meta name=\"twitter:label1\" content=\"Scritto da\" \/>\n\t<meta name=\"twitter:data1\" content=\"admin\" \/>\n\t<meta name=\"twitter:label2\" content=\"Tempo di lettura stimato\" \/>\n\t<meta name=\"twitter:data2\" content=\"6 minuti\" \/>\n<script type=\"application\/ld+json\" class=\"yoast-schema-graph\">{\"@context\":\"https:\/\/schema.org\",\"@graph\":[{\"@type\":\"Article\",\"@id\":\"https:\/\/jagdverband.it\/it\/online-fortbildung-gamswild-2025-01\/#article\",\"isPartOf\":{\"@id\":\"https:\/\/jagdverband.it\/it\/online-fortbildung-gamswild-2025-01\/\"},\"author\":{\"name\":\"admin\",\"@id\":\"https:\/\/jagdverband.it\/it\/#\/schema\/person\/3e030b3a4aa7c391e09cd551afd6dc73\"},\"headline\":\"Online-Fortbildung Gamswild\",\"datePublished\":\"2025-03-21T06:57:35+00:00\",\"dateModified\":\"2025-03-21T07:12:05+00:00\",\"mainEntityOfPage\":{\"@id\":\"https:\/\/jagdverband.it\/it\/online-fortbildung-gamswild-2025-01\/\"},\"wordCount\":1582,\"publisher\":{\"@id\":\"https:\/\/jagdverband.it\/it\/#organization\"},\"articleSection\":[\"Mitteilungen\"],\"inLanguage\":\"it-IT\"},{\"@type\":\"WebPage\",\"@id\":\"https:\/\/jagdverband.it\/it\/online-fortbildung-gamswild-2025-01\/\",\"url\":\"https:\/\/jagdverband.it\/it\/online-fortbildung-gamswild-2025-01\/\",\"name\":\"Online-Fortbildung Gamswild - S\u00fcdtiroler Jagdverband\",\"isPartOf\":{\"@id\":\"https:\/\/jagdverband.it\/it\/#website\"},\"datePublished\":\"2025-03-21T06:57:35+00:00\",\"dateModified\":\"2025-03-21T07:12:05+00:00\",\"breadcrumb\":{\"@id\":\"https:\/\/jagdverband.it\/it\/online-fortbildung-gamswild-2025-01\/#breadcrumb\"},\"inLanguage\":\"it-IT\",\"potentialAction\":[{\"@type\":\"ReadAction\",\"target\":[\"https:\/\/jagdverband.it\/it\/online-fortbildung-gamswild-2025-01\/\"]}]},{\"@type\":\"BreadcrumbList\",\"@id\":\"https:\/\/jagdverband.it\/it\/online-fortbildung-gamswild-2025-01\/#breadcrumb\",\"itemListElement\":[{\"@type\":\"ListItem\",\"position\":1,\"name\":\"Home\",\"item\":\"https:\/\/jagdverband.it\/it\/\"},{\"@type\":\"ListItem\",\"position\":2,\"name\":\"Mitteilungen\",\"item\":\"https:\/\/jagdverband.it\/c\/mitteilungen\/\"},{\"@type\":\"ListItem\",\"position\":3,\"name\":\"Online-Fortbildung Gamswild\"}]},{\"@type\":\"WebSite\",\"@id\":\"https:\/\/jagdverband.it\/it\/#website\",\"url\":\"https:\/\/jagdverband.it\/it\/\",\"name\":\"S\u00fcdtiroler Jagdverband\",\"description\":\"S\u00fcdtiroler Jagdverband\",\"publisher\":{\"@id\":\"https:\/\/jagdverband.it\/it\/#organization\"},\"potentialAction\":[{\"@type\":\"SearchAction\",\"target\":{\"@type\":\"EntryPoint\",\"urlTemplate\":\"https:\/\/jagdverband.it\/it\/?s={search_term_string}\"},\"query-input\":\"required name=search_term_string\"}],\"inLanguage\":\"it-IT\"},{\"@type\":\"Organization\",\"@id\":\"https:\/\/jagdverband.it\/it\/#organization\",\"name\":\"S\u00fcdtiroler Jagdverband\",\"url\":\"https:\/\/jagdverband.it\/it\/\",\"sameAs\":[],\"logo\":{\"@type\":\"ImageObject\",\"inLanguage\":\"it-IT\",\"@id\":\"https:\/\/jagdverband.it\/it\/#\/schema\/logo\/image\/\",\"url\":\"\",\"contentUrl\":\"\",\"caption\":\"S\u00fcdtiroler Jagdverband\"},\"image\":{\"@id\":\"https:\/\/jagdverband.it\/it\/#\/schema\/logo\/image\/\"}},{\"@type\":\"Person\",\"@id\":\"https:\/\/jagdverband.it\/it\/#\/schema\/person\/3e030b3a4aa7c391e09cd551afd6dc73\",\"name\":\"admin\",\"image\":{\"@type\":\"ImageObject\",\"inLanguage\":\"it-IT\",\"@id\":\"https:\/\/jagdverband.it\/it\/#\/schema\/person\/image\/\",\"url\":\"https:\/\/secure.gravatar.com\/avatar\/badbf5eaa88657062fdcacb31218cc5c?s=96&d=blank&r=g\",\"contentUrl\":\"https:\/\/secure.gravatar.com\/avatar\/badbf5eaa88657062fdcacb31218cc5c?s=96&d=blank&r=g\",\"caption\":\"admin\"},\"url\":\"https:\/\/jagdverband.it\/it\/author\/admin\/\"}]}<\/script>\n<!-- \/ Yoast SEO plugin. -->","yoast_head_json":{"title":"Online-Fortbildung Gamswild - S\u00fcdtiroler Jagdverband","robots":{"index":"index","follow":"follow","max-snippet":"max-snippet:-1","max-image-preview":"max-image-preview:large","max-video-preview":"max-video-preview:-1"},"canonical":"https:\/\/jagdverband.it\/it\/online-fortbildung-gamswild-2025-01\/","og_locale":"it_IT","og_type":"article","og_title":"Online-Fortbildung Gamswild - S\u00fcdtiroler Jagdverband","og_description":"21.03.2025 - \u201eDie Gamsr\u00e4ude in S\u00fcdtirol \u2013 wie handeln\u201c","og_url":"https:\/\/jagdverband.it\/it\/online-fortbildung-gamswild-2025-01\/","og_site_name":"S\u00fcdtiroler Jagdverband","article_published_time":"2025-03-21T06:57:35+00:00","article_modified_time":"2025-03-21T07:12:05+00:00","og_image":[{"width":1636,"height":919,"url":"https:\/\/jagdverband.it\/wp-content\/uploads\/2025\/03\/09_2025_Vortrag-Gamsraeude-Maerz-Joe.jpg","type":"image\/jpeg"}],"author":"admin","twitter_card":"summary","twitter_misc":{"Scritto da":"admin","Tempo di lettura stimato":"6 minuti"},"schema":{"@context":"https:\/\/schema.org","@graph":[{"@type":"Article","@id":"https:\/\/jagdverband.it\/it\/online-fortbildung-gamswild-2025-01\/#article","isPartOf":{"@id":"https:\/\/jagdverband.it\/it\/online-fortbildung-gamswild-2025-01\/"},"author":{"name":"admin","@id":"https:\/\/jagdverband.it\/it\/#\/schema\/person\/3e030b3a4aa7c391e09cd551afd6dc73"},"headline":"Online-Fortbildung Gamswild","datePublished":"2025-03-21T06:57:35+00:00","dateModified":"2025-03-21T07:12:05+00:00","mainEntityOfPage":{"@id":"https:\/\/jagdverband.it\/it\/online-fortbildung-gamswild-2025-01\/"},"wordCount":1582,"publisher":{"@id":"https:\/\/jagdverband.it\/it\/#organization"},"articleSection":["Mitteilungen"],"inLanguage":"it-IT"},{"@type":"WebPage","@id":"https:\/\/jagdverband.it\/it\/online-fortbildung-gamswild-2025-01\/","url":"https:\/\/jagdverband.it\/it\/online-fortbildung-gamswild-2025-01\/","name":"Online-Fortbildung Gamswild - S\u00fcdtiroler Jagdverband","isPartOf":{"@id":"https:\/\/jagdverband.it\/it\/#website"},"datePublished":"2025-03-21T06:57:35+00:00","dateModified":"2025-03-21T07:12:05+00:00","breadcrumb":{"@id":"https:\/\/jagdverband.it\/it\/online-fortbildung-gamswild-2025-01\/#breadcrumb"},"inLanguage":"it-IT","potentialAction":[{"@type":"ReadAction","target":["https:\/\/jagdverband.it\/it\/online-fortbildung-gamswild-2025-01\/"]}]},{"@type":"BreadcrumbList","@id":"https:\/\/jagdverband.it\/it\/online-fortbildung-gamswild-2025-01\/#breadcrumb","itemListElement":[{"@type":"ListItem","position":1,"name":"Home","item":"https:\/\/jagdverband.it\/it\/"},{"@type":"ListItem","position":2,"name":"Mitteilungen","item":"https:\/\/jagdverband.it\/c\/mitteilungen\/"},{"@type":"ListItem","position":3,"name":"Online-Fortbildung Gamswild"}]},{"@type":"WebSite","@id":"https:\/\/jagdverband.it\/it\/#website","url":"https:\/\/jagdverband.it\/it\/","name":"S\u00fcdtiroler Jagdverband","description":"S\u00fcdtiroler Jagdverband","publisher":{"@id":"https:\/\/jagdverband.it\/it\/#organization"},"potentialAction":[{"@type":"SearchAction","target":{"@type":"EntryPoint","urlTemplate":"https:\/\/jagdverband.it\/it\/?s={search_term_string}"},"query-input":"required name=search_term_string"}],"inLanguage":"it-IT"},{"@type":"Organization","@id":"https:\/\/jagdverband.it\/it\/#organization","name":"S\u00fcdtiroler Jagdverband","url":"https:\/\/jagdverband.it\/it\/","sameAs":[],"logo":{"@type":"ImageObject","inLanguage":"it-IT","@id":"https:\/\/jagdverband.it\/it\/#\/schema\/logo\/image\/","url":"","contentUrl":"","caption":"S\u00fcdtiroler Jagdverband"},"image":{"@id":"https:\/\/jagdverband.it\/it\/#\/schema\/logo\/image\/"}},{"@type":"Person","@id":"https:\/\/jagdverband.it\/it\/#\/schema\/person\/3e030b3a4aa7c391e09cd551afd6dc73","name":"admin","image":{"@type":"ImageObject","inLanguage":"it-IT","@id":"https:\/\/jagdverband.it\/it\/#\/schema\/person\/image\/","url":"https:\/\/secure.gravatar.com\/avatar\/badbf5eaa88657062fdcacb31218cc5c?s=96&d=blank&r=g","contentUrl":"https:\/\/secure.gravatar.com\/avatar\/badbf5eaa88657062fdcacb31218cc5c?s=96&d=blank&r=g","caption":"admin"},"url":"https:\/\/jagdverband.it\/it\/author\/admin\/"}]}},"_links":{"self":[{"href":"https:\/\/jagdverband.it\/it\/wp-json\/wp\/v2\/posts\/80315"}],"collection":[{"href":"https:\/\/jagdverband.it\/it\/wp-json\/wp\/v2\/posts"}],"about":[{"href":"https:\/\/jagdverband.it\/it\/wp-json\/wp\/v2\/types\/post"}],"author":[{"embeddable":true,"href":"https:\/\/jagdverband.it\/it\/wp-json\/wp\/v2\/users\/1"}],"replies":[{"embeddable":true,"href":"https:\/\/jagdverband.it\/it\/wp-json\/wp\/v2\/comments?post=80315"}],"version-history":[{"count":5,"href":"https:\/\/jagdverband.it\/it\/wp-json\/wp\/v2\/posts\/80315\/revisions"}],"predecessor-version":[{"id":80326,"href":"https:\/\/jagdverband.it\/it\/wp-json\/wp\/v2\/posts\/80315\/revisions\/80326"}],"wp:featuredmedia":[{"embeddable":true,"href":"https:\/\/jagdverband.it\/it\/wp-json\/wp\/v2\/media\/80323"}],"wp:attachment":[{"href":"https:\/\/jagdverband.it\/it\/wp-json\/wp\/v2\/media?parent=80315"}],"wp:term":[{"taxonomy":"category","embeddable":true,"href":"https:\/\/jagdverband.it\/it\/wp-json\/wp\/v2\/categories?post=80315"},{"taxonomy":"post_tag","embeddable":true,"href":"https:\/\/jagdverband.it\/it\/wp-json\/wp\/v2\/tags?post=80315"}],"curies":[{"name":"wp","href":"https:\/\/api.w.org\/{rel}","templated":true}]}}