{"id":79018,"date":"2024-11-13T08:31:04","date_gmt":"2024-11-13T07:31:04","guid":{"rendered":"https:\/\/jagdverband.it\/agjso-resolution-2024-copy\/"},"modified":"2024-11-21T07:33:54","modified_gmt":"2024-11-21T06:33:54","slug":"auf-der-pirsch-mit-zwei-gsieser-jaegerinnen","status":"publish","type":"post","link":"https:\/\/jagdverband.it\/it\/auf-der-pirsch-mit-zwei-gsieser-jaegerinnen\/","title":{"rendered":"Auf der Pirsch mit zwei Gsieser J\u00e4gerinnen"},"content":{"rendered":"<p>[et_pb_section fb_built=&#8221;1&#8243; specialty=&#8221;on&#8221; _builder_version=&#8221;4.16&#8243; global_colors_info=&#8221;{}&#8221;][et_pb_column type=&#8221;3_4&#8243; specialty_columns=&#8221;3&#8243; _builder_version=&#8221;4.16&#8243; custom_padding=&#8221;|||&#8221; global_colors_info=&#8221;{}&#8221; custom_padding__hover=&#8221;|||&#8221;][et_pb_row_inner _builder_version=&#8221;4.16&#8243; custom_padding=&#8221;||5px||false|false&#8221; global_colors_info=&#8221;{}&#8221;][et_pb_column_inner saved_specialty_column_type=&#8221;3_4&#8243; _builder_version=&#8221;4.16&#8243; global_colors_info=&#8221;{}&#8221;][et_pb_text _builder_version=&#8221;4.18.0&#8243; custom_padding=&#8221;||0px|||&#8221; global_colors_info=&#8221;{}&#8221;]<\/p>\n<h1>Auf der Pirsch mit zwei Gsieser J\u00e4gerinnen<\/h1>\n<h3><em>14. November 2024<\/em><\/h3>\n<p>[\/et_pb_text][\/et_pb_column_inner][\/et_pb_row_inner][et_pb_row_inner column_structure=&#8221;1_2,1_2&#8243; _builder_version=&#8221;4.16&#8243; custom_padding=&#8221;||||false|false&#8221; global_colors_info=&#8221;{}&#8221;][et_pb_column_inner type=&#8221;1_2&#8243; saved_specialty_column_type=&#8221;3_4&#8243; _builder_version=&#8221;4.16&#8243; global_colors_info=&#8221;{}&#8221;][et_pb_image src=&#8221;https:\/\/jagdverband.it\/wp-content\/uploads\/2024\/11\/RAI-Mediathek-Klick-Steinmair-Alexa-Manuela-Lamp.jpg&#8221; title_text=&#8221;RAI Mediathek Klick Steinmair Alexa Manuela Lamp&#8221; url=&#8221;https:\/\/www.raibz.rai.it\/de\/index.php?media=Ptv1731270000&#8243; url_new_window=&#8221;on&#8221; show_bottom_space=&#8221;off&#8221; _builder_version=&#8221;4.18.0&#8243; custom_padding=&#8221;||4px|||&#8221; global_colors_info=&#8221;{}&#8221;][\/et_pb_image][\/et_pb_column_inner][et_pb_column_inner type=&#8221;1_2&#8243; saved_specialty_column_type=&#8221;3_4&#8243; _builder_version=&#8221;4.16&#8243; global_colors_info=&#8221;{}&#8221;][et_pb_text _builder_version=&#8221;4.18.0&#8243; _module_preset=&#8221;default&#8221; global_colors_info=&#8221;{}&#8221;]<\/p>\n<p>Die Jagd ist im Wandel und ist l\u00e4ngst keine alleinige M\u00e4nnerdom\u00e4ne mehr. Die beiden Gsieser J\u00e4gerinnen erkl\u00e4ren, warum sie die J\u00e4gerpr\u00fcfung gemacht haben und was ihre Passion f\u00fcr die Jagd ausmacht.<\/p>\n<p>Der Beitrag kann in der Rai-Mediathek (Start ab Minute 08:36) angesehen werden. Schaut rein!<\/p>\n<p><strong><a href=\"https:\/\/www.raibz.rai.it\/de\/index.php?media=Ptv1731270000\" target=\"_blank\" rel=\"noopener\">https:\/\/www.raibz.rai.it\/de\/index.php?media=Ptv1731270000<\/a><\/strong><\/p>\n<p>[\/et_pb_text][\/et_pb_column_inner][\/et_pb_row_inner][et_pb_row_inner column_structure=&#8221;undefined&#8221; _builder_version=&#8221;4.16&#8243; custom_padding=&#8221;||||false|false&#8221; global_colors_info=&#8221;{}&#8221;][et_pb_column_inner type=&#8221;undefined&#8221; saved_specialty_column_type=&#8221;3_4&#8243; _builder_version=&#8221;4.16&#8243; global_colors_info=&#8221;{}&#8221;][et_pb_divider color=&#8221;rgba(0,0,0,0.13)&#8221; _builder_version=&#8221;4.16&#8243; custom_margin=&#8221;||||false|false&#8221; global_colors_info=&#8221;{}&#8221;][\/et_pb_divider][et_pb_button button_url=&#8221;https:\/\/jagdverband.it\/mitteilungen\/&#8221; button_text=&#8221;Zur\u00fcck zur \u00dcbersicht&#8221; button_alignment=&#8221;center&#8221; _builder_version=&#8221;4.16&#8243; global_colors_info=&#8221;{}&#8221;][\/et_pb_button][et_pb_divider color=&#8221;rgba(0,0,0,0.13)&#8221; _builder_version=&#8221;4.16&#8243; custom_margin=&#8221;25px||||false|false&#8221; global_colors_info=&#8221;{}&#8221;][\/et_pb_divider][\/et_pb_column_inner][\/et_pb_row_inner][\/et_pb_column][et_pb_column type=&#8221;1_4&#8243; _builder_version=&#8221;4.16&#8243; custom_padding=&#8221;|||&#8221; global_colors_info=&#8221;{}&#8221; custom_padding__hover=&#8221;|||&#8221;][et_pb_sidebar orientation=&#8221;right&#8221; _builder_version=&#8221;4.16&#8243; global_colors_info=&#8221;{}&#8221;][\/et_pb_sidebar][\/et_pb_column][\/et_pb_section]<\/p>\n","protected":false},"excerpt":{"rendered":"<p>14.11.2024 &#8211; Das Magazin \u201eKlick\u201c von Rai S\u00fcdtirol hat Alexa Steinmair und ihre Mutter Manuela Lamp in deren Heimatrevier St. Magdalena in Gsies auf die Jagd begleitet.<\/p>\n","protected":false},"author":1,"featured_media":79026,"comment_status":"closed","ping_status":"closed","sticky":false,"template":"","format":"standard","meta":{"_et_pb_use_builder":"on","_et_pb_old_content":"","_et_gb_content_width":""},"categories":[80],"tags":[],"featured_image_src":"https:\/\/jagdverband.it\/wp-content\/uploads\/2024\/11\/RAI-Mediathek-Klick-Steinmair-Alexa-Manuela-Lamp.jpg","blog_images":{"medium":"https:\/\/jagdverband.it\/wp-content\/uploads\/2024\/11\/RAI-Mediathek-Klick-Steinmair-Alexa-Manuela-Lamp-300x167.jpg","large":"https:\/\/jagdverband.it\/wp-content\/uploads\/2024\/11\/RAI-Mediathek-Klick-Steinmair-Alexa-Manuela-Lamp.jpg"},"ams_acf":[],"yoast_head":"<!-- This site is optimized with the Yoast SEO plugin v19.6 - https:\/\/yoast.com\/wordpress\/plugins\/seo\/ -->\n<title>Auf der Pirsch mit zwei Gsieser J\u00e4gerinnen - S\u00fcdtiroler Jagdverband<\/title>\n<meta name=\"robots\" content=\"index, follow, max-snippet:-1, max-image-preview:large, max-video-preview:-1\" \/>\n<link rel=\"canonical\" href=\"https:\/\/jagdverband.it\/it\/auf-der-pirsch-mit-zwei-gsieser-jaegerinnen\/\" \/>\n<meta property=\"og:locale\" content=\"it_IT\" \/>\n<meta property=\"og:type\" content=\"article\" \/>\n<meta property=\"og:title\" content=\"Auf der Pirsch mit zwei Gsieser J\u00e4gerinnen - S\u00fcdtiroler Jagdverband\" \/>\n<meta property=\"og:description\" content=\"14.11.2024 - Das Magazin \u201eKlick\u201c von Rai S\u00fcdtirol hat Alexa Steinmair und ihre Mutter Manuela Lamp in deren Heimatrevier St. Magdalena in Gsies auf die Jagd begleitet.\" \/>\n<meta property=\"og:url\" content=\"https:\/\/jagdverband.it\/it\/auf-der-pirsch-mit-zwei-gsieser-jaegerinnen\/\" \/>\n<meta property=\"og:site_name\" content=\"S\u00fcdtiroler Jagdverband\" \/>\n<meta property=\"article:published_time\" content=\"2024-11-13T07:31:04+00:00\" \/>\n<meta property=\"article:modified_time\" content=\"2024-11-21T06:33:54+00:00\" \/>\n<meta property=\"og:image\" content=\"https:\/\/jagdverband.it\/wp-content\/uploads\/2024\/11\/RAI-Mediathek-Klick-Steinmair-Alexa-Manuela-Lamp.jpg\" \/>\n\t<meta property=\"og:image:width\" content=\"979\" \/>\n\t<meta property=\"og:image:height\" content=\"544\" \/>\n\t<meta property=\"og:image:type\" content=\"image\/jpeg\" \/>\n<meta name=\"author\" content=\"admin\" \/>\n<meta name=\"twitter:card\" content=\"summary\" \/>\n<meta name=\"twitter:label1\" content=\"Scritto da\" \/>\n\t<meta name=\"twitter:data1\" content=\"admin\" \/>\n\t<meta name=\"twitter:label2\" content=\"Tempo di lettura stimato\" \/>\n\t<meta name=\"twitter:data2\" content=\"1 minuto\" \/>\n<script type=\"application\/ld+json\" class=\"yoast-schema-graph\">{\"@context\":\"https:\/\/schema.org\",\"@graph\":[{\"@type\":\"Article\",\"@id\":\"https:\/\/jagdverband.it\/it\/auf-der-pirsch-mit-zwei-gsieser-jaegerinnen\/#article\",\"isPartOf\":{\"@id\":\"https:\/\/jagdverband.it\/it\/auf-der-pirsch-mit-zwei-gsieser-jaegerinnen\/\"},\"author\":{\"name\":\"admin\",\"@id\":\"https:\/\/jagdverband.it\/it\/#\/schema\/person\/3e030b3a4aa7c391e09cd551afd6dc73\"},\"headline\":\"Auf der Pirsch mit zwei Gsieser J\u00e4gerinnen\",\"datePublished\":\"2024-11-13T07:31:04+00:00\",\"dateModified\":\"2024-11-21T06:33:54+00:00\",\"mainEntityOfPage\":{\"@id\":\"https:\/\/jagdverband.it\/it\/auf-der-pirsch-mit-zwei-gsieser-jaegerinnen\/\"},\"wordCount\":411,\"publisher\":{\"@id\":\"https:\/\/jagdverband.it\/it\/#organization\"},\"articleSection\":[\"Mitteilungen\"],\"inLanguage\":\"it-IT\"},{\"@type\":\"WebPage\",\"@id\":\"https:\/\/jagdverband.it\/it\/auf-der-pirsch-mit-zwei-gsieser-jaegerinnen\/\",\"url\":\"https:\/\/jagdverband.it\/it\/auf-der-pirsch-mit-zwei-gsieser-jaegerinnen\/\",\"name\":\"Auf der Pirsch mit zwei Gsieser J\u00e4gerinnen - S\u00fcdtiroler Jagdverband\",\"isPartOf\":{\"@id\":\"https:\/\/jagdverband.it\/it\/#website\"},\"datePublished\":\"2024-11-13T07:31:04+00:00\",\"dateModified\":\"2024-11-21T06:33:54+00:00\",\"breadcrumb\":{\"@id\":\"https:\/\/jagdverband.it\/it\/auf-der-pirsch-mit-zwei-gsieser-jaegerinnen\/#breadcrumb\"},\"inLanguage\":\"it-IT\",\"potentialAction\":[{\"@type\":\"ReadAction\",\"target\":[\"https:\/\/jagdverband.it\/it\/auf-der-pirsch-mit-zwei-gsieser-jaegerinnen\/\"]}]},{\"@type\":\"BreadcrumbList\",\"@id\":\"https:\/\/jagdverband.it\/it\/auf-der-pirsch-mit-zwei-gsieser-jaegerinnen\/#breadcrumb\",\"itemListElement\":[{\"@type\":\"ListItem\",\"position\":1,\"name\":\"Home\",\"item\":\"https:\/\/jagdverband.it\/it\/\"},{\"@type\":\"ListItem\",\"position\":2,\"name\":\"Mitteilungen\",\"item\":\"https:\/\/jagdverband.it\/c\/mitteilungen\/\"},{\"@type\":\"ListItem\",\"position\":3,\"name\":\"Auf der Pirsch mit zwei Gsieser J\u00e4gerinnen\"}]},{\"@type\":\"WebSite\",\"@id\":\"https:\/\/jagdverband.it\/it\/#website\",\"url\":\"https:\/\/jagdverband.it\/it\/\",\"name\":\"S\u00fcdtiroler Jagdverband\",\"description\":\"S\u00fcdtiroler Jagdverband\",\"publisher\":{\"@id\":\"https:\/\/jagdverband.it\/it\/#organization\"},\"potentialAction\":[{\"@type\":\"SearchAction\",\"target\":{\"@type\":\"EntryPoint\",\"urlTemplate\":\"https:\/\/jagdverband.it\/it\/?s={search_term_string}\"},\"query-input\":\"required name=search_term_string\"}],\"inLanguage\":\"it-IT\"},{\"@type\":\"Organization\",\"@id\":\"https:\/\/jagdverband.it\/it\/#organization\",\"name\":\"S\u00fcdtiroler Jagdverband\",\"url\":\"https:\/\/jagdverband.it\/it\/\",\"sameAs\":[],\"logo\":{\"@type\":\"ImageObject\",\"inLanguage\":\"it-IT\",\"@id\":\"https:\/\/jagdverband.it\/it\/#\/schema\/logo\/image\/\",\"url\":\"\",\"contentUrl\":\"\",\"caption\":\"S\u00fcdtiroler Jagdverband\"},\"image\":{\"@id\":\"https:\/\/jagdverband.it\/it\/#\/schema\/logo\/image\/\"}},{\"@type\":\"Person\",\"@id\":\"https:\/\/jagdverband.it\/it\/#\/schema\/person\/3e030b3a4aa7c391e09cd551afd6dc73\",\"name\":\"admin\",\"image\":{\"@type\":\"ImageObject\",\"inLanguage\":\"it-IT\",\"@id\":\"https:\/\/jagdverband.it\/it\/#\/schema\/person\/image\/\",\"url\":\"https:\/\/secure.gravatar.com\/avatar\/badbf5eaa88657062fdcacb31218cc5c?s=96&d=blank&r=g\",\"contentUrl\":\"https:\/\/secure.gravatar.com\/avatar\/badbf5eaa88657062fdcacb31218cc5c?s=96&d=blank&r=g\",\"caption\":\"admin\"},\"url\":\"https:\/\/jagdverband.it\/it\/author\/admin\/\"}]}<\/script>\n<!-- \/ Yoast SEO plugin. -->","yoast_head_json":{"title":"Auf der Pirsch mit zwei Gsieser J\u00e4gerinnen - S\u00fcdtiroler Jagdverband","robots":{"index":"index","follow":"follow","max-snippet":"max-snippet:-1","max-image-preview":"max-image-preview:large","max-video-preview":"max-video-preview:-1"},"canonical":"https:\/\/jagdverband.it\/it\/auf-der-pirsch-mit-zwei-gsieser-jaegerinnen\/","og_locale":"it_IT","og_type":"article","og_title":"Auf der Pirsch mit zwei Gsieser J\u00e4gerinnen - S\u00fcdtiroler Jagdverband","og_description":"14.11.2024 - Das Magazin \u201eKlick\u201c von Rai S\u00fcdtirol hat Alexa Steinmair und ihre Mutter Manuela Lamp in deren Heimatrevier St. Magdalena in Gsies auf die Jagd begleitet.","og_url":"https:\/\/jagdverband.it\/it\/auf-der-pirsch-mit-zwei-gsieser-jaegerinnen\/","og_site_name":"S\u00fcdtiroler Jagdverband","article_published_time":"2024-11-13T07:31:04+00:00","article_modified_time":"2024-11-21T06:33:54+00:00","og_image":[{"width":979,"height":544,"url":"https:\/\/jagdverband.it\/wp-content\/uploads\/2024\/11\/RAI-Mediathek-Klick-Steinmair-Alexa-Manuela-Lamp.jpg","type":"image\/jpeg"}],"author":"admin","twitter_card":"summary","twitter_misc":{"Scritto da":"admin","Tempo di lettura stimato":"1 minuto"},"schema":{"@context":"https:\/\/schema.org","@graph":[{"@type":"Article","@id":"https:\/\/jagdverband.it\/it\/auf-der-pirsch-mit-zwei-gsieser-jaegerinnen\/#article","isPartOf":{"@id":"https:\/\/jagdverband.it\/it\/auf-der-pirsch-mit-zwei-gsieser-jaegerinnen\/"},"author":{"name":"admin","@id":"https:\/\/jagdverband.it\/it\/#\/schema\/person\/3e030b3a4aa7c391e09cd551afd6dc73"},"headline":"Auf der Pirsch mit zwei Gsieser J\u00e4gerinnen","datePublished":"2024-11-13T07:31:04+00:00","dateModified":"2024-11-21T06:33:54+00:00","mainEntityOfPage":{"@id":"https:\/\/jagdverband.it\/it\/auf-der-pirsch-mit-zwei-gsieser-jaegerinnen\/"},"wordCount":411,"publisher":{"@id":"https:\/\/jagdverband.it\/it\/#organization"},"articleSection":["Mitteilungen"],"inLanguage":"it-IT"},{"@type":"WebPage","@id":"https:\/\/jagdverband.it\/it\/auf-der-pirsch-mit-zwei-gsieser-jaegerinnen\/","url":"https:\/\/jagdverband.it\/it\/auf-der-pirsch-mit-zwei-gsieser-jaegerinnen\/","name":"Auf der Pirsch mit zwei Gsieser J\u00e4gerinnen - S\u00fcdtiroler Jagdverband","isPartOf":{"@id":"https:\/\/jagdverband.it\/it\/#website"},"datePublished":"2024-11-13T07:31:04+00:00","dateModified":"2024-11-21T06:33:54+00:00","breadcrumb":{"@id":"https:\/\/jagdverband.it\/it\/auf-der-pirsch-mit-zwei-gsieser-jaegerinnen\/#breadcrumb"},"inLanguage":"it-IT","potentialAction":[{"@type":"ReadAction","target":["https:\/\/jagdverband.it\/it\/auf-der-pirsch-mit-zwei-gsieser-jaegerinnen\/"]}]},{"@type":"BreadcrumbList","@id":"https:\/\/jagdverband.it\/it\/auf-der-pirsch-mit-zwei-gsieser-jaegerinnen\/#breadcrumb","itemListElement":[{"@type":"ListItem","position":1,"name":"Home","item":"https:\/\/jagdverband.it\/it\/"},{"@type":"ListItem","position":2,"name":"Mitteilungen","item":"https:\/\/jagdverband.it\/c\/mitteilungen\/"},{"@type":"ListItem","position":3,"name":"Auf der Pirsch mit zwei Gsieser J\u00e4gerinnen"}]},{"@type":"WebSite","@id":"https:\/\/jagdverband.it\/it\/#website","url":"https:\/\/jagdverband.it\/it\/","name":"S\u00fcdtiroler Jagdverband","description":"S\u00fcdtiroler Jagdverband","publisher":{"@id":"https:\/\/jagdverband.it\/it\/#organization"},"potentialAction":[{"@type":"SearchAction","target":{"@type":"EntryPoint","urlTemplate":"https:\/\/jagdverband.it\/it\/?s={search_term_string}"},"query-input":"required name=search_term_string"}],"inLanguage":"it-IT"},{"@type":"Organization","@id":"https:\/\/jagdverband.it\/it\/#organization","name":"S\u00fcdtiroler Jagdverband","url":"https:\/\/jagdverband.it\/it\/","sameAs":[],"logo":{"@type":"ImageObject","inLanguage":"it-IT","@id":"https:\/\/jagdverband.it\/it\/#\/schema\/logo\/image\/","url":"","contentUrl":"","caption":"S\u00fcdtiroler Jagdverband"},"image":{"@id":"https:\/\/jagdverband.it\/it\/#\/schema\/logo\/image\/"}},{"@type":"Person","@id":"https:\/\/jagdverband.it\/it\/#\/schema\/person\/3e030b3a4aa7c391e09cd551afd6dc73","name":"admin","image":{"@type":"ImageObject","inLanguage":"it-IT","@id":"https:\/\/jagdverband.it\/it\/#\/schema\/person\/image\/","url":"https:\/\/secure.gravatar.com\/avatar\/badbf5eaa88657062fdcacb31218cc5c?s=96&d=blank&r=g","contentUrl":"https:\/\/secure.gravatar.com\/avatar\/badbf5eaa88657062fdcacb31218cc5c?s=96&d=blank&r=g","caption":"admin"},"url":"https:\/\/jagdverband.it\/it\/author\/admin\/"}]}},"_links":{"self":[{"href":"https:\/\/jagdverband.it\/it\/wp-json\/wp\/v2\/posts\/79018"}],"collection":[{"href":"https:\/\/jagdverband.it\/it\/wp-json\/wp\/v2\/posts"}],"about":[{"href":"https:\/\/jagdverband.it\/it\/wp-json\/wp\/v2\/types\/post"}],"author":[{"embeddable":true,"href":"https:\/\/jagdverband.it\/it\/wp-json\/wp\/v2\/users\/1"}],"replies":[{"embeddable":true,"href":"https:\/\/jagdverband.it\/it\/wp-json\/wp\/v2\/comments?post=79018"}],"version-history":[{"count":0,"href":"https:\/\/jagdverband.it\/it\/wp-json\/wp\/v2\/posts\/79018\/revisions"}],"wp:featuredmedia":[{"embeddable":true,"href":"https:\/\/jagdverband.it\/it\/wp-json\/wp\/v2\/media\/79026"}],"wp:attachment":[{"href":"https:\/\/jagdverband.it\/it\/wp-json\/wp\/v2\/media?parent=79018"}],"wp:term":[{"taxonomy":"category","embeddable":true,"href":"https:\/\/jagdverband.it\/it\/wp-json\/wp\/v2\/categories?post=79018"},{"taxonomy":"post_tag","embeddable":true,"href":"https:\/\/jagdverband.it\/it\/wp-json\/wp\/v2\/tags?post=79018"}],"curies":[{"name":"wp","href":"https:\/\/api.w.org\/{rel}","templated":true}]}}