{"id":78777,"date":"2024-10-29T14:17:02","date_gmt":"2024-10-29T13:17:02","guid":{"rendered":"https:\/\/jagdverband.it\/?p=78777"},"modified":"2024-12-05T14:34:54","modified_gmt":"2024-12-05T13:34:54","slug":"landeshubertustag-2024-ein-voller-erfolg","status":"publish","type":"post","link":"https:\/\/jagdverband.it\/it\/landeshubertustag-2024-ein-voller-erfolg\/","title":{"rendered":"Landeshubertustag 2024"},"content":{"rendered":"<p>[et_pb_section fb_built=&#8221;1&#8243; specialty=&#8221;on&#8221; _builder_version=&#8221;4.16&#8243; global_colors_info=&#8221;{}&#8221;][et_pb_column type=&#8221;3_4&#8243; specialty_columns=&#8221;3&#8243; _builder_version=&#8221;4.16&#8243; custom_padding=&#8221;|||&#8221; global_colors_info=&#8221;{}&#8221; custom_padding__hover=&#8221;|||&#8221;][et_pb_row_inner _builder_version=&#8221;4.16&#8243; custom_padding=&#8221;||5px||false|false&#8221; global_colors_info=&#8221;{}&#8221;][et_pb_column_inner saved_specialty_column_type=&#8221;3_4&#8243; _builder_version=&#8221;4.16&#8243; global_colors_info=&#8221;{}&#8221;][et_pb_text _builder_version=&#8221;4.18.0&#8243; custom_padding=&#8221;||0px|||&#8221; global_colors_info=&#8221;{}&#8221;]<\/p>\n<h1>Landeshubertustag 2024<\/h1>\n<h3><em>29. Oktober 2024<\/em><\/h3>\n<p>[\/et_pb_text][\/et_pb_column_inner][\/et_pb_row_inner][et_pb_row_inner column_structure=&#8221;1_2,1_2&#8243; _builder_version=&#8221;4.16&#8243; custom_padding=&#8221;||||false|false&#8221; global_colors_info=&#8221;{}&#8221;][et_pb_column_inner type=&#8221;1_2&#8243; saved_specialty_column_type=&#8221;3_4&#8243; _builder_version=&#8221;4.16&#8243; global_colors_info=&#8221;{}&#8221;][et_pb_text _builder_version=&#8221;4.18.0&#8243; _module_preset=&#8221;default&#8221; global_colors_info=&#8221;{}&#8221;]<strong>\u00dcber 2000 Besucher kamen zum Infotag des S\u00fcdtiroler Jagdverbandes auf dem Brixner Domplatz<\/strong><\/p>\n<p>Brixen stand am Samstag ganz im Zeichen der Jagd, der Natur und der Tradition rund um den heiligen Hubertus. Der S\u00fcdtiroler Jagdverband organisierte anl\u00e4sslich des Namenstages des Schutzpatrons der J\u00e4ger ein Fest auf dem Domplatz. Wie gro\u00df das Interesse an der jagdlichen Kultur ist, zeigten tausende Besucher, die sich an den 12 St\u00e4nden \u00fcber das Jagdhundewesen, die verschiedenen Aufgabenfelder der J\u00e4ger und Jagdaufseher und das jagdliche Kunsthandwerk tummelten. \u201eWir wollen zeigen, dass die Jagd nicht nur aus Schie\u00dfen besteht, sondern aus viel, viel mehr: das Jagdhornblasen, die Jagdhunde, die Kitzrettung, die wichtige Arbeit der Jagdaufseher, die Wildp\u00e4dagogik, das Jagdhandwerk, die Naturfotografie und die jagdliche Aus- und Weiterbildung\u201c, so der Landesj\u00e4germeister G\u00fcnther Rabensteiner.<br \/>\n[\/et_pb_text][\/et_pb_column_inner][et_pb_column_inner type=&#8221;1_2&#8243; saved_specialty_column_type=&#8221;3_4&#8243; _builder_version=&#8221;4.16&#8243; global_colors_info=&#8221;{}&#8221;][et_pb_image src=&#8221;https:\/\/jagdverband.it\/wp-content\/uploads\/2024\/10\/Landeshubertustag-Jagdhornblaeser-c-Franziska-Raffl-Steiner.jpg&#8221; title_text=&#8221;Landeshubertustag Jagdhornbl\u00e4ser (c) Franziska Raffl-Steiner&#8221; show_in_lightbox=&#8221;on&#8221; show_bottom_space=&#8221;off&#8221; _builder_version=&#8221;4.18.0&#8243; custom_padding=&#8221;||4px|||&#8221; global_colors_info=&#8221;{}&#8221;][\/et_pb_image][et_pb_text _builder_version=&#8221;4.18.0&#8243; min_height=&#8221;34.9px&#8221; custom_margin=&#8221;0px||-2px||false|false&#8221; custom_padding=&#8221;4px||20px||false|false&#8221; locked=&#8221;off&#8221; global_colors_info=&#8221;{}&#8221;]<\/p>\n<h4>140 Jagdhornbl\u00e4serinnen und -bl\u00e4ser brachten den Brixner Domplatz mit ihren schmetternden Fanfaren zum Klingen.<\/h4>\n<p>[\/et_pb_text][\/et_pb_column_inner][\/et_pb_row_inner][et_pb_row_inner column_structure=&#8221;1_2,1_2&#8243; _builder_version=&#8221;4.16&#8243; custom_padding=&#8221;||||false|false&#8221; global_colors_info=&#8221;{}&#8221;][et_pb_column_inner type=&#8221;1_2&#8243; saved_specialty_column_type=&#8221;3_4&#8243; _builder_version=&#8221;4.16&#8243; global_colors_info=&#8221;{}&#8221;][et_pb_image src=&#8221;https:\/\/jagdverband.it\/wp-content\/uploads\/2024\/10\/Landeshubertustag-Reden-Terzer_Rabensteiner_Walcher_Jungmann_Oberstaller-c-Franziska-Raffl-Steiner.jpg&#8221; title_text=&#8221;Landeshubertustag Reden Terzer_Rabensteiner_Walcher_Jungmann_Oberstaller (c) Franziska Raffl-Steiner&#8221; show_in_lightbox=&#8221;on&#8221; show_bottom_space=&#8221;off&#8221; _builder_version=&#8221;4.18.0&#8243; custom_padding=&#8221;||4px|||&#8221; global_colors_info=&#8221;{}&#8221;][\/et_pb_image][et_pb_text _builder_version=&#8221;4.18.0&#8243; min_height=&#8221;34.9px&#8221; custom_margin=&#8221;0px||-24px||false|false&#8221; custom_padding=&#8221;4px||20px||false|false&#8221; locked=&#8221;off&#8221; global_colors_info=&#8221;{}&#8221;]<\/p>\n<h4>\u201eDie J\u00e4ger haben die gro\u00dfe Gabe, die Natur \u00fcbers ganze Jahr zu beobachte, sie stellen die Ver\u00e4nderungen fest und achten auf den Ausgleich in der Natur. J\u00e4ger pflegen aber auch die Geselligkeit und teilen ihre Ideale mit anderen, eines der Elemente, welche das Leben lebenswert machen\u201c, so Landesrat Luis Walcher beim Landeshubertustag.<br \/>\nVon links: SJV-Gesch\u00e4ftsf\u00fchrer Benedikt Terzer, Landesj\u00e4germeister G\u00fcnther Rabensteiner, Landesrat Luis Walcher, B\u00fcrgermeister Andreas Jungmann und Moderatorin Magdalena Oberstaller.<\/h4>\n<h4 style=\"text-align: right;\"><em>Fotos: Franziska Raffl Steiner und Armin Raffeiner<\/em><\/h4>\n<p>[\/et_pb_text][\/et_pb_column_inner][et_pb_column_inner type=&#8221;1_2&#8243; saved_specialty_column_type=&#8221;3_4&#8243; _builder_version=&#8221;4.16&#8243; global_colors_info=&#8221;{}&#8221;][et_pb_text _builder_version=&#8221;4.18.0&#8243; _module_preset=&#8221;default&#8221; global_colors_info=&#8221;{}&#8221;]<\/p>\n<p>Nicht nur Information wurde geboten beim Landeshubertustag, sondern auch Genuss und Unterhaltung kamen nicht zu kurz. Die Besucher konnten verschiedene hausgemachte Wildw\u00fcrste, Wildsalami und Wildleberk\u00e4se genie\u00dfen und die Models der Lederhosenmanufaktur &#8220;Amalia Pernter 1896\u201d bezauberten mit der vorgef\u00fchrten Trachtenmode.<\/p>\n<p>H\u00f6hepunkt des Festtages war die Hubertusmesse um 18 Uhr im Brixner Dom, Hochw. Prof. Markus Moling zelebrierte. Zur Urauff\u00fchrung kam die von Dietmar Rainer arrangierte und komponierte Hubertusmesse f\u00fcr Jagdhornbl\u00e4ser, J\u00e4gerchor, Orgel und Pauke.<\/p>\n<p>[\/et_pb_text][\/et_pb_column_inner][\/et_pb_row_inner][et_pb_row_inner column_structure=&#8221;1_2,1_2&#8243; _builder_version=&#8221;4.16&#8243; custom_padding=&#8221;||||false|false&#8221; global_colors_info=&#8221;{}&#8221;][et_pb_column_inner type=&#8221;1_2&#8243; saved_specialty_column_type=&#8221;3_4&#8243; _builder_version=&#8221;4.16&#8243; global_colors_info=&#8221;{}&#8221;][et_pb_text _builder_version=&#8221;4.18.0&#8243; custom_padding=&#8221;0px|||||&#8221; locked=&#8221;off&#8221; global_colors_info=&#8221;{}&#8221;]<\/p>\n<p>Die einzelnen St\u00fccke der Messe k\u00f6nnen hier nachgeh\u00f6rt werden:<\/p>\n<!--[if lt IE 9]><script>document.createElement('audio');<\/script><![endif]-->\n\t<div class=\"wp-playlist wp-audio-playlist wp-playlist-light\">\n\t\t\t<div class=\"wp-playlist-current-item\"><\/div>\n\t\t<audio controls=\"controls\" preload=\"none\" width=\"1058\"\n\t\t\t><\/audio>\n\t<div class=\"wp-playlist-next\"><\/div>\n\t<div class=\"wp-playlist-prev\"><\/div>\n\t<noscript>\n\t<ol>\n\t\t<li><a href='https:\/\/jagdverband.it\/wp-content\/uploads\/2024\/12\/Hubertusmesse-Brixen-Oct-2024-1.mp3'>Hubertusmesse Brixen Oct 2024 1<\/a><\/li><li><a href='https:\/\/jagdverband.it\/wp-content\/uploads\/2024\/12\/Hubertusmesse-Brixen-Oct-2024-2.mp3'>Hubertusmesse Brixen Oct 2024 2<\/a><\/li><li><a href='https:\/\/jagdverband.it\/wp-content\/uploads\/2024\/12\/Hubertusmesse-Brixen-Oct-2024-3.mp3'>Hubertusmesse Brixen Oct 2024 3<\/a><\/li><li><a href='https:\/\/jagdverband.it\/wp-content\/uploads\/2024\/12\/Hubertusmesse-Brixen-Oct-2024-4.mp3'>Hubertusmesse Brixen Oct 2024 4<\/a><\/li><li><a href='https:\/\/jagdverband.it\/wp-content\/uploads\/2024\/12\/Hubertusmesse-Brixen-Oct-2024-5.mp3'>Hubertusmesse Brixen Oct 2024 5<\/a><\/li><li><a href='https:\/\/jagdverband.it\/wp-content\/uploads\/2024\/12\/Hubertusmesse-Brixen-Oct-2024-6.mp3'>Hubertusmesse Brixen Oct 2024 6<\/a><\/li><li><a href='https:\/\/jagdverband.it\/wp-content\/uploads\/2024\/12\/Hubertusmesse-Brixen-Oct-2024-7.mp3'>Hubertusmesse Brixen Oct 2024 7<\/a><\/li>\t<\/ol>\n\t<\/noscript>\n\t<script type=\"application\/json\" class=\"wp-playlist-script\">{\"type\":\"audio\",\"tracklist\":true,\"tracknumbers\":true,\"images\":false,\"artists\":true,\"tracks\":[{\"src\":\"https:\\\/\\\/jagdverband.it\\\/wp-content\\\/uploads\\\/2024\\\/12\\\/Hubertusmesse-Brixen-Oct-2024-1.mp3\",\"type\":\"audio\\\/mpeg\",\"title\":\"Hubertusmesse Brixen Oct 2024 1\",\"caption\":\"\",\"description\":\"\\u201eHubertusmesse Brixen Oct 2024 1\\u201c. Ver\\u00f6ffentlicht: 2024.\",\"meta\":{\"artist\":\"G.F. H\\u00e4ndel \\\/ Dietmar Rainer\",\"album\":\"Landeshubertusmesse\",\"year\":\"2024\",\"length_formatted\":\"2:25\"},\"image\":{\"src\":\"https:\\\/\\\/jagdverband.it\\\/wp-includes\\\/images\\\/media\\\/audio.png\",\"width\":48,\"height\":64},\"thumb\":{\"src\":\"https:\\\/\\\/jagdverband.it\\\/wp-includes\\\/images\\\/media\\\/audio.png\",\"width\":48,\"height\":64}},{\"src\":\"https:\\\/\\\/jagdverband.it\\\/wp-content\\\/uploads\\\/2024\\\/12\\\/Hubertusmesse-Brixen-Oct-2024-2.mp3\",\"type\":\"audio\\\/mpeg\",\"title\":\"Hubertusmesse Brixen Oct 2024 2\",\"caption\":\"\",\"description\":\"\\u201eHubertusmesse Brixen Oct 2024 2\\u201c. Ver\\u00f6ffentlicht: 2024.\",\"meta\":{\"artist\":\"Dietmar Rainer\",\"album\":\"Landeshubertusmesse\",\"year\":\"2024\",\"length_formatted\":\"2:30\"},\"image\":{\"src\":\"https:\\\/\\\/jagdverband.it\\\/wp-includes\\\/images\\\/media\\\/audio.png\",\"width\":48,\"height\":64},\"thumb\":{\"src\":\"https:\\\/\\\/jagdverband.it\\\/wp-includes\\\/images\\\/media\\\/audio.png\",\"width\":48,\"height\":64}},{\"src\":\"https:\\\/\\\/jagdverband.it\\\/wp-content\\\/uploads\\\/2024\\\/12\\\/Hubertusmesse-Brixen-Oct-2024-3.mp3\",\"type\":\"audio\\\/mpeg\",\"title\":\"Hubertusmesse Brixen Oct 2024 3\",\"caption\":\"\",\"description\":\"\\u201eHubertusmesse Brixen Oct 2024 3\\u201c. Ver\\u00f6ffentlicht: 2024.\",\"meta\":{\"artist\":\"M. Heigengruber \\\/ Dietmar Rainer\",\"album\":\"Landeshubertusmesse\",\"year\":\"2024\",\"length_formatted\":\"1:07\"},\"image\":{\"src\":\"https:\\\/\\\/jagdverband.it\\\/wp-includes\\\/images\\\/media\\\/audio.png\",\"width\":48,\"height\":64},\"thumb\":{\"src\":\"https:\\\/\\\/jagdverband.it\\\/wp-includes\\\/images\\\/media\\\/audio.png\",\"width\":48,\"height\":64}},{\"src\":\"https:\\\/\\\/jagdverband.it\\\/wp-content\\\/uploads\\\/2024\\\/12\\\/Hubertusmesse-Brixen-Oct-2024-4.mp3\",\"type\":\"audio\\\/mpeg\",\"title\":\"Hubertusmesse Brixen Oct 2024 4\",\"caption\":\"\",\"description\":\"\\u201eHubertusmesse Brixen Oct 2024 4\\u201c. Ver\\u00f6ffentlicht: 2024.\",\"meta\":{\"artist\":\"Dietmar Rainer\",\"album\":\"Landeshubertusmesse\",\"year\":\"2024\",\"length_formatted\":\"2:07\"},\"image\":{\"src\":\"https:\\\/\\\/jagdverband.it\\\/wp-includes\\\/images\\\/media\\\/audio.png\",\"width\":48,\"height\":64},\"thumb\":{\"src\":\"https:\\\/\\\/jagdverband.it\\\/wp-includes\\\/images\\\/media\\\/audio.png\",\"width\":48,\"height\":64}},{\"src\":\"https:\\\/\\\/jagdverband.it\\\/wp-content\\\/uploads\\\/2024\\\/12\\\/Hubertusmesse-Brixen-Oct-2024-5.mp3\",\"type\":\"audio\\\/mpeg\",\"title\":\"Hubertusmesse Brixen Oct 2024 5\",\"caption\":\"\",\"description\":\"\\u201eHubertusmesse Brixen Oct 2024 5\\u201c. Ver\\u00f6ffentlicht: 2024.\",\"meta\":{\"artist\":\"J. Schantl \\\/ Dietmar Rainer\",\"album\":\"Landeshubertusmesse\",\"year\":\"2024\",\"length_formatted\":\"2:45\"},\"image\":{\"src\":\"https:\\\/\\\/jagdverband.it\\\/wp-includes\\\/images\\\/media\\\/audio.png\",\"width\":48,\"height\":64},\"thumb\":{\"src\":\"https:\\\/\\\/jagdverband.it\\\/wp-includes\\\/images\\\/media\\\/audio.png\",\"width\":48,\"height\":64}},{\"src\":\"https:\\\/\\\/jagdverband.it\\\/wp-content\\\/uploads\\\/2024\\\/12\\\/Hubertusmesse-Brixen-Oct-2024-6.mp3\",\"type\":\"audio\\\/mpeg\",\"title\":\"Hubertusmesse Brixen Oct 2024 6\",\"caption\":\"\",\"description\":\"\\u201eHubertusmesse Brixen Oct 2024 6\\u201c. Ver\\u00f6ffentlicht: 2024.\",\"meta\":{\"artist\":\"H. Bone \\\/ Dietmar Rainer\",\"album\":\"Landeshubertusmesse\",\"year\":\"2024\",\"length_formatted\":\"2:35\"},\"image\":{\"src\":\"https:\\\/\\\/jagdverband.it\\\/wp-includes\\\/images\\\/media\\\/audio.png\",\"width\":48,\"height\":64},\"thumb\":{\"src\":\"https:\\\/\\\/jagdverband.it\\\/wp-includes\\\/images\\\/media\\\/audio.png\",\"width\":48,\"height\":64}},{\"src\":\"https:\\\/\\\/jagdverband.it\\\/wp-content\\\/uploads\\\/2024\\\/12\\\/Hubertusmesse-Brixen-Oct-2024-7.mp3\",\"type\":\"audio\\\/mpeg\",\"title\":\"Hubertusmesse Brixen Oct 2024 7\",\"caption\":\"\",\"description\":\"\\u201eHubertusmesse Brixen Oct 2024 7\\u201c. Ver\\u00f6ffentlicht: 2024.\",\"meta\":{\"artist\":\"P. Pescoller \\\/ Dietmar Rainer\",\"album\":\"Landeshubertusmesse\",\"year\":\"2024\",\"length_formatted\":\"2:29\"},\"image\":{\"src\":\"https:\\\/\\\/jagdverband.it\\\/wp-includes\\\/images\\\/media\\\/audio.png\",\"width\":48,\"height\":64},\"thumb\":{\"src\":\"https:\\\/\\\/jagdverband.it\\\/wp-includes\\\/images\\\/media\\\/audio.png\",\"width\":48,\"height\":64}}]}<\/script>\n<\/div>\n\t\n<p>[\/et_pb_text][\/et_pb_column_inner][et_pb_column_inner type=&#8221;1_2&#8243; saved_specialty_column_type=&#8221;3_4&#8243; _builder_version=&#8221;4.16&#8243; global_colors_info=&#8221;{}&#8221;][et_pb_image src=&#8221;https:\/\/jagdverband.it\/wp-content\/uploads\/2024\/12\/Landeshubertustag-Rainer-Dietmar-scaled.jpg&#8221; title_text=&#8221;Landeshubertustag Rainer Dietmar&#8221; show_in_lightbox=&#8221;on&#8221; show_bottom_space=&#8221;off&#8221; _builder_version=&#8221;4.18.0&#8243; custom_padding=&#8221;||4px|||&#8221; global_colors_info=&#8221;{}&#8221;][\/et_pb_image][et_pb_text _builder_version=&#8221;4.18.0&#8243; min_height=&#8221;34.9px&#8221; custom_margin=&#8221;0px||-24px||false|false&#8221; custom_padding=&#8221;4px||20px||false|false&#8221; locked=&#8221;off&#8221; global_colors_info=&#8221;{}&#8221;]<\/p>\n<h4>Dietmar Rainer hat eigens f\u00fcr die Hl. Messe am<br \/>Landeshubertustag die S\u00fcdtiroler Hubertusmesse<br \/>f\u00fcr Jagdh\u00f6rner, Pauken, Orgel und Gesang komponiert<br \/>und arrangiert.<\/h4>\n<p>[\/et_pb_text][\/et_pb_column_inner][\/et_pb_row_inner][et_pb_row_inner column_structure=&#8221;1_2,1_2&#8243; _builder_version=&#8221;4.16&#8243; custom_padding=&#8221;||||false|false&#8221; global_colors_info=&#8221;{}&#8221;][et_pb_column_inner type=&#8221;1_2&#8243; saved_specialty_column_type=&#8221;3_4&#8243; _builder_version=&#8221;4.16&#8243; global_colors_info=&#8221;{}&#8221;][et_pb_image src=&#8221;https:\/\/jagdverband.it\/wp-content\/uploads\/2024\/10\/Landeshubertustag-Jagdrevier-Klausen-c-Franziska-Raffl-Steiner.jpg&#8221; title_text=&#8221;Landeshubertustag Jagdrevier Klausen (c) Franziska Raffl-Steiner&#8221; show_in_lightbox=&#8221;on&#8221; show_bottom_space=&#8221;off&#8221; _builder_version=&#8221;4.18.0&#8243; custom_padding=&#8221;||4px|||&#8221; global_colors_info=&#8221;{}&#8221;][\/et_pb_image][et_pb_text _builder_version=&#8221;4.18.0&#8243; min_height=&#8221;58.9px&#8221; custom_margin=&#8221;0px||-24px||false|false&#8221; custom_padding=&#8221;4px||20px||false|false&#8221; locked=&#8221;off&#8221; global_colors_info=&#8221;{}&#8221;]<\/p>\n<h4>Der Stand des Jagdrevieres Klausen war besonders gut besucht. Hier erfuhren Gro\u00df und Klein jede Menge Interessantes \u00fcber die Fauna, aber auch \u00fcber die vielen T\u00e4tigkeitsfelder der J\u00e4ger in unserem Land.<\/h4>\n<p>[\/et_pb_text][\/et_pb_column_inner][et_pb_column_inner type=&#8221;1_2&#8243; saved_specialty_column_type=&#8221;3_4&#8243; _builder_version=&#8221;4.16&#8243; global_colors_info=&#8221;{}&#8221;][et_pb_image src=&#8221;https:\/\/jagdverband.it\/wp-content\/uploads\/2024\/10\/Landeshubertustag-Vorstellung-Jagdhunde-c-Franziska-Raffl-Steiner.jpg&#8221; title_text=&#8221;Landeshubertustag Vorstellung Jagdhunde (c) Franziska Raffl-Steiner&#8221; show_in_lightbox=&#8221;on&#8221; show_bottom_space=&#8221;off&#8221; _builder_version=&#8221;4.18.0&#8243; custom_padding=&#8221;||4px|||&#8221; global_colors_info=&#8221;{}&#8221;][\/et_pb_image][et_pb_text _builder_version=&#8221;4.18.0&#8243; min_height=&#8221;34.9px&#8221; custom_margin=&#8221;0px||-24px||false|false&#8221; custom_padding=&#8221;4px||20px||false|false&#8221; locked=&#8221;off&#8221; global_colors_info=&#8221;{}&#8221;]<\/p>\n<h4>Die heimlichen Stars des Tages waren die gut 40 Jagdhunde verschiedenster Jagdhunderassen, \u00fcber deren Arbeitsweise, Haltung und Eigenheiten Jagdhundeexperte Peter Rubner (2. von rechts) einiges zu erz\u00e4hlen wusste.<\/h4>\n<p>[\/et_pb_text][\/et_pb_column_inner][\/et_pb_row_inner][et_pb_row_inner column_structure=&#8221;1_2,1_2&#8243; _builder_version=&#8221;4.16&#8243; custom_padding=&#8221;||||false|false&#8221; global_colors_info=&#8221;{}&#8221;][et_pb_column_inner type=&#8221;1_2&#8243; saved_specialty_column_type=&#8221;3_4&#8243; _builder_version=&#8221;4.16&#8243; global_colors_info=&#8221;{}&#8221;][et_pb_image src=&#8221;https:\/\/jagdverband.it\/wp-content\/uploads\/2024\/10\/Landeshubertustag-Show-cook-Thomas-Ortler-c-Armin-Raffeiner.jpg&#8221; title_text=&#8221;Landeshubertustag Show cook Thomas Ortler (c) Armin Raffeiner&#8221; show_in_lightbox=&#8221;on&#8221; show_bottom_space=&#8221;off&#8221; _builder_version=&#8221;4.18.0&#8243; custom_padding=&#8221;||4px|||&#8221; global_colors_info=&#8221;{}&#8221;][\/et_pb_image][et_pb_text _builder_version=&#8221;4.18.0&#8243; min_height=&#8221;34.9px&#8221; custom_margin=&#8221;0px||-24px||false|false&#8221; custom_padding=&#8221;4px||20px||false|false&#8221; locked=&#8221;off&#8221; global_colors_info=&#8221;{}&#8221;]<\/p>\n<h4>Koch und Historiker Thomas Ortler zeigte beim Show-Cooking, wie simpel es eigentlich ist, Wildfleisch raffiniert zuzubereiten.<\/h4>\n<p>[\/et_pb_text][\/et_pb_column_inner][et_pb_column_inner type=&#8221;1_2&#8243; saved_specialty_column_type=&#8221;3_4&#8243; _builder_version=&#8221;4.16&#8243; global_colors_info=&#8221;{}&#8221;][\/et_pb_column_inner][\/et_pb_row_inner][et_pb_row_inner _builder_version=&#8221;4.16&#8243; custom_padding=&#8221;||||false|false&#8221; global_colors_info=&#8221;{}&#8221;][et_pb_column_inner saved_specialty_column_type=&#8221;3_4&#8243; _builder_version=&#8221;4.16&#8243; global_colors_info=&#8221;{}&#8221;][et_pb_divider color=&#8221;rgba(0,0,0,0.13)&#8221; _builder_version=&#8221;4.16&#8243; custom_margin=&#8221;||||false|false&#8221; global_colors_info=&#8221;{}&#8221;][\/et_pb_divider][et_pb_text _builder_version=&#8221;4.18.0&#8243; _module_preset=&#8221;default&#8221; global_colors_info=&#8221;{}&#8221;]<\/p>\n<h3>Fotos vom Landeshubertustag<\/h3>\n<p>[\/et_pb_text][et_pb_gallery gallery_ids=&#8221;78957,78955,78953,78951,78949,78947,78945,78943,78941,78939,78937,78935,78933,78931,78929,78927,78925,78923,78921,78919,78917,78915,78913,78911,78909,78907,78905,78903,78901,78899,78897,78895,78893,78891,78889,78887,78885,78883,78881,78879,78877,78875,78873,78871,78869,78867,78865,78863,78861,78859,78857,78855,78853,78851,78849,78847,78845,78843,78841,78839,78837,78835,78833,78831,78829,78827,78825,78823,78821,78819,78817,78815,78813,78811,78809,78807,78805,78803,78801&#8243; gallery_orderby=&#8221;rand&#8221; posts_number=&#8221;3&#8243; show_title_and_caption=&#8221;off&#8221; _builder_version=&#8221;4.18.0&#8243; _module_preset=&#8221;default&#8221; global_colors_info=&#8221;{}&#8221;][\/et_pb_gallery][\/et_pb_column_inner][\/et_pb_row_inner][et_pb_row_inner column_structure=&#8221;undefined&#8221; _builder_version=&#8221;4.16&#8243; custom_padding=&#8221;||||false|false&#8221; global_colors_info=&#8221;{}&#8221;][et_pb_column_inner type=&#8221;undefined&#8221; saved_specialty_column_type=&#8221;3_4&#8243; _builder_version=&#8221;4.16&#8243; global_colors_info=&#8221;{}&#8221;][et_pb_divider color=&#8221;rgba(0,0,0,0.13)&#8221; _builder_version=&#8221;4.16&#8243; custom_margin=&#8221;||||false|false&#8221; global_colors_info=&#8221;{}&#8221;][\/et_pb_divider][et_pb_button button_url=&#8221;https:\/\/jagdverband.it\/mitteilungen\/&#8221; button_text=&#8221;Zur\u00fcck zur \u00dcbersicht&#8221; button_alignment=&#8221;center&#8221; _builder_version=&#8221;4.16&#8243; global_colors_info=&#8221;{}&#8221;][\/et_pb_button][et_pb_divider color=&#8221;rgba(0,0,0,0.13)&#8221; _builder_version=&#8221;4.16&#8243; custom_margin=&#8221;25px||||false|false&#8221; global_colors_info=&#8221;{}&#8221;][\/et_pb_divider][\/et_pb_column_inner][\/et_pb_row_inner][\/et_pb_column][et_pb_column type=&#8221;1_4&#8243; _builder_version=&#8221;4.16&#8243; custom_padding=&#8221;|||&#8221; global_colors_info=&#8221;{}&#8221; custom_padding__hover=&#8221;|||&#8221;][et_pb_sidebar orientation=&#8221;right&#8221; _builder_version=&#8221;4.16&#8243; global_colors_info=&#8221;{}&#8221;][\/et_pb_sidebar][\/et_pb_column][\/et_pb_section]<\/p>\n","protected":false},"excerpt":{"rendered":"<p>29.10.2024 &#8211; \u00dcber 2.000 Besucher kamen zum Infotag des S\u00fcdtiroler Jagdverbandes auf dem Brixner Domplatz<\/p>\n","protected":false},"author":1,"featured_media":78779,"comment_status":"closed","ping_status":"closed","sticky":false,"template":"","format":"standard","meta":{"_et_pb_use_builder":"on","_et_pb_old_content":"","_et_gb_content_width":""},"categories":[80],"tags":[],"featured_image_src":"https:\/\/jagdverband.it\/wp-content\/uploads\/2024\/10\/Landeshubertustag-Jagdhornblaeser-c-Franziska-Raffl-Steiner-1024x683.jpg","blog_images":{"medium":"https:\/\/jagdverband.it\/wp-content\/uploads\/2024\/10\/Landeshubertustag-Jagdhornblaeser-c-Franziska-Raffl-Steiner-300x200.jpg","large":"https:\/\/jagdverband.it\/wp-content\/uploads\/2024\/10\/Landeshubertustag-Jagdhornblaeser-c-Franziska-Raffl-Steiner-1024x683.jpg"},"ams_acf":[],"yoast_head":"<!-- This site is optimized with the Yoast SEO plugin v19.6 - https:\/\/yoast.com\/wordpress\/plugins\/seo\/ -->\n<title>Landeshubertustag 2024 - S\u00fcdtiroler Jagdverband<\/title>\n<meta name=\"robots\" content=\"index, follow, max-snippet:-1, max-image-preview:large, max-video-preview:-1\" \/>\n<link rel=\"canonical\" href=\"https:\/\/jagdverband.it\/it\/landeshubertustag-2024-ein-voller-erfolg\/\" \/>\n<meta property=\"og:locale\" content=\"it_IT\" \/>\n<meta property=\"og:type\" content=\"article\" \/>\n<meta property=\"og:title\" content=\"Landeshubertustag 2024 - S\u00fcdtiroler Jagdverband\" \/>\n<meta property=\"og:description\" content=\"29.10.2024 - \u00dcber 2.000 Besucher kamen zum Infotag des S\u00fcdtiroler Jagdverbandes auf dem Brixner Domplatz\" \/>\n<meta property=\"og:url\" content=\"https:\/\/jagdverband.it\/it\/landeshubertustag-2024-ein-voller-erfolg\/\" \/>\n<meta property=\"og:site_name\" content=\"S\u00fcdtiroler Jagdverband\" \/>\n<meta property=\"article:published_time\" content=\"2024-10-29T13:17:02+00:00\" \/>\n<meta property=\"article:modified_time\" content=\"2024-12-05T13:34:54+00:00\" \/>\n<meta property=\"og:image\" content=\"https:\/\/jagdverband.it\/wp-content\/uploads\/2024\/10\/Landeshubertustag-Jagdhornblaeser-c-Franziska-Raffl-Steiner.jpg\" \/>\n\t<meta property=\"og:image:width\" content=\"1920\" \/>\n\t<meta property=\"og:image:height\" content=\"1280\" \/>\n\t<meta property=\"og:image:type\" content=\"image\/jpeg\" \/>\n<meta name=\"author\" content=\"admin\" \/>\n<meta name=\"twitter:card\" content=\"summary\" \/>\n<meta name=\"twitter:label1\" content=\"Scritto da\" \/>\n\t<meta name=\"twitter:data1\" content=\"admin\" \/>\n\t<meta name=\"twitter:label2\" content=\"Tempo di lettura stimato\" \/>\n\t<meta name=\"twitter:data2\" content=\"4 minuti\" \/>\n<script type=\"application\/ld+json\" class=\"yoast-schema-graph\">{\"@context\":\"https:\/\/schema.org\",\"@graph\":[{\"@type\":\"Article\",\"@id\":\"https:\/\/jagdverband.it\/it\/landeshubertustag-2024-ein-voller-erfolg\/#article\",\"isPartOf\":{\"@id\":\"https:\/\/jagdverband.it\/it\/landeshubertustag-2024-ein-voller-erfolg\/\"},\"author\":{\"name\":\"admin\",\"@id\":\"https:\/\/jagdverband.it\/it\/#\/schema\/person\/3e030b3a4aa7c391e09cd551afd6dc73\"},\"headline\":\"Landeshubertustag 2024\",\"datePublished\":\"2024-10-29T13:17:02+00:00\",\"dateModified\":\"2024-12-05T13:34:54+00:00\",\"mainEntityOfPage\":{\"@id\":\"https:\/\/jagdverband.it\/it\/landeshubertustag-2024-ein-voller-erfolg\/\"},\"wordCount\":1467,\"publisher\":{\"@id\":\"https:\/\/jagdverband.it\/it\/#organization\"},\"articleSection\":[\"Mitteilungen\"],\"inLanguage\":\"it-IT\"},{\"@type\":\"WebPage\",\"@id\":\"https:\/\/jagdverband.it\/it\/landeshubertustag-2024-ein-voller-erfolg\/\",\"url\":\"https:\/\/jagdverband.it\/it\/landeshubertustag-2024-ein-voller-erfolg\/\",\"name\":\"Landeshubertustag 2024 - S\u00fcdtiroler Jagdverband\",\"isPartOf\":{\"@id\":\"https:\/\/jagdverband.it\/it\/#website\"},\"datePublished\":\"2024-10-29T13:17:02+00:00\",\"dateModified\":\"2024-12-05T13:34:54+00:00\",\"breadcrumb\":{\"@id\":\"https:\/\/jagdverband.it\/it\/landeshubertustag-2024-ein-voller-erfolg\/#breadcrumb\"},\"inLanguage\":\"it-IT\",\"potentialAction\":[{\"@type\":\"ReadAction\",\"target\":[\"https:\/\/jagdverband.it\/it\/landeshubertustag-2024-ein-voller-erfolg\/\"]}]},{\"@type\":\"BreadcrumbList\",\"@id\":\"https:\/\/jagdverband.it\/it\/landeshubertustag-2024-ein-voller-erfolg\/#breadcrumb\",\"itemListElement\":[{\"@type\":\"ListItem\",\"position\":1,\"name\":\"Home\",\"item\":\"https:\/\/jagdverband.it\/it\/\"},{\"@type\":\"ListItem\",\"position\":2,\"name\":\"Mitteilungen\",\"item\":\"https:\/\/jagdverband.it\/c\/mitteilungen\/\"},{\"@type\":\"ListItem\",\"position\":3,\"name\":\"Landeshubertustag 2024\"}]},{\"@type\":\"WebSite\",\"@id\":\"https:\/\/jagdverband.it\/it\/#website\",\"url\":\"https:\/\/jagdverband.it\/it\/\",\"name\":\"S\u00fcdtiroler Jagdverband\",\"description\":\"S\u00fcdtiroler Jagdverband\",\"publisher\":{\"@id\":\"https:\/\/jagdverband.it\/it\/#organization\"},\"potentialAction\":[{\"@type\":\"SearchAction\",\"target\":{\"@type\":\"EntryPoint\",\"urlTemplate\":\"https:\/\/jagdverband.it\/it\/?s={search_term_string}\"},\"query-input\":\"required name=search_term_string\"}],\"inLanguage\":\"it-IT\"},{\"@type\":\"Organization\",\"@id\":\"https:\/\/jagdverband.it\/it\/#organization\",\"name\":\"S\u00fcdtiroler Jagdverband\",\"url\":\"https:\/\/jagdverband.it\/it\/\",\"sameAs\":[],\"logo\":{\"@type\":\"ImageObject\",\"inLanguage\":\"it-IT\",\"@id\":\"https:\/\/jagdverband.it\/it\/#\/schema\/logo\/image\/\",\"url\":\"\",\"contentUrl\":\"\",\"caption\":\"S\u00fcdtiroler Jagdverband\"},\"image\":{\"@id\":\"https:\/\/jagdverband.it\/it\/#\/schema\/logo\/image\/\"}},{\"@type\":\"Person\",\"@id\":\"https:\/\/jagdverband.it\/it\/#\/schema\/person\/3e030b3a4aa7c391e09cd551afd6dc73\",\"name\":\"admin\",\"image\":{\"@type\":\"ImageObject\",\"inLanguage\":\"it-IT\",\"@id\":\"https:\/\/jagdverband.it\/it\/#\/schema\/person\/image\/\",\"url\":\"https:\/\/secure.gravatar.com\/avatar\/badbf5eaa88657062fdcacb31218cc5c?s=96&d=blank&r=g\",\"contentUrl\":\"https:\/\/secure.gravatar.com\/avatar\/badbf5eaa88657062fdcacb31218cc5c?s=96&d=blank&r=g\",\"caption\":\"admin\"},\"url\":\"https:\/\/jagdverband.it\/it\/author\/admin\/\"}]}<\/script>\n<!-- \/ Yoast SEO plugin. -->","yoast_head_json":{"title":"Landeshubertustag 2024 - S\u00fcdtiroler Jagdverband","robots":{"index":"index","follow":"follow","max-snippet":"max-snippet:-1","max-image-preview":"max-image-preview:large","max-video-preview":"max-video-preview:-1"},"canonical":"https:\/\/jagdverband.it\/it\/landeshubertustag-2024-ein-voller-erfolg\/","og_locale":"it_IT","og_type":"article","og_title":"Landeshubertustag 2024 - S\u00fcdtiroler Jagdverband","og_description":"29.10.2024 - \u00dcber 2.000 Besucher kamen zum Infotag des S\u00fcdtiroler Jagdverbandes auf dem Brixner Domplatz","og_url":"https:\/\/jagdverband.it\/it\/landeshubertustag-2024-ein-voller-erfolg\/","og_site_name":"S\u00fcdtiroler Jagdverband","article_published_time":"2024-10-29T13:17:02+00:00","article_modified_time":"2024-12-05T13:34:54+00:00","og_image":[{"width":1920,"height":1280,"url":"https:\/\/jagdverband.it\/wp-content\/uploads\/2024\/10\/Landeshubertustag-Jagdhornblaeser-c-Franziska-Raffl-Steiner.jpg","type":"image\/jpeg"}],"author":"admin","twitter_card":"summary","twitter_misc":{"Scritto da":"admin","Tempo di lettura stimato":"4 minuti"},"schema":{"@context":"https:\/\/schema.org","@graph":[{"@type":"Article","@id":"https:\/\/jagdverband.it\/it\/landeshubertustag-2024-ein-voller-erfolg\/#article","isPartOf":{"@id":"https:\/\/jagdverband.it\/it\/landeshubertustag-2024-ein-voller-erfolg\/"},"author":{"name":"admin","@id":"https:\/\/jagdverband.it\/it\/#\/schema\/person\/3e030b3a4aa7c391e09cd551afd6dc73"},"headline":"Landeshubertustag 2024","datePublished":"2024-10-29T13:17:02+00:00","dateModified":"2024-12-05T13:34:54+00:00","mainEntityOfPage":{"@id":"https:\/\/jagdverband.it\/it\/landeshubertustag-2024-ein-voller-erfolg\/"},"wordCount":1467,"publisher":{"@id":"https:\/\/jagdverband.it\/it\/#organization"},"articleSection":["Mitteilungen"],"inLanguage":"it-IT"},{"@type":"WebPage","@id":"https:\/\/jagdverband.it\/it\/landeshubertustag-2024-ein-voller-erfolg\/","url":"https:\/\/jagdverband.it\/it\/landeshubertustag-2024-ein-voller-erfolg\/","name":"Landeshubertustag 2024 - S\u00fcdtiroler Jagdverband","isPartOf":{"@id":"https:\/\/jagdverband.it\/it\/#website"},"datePublished":"2024-10-29T13:17:02+00:00","dateModified":"2024-12-05T13:34:54+00:00","breadcrumb":{"@id":"https:\/\/jagdverband.it\/it\/landeshubertustag-2024-ein-voller-erfolg\/#breadcrumb"},"inLanguage":"it-IT","potentialAction":[{"@type":"ReadAction","target":["https:\/\/jagdverband.it\/it\/landeshubertustag-2024-ein-voller-erfolg\/"]}]},{"@type":"BreadcrumbList","@id":"https:\/\/jagdverband.it\/it\/landeshubertustag-2024-ein-voller-erfolg\/#breadcrumb","itemListElement":[{"@type":"ListItem","position":1,"name":"Home","item":"https:\/\/jagdverband.it\/it\/"},{"@type":"ListItem","position":2,"name":"Mitteilungen","item":"https:\/\/jagdverband.it\/c\/mitteilungen\/"},{"@type":"ListItem","position":3,"name":"Landeshubertustag 2024"}]},{"@type":"WebSite","@id":"https:\/\/jagdverband.it\/it\/#website","url":"https:\/\/jagdverband.it\/it\/","name":"S\u00fcdtiroler Jagdverband","description":"S\u00fcdtiroler Jagdverband","publisher":{"@id":"https:\/\/jagdverband.it\/it\/#organization"},"potentialAction":[{"@type":"SearchAction","target":{"@type":"EntryPoint","urlTemplate":"https:\/\/jagdverband.it\/it\/?s={search_term_string}"},"query-input":"required name=search_term_string"}],"inLanguage":"it-IT"},{"@type":"Organization","@id":"https:\/\/jagdverband.it\/it\/#organization","name":"S\u00fcdtiroler Jagdverband","url":"https:\/\/jagdverband.it\/it\/","sameAs":[],"logo":{"@type":"ImageObject","inLanguage":"it-IT","@id":"https:\/\/jagdverband.it\/it\/#\/schema\/logo\/image\/","url":"","contentUrl":"","caption":"S\u00fcdtiroler Jagdverband"},"image":{"@id":"https:\/\/jagdverband.it\/it\/#\/schema\/logo\/image\/"}},{"@type":"Person","@id":"https:\/\/jagdverband.it\/it\/#\/schema\/person\/3e030b3a4aa7c391e09cd551afd6dc73","name":"admin","image":{"@type":"ImageObject","inLanguage":"it-IT","@id":"https:\/\/jagdverband.it\/it\/#\/schema\/person\/image\/","url":"https:\/\/secure.gravatar.com\/avatar\/badbf5eaa88657062fdcacb31218cc5c?s=96&d=blank&r=g","contentUrl":"https:\/\/secure.gravatar.com\/avatar\/badbf5eaa88657062fdcacb31218cc5c?s=96&d=blank&r=g","caption":"admin"},"url":"https:\/\/jagdverband.it\/it\/author\/admin\/"}]}},"_links":{"self":[{"href":"https:\/\/jagdverband.it\/it\/wp-json\/wp\/v2\/posts\/78777"}],"collection":[{"href":"https:\/\/jagdverband.it\/it\/wp-json\/wp\/v2\/posts"}],"about":[{"href":"https:\/\/jagdverband.it\/it\/wp-json\/wp\/v2\/types\/post"}],"author":[{"embeddable":true,"href":"https:\/\/jagdverband.it\/it\/wp-json\/wp\/v2\/users\/1"}],"replies":[{"embeddable":true,"href":"https:\/\/jagdverband.it\/it\/wp-json\/wp\/v2\/comments?post=78777"}],"version-history":[{"count":0,"href":"https:\/\/jagdverband.it\/it\/wp-json\/wp\/v2\/posts\/78777\/revisions"}],"wp:featuredmedia":[{"embeddable":true,"href":"https:\/\/jagdverband.it\/it\/wp-json\/wp\/v2\/media\/78779"}],"wp:attachment":[{"href":"https:\/\/jagdverband.it\/it\/wp-json\/wp\/v2\/media?parent=78777"}],"wp:term":[{"taxonomy":"category","embeddable":true,"href":"https:\/\/jagdverband.it\/it\/wp-json\/wp\/v2\/categories?post=78777"},{"taxonomy":"post_tag","embeddable":true,"href":"https:\/\/jagdverband.it\/it\/wp-json\/wp\/v2\/tags?post=78777"}],"curies":[{"name":"wp","href":"https:\/\/api.w.org\/{rel}","templated":true}]}}