{"id":78470,"date":"2024-09-13T10:00:37","date_gmt":"2024-09-13T08:00:37","guid":{"rendered":"https:\/\/jagdverband.it\/?p=78470"},"modified":"2024-09-12T16:23:43","modified_gmt":"2024-09-12T14:23:43","slug":"salvataggio-di-caprioletti-2024","status":"publish","type":"post","link":"https:\/\/jagdverband.it\/it\/salvataggio-di-caprioletti-2024\/","title":{"rendered":"Salvataggio di caprioletti 2024"},"content":{"rendered":"<p>[et_pb_section fb_built=&#8221;1&#8243; specialty=&#8221;on&#8221; _builder_version=&#8221;4.16&#8243; global_colors_info=&#8221;{}&#8221;][et_pb_column type=&#8221;3_4&#8243; specialty_columns=&#8221;3&#8243; _builder_version=&#8221;4.16&#8243; custom_padding=&#8221;|||&#8221; global_colors_info=&#8221;{}&#8221; custom_padding__hover=&#8221;|||&#8221;][et_pb_row_inner _builder_version=&#8221;4.16&#8243; custom_padding=&#8221;||5px||false|false&#8221; global_colors_info=&#8221;{}&#8221;][et_pb_column_inner saved_specialty_column_type=&#8221;3_4&#8243; _builder_version=&#8221;4.16&#8243; global_colors_info=&#8221;{}&#8221;][et_pb_text _builder_version=&#8221;4.18.0&#8243; custom_padding=&#8221;||0px|||&#8221; hover_enabled=&#8221;0&#8243; global_colors_info=&#8221;{}&#8221; sticky_enabled=&#8221;0&#8243;]<\/p>\n<h1>Salvataggio di caprioletti 2024<\/h1>\n<h3><em>13 settembre 2024<\/em><\/h3>\n<p>[\/et_pb_text][\/et_pb_column_inner][\/et_pb_row_inner][et_pb_row_inner column_structure=&#8221;1_2,1_2&#8243; _builder_version=&#8221;4.16&#8243; custom_padding=&#8221;||||false|false&#8221; global_colors_info=&#8221;{}&#8221;][et_pb_column_inner type=&#8221;1_2&#8243; saved_specialty_column_type=&#8221;3_4&#8243; _builder_version=&#8221;4.16&#8243; global_colors_info=&#8221;{}&#8221;][et_pb_image src=&#8221;https:\/\/jagdverband.it\/wp-content\/uploads\/2024\/09\/Kitzrettung-stolzlechner_michael.jpg&#8221; title_text=&#8221;Kitzrettung stolzlechner_michael&#8221; show_in_lightbox=&#8221;on&#8221; show_bottom_space=&#8221;off&#8221; _builder_version=&#8221;4.18.0&#8243; custom_padding=&#8221;||4px|||&#8221; global_colors_info=&#8221;{}&#8221;][\/et_pb_image][et_pb_text _builder_version=&#8221;4.18.0&#8243; min_height=&#8221;34.9px&#8221; custom_margin=&#8221;0px||-24px||false|false&#8221; custom_padding=&#8221;4px||10px||false|false&#8221; locked=&#8221;off&#8221; global_colors_info=&#8221;{}&#8221;]<\/p>\n<h4>Foto: Thomas Tribus<\/h4>\n<p>[\/et_pb_text][\/et_pb_column_inner][et_pb_column_inner type=&#8221;1_2&#8243; saved_specialty_column_type=&#8221;3_4&#8243; _builder_version=&#8221;4.16&#8243; global_colors_info=&#8221;{}&#8221;][et_pb_text _builder_version=&#8221;4.18.0&#8243; _module_preset=&#8221;default&#8221; hover_enabled=&#8221;0&#8243; global_colors_info=&#8221;{}&#8221; sticky_enabled=&#8221;0&#8243;]<\/p>\n<p>Anche quest&#8217;anno la stagione del salvataggio dei piccoli di capriolo dalla morte per sfalcio si \u00e8 conclusa con un pieno di successi e insegnamenti. Centinaia di cacciatori, agenti venatori, agricoltori e volontari si sono impegnati a titolo gratuito per tutelare la giovane fauna selvatica. Un grande plauso e un ringraziamento vanno a tutti coloro che hanno partecipato alle operazioni!<\/p>\n<p>A causa del clima particolarmente piovoso all&#8217;inizio dell&#8217;estate, la fienagione \u00e8 stata notevolmente posticipata. Questo ha avuto un impatto positivo sulle morti per sfalcio: quest&#8217;anno sono stati segnalati molti meno piccoli falciati rispetto agli anni precedenti. Molti di essi, infatti, erano gi\u00e0 abbastanza grandi da fuggire autonomamente dai prati e quindi dalla zona di pericolo.<\/p>\n<p>Dalle 145 riserve di caccia dell&#8217;Alto Adige, 100 hanno partecipato al sondaggio promosso su questo tema dall&#8217;Associazione Cacciatori Alto Adige (rispetto ai 92 del 2023). Complessivamente, \u00e8 stato segnalato il salvataggio di 1.580 piccoli, di cui 237 sono stati con l\u2019occasione marcati. Alle operazioni hanno partecipato 729 volontari che hanno dedicato complessivamente oltre 7.400 ore del loro tempo.<\/p>\n<p>[\/et_pb_text][\/et_pb_column_inner][\/et_pb_row_inner][et_pb_row_inner column_structure=&#8221;1_2,1_2&#8243; _builder_version=&#8221;4.16&#8243; custom_padding=&#8221;||||false|false&#8221; global_colors_info=&#8221;{}&#8221;][et_pb_column_inner type=&#8221;1_2&#8243; saved_specialty_column_type=&#8221;3_4&#8243; _builder_version=&#8221;4.16&#8243; global_colors_info=&#8221;{}&#8221;][et_pb_image src=&#8221;https:\/\/jagdverband.it\/wp-content\/uploads\/2024\/09\/Kitzrettung-Ergebnisse-ITA.jpg&#8221; title_text=&#8221;Kitzrettung Ergebnisse ITA&#8221; show_in_lightbox=&#8221;on&#8221; show_bottom_space=&#8221;off&#8221; _builder_version=&#8221;4.18.0&#8243; hover_enabled=&#8221;0&#8243; global_colors_info=&#8221;{}&#8221; sticky_enabled=&#8221;0&#8243;][\/et_pb_image][\/et_pb_column_inner][et_pb_column_inner type=&#8221;1_2&#8243; saved_specialty_column_type=&#8221;3_4&#8243; _builder_version=&#8221;4.16&#8243; global_colors_info=&#8221;{}&#8221;][et_pb_text _builder_version=&#8221;4.18.0&#8243; _module_preset=&#8221;default&#8221; hover_enabled=&#8221;0&#8243; global_colors_info=&#8221;{}&#8221; sticky_enabled=&#8221;0&#8243;]<\/p>\n<p>Sempre pi\u00f9 riserve utilizzano droni dotati di termocamera per individuare i caprioletti. Tuttavia, anche altri metodi, come l&#8217;installazione di dissuasori e la perlustrazione dei prati tramite catene umane prima dello sfalcio, continuano a dimostrarsi efficaci.<\/p>\n<p>Il salvataggio dei piccoli di capriolo \u00e8 eticamente corretto in tema di benessere animale ma anche vantaggioso per contadini: le carcasse di animali falciati possono, nel peggiore dei casi, avvelenare il foraggio destinato al bestiame.<\/p>\n<p>Inoltre, la normativa sulla protezione degli animali \u00e8 piuttosto chiara nella maggior parte dei Paesi europei: \u00e8 vietato causare sofferenza agli animali senza una valida ragione. In Austria e Germania alcuni agricoltori sono stati gi\u00e0 condannati per aver deliberatamente rifiutato di salvare i piccoli di capriolo. Per evitare che ci\u00f2 possa accadere anche in Alto Adige, l&#8217;Associazione Cacciatori continua nella sua opera di sensibilizzazione degli agricoltori su questo tema e a promuove l&#8217;impegno volontario dei cacciatori.<\/p>\n<p>[\/et_pb_text][\/et_pb_column_inner][\/et_pb_row_inner][et_pb_row_inner column_structure=&#8221;1_2,1_2&#8243; _builder_version=&#8221;4.16&#8243; custom_padding=&#8221;||||false|false&#8221; global_colors_info=&#8221;{}&#8221;][et_pb_column_inner type=&#8221;1_2&#8243; saved_specialty_column_type=&#8221;3_4&#8243; _builder_version=&#8221;4.16&#8243; global_colors_info=&#8221;{}&#8221;][et_pb_image src=&#8221;https:\/\/jagdverband.it\/wp-content\/uploads\/2024\/09\/Kitzrettung-Diagramm-ITA.jpg&#8221; title_text=&#8221;Kitzrettung Diagramm ITA&#8221; show_in_lightbox=&#8221;on&#8221; show_bottom_space=&#8221;off&#8221; _builder_version=&#8221;4.18.0&#8243; hover_enabled=&#8221;0&#8243; global_colors_info=&#8221;{}&#8221; sticky_enabled=&#8221;0&#8243;][\/et_pb_image][\/et_pb_column_inner][et_pb_column_inner type=&#8221;1_2&#8243; saved_specialty_column_type=&#8221;3_4&#8243; _builder_version=&#8221;4.16&#8243; global_colors_info=&#8221;{}&#8221;][et_pb_text _builder_version=&#8221;4.18.0&#8243; _module_preset=&#8221;default&#8221; custom_padding=&#8221;0px|||||&#8221; hover_enabled=&#8221;0&#8243; global_colors_info=&#8221;{}&#8221; sticky_enabled=&#8221;0&#8243;]<\/p>\n<h3>Gruppo WhatsApp per il salvataggio dei caprioletti<\/h3>\n<p>Il salvataggio con i droni sta diventando sempre pi\u00f9 popolare. \u00c8 utile che le esperienze raccolte possano essere condivise fra gli operatori. A tal fine \u00e8 stato creato un gruppo WhatsApp dove tutti i partecipanti al salvataggio possono scambiarsi opinioni, problemi e idee. Chiunque fosse interessato a entrare nel gruppo pu\u00f2 contattare Pirmin Frener al seguente numero: +39 388\/8426449.<\/p>\n<h3>Marcatura dei caprioletti <\/h3>\n<p>Nell&#8217;ambito del salvataggio, anche quest&#8217;anno alcuni piccoli sono stati contrassegnati con marchi auricolari. In totale, sono stati marcati 237 caprioletti. In questo modo \u00e8 possibile successivamente raccogliere nuove informazioni, ad esempio sull&#8217;et\u00e0 esatta e sugli spostamenti territoriali degli esemplari. Per garantire una base di dati uniforme a livello provinciale, dall&#8217;anno scorso sono disponibili gratuitamente presso l&#8217;Associazione Cacciatori Alto Adige marche auricolari bianche con numerazione progressiva. Questo progetto si basa sulla collaborazione volontaria dei cacciatori e non ha alcun impatto sulla strategia venatoria delle singole riserve.<\/p>\n<p>[\/et_pb_text][\/et_pb_column_inner][\/et_pb_row_inner][et_pb_row_inner column_structure=&#8221;undefined&#8221; _builder_version=&#8221;4.16&#8243; custom_padding=&#8221;||||false|false&#8221; global_colors_info=&#8221;{}&#8221;][et_pb_column_inner type=&#8221;undefined&#8221; saved_specialty_column_type=&#8221;3_4&#8243; _builder_version=&#8221;4.16&#8243; global_colors_info=&#8221;{}&#8221;][et_pb_divider color=&#8221;rgba(0,0,0,0.13)&#8221; _builder_version=&#8221;4.16&#8243; custom_margin=&#8221;||||false|false&#8221; global_colors_info=&#8221;{}&#8221;][\/et_pb_divider][et_pb_button button_url=&#8221;https:\/\/jagdverband.it\/mitteilungen\/&#8221; button_text=&#8221;torna indietro&#8221; button_alignment=&#8221;center&#8221; _builder_version=&#8221;4.18.0&#8243; hover_enabled=&#8221;0&#8243; global_colors_info=&#8221;{}&#8221; sticky_enabled=&#8221;0&#8243;][\/et_pb_button][et_pb_divider color=&#8221;rgba(0,0,0,0.13)&#8221; _builder_version=&#8221;4.16&#8243; custom_margin=&#8221;25px||||false|false&#8221; global_colors_info=&#8221;{}&#8221;][\/et_pb_divider][\/et_pb_column_inner][\/et_pb_row_inner][\/et_pb_column][et_pb_column type=&#8221;1_4&#8243; _builder_version=&#8221;4.16&#8243; custom_padding=&#8221;|||&#8221; global_colors_info=&#8221;{}&#8221; custom_padding__hover=&#8221;|||&#8221;][et_pb_sidebar orientation=&#8221;right&#8221; _builder_version=&#8221;4.16&#8243; global_colors_info=&#8221;{}&#8221;][\/et_pb_sidebar][\/et_pb_column][\/et_pb_section]<\/p>\n","protected":false},"excerpt":{"rendered":"<p>13.09.2024 &#8211; Anche quest&#8217;anno la stagione del salvataggio dei piccoli di capriolo dalla morte per sfalcio si \u00e8 conclusa con un pieno di successi e insegnamenti. Centinaia di cacciatori, agenti venatori, agricoltori e volontari si sono impegnati a titolo gratuito per tutelare la giovane fauna selvatica. Un grande plauso e un ringraziamento vanno a tutti coloro che hanno partecipato alle operazioni!<\/p>\n","protected":false},"author":1,"featured_media":78456,"comment_status":"closed","ping_status":"closed","sticky":false,"template":"","format":"standard","meta":{"_et_pb_use_builder":"on","_et_pb_old_content":"","_et_gb_content_width":""},"categories":[163],"tags":[],"featured_image_src":"https:\/\/jagdverband.it\/wp-content\/uploads\/2024\/09\/Kitzrettung-stolzlechner_michael-1024x683.jpg","blog_images":{"medium":"https:\/\/jagdverband.it\/wp-content\/uploads\/2024\/09\/Kitzrettung-stolzlechner_michael-300x200.jpg","large":"https:\/\/jagdverband.it\/wp-content\/uploads\/2024\/09\/Kitzrettung-stolzlechner_michael-1024x683.jpg"},"ams_acf":[],"yoast_head":"<!-- This site is optimized with the Yoast SEO plugin v19.6 - https:\/\/yoast.com\/wordpress\/plugins\/seo\/ -->\n<title>Salvataggio di caprioletti 2024 - S\u00fcdtiroler Jagdverband<\/title>\n<meta name=\"robots\" content=\"index, follow, max-snippet:-1, max-image-preview:large, max-video-preview:-1\" \/>\n<link rel=\"canonical\" href=\"https:\/\/jagdverband.it\/it\/salvataggio-di-caprioletti-2024\/\" \/>\n<meta property=\"og:locale\" content=\"it_IT\" \/>\n<meta property=\"og:type\" content=\"article\" \/>\n<meta property=\"og:title\" content=\"Salvataggio di caprioletti 2024 - S\u00fcdtiroler Jagdverband\" \/>\n<meta property=\"og:description\" content=\"13.09.2024 - Anche quest&#039;anno la stagione del salvataggio dei piccoli di capriolo dalla morte per sfalcio si \u00e8 conclusa con un pieno di successi e insegnamenti. Centinaia di cacciatori, agenti venatori, agricoltori e volontari si sono impegnati a titolo gratuito per tutelare la giovane fauna selvatica. Un grande plauso e un ringraziamento vanno a tutti coloro che hanno partecipato alle operazioni!\" \/>\n<meta property=\"og:url\" content=\"https:\/\/jagdverband.it\/it\/salvataggio-di-caprioletti-2024\/\" \/>\n<meta property=\"og:site_name\" content=\"S\u00fcdtiroler Jagdverband\" \/>\n<meta property=\"article:published_time\" content=\"2024-09-13T08:00:37+00:00\" \/>\n<meta property=\"article:modified_time\" content=\"2024-09-12T14:23:43+00:00\" \/>\n<meta property=\"og:image\" content=\"https:\/\/jagdverband.it\/wp-content\/uploads\/2024\/09\/Kitzrettung-stolzlechner_michael.jpg\" \/>\n\t<meta property=\"og:image:width\" content=\"2048\" \/>\n\t<meta property=\"og:image:height\" content=\"1365\" \/>\n\t<meta property=\"og:image:type\" content=\"image\/jpeg\" \/>\n<meta name=\"author\" content=\"admin\" \/>\n<meta name=\"twitter:card\" content=\"summary\" \/>\n<meta name=\"twitter:label1\" content=\"Scritto da\" \/>\n\t<meta name=\"twitter:data1\" content=\"admin\" \/>\n\t<meta name=\"twitter:label2\" content=\"Tempo di lettura stimato\" \/>\n\t<meta name=\"twitter:data2\" content=\"4 minuti\" \/>\n<script type=\"application\/ld+json\" class=\"yoast-schema-graph\">{\"@context\":\"https:\/\/schema.org\",\"@graph\":[{\"@type\":\"Article\",\"@id\":\"https:\/\/jagdverband.it\/it\/salvataggio-di-caprioletti-2024\/#article\",\"isPartOf\":{\"@id\":\"https:\/\/jagdverband.it\/it\/salvataggio-di-caprioletti-2024\/\"},\"author\":{\"name\":\"admin\",\"@id\":\"https:\/\/jagdverband.it\/it\/#\/schema\/person\/3e030b3a4aa7c391e09cd551afd6dc73\"},\"headline\":\"Salvataggio di caprioletti 2024\",\"datePublished\":\"2024-09-13T08:00:37+00:00\",\"dateModified\":\"2024-09-12T14:23:43+00:00\",\"mainEntityOfPage\":{\"@id\":\"https:\/\/jagdverband.it\/it\/salvataggio-di-caprioletti-2024\/\"},\"wordCount\":1041,\"publisher\":{\"@id\":\"https:\/\/jagdverband.it\/it\/#organization\"},\"articleSection\":[\"comunicazioni_it\"],\"inLanguage\":\"it-IT\"},{\"@type\":\"WebPage\",\"@id\":\"https:\/\/jagdverband.it\/it\/salvataggio-di-caprioletti-2024\/\",\"url\":\"https:\/\/jagdverband.it\/it\/salvataggio-di-caprioletti-2024\/\",\"name\":\"Salvataggio di caprioletti 2024 - S\u00fcdtiroler Jagdverband\",\"isPartOf\":{\"@id\":\"https:\/\/jagdverband.it\/it\/#website\"},\"datePublished\":\"2024-09-13T08:00:37+00:00\",\"dateModified\":\"2024-09-12T14:23:43+00:00\",\"breadcrumb\":{\"@id\":\"https:\/\/jagdverband.it\/it\/salvataggio-di-caprioletti-2024\/#breadcrumb\"},\"inLanguage\":\"it-IT\",\"potentialAction\":[{\"@type\":\"ReadAction\",\"target\":[\"https:\/\/jagdverband.it\/it\/salvataggio-di-caprioletti-2024\/\"]}]},{\"@type\":\"BreadcrumbList\",\"@id\":\"https:\/\/jagdverband.it\/it\/salvataggio-di-caprioletti-2024\/#breadcrumb\",\"itemListElement\":[{\"@type\":\"ListItem\",\"position\":1,\"name\":\"Home\",\"item\":\"https:\/\/jagdverband.it\/it\/\"},{\"@type\":\"ListItem\",\"position\":2,\"name\":\"comunicazioni_it\",\"item\":\"https:\/\/jagdverband.it\/it\/c\/comunicazioni-it\/\"},{\"@type\":\"ListItem\",\"position\":3,\"name\":\"Salvataggio di caprioletti 2024\"}]},{\"@type\":\"WebSite\",\"@id\":\"https:\/\/jagdverband.it\/it\/#website\",\"url\":\"https:\/\/jagdverband.it\/it\/\",\"name\":\"S\u00fcdtiroler Jagdverband\",\"description\":\"S\u00fcdtiroler Jagdverband\",\"publisher\":{\"@id\":\"https:\/\/jagdverband.it\/it\/#organization\"},\"potentialAction\":[{\"@type\":\"SearchAction\",\"target\":{\"@type\":\"EntryPoint\",\"urlTemplate\":\"https:\/\/jagdverband.it\/it\/?s={search_term_string}\"},\"query-input\":\"required name=search_term_string\"}],\"inLanguage\":\"it-IT\"},{\"@type\":\"Organization\",\"@id\":\"https:\/\/jagdverband.it\/it\/#organization\",\"name\":\"S\u00fcdtiroler Jagdverband\",\"url\":\"https:\/\/jagdverband.it\/it\/\",\"sameAs\":[],\"logo\":{\"@type\":\"ImageObject\",\"inLanguage\":\"it-IT\",\"@id\":\"https:\/\/jagdverband.it\/it\/#\/schema\/logo\/image\/\",\"url\":\"\",\"contentUrl\":\"\",\"caption\":\"S\u00fcdtiroler Jagdverband\"},\"image\":{\"@id\":\"https:\/\/jagdverband.it\/it\/#\/schema\/logo\/image\/\"}},{\"@type\":\"Person\",\"@id\":\"https:\/\/jagdverband.it\/it\/#\/schema\/person\/3e030b3a4aa7c391e09cd551afd6dc73\",\"name\":\"admin\",\"image\":{\"@type\":\"ImageObject\",\"inLanguage\":\"it-IT\",\"@id\":\"https:\/\/jagdverband.it\/it\/#\/schema\/person\/image\/\",\"url\":\"https:\/\/secure.gravatar.com\/avatar\/badbf5eaa88657062fdcacb31218cc5c?s=96&d=blank&r=g\",\"contentUrl\":\"https:\/\/secure.gravatar.com\/avatar\/badbf5eaa88657062fdcacb31218cc5c?s=96&d=blank&r=g\",\"caption\":\"admin\"},\"url\":\"https:\/\/jagdverband.it\/it\/author\/admin\/\"}]}<\/script>\n<!-- \/ Yoast SEO plugin. -->","yoast_head_json":{"title":"Salvataggio di caprioletti 2024 - S\u00fcdtiroler Jagdverband","robots":{"index":"index","follow":"follow","max-snippet":"max-snippet:-1","max-image-preview":"max-image-preview:large","max-video-preview":"max-video-preview:-1"},"canonical":"https:\/\/jagdverband.it\/it\/salvataggio-di-caprioletti-2024\/","og_locale":"it_IT","og_type":"article","og_title":"Salvataggio di caprioletti 2024 - S\u00fcdtiroler Jagdverband","og_description":"13.09.2024 - Anche quest'anno la stagione del salvataggio dei piccoli di capriolo dalla morte per sfalcio si \u00e8 conclusa con un pieno di successi e insegnamenti. Centinaia di cacciatori, agenti venatori, agricoltori e volontari si sono impegnati a titolo gratuito per tutelare la giovane fauna selvatica. Un grande plauso e un ringraziamento vanno a tutti coloro che hanno partecipato alle operazioni!","og_url":"https:\/\/jagdverband.it\/it\/salvataggio-di-caprioletti-2024\/","og_site_name":"S\u00fcdtiroler Jagdverband","article_published_time":"2024-09-13T08:00:37+00:00","article_modified_time":"2024-09-12T14:23:43+00:00","og_image":[{"width":2048,"height":1365,"url":"https:\/\/jagdverband.it\/wp-content\/uploads\/2024\/09\/Kitzrettung-stolzlechner_michael.jpg","type":"image\/jpeg"}],"author":"admin","twitter_card":"summary","twitter_misc":{"Scritto da":"admin","Tempo di lettura stimato":"4 minuti"},"schema":{"@context":"https:\/\/schema.org","@graph":[{"@type":"Article","@id":"https:\/\/jagdverband.it\/it\/salvataggio-di-caprioletti-2024\/#article","isPartOf":{"@id":"https:\/\/jagdverband.it\/it\/salvataggio-di-caprioletti-2024\/"},"author":{"name":"admin","@id":"https:\/\/jagdverband.it\/it\/#\/schema\/person\/3e030b3a4aa7c391e09cd551afd6dc73"},"headline":"Salvataggio di caprioletti 2024","datePublished":"2024-09-13T08:00:37+00:00","dateModified":"2024-09-12T14:23:43+00:00","mainEntityOfPage":{"@id":"https:\/\/jagdverband.it\/it\/salvataggio-di-caprioletti-2024\/"},"wordCount":1041,"publisher":{"@id":"https:\/\/jagdverband.it\/it\/#organization"},"articleSection":["comunicazioni_it"],"inLanguage":"it-IT"},{"@type":"WebPage","@id":"https:\/\/jagdverband.it\/it\/salvataggio-di-caprioletti-2024\/","url":"https:\/\/jagdverband.it\/it\/salvataggio-di-caprioletti-2024\/","name":"Salvataggio di caprioletti 2024 - S\u00fcdtiroler Jagdverband","isPartOf":{"@id":"https:\/\/jagdverband.it\/it\/#website"},"datePublished":"2024-09-13T08:00:37+00:00","dateModified":"2024-09-12T14:23:43+00:00","breadcrumb":{"@id":"https:\/\/jagdverband.it\/it\/salvataggio-di-caprioletti-2024\/#breadcrumb"},"inLanguage":"it-IT","potentialAction":[{"@type":"ReadAction","target":["https:\/\/jagdverband.it\/it\/salvataggio-di-caprioletti-2024\/"]}]},{"@type":"BreadcrumbList","@id":"https:\/\/jagdverband.it\/it\/salvataggio-di-caprioletti-2024\/#breadcrumb","itemListElement":[{"@type":"ListItem","position":1,"name":"Home","item":"https:\/\/jagdverband.it\/it\/"},{"@type":"ListItem","position":2,"name":"comunicazioni_it","item":"https:\/\/jagdverband.it\/it\/c\/comunicazioni-it\/"},{"@type":"ListItem","position":3,"name":"Salvataggio di caprioletti 2024"}]},{"@type":"WebSite","@id":"https:\/\/jagdverband.it\/it\/#website","url":"https:\/\/jagdverband.it\/it\/","name":"S\u00fcdtiroler Jagdverband","description":"S\u00fcdtiroler Jagdverband","publisher":{"@id":"https:\/\/jagdverband.it\/it\/#organization"},"potentialAction":[{"@type":"SearchAction","target":{"@type":"EntryPoint","urlTemplate":"https:\/\/jagdverband.it\/it\/?s={search_term_string}"},"query-input":"required name=search_term_string"}],"inLanguage":"it-IT"},{"@type":"Organization","@id":"https:\/\/jagdverband.it\/it\/#organization","name":"S\u00fcdtiroler Jagdverband","url":"https:\/\/jagdverband.it\/it\/","sameAs":[],"logo":{"@type":"ImageObject","inLanguage":"it-IT","@id":"https:\/\/jagdverband.it\/it\/#\/schema\/logo\/image\/","url":"","contentUrl":"","caption":"S\u00fcdtiroler Jagdverband"},"image":{"@id":"https:\/\/jagdverband.it\/it\/#\/schema\/logo\/image\/"}},{"@type":"Person","@id":"https:\/\/jagdverband.it\/it\/#\/schema\/person\/3e030b3a4aa7c391e09cd551afd6dc73","name":"admin","image":{"@type":"ImageObject","inLanguage":"it-IT","@id":"https:\/\/jagdverband.it\/it\/#\/schema\/person\/image\/","url":"https:\/\/secure.gravatar.com\/avatar\/badbf5eaa88657062fdcacb31218cc5c?s=96&d=blank&r=g","contentUrl":"https:\/\/secure.gravatar.com\/avatar\/badbf5eaa88657062fdcacb31218cc5c?s=96&d=blank&r=g","caption":"admin"},"url":"https:\/\/jagdverband.it\/it\/author\/admin\/"}]}},"_links":{"self":[{"href":"https:\/\/jagdverband.it\/it\/wp-json\/wp\/v2\/posts\/78470"}],"collection":[{"href":"https:\/\/jagdverband.it\/it\/wp-json\/wp\/v2\/posts"}],"about":[{"href":"https:\/\/jagdverband.it\/it\/wp-json\/wp\/v2\/types\/post"}],"author":[{"embeddable":true,"href":"https:\/\/jagdverband.it\/it\/wp-json\/wp\/v2\/users\/1"}],"replies":[{"embeddable":true,"href":"https:\/\/jagdverband.it\/it\/wp-json\/wp\/v2\/comments?post=78470"}],"version-history":[{"count":0,"href":"https:\/\/jagdverband.it\/it\/wp-json\/wp\/v2\/posts\/78470\/revisions"}],"wp:featuredmedia":[{"embeddable":true,"href":"https:\/\/jagdverband.it\/it\/wp-json\/wp\/v2\/media\/78456"}],"wp:attachment":[{"href":"https:\/\/jagdverband.it\/it\/wp-json\/wp\/v2\/media?parent=78470"}],"wp:term":[{"taxonomy":"category","embeddable":true,"href":"https:\/\/jagdverband.it\/it\/wp-json\/wp\/v2\/categories?post=78470"},{"taxonomy":"post_tag","embeddable":true,"href":"https:\/\/jagdverband.it\/it\/wp-json\/wp\/v2\/tags?post=78470"}],"curies":[{"name":"wp","href":"https:\/\/api.w.org\/{rel}","templated":true}]}}