{"id":78425,"date":"2024-09-12T10:00:03","date_gmt":"2024-09-12T08:00:03","guid":{"rendered":"https:\/\/jagdverband.it\/waffenpaesse-ende-der-langen-wartezeiten-in-sicht-land-stellt-personal-zur-verfuegung-copy\/"},"modified":"2024-09-12T11:22:36","modified_gmt":"2024-09-12T09:22:36","slug":"botschaft-der-wildtiere","status":"publish","type":"post","link":"https:\/\/jagdverband.it\/it\/botschaft-der-wildtiere\/","title":{"rendered":"Botschaft der Wildtiere"},"content":{"rendered":"<p>[et_pb_section fb_built=&#8221;1&#8243; specialty=&#8221;on&#8221; _builder_version=&#8221;4.16&#8243; global_colors_info=&#8221;{}&#8221;][et_pb_column type=&#8221;3_4&#8243; specialty_columns=&#8221;3&#8243; _builder_version=&#8221;4.16&#8243; custom_padding=&#8221;|||&#8221; global_colors_info=&#8221;{}&#8221; custom_padding__hover=&#8221;|||&#8221;][et_pb_row_inner _builder_version=&#8221;4.16&#8243; custom_padding=&#8221;||5px||false|false&#8221; global_colors_info=&#8221;{}&#8221;][et_pb_column_inner saved_specialty_column_type=&#8221;3_4&#8243; _builder_version=&#8221;4.16&#8243; global_colors_info=&#8221;{}&#8221;][et_pb_text _builder_version=&#8221;4.18.0&#8243; custom_padding=&#8221;||0px|||&#8221; global_colors_info=&#8221;{}&#8221;]<\/p>\n<h3>Neue Ausstellung in Hamburg er\u00f6ffnet<\/h3>\n<h1>Botschaft der Wildtiere<\/h1>\n<h3><em>12. September 2024<\/em><\/h3>\n<p>[\/et_pb_text][\/et_pb_column_inner][\/et_pb_row_inner][et_pb_row_inner column_structure=&#8221;1_2,1_2&#8243; _builder_version=&#8221;4.16&#8243; custom_padding=&#8221;||||false|false&#8221; global_colors_info=&#8221;{}&#8221;][et_pb_column_inner type=&#8221;1_2&#8243; saved_specialty_column_type=&#8221;3_4&#8243; _builder_version=&#8221;4.16&#8243; global_colors_info=&#8221;{}&#8221;][et_pb_image src=&#8221;https:\/\/jagdverband.it\/wp-content\/uploads\/2024\/09\/Botschaft-Wildtiere-24_07_deutsch_wildtierstiftung_00364-scaled.jpg&#8221; title_text=&#8221;Botschaft Wildtiere 24_07_deutsch_wildtierstiftung_00364&#8243; show_in_lightbox=&#8221;on&#8221; show_bottom_space=&#8221;off&#8221; _builder_version=&#8221;4.18.0&#8243; global_colors_info=&#8221;{}&#8221;][\/et_pb_image][\/et_pb_column_inner][et_pb_column_inner type=&#8221;1_2&#8243; saved_specialty_column_type=&#8221;3_4&#8243; _builder_version=&#8221;4.16&#8243; global_colors_info=&#8221;{}&#8221;][et_pb_text _builder_version=&#8221;4.18.0&#8243; _module_preset=&#8221;default&#8221; global_colors_info=&#8221;{}&#8221;]<\/p>\n<p>Seit mehr als 30 Jahren setzt sich die Deutsche Wildtier Stiftung f\u00fcr den Schutz der heimischen Wildtiere und deren Lebensr\u00e4ume ein. Ende August wurde in der Hamburger HafenCity ein weiteres Leuchtturmprojekt der Stiftung, die \u201eBotschaft der Wildtiere\u201c, er\u00f6ffnet.<\/p>\n<h3>St\u00e4ndige Vertretung der Wildtiere<\/h3>\n<p>Die multimediale Ausstellung pr\u00e4sentiert auf rund 2.200 Quadratmetern die Vielfalt und die \u00f6kologische Bedeutung der in Deutschland rund 48.000 heimischen Tierarten. Die Lebensr\u00e4ume der Tiere k\u00f6nnen zu Fu\u00df erkundet, Fragen zur Lebensweise der Tiere, deren Sinne und Besonderheiten spielerisch beantwortet und erforscht werden. Neben der Dauerausstellung sind au\u00dferdem noch eine Lernwerkstatt als au\u00dferschulischer Lernort f\u00fcr Schulklassen sowie Deutschlands erstes Naturfilmkino untergebracht. Im Naturfilmkino werden Kurzfilme und gro\u00dfe Produktionen zu sehen sein. <br \/>Au\u00dferdem wird dort auch das von der Deutschen Wildtier Stiftung ins Leben gerufene Naturfilmfestival \u201eEuropean Wildlife Film Awards\u201c stattfinden.<\/p>\n<p>[\/et_pb_text][\/et_pb_column_inner][\/et_pb_row_inner][et_pb_row_inner column_structure=&#8221;1_2,1_2&#8243; _builder_version=&#8221;4.16&#8243; custom_padding=&#8221;||||false|false&#8221; global_colors_info=&#8221;{}&#8221;][et_pb_column_inner type=&#8221;1_2&#8243; saved_specialty_column_type=&#8221;3_4&#8243; _builder_version=&#8221;4.16&#8243; global_colors_info=&#8221;{}&#8221;][et_pb_text _builder_version=&#8221;4.18.0&#8243; _module_preset=&#8221;default&#8221; custom_padding=&#8221;24px|||||&#8221; global_colors_info=&#8221;{}&#8221;]<\/p>\n<h3>Von einem J\u00e4ger gestiftet<\/h3>\n<p>Die \u201eBotschaft der Wildtiere\u201c wurde zu 100% aus dem Nachlass von Haymo G. Rethwisch finanziert. Der Hamburger Unternehmer war selbst zeitlebens ein passionierter J\u00e4ger. Sein Anliegen war es, die Belange des Natur- und Artenschutzes st\u00e4rker in den gesellschaftlichen Diskurs zu r\u00fccken.<\/p>\n<p>Aus dieser Motivation heraus gr\u00fcndete der Vision\u00e4r in den 90er-Jahren die Deutsche Wildtier Stiftung, der unter anderem auch das Gut Klepelshagen in Vorpommern und damit insgesamt 8.100 Hektar Fl\u00e4che angeh\u00f6rt.<\/p>\n<p>[\/et_pb_text][\/et_pb_column_inner][et_pb_column_inner type=&#8221;1_2&#8243; saved_specialty_column_type=&#8221;3_4&#8243; _builder_version=&#8221;4.16&#8243; global_colors_info=&#8221;{}&#8221;][et_pb_image src=&#8221;https:\/\/jagdverband.it\/wp-content\/uploads\/2024\/09\/Botschaft-Wildtiere-24_07_deutsch_wildtierstiftung_01050-scaled.jpg&#8221; title_text=&#8221;Botschaft Wildtiere 24_07_deutsch_wildtierstiftung_01050&#8243; show_in_lightbox=&#8221;on&#8221; show_bottom_space=&#8221;off&#8221; _builder_version=&#8221;4.18.0&#8243; global_colors_info=&#8221;{}&#8221;][\/et_pb_image][\/et_pb_column_inner][\/et_pb_row_inner][et_pb_row_inner column_structure=&#8221;1_2,1_2&#8243; _builder_version=&#8221;4.16&#8243; custom_padding=&#8221;||||false|false&#8221; global_colors_info=&#8221;{}&#8221;][et_pb_column_inner type=&#8221;1_2&#8243; saved_specialty_column_type=&#8221;3_4&#8243; _builder_version=&#8221;4.16&#8243; global_colors_info=&#8221;{}&#8221;][et_pb_text _builder_version=&#8221;4.18.0&#8243; _module_preset=&#8221;default&#8221; custom_margin=&#8221;15px|||||&#8221; global_colors_info=&#8221;{}&#8221;]<\/p>\n<h3>S\u00fcdtiroler Mitwirken bei \u201eBotschaft der Wildtiere\u201c<\/h3>\n<p>Die \u201eBotschaft der Wildtiere\u201c ist in Deutschlands h\u00f6chstem Holzhochhaus, dem \u201eroots\u201c untergebracht. Das \u201eroots\u201c gilt, dank seiner nachhaltigen Bauweise, als Wegweiser in die Zukunft des Bauens. Das Holz f\u00fcr einen Teil der M\u00f6bel stammt aus den W\u00e4ldern des Stiftungsguts Kleppelshagen.<\/p>\n<p>Auch S\u00fcdtiroler waren diesem besonderen Projekt beteiligt. F\u00fcr die technische und konstruktive Realisierung von Deutschlands h\u00f6chstem Holzhochhaus zeichnet die Pusterer Firma Rubner Holzbau verantwortlich.<\/p>\n<p>Bei der Er\u00f6ffnungsfeier am 31. August 2024 war au\u00dferdem auch Extrembergsteiger Reinhold Messner vor Ort. Messner verwies dabei auf die Wichtigkeit der Naturbildung, um \u00fcber das Leben der heimischen Wildtiere aufzukl\u00e4ren und ein Zeichen gegen die Naturentfremdung zu setzen.<\/p>\n<p>[\/et_pb_text][\/et_pb_column_inner][et_pb_column_inner type=&#8221;1_2&#8243; saved_specialty_column_type=&#8221;3_4&#8243; _builder_version=&#8221;4.16&#8243; global_colors_info=&#8221;{}&#8221;][et_pb_image src=&#8221;https:\/\/jagdverband.it\/wp-content\/uploads\/2024\/09\/Botschaft-Wildtiere-24_07_deutsch_wildtierstiftung_01042-scaled.jpg&#8221; title_text=&#8221;Botschaft Wildtiere 24_07_deutsch_wildtierstiftung_01042&#8243; show_in_lightbox=&#8221;on&#8221; show_bottom_space=&#8221;off&#8221; _builder_version=&#8221;4.18.0&#8243; global_colors_info=&#8221;{}&#8221;][\/et_pb_image][\/et_pb_column_inner][\/et_pb_row_inner][et_pb_row_inner column_structure=&#8221;undefined&#8221; _builder_version=&#8221;4.16&#8243; custom_padding=&#8221;||||false|false&#8221; global_colors_info=&#8221;{}&#8221;][et_pb_column_inner type=&#8221;undefined&#8221; saved_specialty_column_type=&#8221;3_4&#8243; _builder_version=&#8221;4.16&#8243; global_colors_info=&#8221;{}&#8221;][et_pb_divider color=&#8221;rgba(0,0,0,0.13)&#8221; _builder_version=&#8221;4.16&#8243; custom_margin=&#8221;||||false|false&#8221; global_colors_info=&#8221;{}&#8221;][\/et_pb_divider][et_pb_button button_url=&#8221;https:\/\/jagdverband.it\/mitteilungen\/&#8221; button_text=&#8221;Zur\u00fcck zur \u00dcbersicht&#8221; button_alignment=&#8221;center&#8221; _builder_version=&#8221;4.16&#8243; global_colors_info=&#8221;{}&#8221;][\/et_pb_button][et_pb_divider color=&#8221;rgba(0,0,0,0.13)&#8221; _builder_version=&#8221;4.16&#8243; custom_margin=&#8221;25px||||false|false&#8221; global_colors_info=&#8221;{}&#8221;][\/et_pb_divider][\/et_pb_column_inner][\/et_pb_row_inner][\/et_pb_column][et_pb_column type=&#8221;1_4&#8243; _builder_version=&#8221;4.16&#8243; custom_padding=&#8221;|||&#8221; global_colors_info=&#8221;{}&#8221; custom_padding__hover=&#8221;|||&#8221;][et_pb_sidebar orientation=&#8221;right&#8221; _builder_version=&#8221;4.16&#8243; global_colors_info=&#8221;{}&#8221;][\/et_pb_sidebar][\/et_pb_column][\/et_pb_section]<\/p>\n","protected":false},"excerpt":{"rendered":"<p>12.09.2024 &#8211; Seit mehr als 30 Jahren setzt sich die Deutsche Wildtier Stiftung f\u00fcr den Schutz der heimischen Wildtiere und deren Lebensr\u00e4ume ein. Ende August wurde in der Hamburger HafenCity ein weiteres Leuchtturmprojekt der Stiftung, die \u201eBotschaft der Wildtiere\u201c, er\u00f6ffnet.<\/p>\n","protected":false},"author":1,"featured_media":78427,"comment_status":"closed","ping_status":"closed","sticky":false,"template":"","format":"standard","meta":{"_et_pb_use_builder":"on","_et_pb_old_content":"","_et_gb_content_width":""},"categories":[80],"tags":[],"featured_image_src":"https:\/\/jagdverband.it\/wp-content\/uploads\/2024\/09\/Botschaft-Wildtiere-24_07_deutsch_wildtierstiftung_00364-1024x683.jpg","blog_images":{"medium":"https:\/\/jagdverband.it\/wp-content\/uploads\/2024\/09\/Botschaft-Wildtiere-24_07_deutsch_wildtierstiftung_00364-300x200.jpg","large":"https:\/\/jagdverband.it\/wp-content\/uploads\/2024\/09\/Botschaft-Wildtiere-24_07_deutsch_wildtierstiftung_00364-1024x683.jpg"},"ams_acf":[],"yoast_head":"<!-- This site is optimized with the Yoast SEO plugin v19.6 - https:\/\/yoast.com\/wordpress\/plugins\/seo\/ -->\n<title>Botschaft der Wildtiere - S\u00fcdtiroler Jagdverband<\/title>\n<meta name=\"robots\" content=\"index, follow, max-snippet:-1, max-image-preview:large, max-video-preview:-1\" \/>\n<link rel=\"canonical\" href=\"https:\/\/jagdverband.it\/it\/botschaft-der-wildtiere\/\" \/>\n<meta property=\"og:locale\" content=\"it_IT\" \/>\n<meta property=\"og:type\" content=\"article\" \/>\n<meta property=\"og:title\" content=\"Botschaft der Wildtiere - S\u00fcdtiroler Jagdverband\" \/>\n<meta property=\"og:description\" content=\"12.09.2024 - Seit mehr als 30 Jahren setzt sich die Deutsche Wildtier Stiftung f\u00fcr den Schutz der heimischen Wildtiere und deren Lebensr\u00e4ume ein. Ende August wurde in der Hamburger HafenCity ein weiteres Leuchtturmprojekt der Stiftung, die \u201eBotschaft der Wildtiere\u201c, er\u00f6ffnet.\" \/>\n<meta property=\"og:url\" content=\"https:\/\/jagdverband.it\/it\/botschaft-der-wildtiere\/\" \/>\n<meta property=\"og:site_name\" content=\"S\u00fcdtiroler Jagdverband\" \/>\n<meta property=\"article:published_time\" content=\"2024-09-12T08:00:03+00:00\" \/>\n<meta property=\"article:modified_time\" content=\"2024-09-12T09:22:36+00:00\" \/>\n<meta property=\"og:image\" content=\"https:\/\/jagdverband.it\/wp-content\/uploads\/2024\/09\/Botschaft-Wildtiere-24_07_deutsch_wildtierstiftung_00364-scaled.jpg\" \/>\n\t<meta property=\"og:image:width\" content=\"2560\" \/>\n\t<meta property=\"og:image:height\" content=\"1706\" \/>\n\t<meta property=\"og:image:type\" content=\"image\/jpeg\" \/>\n<meta name=\"author\" content=\"admin\" \/>\n<meta name=\"twitter:card\" content=\"summary\" \/>\n<meta name=\"twitter:label1\" content=\"Scritto da\" \/>\n\t<meta name=\"twitter:data1\" content=\"admin\" \/>\n\t<meta name=\"twitter:label2\" content=\"Tempo di lettura stimato\" \/>\n\t<meta name=\"twitter:data2\" content=\"3 minuti\" \/>\n<script type=\"application\/ld+json\" class=\"yoast-schema-graph\">{\"@context\":\"https:\/\/schema.org\",\"@graph\":[{\"@type\":\"Article\",\"@id\":\"https:\/\/jagdverband.it\/it\/botschaft-der-wildtiere\/#article\",\"isPartOf\":{\"@id\":\"https:\/\/jagdverband.it\/it\/botschaft-der-wildtiere\/\"},\"author\":{\"name\":\"admin\",\"@id\":\"https:\/\/jagdverband.it\/it\/#\/schema\/person\/3e030b3a4aa7c391e09cd551afd6dc73\"},\"headline\":\"Botschaft der Wildtiere\",\"datePublished\":\"2024-09-12T08:00:03+00:00\",\"dateModified\":\"2024-09-12T09:22:36+00:00\",\"mainEntityOfPage\":{\"@id\":\"https:\/\/jagdverband.it\/it\/botschaft-der-wildtiere\/\"},\"wordCount\":887,\"publisher\":{\"@id\":\"https:\/\/jagdverband.it\/it\/#organization\"},\"articleSection\":[\"Mitteilungen\"],\"inLanguage\":\"it-IT\"},{\"@type\":\"WebPage\",\"@id\":\"https:\/\/jagdverband.it\/it\/botschaft-der-wildtiere\/\",\"url\":\"https:\/\/jagdverband.it\/it\/botschaft-der-wildtiere\/\",\"name\":\"Botschaft der Wildtiere - S\u00fcdtiroler Jagdverband\",\"isPartOf\":{\"@id\":\"https:\/\/jagdverband.it\/it\/#website\"},\"datePublished\":\"2024-09-12T08:00:03+00:00\",\"dateModified\":\"2024-09-12T09:22:36+00:00\",\"breadcrumb\":{\"@id\":\"https:\/\/jagdverband.it\/it\/botschaft-der-wildtiere\/#breadcrumb\"},\"inLanguage\":\"it-IT\",\"potentialAction\":[{\"@type\":\"ReadAction\",\"target\":[\"https:\/\/jagdverband.it\/it\/botschaft-der-wildtiere\/\"]}]},{\"@type\":\"BreadcrumbList\",\"@id\":\"https:\/\/jagdverband.it\/it\/botschaft-der-wildtiere\/#breadcrumb\",\"itemListElement\":[{\"@type\":\"ListItem\",\"position\":1,\"name\":\"Home\",\"item\":\"https:\/\/jagdverband.it\/it\/\"},{\"@type\":\"ListItem\",\"position\":2,\"name\":\"Mitteilungen\",\"item\":\"https:\/\/jagdverband.it\/c\/mitteilungen\/\"},{\"@type\":\"ListItem\",\"position\":3,\"name\":\"Botschaft der Wildtiere\"}]},{\"@type\":\"WebSite\",\"@id\":\"https:\/\/jagdverband.it\/it\/#website\",\"url\":\"https:\/\/jagdverband.it\/it\/\",\"name\":\"S\u00fcdtiroler Jagdverband\",\"description\":\"S\u00fcdtiroler Jagdverband\",\"publisher\":{\"@id\":\"https:\/\/jagdverband.it\/it\/#organization\"},\"potentialAction\":[{\"@type\":\"SearchAction\",\"target\":{\"@type\":\"EntryPoint\",\"urlTemplate\":\"https:\/\/jagdverband.it\/it\/?s={search_term_string}\"},\"query-input\":\"required name=search_term_string\"}],\"inLanguage\":\"it-IT\"},{\"@type\":\"Organization\",\"@id\":\"https:\/\/jagdverband.it\/it\/#organization\",\"name\":\"S\u00fcdtiroler Jagdverband\",\"url\":\"https:\/\/jagdverband.it\/it\/\",\"sameAs\":[],\"logo\":{\"@type\":\"ImageObject\",\"inLanguage\":\"it-IT\",\"@id\":\"https:\/\/jagdverband.it\/it\/#\/schema\/logo\/image\/\",\"url\":\"\",\"contentUrl\":\"\",\"caption\":\"S\u00fcdtiroler Jagdverband\"},\"image\":{\"@id\":\"https:\/\/jagdverband.it\/it\/#\/schema\/logo\/image\/\"}},{\"@type\":\"Person\",\"@id\":\"https:\/\/jagdverband.it\/it\/#\/schema\/person\/3e030b3a4aa7c391e09cd551afd6dc73\",\"name\":\"admin\",\"image\":{\"@type\":\"ImageObject\",\"inLanguage\":\"it-IT\",\"@id\":\"https:\/\/jagdverband.it\/it\/#\/schema\/person\/image\/\",\"url\":\"https:\/\/secure.gravatar.com\/avatar\/badbf5eaa88657062fdcacb31218cc5c?s=96&d=blank&r=g\",\"contentUrl\":\"https:\/\/secure.gravatar.com\/avatar\/badbf5eaa88657062fdcacb31218cc5c?s=96&d=blank&r=g\",\"caption\":\"admin\"},\"url\":\"https:\/\/jagdverband.it\/it\/author\/admin\/\"}]}<\/script>\n<!-- \/ Yoast SEO plugin. -->","yoast_head_json":{"title":"Botschaft der Wildtiere - S\u00fcdtiroler Jagdverband","robots":{"index":"index","follow":"follow","max-snippet":"max-snippet:-1","max-image-preview":"max-image-preview:large","max-video-preview":"max-video-preview:-1"},"canonical":"https:\/\/jagdverband.it\/it\/botschaft-der-wildtiere\/","og_locale":"it_IT","og_type":"article","og_title":"Botschaft der Wildtiere - S\u00fcdtiroler Jagdverband","og_description":"12.09.2024 - Seit mehr als 30 Jahren setzt sich die Deutsche Wildtier Stiftung f\u00fcr den Schutz der heimischen Wildtiere und deren Lebensr\u00e4ume ein. Ende August wurde in der Hamburger HafenCity ein weiteres Leuchtturmprojekt der Stiftung, die \u201eBotschaft der Wildtiere\u201c, er\u00f6ffnet.","og_url":"https:\/\/jagdverband.it\/it\/botschaft-der-wildtiere\/","og_site_name":"S\u00fcdtiroler Jagdverband","article_published_time":"2024-09-12T08:00:03+00:00","article_modified_time":"2024-09-12T09:22:36+00:00","og_image":[{"width":2560,"height":1706,"url":"https:\/\/jagdverband.it\/wp-content\/uploads\/2024\/09\/Botschaft-Wildtiere-24_07_deutsch_wildtierstiftung_00364-scaled.jpg","type":"image\/jpeg"}],"author":"admin","twitter_card":"summary","twitter_misc":{"Scritto da":"admin","Tempo di lettura stimato":"3 minuti"},"schema":{"@context":"https:\/\/schema.org","@graph":[{"@type":"Article","@id":"https:\/\/jagdverband.it\/it\/botschaft-der-wildtiere\/#article","isPartOf":{"@id":"https:\/\/jagdverband.it\/it\/botschaft-der-wildtiere\/"},"author":{"name":"admin","@id":"https:\/\/jagdverband.it\/it\/#\/schema\/person\/3e030b3a4aa7c391e09cd551afd6dc73"},"headline":"Botschaft der Wildtiere","datePublished":"2024-09-12T08:00:03+00:00","dateModified":"2024-09-12T09:22:36+00:00","mainEntityOfPage":{"@id":"https:\/\/jagdverband.it\/it\/botschaft-der-wildtiere\/"},"wordCount":887,"publisher":{"@id":"https:\/\/jagdverband.it\/it\/#organization"},"articleSection":["Mitteilungen"],"inLanguage":"it-IT"},{"@type":"WebPage","@id":"https:\/\/jagdverband.it\/it\/botschaft-der-wildtiere\/","url":"https:\/\/jagdverband.it\/it\/botschaft-der-wildtiere\/","name":"Botschaft der Wildtiere - S\u00fcdtiroler Jagdverband","isPartOf":{"@id":"https:\/\/jagdverband.it\/it\/#website"},"datePublished":"2024-09-12T08:00:03+00:00","dateModified":"2024-09-12T09:22:36+00:00","breadcrumb":{"@id":"https:\/\/jagdverband.it\/it\/botschaft-der-wildtiere\/#breadcrumb"},"inLanguage":"it-IT","potentialAction":[{"@type":"ReadAction","target":["https:\/\/jagdverband.it\/it\/botschaft-der-wildtiere\/"]}]},{"@type":"BreadcrumbList","@id":"https:\/\/jagdverband.it\/it\/botschaft-der-wildtiere\/#breadcrumb","itemListElement":[{"@type":"ListItem","position":1,"name":"Home","item":"https:\/\/jagdverband.it\/it\/"},{"@type":"ListItem","position":2,"name":"Mitteilungen","item":"https:\/\/jagdverband.it\/c\/mitteilungen\/"},{"@type":"ListItem","position":3,"name":"Botschaft der Wildtiere"}]},{"@type":"WebSite","@id":"https:\/\/jagdverband.it\/it\/#website","url":"https:\/\/jagdverband.it\/it\/","name":"S\u00fcdtiroler Jagdverband","description":"S\u00fcdtiroler Jagdverband","publisher":{"@id":"https:\/\/jagdverband.it\/it\/#organization"},"potentialAction":[{"@type":"SearchAction","target":{"@type":"EntryPoint","urlTemplate":"https:\/\/jagdverband.it\/it\/?s={search_term_string}"},"query-input":"required name=search_term_string"}],"inLanguage":"it-IT"},{"@type":"Organization","@id":"https:\/\/jagdverband.it\/it\/#organization","name":"S\u00fcdtiroler Jagdverband","url":"https:\/\/jagdverband.it\/it\/","sameAs":[],"logo":{"@type":"ImageObject","inLanguage":"it-IT","@id":"https:\/\/jagdverband.it\/it\/#\/schema\/logo\/image\/","url":"","contentUrl":"","caption":"S\u00fcdtiroler Jagdverband"},"image":{"@id":"https:\/\/jagdverband.it\/it\/#\/schema\/logo\/image\/"}},{"@type":"Person","@id":"https:\/\/jagdverband.it\/it\/#\/schema\/person\/3e030b3a4aa7c391e09cd551afd6dc73","name":"admin","image":{"@type":"ImageObject","inLanguage":"it-IT","@id":"https:\/\/jagdverband.it\/it\/#\/schema\/person\/image\/","url":"https:\/\/secure.gravatar.com\/avatar\/badbf5eaa88657062fdcacb31218cc5c?s=96&d=blank&r=g","contentUrl":"https:\/\/secure.gravatar.com\/avatar\/badbf5eaa88657062fdcacb31218cc5c?s=96&d=blank&r=g","caption":"admin"},"url":"https:\/\/jagdverband.it\/it\/author\/admin\/"}]}},"_links":{"self":[{"href":"https:\/\/jagdverband.it\/it\/wp-json\/wp\/v2\/posts\/78425"}],"collection":[{"href":"https:\/\/jagdverband.it\/it\/wp-json\/wp\/v2\/posts"}],"about":[{"href":"https:\/\/jagdverband.it\/it\/wp-json\/wp\/v2\/types\/post"}],"author":[{"embeddable":true,"href":"https:\/\/jagdverband.it\/it\/wp-json\/wp\/v2\/users\/1"}],"replies":[{"embeddable":true,"href":"https:\/\/jagdverband.it\/it\/wp-json\/wp\/v2\/comments?post=78425"}],"version-history":[{"count":0,"href":"https:\/\/jagdverband.it\/it\/wp-json\/wp\/v2\/posts\/78425\/revisions"}],"wp:featuredmedia":[{"embeddable":true,"href":"https:\/\/jagdverband.it\/it\/wp-json\/wp\/v2\/media\/78427"}],"wp:attachment":[{"href":"https:\/\/jagdverband.it\/it\/wp-json\/wp\/v2\/media?parent=78425"}],"wp:term":[{"taxonomy":"category","embeddable":true,"href":"https:\/\/jagdverband.it\/it\/wp-json\/wp\/v2\/categories?post=78425"},{"taxonomy":"post_tag","embeddable":true,"href":"https:\/\/jagdverband.it\/it\/wp-json\/wp\/v2\/tags?post=78425"}],"curies":[{"name":"wp","href":"https:\/\/api.w.org\/{rel}","templated":true}]}}