{"id":78329,"date":"2024-08-23T09:29:03","date_gmt":"2024-08-23T07:29:03","guid":{"rendered":"https:\/\/jagdverband.it\/sjv-geschaeftsfuehrer-kocht-fuer-suedtirol-heute-copy\/"},"modified":"2024-08-23T09:44:52","modified_gmt":"2024-08-23T07:44:52","slug":"benedikt-terzer-im-sommergespraech-mit-rai-suedtirol","status":"publish","type":"post","link":"https:\/\/jagdverband.it\/it\/benedikt-terzer-im-sommergespraech-mit-rai-suedtirol\/","title":{"rendered":"Benedikt Terzer im Sommergespr\u00e4ch mit RAI S\u00fcdtirol"},"content":{"rendered":"<p>[et_pb_section fb_built=&#8221;1&#8243; specialty=&#8221;on&#8221; _builder_version=&#8221;4.16&#8243; global_colors_info=&#8221;{}&#8221;][et_pb_column type=&#8221;3_4&#8243; specialty_columns=&#8221;3&#8243; _builder_version=&#8221;4.16&#8243; custom_padding=&#8221;|||&#8221; global_colors_info=&#8221;{}&#8221; custom_padding__hover=&#8221;|||&#8221;][et_pb_row_inner _builder_version=&#8221;4.16&#8243; custom_padding=&#8221;||5px||false|false&#8221; global_colors_info=&#8221;{}&#8221;][et_pb_column_inner saved_specialty_column_type=&#8221;3_4&#8243; _builder_version=&#8221;4.16&#8243; global_colors_info=&#8221;{}&#8221;][et_pb_text _builder_version=&#8221;4.18.0&#8243; custom_padding=&#8221;||0px|||&#8221; global_colors_info=&#8221;{}&#8221;]<\/p>\n<h1>Benedikt Terzer im Sommergespr\u00e4ch mit RAI S\u00fcdtirol<\/h1>\n<h3><em>23. August 2024<\/em><\/h3>\n<p>[\/et_pb_text][\/et_pb_column_inner][\/et_pb_row_inner][et_pb_row_inner column_structure=&#8221;1_2,1_2&#8243; _builder_version=&#8221;4.16&#8243; custom_padding=&#8221;||||false|false&#8221; global_colors_info=&#8221;{}&#8221;][et_pb_column_inner type=&#8221;1_2&#8243; saved_specialty_column_type=&#8221;3_4&#8243; _builder_version=&#8221;4.16&#8243; global_colors_info=&#8221;{}&#8221;][et_pb_image src=&#8221;https:\/\/jagdverband.it\/wp-content\/uploads\/2024\/08\/Terzer-Thalmann-Sommergespraeche-2024.jpg&#8221; title_text=&#8221;Terzer Thalmann Sommergespr\u00e4che 2024&#8243; show_bottom_space=&#8221;off&#8221; _builder_version=&#8221;4.18.0&#8243; hover_enabled=&#8221;0&#8243; global_colors_info=&#8221;{}&#8221; show_in_lightbox=&#8221;on&#8221; sticky_enabled=&#8221;0&#8243;][\/et_pb_image][\/et_pb_column_inner][et_pb_column_inner type=&#8221;1_2&#8243; saved_specialty_column_type=&#8221;3_4&#8243; _builder_version=&#8221;4.16&#8243; global_colors_info=&#8221;{}&#8221;][et_pb_text _builder_version=&#8221;4.18.0&#8243; _module_preset=&#8221;default&#8221; global_colors_info=&#8221;{}&#8221;]<\/p>\n<p>Der Gesch\u00e4ftsf\u00fchrer des S\u00fcdtiroler Jagdverbandes Benedikt Terzer spricht im Sommergespr\u00e4ch \u00fcber dem Umgang mit den gro\u00dfen Beutegreifern B\u00e4r und Wolf und ob er sich eine Zukunft in der Politik vorstellen k\u00f6nnte.<\/p>\n<p>Hier geht\u2019s zum Beitrag: <strong><a href=\"https:\/\/www.rainews.it\/tgr\/tagesschau\/video\/2024\/08\/benedikt-terzer-uber-bar-wolf-und-die-politik-1fb5f193-d621-4b09-a9b7-7a2ca45fc405.html\" target=\"_blank\" rel=\"noopener\">www.rainews.it\/tgr\/tagesschau\/Sommergespr\u00e4che<\/a><\/strong><\/p>\n<p>[\/et_pb_text][\/et_pb_column_inner][\/et_pb_row_inner][et_pb_row_inner column_structure=&#8221;undefined&#8221; _builder_version=&#8221;4.16&#8243; custom_padding=&#8221;||||false|false&#8221; global_colors_info=&#8221;{}&#8221;][et_pb_column_inner type=&#8221;undefined&#8221; saved_specialty_column_type=&#8221;3_4&#8243; _builder_version=&#8221;4.16&#8243; global_colors_info=&#8221;{}&#8221;][et_pb_divider color=&#8221;rgba(0,0,0,0.13)&#8221; _builder_version=&#8221;4.16&#8243; custom_margin=&#8221;||||false|false&#8221; global_colors_info=&#8221;{}&#8221;][\/et_pb_divider][et_pb_button button_url=&#8221;https:\/\/jagdverband.it\/mitteilungen\/&#8221; button_text=&#8221;Zur\u00fcck zur \u00dcbersicht&#8221; button_alignment=&#8221;center&#8221; _builder_version=&#8221;4.16&#8243; global_colors_info=&#8221;{}&#8221;][\/et_pb_button][et_pb_divider color=&#8221;rgba(0,0,0,0.13)&#8221; _builder_version=&#8221;4.16&#8243; custom_margin=&#8221;25px||||false|false&#8221; global_colors_info=&#8221;{}&#8221;][\/et_pb_divider][\/et_pb_column_inner][\/et_pb_row_inner][\/et_pb_column][et_pb_column type=&#8221;1_4&#8243; _builder_version=&#8221;4.16&#8243; custom_padding=&#8221;|||&#8221; global_colors_info=&#8221;{}&#8221; custom_padding__hover=&#8221;|||&#8221;][et_pb_sidebar orientation=&#8221;right&#8221; _builder_version=&#8221;4.16&#8243; global_colors_info=&#8221;{}&#8221;][\/et_pb_sidebar][\/et_pb_column][\/et_pb_section]<\/p>\n","protected":false},"excerpt":{"rendered":"<p>23.08.2024 &#8211; Benedikt Terzer ist Gast im Sommergespr\u00e4ch bei Peter Thalmann.<\/p>\n","protected":false},"author":1,"featured_media":78331,"comment_status":"closed","ping_status":"closed","sticky":false,"template":"","format":"standard","meta":{"_et_pb_use_builder":"on","_et_pb_old_content":"","_et_gb_content_width":""},"categories":[80],"tags":[],"featured_image_src":"https:\/\/jagdverband.it\/wp-content\/uploads\/2024\/08\/Terzer-Thalmann-Sommergespraeche-2024-1024x574.jpg","blog_images":{"medium":"https:\/\/jagdverband.it\/wp-content\/uploads\/2024\/08\/Terzer-Thalmann-Sommergespraeche-2024-300x168.jpg","large":"https:\/\/jagdverband.it\/wp-content\/uploads\/2024\/08\/Terzer-Thalmann-Sommergespraeche-2024-1024x574.jpg"},"ams_acf":[],"yoast_head":"<!-- This site is optimized with the Yoast SEO plugin v19.6 - https:\/\/yoast.com\/wordpress\/plugins\/seo\/ -->\n<title>Benedikt Terzer im Sommergespr\u00e4ch mit RAI S\u00fcdtirol - S\u00fcdtiroler Jagdverband<\/title>\n<meta name=\"robots\" content=\"index, follow, max-snippet:-1, max-image-preview:large, max-video-preview:-1\" \/>\n<link rel=\"canonical\" href=\"https:\/\/jagdverband.it\/it\/benedikt-terzer-im-sommergespraech-mit-rai-suedtirol\/\" \/>\n<meta property=\"og:locale\" content=\"it_IT\" \/>\n<meta property=\"og:type\" content=\"article\" \/>\n<meta property=\"og:title\" content=\"Benedikt Terzer im Sommergespr\u00e4ch mit RAI S\u00fcdtirol - S\u00fcdtiroler Jagdverband\" \/>\n<meta property=\"og:description\" content=\"23.08.2024 - Benedikt Terzer ist Gast im Sommergespr\u00e4ch bei Peter Thalmann.\" \/>\n<meta property=\"og:url\" content=\"https:\/\/jagdverband.it\/it\/benedikt-terzer-im-sommergespraech-mit-rai-suedtirol\/\" \/>\n<meta property=\"og:site_name\" content=\"S\u00fcdtiroler Jagdverband\" \/>\n<meta property=\"article:published_time\" content=\"2024-08-23T07:29:03+00:00\" \/>\n<meta property=\"article:modified_time\" content=\"2024-08-23T07:44:52+00:00\" \/>\n<meta property=\"og:image\" content=\"https:\/\/jagdverband.it\/wp-content\/uploads\/2024\/08\/Terzer-Thalmann-Sommergespraeche-2024.jpg\" \/>\n\t<meta property=\"og:image:width\" content=\"1188\" \/>\n\t<meta property=\"og:image:height\" content=\"666\" \/>\n\t<meta property=\"og:image:type\" content=\"image\/jpeg\" \/>\n<meta name=\"author\" content=\"admin\" \/>\n<meta name=\"twitter:card\" content=\"summary\" \/>\n<meta name=\"twitter:label1\" content=\"Scritto da\" \/>\n\t<meta name=\"twitter:data1\" content=\"admin\" \/>\n\t<meta name=\"twitter:label2\" content=\"Tempo di lettura stimato\" \/>\n\t<meta name=\"twitter:data2\" content=\"1 minuto\" \/>\n<script type=\"application\/ld+json\" class=\"yoast-schema-graph\">{\"@context\":\"https:\/\/schema.org\",\"@graph\":[{\"@type\":\"Article\",\"@id\":\"https:\/\/jagdverband.it\/it\/benedikt-terzer-im-sommergespraech-mit-rai-suedtirol\/#article\",\"isPartOf\":{\"@id\":\"https:\/\/jagdverband.it\/it\/benedikt-terzer-im-sommergespraech-mit-rai-suedtirol\/\"},\"author\":{\"name\":\"admin\",\"@id\":\"https:\/\/jagdverband.it\/it\/#\/schema\/person\/3e030b3a4aa7c391e09cd551afd6dc73\"},\"headline\":\"Benedikt Terzer im Sommergespr\u00e4ch mit RAI S\u00fcdtirol\",\"datePublished\":\"2024-08-23T07:29:03+00:00\",\"dateModified\":\"2024-08-23T07:44:52+00:00\",\"mainEntityOfPage\":{\"@id\":\"https:\/\/jagdverband.it\/it\/benedikt-terzer-im-sommergespraech-mit-rai-suedtirol\/\"},\"wordCount\":388,\"publisher\":{\"@id\":\"https:\/\/jagdverband.it\/it\/#organization\"},\"articleSection\":[\"Mitteilungen\"],\"inLanguage\":\"it-IT\"},{\"@type\":\"WebPage\",\"@id\":\"https:\/\/jagdverband.it\/it\/benedikt-terzer-im-sommergespraech-mit-rai-suedtirol\/\",\"url\":\"https:\/\/jagdverband.it\/it\/benedikt-terzer-im-sommergespraech-mit-rai-suedtirol\/\",\"name\":\"Benedikt Terzer im Sommergespr\u00e4ch mit RAI S\u00fcdtirol - S\u00fcdtiroler Jagdverband\",\"isPartOf\":{\"@id\":\"https:\/\/jagdverband.it\/it\/#website\"},\"datePublished\":\"2024-08-23T07:29:03+00:00\",\"dateModified\":\"2024-08-23T07:44:52+00:00\",\"breadcrumb\":{\"@id\":\"https:\/\/jagdverband.it\/it\/benedikt-terzer-im-sommergespraech-mit-rai-suedtirol\/#breadcrumb\"},\"inLanguage\":\"it-IT\",\"potentialAction\":[{\"@type\":\"ReadAction\",\"target\":[\"https:\/\/jagdverband.it\/it\/benedikt-terzer-im-sommergespraech-mit-rai-suedtirol\/\"]}]},{\"@type\":\"BreadcrumbList\",\"@id\":\"https:\/\/jagdverband.it\/it\/benedikt-terzer-im-sommergespraech-mit-rai-suedtirol\/#breadcrumb\",\"itemListElement\":[{\"@type\":\"ListItem\",\"position\":1,\"name\":\"Home\",\"item\":\"https:\/\/jagdverband.it\/it\/\"},{\"@type\":\"ListItem\",\"position\":2,\"name\":\"Mitteilungen\",\"item\":\"https:\/\/jagdverband.it\/c\/mitteilungen\/\"},{\"@type\":\"ListItem\",\"position\":3,\"name\":\"Benedikt Terzer im Sommergespr\u00e4ch mit RAI S\u00fcdtirol\"}]},{\"@type\":\"WebSite\",\"@id\":\"https:\/\/jagdverband.it\/it\/#website\",\"url\":\"https:\/\/jagdverband.it\/it\/\",\"name\":\"S\u00fcdtiroler Jagdverband\",\"description\":\"S\u00fcdtiroler Jagdverband\",\"publisher\":{\"@id\":\"https:\/\/jagdverband.it\/it\/#organization\"},\"potentialAction\":[{\"@type\":\"SearchAction\",\"target\":{\"@type\":\"EntryPoint\",\"urlTemplate\":\"https:\/\/jagdverband.it\/it\/?s={search_term_string}\"},\"query-input\":\"required name=search_term_string\"}],\"inLanguage\":\"it-IT\"},{\"@type\":\"Organization\",\"@id\":\"https:\/\/jagdverband.it\/it\/#organization\",\"name\":\"S\u00fcdtiroler Jagdverband\",\"url\":\"https:\/\/jagdverband.it\/it\/\",\"sameAs\":[],\"logo\":{\"@type\":\"ImageObject\",\"inLanguage\":\"it-IT\",\"@id\":\"https:\/\/jagdverband.it\/it\/#\/schema\/logo\/image\/\",\"url\":\"\",\"contentUrl\":\"\",\"caption\":\"S\u00fcdtiroler Jagdverband\"},\"image\":{\"@id\":\"https:\/\/jagdverband.it\/it\/#\/schema\/logo\/image\/\"}},{\"@type\":\"Person\",\"@id\":\"https:\/\/jagdverband.it\/it\/#\/schema\/person\/3e030b3a4aa7c391e09cd551afd6dc73\",\"name\":\"admin\",\"image\":{\"@type\":\"ImageObject\",\"inLanguage\":\"it-IT\",\"@id\":\"https:\/\/jagdverband.it\/it\/#\/schema\/person\/image\/\",\"url\":\"https:\/\/secure.gravatar.com\/avatar\/badbf5eaa88657062fdcacb31218cc5c?s=96&d=blank&r=g\",\"contentUrl\":\"https:\/\/secure.gravatar.com\/avatar\/badbf5eaa88657062fdcacb31218cc5c?s=96&d=blank&r=g\",\"caption\":\"admin\"},\"url\":\"https:\/\/jagdverband.it\/it\/author\/admin\/\"}]}<\/script>\n<!-- \/ Yoast SEO plugin. -->","yoast_head_json":{"title":"Benedikt Terzer im Sommergespr\u00e4ch mit RAI S\u00fcdtirol - S\u00fcdtiroler Jagdverband","robots":{"index":"index","follow":"follow","max-snippet":"max-snippet:-1","max-image-preview":"max-image-preview:large","max-video-preview":"max-video-preview:-1"},"canonical":"https:\/\/jagdverband.it\/it\/benedikt-terzer-im-sommergespraech-mit-rai-suedtirol\/","og_locale":"it_IT","og_type":"article","og_title":"Benedikt Terzer im Sommergespr\u00e4ch mit RAI S\u00fcdtirol - S\u00fcdtiroler Jagdverband","og_description":"23.08.2024 - Benedikt Terzer ist Gast im Sommergespr\u00e4ch bei Peter Thalmann.","og_url":"https:\/\/jagdverband.it\/it\/benedikt-terzer-im-sommergespraech-mit-rai-suedtirol\/","og_site_name":"S\u00fcdtiroler Jagdverband","article_published_time":"2024-08-23T07:29:03+00:00","article_modified_time":"2024-08-23T07:44:52+00:00","og_image":[{"width":1188,"height":666,"url":"https:\/\/jagdverband.it\/wp-content\/uploads\/2024\/08\/Terzer-Thalmann-Sommergespraeche-2024.jpg","type":"image\/jpeg"}],"author":"admin","twitter_card":"summary","twitter_misc":{"Scritto da":"admin","Tempo di lettura stimato":"1 minuto"},"schema":{"@context":"https:\/\/schema.org","@graph":[{"@type":"Article","@id":"https:\/\/jagdverband.it\/it\/benedikt-terzer-im-sommergespraech-mit-rai-suedtirol\/#article","isPartOf":{"@id":"https:\/\/jagdverband.it\/it\/benedikt-terzer-im-sommergespraech-mit-rai-suedtirol\/"},"author":{"name":"admin","@id":"https:\/\/jagdverband.it\/it\/#\/schema\/person\/3e030b3a4aa7c391e09cd551afd6dc73"},"headline":"Benedikt Terzer im Sommergespr\u00e4ch mit RAI S\u00fcdtirol","datePublished":"2024-08-23T07:29:03+00:00","dateModified":"2024-08-23T07:44:52+00:00","mainEntityOfPage":{"@id":"https:\/\/jagdverband.it\/it\/benedikt-terzer-im-sommergespraech-mit-rai-suedtirol\/"},"wordCount":388,"publisher":{"@id":"https:\/\/jagdverband.it\/it\/#organization"},"articleSection":["Mitteilungen"],"inLanguage":"it-IT"},{"@type":"WebPage","@id":"https:\/\/jagdverband.it\/it\/benedikt-terzer-im-sommergespraech-mit-rai-suedtirol\/","url":"https:\/\/jagdverband.it\/it\/benedikt-terzer-im-sommergespraech-mit-rai-suedtirol\/","name":"Benedikt Terzer im Sommergespr\u00e4ch mit RAI S\u00fcdtirol - S\u00fcdtiroler Jagdverband","isPartOf":{"@id":"https:\/\/jagdverband.it\/it\/#website"},"datePublished":"2024-08-23T07:29:03+00:00","dateModified":"2024-08-23T07:44:52+00:00","breadcrumb":{"@id":"https:\/\/jagdverband.it\/it\/benedikt-terzer-im-sommergespraech-mit-rai-suedtirol\/#breadcrumb"},"inLanguage":"it-IT","potentialAction":[{"@type":"ReadAction","target":["https:\/\/jagdverband.it\/it\/benedikt-terzer-im-sommergespraech-mit-rai-suedtirol\/"]}]},{"@type":"BreadcrumbList","@id":"https:\/\/jagdverband.it\/it\/benedikt-terzer-im-sommergespraech-mit-rai-suedtirol\/#breadcrumb","itemListElement":[{"@type":"ListItem","position":1,"name":"Home","item":"https:\/\/jagdverband.it\/it\/"},{"@type":"ListItem","position":2,"name":"Mitteilungen","item":"https:\/\/jagdverband.it\/c\/mitteilungen\/"},{"@type":"ListItem","position":3,"name":"Benedikt Terzer im Sommergespr\u00e4ch mit RAI S\u00fcdtirol"}]},{"@type":"WebSite","@id":"https:\/\/jagdverband.it\/it\/#website","url":"https:\/\/jagdverband.it\/it\/","name":"S\u00fcdtiroler Jagdverband","description":"S\u00fcdtiroler Jagdverband","publisher":{"@id":"https:\/\/jagdverband.it\/it\/#organization"},"potentialAction":[{"@type":"SearchAction","target":{"@type":"EntryPoint","urlTemplate":"https:\/\/jagdverband.it\/it\/?s={search_term_string}"},"query-input":"required name=search_term_string"}],"inLanguage":"it-IT"},{"@type":"Organization","@id":"https:\/\/jagdverband.it\/it\/#organization","name":"S\u00fcdtiroler Jagdverband","url":"https:\/\/jagdverband.it\/it\/","sameAs":[],"logo":{"@type":"ImageObject","inLanguage":"it-IT","@id":"https:\/\/jagdverband.it\/it\/#\/schema\/logo\/image\/","url":"","contentUrl":"","caption":"S\u00fcdtiroler Jagdverband"},"image":{"@id":"https:\/\/jagdverband.it\/it\/#\/schema\/logo\/image\/"}},{"@type":"Person","@id":"https:\/\/jagdverband.it\/it\/#\/schema\/person\/3e030b3a4aa7c391e09cd551afd6dc73","name":"admin","image":{"@type":"ImageObject","inLanguage":"it-IT","@id":"https:\/\/jagdverband.it\/it\/#\/schema\/person\/image\/","url":"https:\/\/secure.gravatar.com\/avatar\/badbf5eaa88657062fdcacb31218cc5c?s=96&d=blank&r=g","contentUrl":"https:\/\/secure.gravatar.com\/avatar\/badbf5eaa88657062fdcacb31218cc5c?s=96&d=blank&r=g","caption":"admin"},"url":"https:\/\/jagdverband.it\/it\/author\/admin\/"}]}},"_links":{"self":[{"href":"https:\/\/jagdverband.it\/it\/wp-json\/wp\/v2\/posts\/78329"}],"collection":[{"href":"https:\/\/jagdverband.it\/it\/wp-json\/wp\/v2\/posts"}],"about":[{"href":"https:\/\/jagdverband.it\/it\/wp-json\/wp\/v2\/types\/post"}],"author":[{"embeddable":true,"href":"https:\/\/jagdverband.it\/it\/wp-json\/wp\/v2\/users\/1"}],"replies":[{"embeddable":true,"href":"https:\/\/jagdverband.it\/it\/wp-json\/wp\/v2\/comments?post=78329"}],"version-history":[{"count":0,"href":"https:\/\/jagdverband.it\/it\/wp-json\/wp\/v2\/posts\/78329\/revisions"}],"wp:featuredmedia":[{"embeddable":true,"href":"https:\/\/jagdverband.it\/it\/wp-json\/wp\/v2\/media\/78331"}],"wp:attachment":[{"href":"https:\/\/jagdverband.it\/it\/wp-json\/wp\/v2\/media?parent=78329"}],"wp:term":[{"taxonomy":"category","embeddable":true,"href":"https:\/\/jagdverband.it\/it\/wp-json\/wp\/v2\/categories?post=78329"},{"taxonomy":"post_tag","embeddable":true,"href":"https:\/\/jagdverband.it\/it\/wp-json\/wp\/v2\/tags?post=78329"}],"curies":[{"name":"wp","href":"https:\/\/api.w.org\/{rel}","templated":true}]}}