{"id":77729,"date":"2024-06-26T16:29:46","date_gmt":"2024-06-26T14:29:46","guid":{"rendered":"https:\/\/jagdverband.it\/kinderpodcast-winnis-wilde-nachbarn-copy\/"},"modified":"2024-06-28T07:53:21","modified_gmt":"2024-06-28T05:53:21","slug":"suedtirols-jagd-in-der-radiosendung-landleben","status":"publish","type":"post","link":"https:\/\/jagdverband.it\/it\/suedtirols-jagd-in-der-radiosendung-landleben\/","title":{"rendered":"S\u00fcdtirols Jagd in der Radiosendung Land&#038;Leben"},"content":{"rendered":"<p>[et_pb_section fb_built=&#8221;1&#8243; specialty=&#8221;on&#8221; _builder_version=&#8221;4.16&#8243; global_colors_info=&#8221;{}&#8221;][et_pb_column type=&#8221;3_4&#8243; specialty_columns=&#8221;3&#8243; _builder_version=&#8221;4.16&#8243; custom_padding=&#8221;|||&#8221; global_colors_info=&#8221;{}&#8221; custom_padding__hover=&#8221;|||&#8221;][et_pb_row_inner _builder_version=&#8221;4.16&#8243; custom_padding=&#8221;||5px||false|false&#8221; global_colors_info=&#8221;{}&#8221;][et_pb_column_inner saved_specialty_column_type=&#8221;3_4&#8243; _builder_version=&#8221;4.16&#8243; global_colors_info=&#8221;{}&#8221;][et_pb_text _builder_version=&#8221;4.18.0&#8243; custom_padding=&#8221;||0px|||&#8221; global_colors_info=&#8221;{}&#8221;]<\/p>\n<h1>S\u00fcdtirols Jagd in der Radiosendung <em>Land&amp;Leben<\/em><\/h1>\n<h1><em style=\"font-size: 16px;\">26. Juni 2024<\/em><\/h1>\n<p>[\/et_pb_text][\/et_pb_column_inner][\/et_pb_row_inner][et_pb_row_inner column_structure=&#8221;1_2,1_2&#8243; _builder_version=&#8221;4.16&#8243; custom_padding=&#8221;0px||5px||false|false&#8221; global_colors_info=&#8221;{}&#8221;][et_pb_column_inner type=&#8221;1_2&#8243; saved_specialty_column_type=&#8221;3_4&#8243; _builder_version=&#8221;4.16&#8243; global_colors_info=&#8221;{}&#8221;][et_pb_image src=&#8221;https:\/\/jagdverband.it\/wp-content\/uploads\/2024\/06\/Wasserer_Christina-Auf-der-Jagd.jpg&#8221; title_text=&#8221;Wasserer_Christina Auf der Jagd&#8221; show_in_lightbox=&#8221;on&#8221; disabled_on=&#8221;off|off|off&#8221; _builder_version=&#8221;4.18.0&#8243; custom_margin=&#8221;||11px|||&#8221; global_colors_info=&#8221;{}&#8221;][\/et_pb_image][et_pb_text _builder_version=&#8221;4.18.0&#8243; custom_margin=&#8221;-10px||||false|false&#8221; custom_padding=&#8221;||10px|||&#8221; global_colors_info=&#8221;{}&#8221;]<\/p>\n<h6>Foto: Christina Wasserer<\/h6>\n<p>[\/et_pb_text][\/et_pb_column_inner][et_pb_column_inner type=&#8221;1_2&#8243; saved_specialty_column_type=&#8221;3_4&#8243; _builder_version=&#8221;4.16&#8243; global_colors_info=&#8221;{}&#8221;][et_pb_text disabled_on=&#8221;off|off|off&#8221; _builder_version=&#8221;4.18.0&#8243; custom_padding=&#8221;||10px|||&#8221; global_colors_info=&#8221;{}&#8221;]<\/p>\n<p>Landesj\u00e4germeister G\u00fcnther Rabensteiner und SJV-Gesch\u00e4ftsf\u00fchrer Benedikt Terzer waren am Sonntag, 23. Juni 2024 zu Gast im Radio-Magazin \u201eLand&amp;Leben\u201c auf RAI-S\u00fcdtirol. Sie sprachen \u00fcber die Bedeutung der Jagd, unterstrichen die vielf\u00e4ltigen Aufgaben und Leistungen der J\u00e4gerinnen und J\u00e4ger in S\u00fcdtirol sowie \u00fcber die Herausforderung im Umgang mit bedrohten, wiederkehrenden und neu zugewanderten Wildarten, den Einzug neuer Technologien in die Jagd und den Klimawandel.<\/p>\n<p>Die Sendung ist in der Mediathek von RAI S\u00fcdtirol abrufbar. H\u00f6rt rein!<\/p>\n<blockquote>\n<p>Hier geht\u2019s zur Radiosendung: <strong><a href=\"https:\/\/raisudtirol.rai.it\/de\/index.php?media=Pra1719144600\" target=\"_blank\" rel=\"noopener\">https:\/\/raisudtirol.rai.it\/de\/index.php?media=Pra1719144600<\/a><\/strong><\/p>\n<\/blockquote>\n<p>&nbsp;<\/p>\n<p>[\/et_pb_text][\/et_pb_column_inner][\/et_pb_row_inner][et_pb_row_inner _builder_version=&#8221;4.16&#8243; global_colors_info=&#8221;{}&#8221;][et_pb_column_inner saved_specialty_column_type=&#8221;3_4&#8243; _builder_version=&#8221;4.16&#8243; global_colors_info=&#8221;{}&#8221;][et_pb_divider color=&#8221;rgba(0,0,0,0.1)&#8221; _builder_version=&#8221;4.16&#8243; global_colors_info=&#8221;{}&#8221;][\/et_pb_divider][\/et_pb_column_inner][\/et_pb_row_inner][et_pb_row_inner column_structure=&#8221;undefined&#8221; _builder_version=&#8221;4.16&#8243; custom_padding=&#8221;0px||0px||false|false&#8221; global_colors_info=&#8221;{}&#8221;][et_pb_column_inner type=&#8221;undefined&#8221; saved_specialty_column_type=&#8221;3_4&#8243; _builder_version=&#8221;4.16&#8243; global_colors_info=&#8221;{}&#8221;][et_pb_divider color=&#8221;rgba(0,0,0,0.13)&#8221; _builder_version=&#8221;4.16&#8243; custom_margin=&#8221;||0px||false|false&#8221; global_colors_info=&#8221;{}&#8221;][\/et_pb_divider][et_pb_button button_url=&#8221;https:\/\/jagdverband.it\/mitteilungen\/&#8221; button_text=&#8221;Zur\u00fcck zur \u00dcbersicht&#8221; button_alignment=&#8221;center&#8221; _builder_version=&#8221;4.16&#8243; global_colors_info=&#8221;{}&#8221;][\/et_pb_button][et_pb_divider color=&#8221;rgba(0,0,0,0.13)&#8221; _builder_version=&#8221;4.16&#8243; custom_margin=&#8221;25px||||false|false&#8221; global_colors_info=&#8221;{}&#8221;][\/et_pb_divider][\/et_pb_column_inner][\/et_pb_row_inner][\/et_pb_column][et_pb_column type=&#8221;1_4&#8243; _builder_version=&#8221;4.16&#8243; custom_padding=&#8221;|||&#8221; global_colors_info=&#8221;{}&#8221; custom_padding__hover=&#8221;|||&#8221;][et_pb_sidebar orientation=&#8221;right&#8221; _builder_version=&#8221;4.16&#8243; global_colors_info=&#8221;{}&#8221;][\/et_pb_sidebar][\/et_pb_column][\/et_pb_section]<\/p>\n","protected":false},"excerpt":{"rendered":"<p>26.06.2024 &#8211; Landesj\u00e4germeister G\u00fcnther Rabensteiner und SJV-Gesch\u00e4ftsf\u00fchrer Benedikt Terzer zu Gast im Magazin f\u00fcr Landwirtschaft auf RAI-S\u00fcdtirol.<\/p>\n","protected":false},"author":1,"featured_media":77744,"comment_status":"closed","ping_status":"closed","sticky":false,"template":"","format":"standard","meta":{"_et_pb_use_builder":"on","_et_pb_old_content":"","_et_gb_content_width":""},"categories":[80],"tags":[],"featured_image_src":"https:\/\/jagdverband.it\/wp-content\/uploads\/2024\/06\/Wasserer_Christina-Auf-der-Jagd-1024x768.jpg","blog_images":{"medium":"https:\/\/jagdverband.it\/wp-content\/uploads\/2024\/06\/Wasserer_Christina-Auf-der-Jagd-300x225.jpg","large":"https:\/\/jagdverband.it\/wp-content\/uploads\/2024\/06\/Wasserer_Christina-Auf-der-Jagd-1024x768.jpg"},"ams_acf":[],"yoast_head":"<!-- This site is optimized with the Yoast SEO plugin v19.6 - https:\/\/yoast.com\/wordpress\/plugins\/seo\/ -->\n<title>S\u00fcdtirols Jagd in der Radiosendung Land&amp;Leben - S\u00fcdtiroler Jagdverband<\/title>\n<meta name=\"robots\" content=\"index, follow, max-snippet:-1, max-image-preview:large, max-video-preview:-1\" \/>\n<link rel=\"canonical\" href=\"https:\/\/jagdverband.it\/it\/suedtirols-jagd-in-der-radiosendung-landleben\/\" \/>\n<meta property=\"og:locale\" content=\"it_IT\" \/>\n<meta property=\"og:type\" content=\"article\" \/>\n<meta property=\"og:title\" content=\"S\u00fcdtirols Jagd in der Radiosendung Land&amp;Leben - S\u00fcdtiroler Jagdverband\" \/>\n<meta property=\"og:description\" content=\"26.06.2024 - Landesj\u00e4germeister G\u00fcnther Rabensteiner und SJV-Gesch\u00e4ftsf\u00fchrer Benedikt Terzer zu Gast im Magazin f\u00fcr Landwirtschaft auf RAI-S\u00fcdtirol.\" \/>\n<meta property=\"og:url\" content=\"https:\/\/jagdverband.it\/it\/suedtirols-jagd-in-der-radiosendung-landleben\/\" \/>\n<meta property=\"og:site_name\" content=\"S\u00fcdtiroler Jagdverband\" \/>\n<meta property=\"article:published_time\" content=\"2024-06-26T14:29:46+00:00\" \/>\n<meta property=\"article:modified_time\" content=\"2024-06-28T05:53:21+00:00\" \/>\n<meta property=\"og:image\" content=\"https:\/\/jagdverband.it\/wp-content\/uploads\/2024\/06\/Wasserer_Christina-Auf-der-Jagd.jpg\" \/>\n\t<meta property=\"og:image:width\" content=\"1920\" \/>\n\t<meta property=\"og:image:height\" content=\"1440\" \/>\n\t<meta property=\"og:image:type\" content=\"image\/jpeg\" \/>\n<meta name=\"author\" content=\"admin\" \/>\n<meta name=\"twitter:card\" content=\"summary\" \/>\n<meta name=\"twitter:label1\" content=\"Scritto da\" \/>\n\t<meta name=\"twitter:data1\" content=\"admin\" \/>\n\t<meta name=\"twitter:label2\" content=\"Tempo di lettura stimato\" \/>\n\t<meta name=\"twitter:data2\" content=\"2 minuti\" \/>\n<script type=\"application\/ld+json\" class=\"yoast-schema-graph\">{\"@context\":\"https:\/\/schema.org\",\"@graph\":[{\"@type\":\"Article\",\"@id\":\"https:\/\/jagdverband.it\/it\/suedtirols-jagd-in-der-radiosendung-landleben\/#article\",\"isPartOf\":{\"@id\":\"https:\/\/jagdverband.it\/it\/suedtirols-jagd-in-der-radiosendung-landleben\/\"},\"author\":{\"name\":\"admin\",\"@id\":\"https:\/\/jagdverband.it\/it\/#\/schema\/person\/3e030b3a4aa7c391e09cd551afd6dc73\"},\"headline\":\"S\u00fcdtirols Jagd in der Radiosendung Land&#038;Leben\",\"datePublished\":\"2024-06-26T14:29:46+00:00\",\"dateModified\":\"2024-06-28T05:53:21+00:00\",\"mainEntityOfPage\":{\"@id\":\"https:\/\/jagdverband.it\/it\/suedtirols-jagd-in-der-radiosendung-landleben\/\"},\"wordCount\":515,\"publisher\":{\"@id\":\"https:\/\/jagdverband.it\/it\/#organization\"},\"articleSection\":[\"Mitteilungen\"],\"inLanguage\":\"it-IT\"},{\"@type\":\"WebPage\",\"@id\":\"https:\/\/jagdverband.it\/it\/suedtirols-jagd-in-der-radiosendung-landleben\/\",\"url\":\"https:\/\/jagdverband.it\/it\/suedtirols-jagd-in-der-radiosendung-landleben\/\",\"name\":\"S\u00fcdtirols Jagd in der Radiosendung Land&Leben - S\u00fcdtiroler Jagdverband\",\"isPartOf\":{\"@id\":\"https:\/\/jagdverband.it\/it\/#website\"},\"datePublished\":\"2024-06-26T14:29:46+00:00\",\"dateModified\":\"2024-06-28T05:53:21+00:00\",\"breadcrumb\":{\"@id\":\"https:\/\/jagdverband.it\/it\/suedtirols-jagd-in-der-radiosendung-landleben\/#breadcrumb\"},\"inLanguage\":\"it-IT\",\"potentialAction\":[{\"@type\":\"ReadAction\",\"target\":[\"https:\/\/jagdverband.it\/it\/suedtirols-jagd-in-der-radiosendung-landleben\/\"]}]},{\"@type\":\"BreadcrumbList\",\"@id\":\"https:\/\/jagdverband.it\/it\/suedtirols-jagd-in-der-radiosendung-landleben\/#breadcrumb\",\"itemListElement\":[{\"@type\":\"ListItem\",\"position\":1,\"name\":\"Home\",\"item\":\"https:\/\/jagdverband.it\/it\/\"},{\"@type\":\"ListItem\",\"position\":2,\"name\":\"Mitteilungen\",\"item\":\"https:\/\/jagdverband.it\/c\/mitteilungen\/\"},{\"@type\":\"ListItem\",\"position\":3,\"name\":\"S\u00fcdtirols Jagd in der Radiosendung Land&#038;Leben\"}]},{\"@type\":\"WebSite\",\"@id\":\"https:\/\/jagdverband.it\/it\/#website\",\"url\":\"https:\/\/jagdverband.it\/it\/\",\"name\":\"S\u00fcdtiroler Jagdverband\",\"description\":\"S\u00fcdtiroler Jagdverband\",\"publisher\":{\"@id\":\"https:\/\/jagdverband.it\/it\/#organization\"},\"potentialAction\":[{\"@type\":\"SearchAction\",\"target\":{\"@type\":\"EntryPoint\",\"urlTemplate\":\"https:\/\/jagdverband.it\/it\/?s={search_term_string}\"},\"query-input\":\"required name=search_term_string\"}],\"inLanguage\":\"it-IT\"},{\"@type\":\"Organization\",\"@id\":\"https:\/\/jagdverband.it\/it\/#organization\",\"name\":\"S\u00fcdtiroler Jagdverband\",\"url\":\"https:\/\/jagdverband.it\/it\/\",\"sameAs\":[],\"logo\":{\"@type\":\"ImageObject\",\"inLanguage\":\"it-IT\",\"@id\":\"https:\/\/jagdverband.it\/it\/#\/schema\/logo\/image\/\",\"url\":\"\",\"contentUrl\":\"\",\"caption\":\"S\u00fcdtiroler Jagdverband\"},\"image\":{\"@id\":\"https:\/\/jagdverband.it\/it\/#\/schema\/logo\/image\/\"}},{\"@type\":\"Person\",\"@id\":\"https:\/\/jagdverband.it\/it\/#\/schema\/person\/3e030b3a4aa7c391e09cd551afd6dc73\",\"name\":\"admin\",\"image\":{\"@type\":\"ImageObject\",\"inLanguage\":\"it-IT\",\"@id\":\"https:\/\/jagdverband.it\/it\/#\/schema\/person\/image\/\",\"url\":\"https:\/\/secure.gravatar.com\/avatar\/badbf5eaa88657062fdcacb31218cc5c?s=96&d=blank&r=g\",\"contentUrl\":\"https:\/\/secure.gravatar.com\/avatar\/badbf5eaa88657062fdcacb31218cc5c?s=96&d=blank&r=g\",\"caption\":\"admin\"},\"url\":\"https:\/\/jagdverband.it\/it\/author\/admin\/\"}]}<\/script>\n<!-- \/ Yoast SEO plugin. -->","yoast_head_json":{"title":"S\u00fcdtirols Jagd in der Radiosendung Land&Leben - S\u00fcdtiroler Jagdverband","robots":{"index":"index","follow":"follow","max-snippet":"max-snippet:-1","max-image-preview":"max-image-preview:large","max-video-preview":"max-video-preview:-1"},"canonical":"https:\/\/jagdverband.it\/it\/suedtirols-jagd-in-der-radiosendung-landleben\/","og_locale":"it_IT","og_type":"article","og_title":"S\u00fcdtirols Jagd in der Radiosendung Land&Leben - S\u00fcdtiroler Jagdverband","og_description":"26.06.2024 - Landesj\u00e4germeister G\u00fcnther Rabensteiner und SJV-Gesch\u00e4ftsf\u00fchrer Benedikt Terzer zu Gast im Magazin f\u00fcr Landwirtschaft auf RAI-S\u00fcdtirol.","og_url":"https:\/\/jagdverband.it\/it\/suedtirols-jagd-in-der-radiosendung-landleben\/","og_site_name":"S\u00fcdtiroler Jagdverband","article_published_time":"2024-06-26T14:29:46+00:00","article_modified_time":"2024-06-28T05:53:21+00:00","og_image":[{"width":1920,"height":1440,"url":"https:\/\/jagdverband.it\/wp-content\/uploads\/2024\/06\/Wasserer_Christina-Auf-der-Jagd.jpg","type":"image\/jpeg"}],"author":"admin","twitter_card":"summary","twitter_misc":{"Scritto da":"admin","Tempo di lettura stimato":"2 minuti"},"schema":{"@context":"https:\/\/schema.org","@graph":[{"@type":"Article","@id":"https:\/\/jagdverband.it\/it\/suedtirols-jagd-in-der-radiosendung-landleben\/#article","isPartOf":{"@id":"https:\/\/jagdverband.it\/it\/suedtirols-jagd-in-der-radiosendung-landleben\/"},"author":{"name":"admin","@id":"https:\/\/jagdverband.it\/it\/#\/schema\/person\/3e030b3a4aa7c391e09cd551afd6dc73"},"headline":"S\u00fcdtirols Jagd in der Radiosendung Land&#038;Leben","datePublished":"2024-06-26T14:29:46+00:00","dateModified":"2024-06-28T05:53:21+00:00","mainEntityOfPage":{"@id":"https:\/\/jagdverband.it\/it\/suedtirols-jagd-in-der-radiosendung-landleben\/"},"wordCount":515,"publisher":{"@id":"https:\/\/jagdverband.it\/it\/#organization"},"articleSection":["Mitteilungen"],"inLanguage":"it-IT"},{"@type":"WebPage","@id":"https:\/\/jagdverband.it\/it\/suedtirols-jagd-in-der-radiosendung-landleben\/","url":"https:\/\/jagdverband.it\/it\/suedtirols-jagd-in-der-radiosendung-landleben\/","name":"S\u00fcdtirols Jagd in der Radiosendung Land&Leben - S\u00fcdtiroler Jagdverband","isPartOf":{"@id":"https:\/\/jagdverband.it\/it\/#website"},"datePublished":"2024-06-26T14:29:46+00:00","dateModified":"2024-06-28T05:53:21+00:00","breadcrumb":{"@id":"https:\/\/jagdverband.it\/it\/suedtirols-jagd-in-der-radiosendung-landleben\/#breadcrumb"},"inLanguage":"it-IT","potentialAction":[{"@type":"ReadAction","target":["https:\/\/jagdverband.it\/it\/suedtirols-jagd-in-der-radiosendung-landleben\/"]}]},{"@type":"BreadcrumbList","@id":"https:\/\/jagdverband.it\/it\/suedtirols-jagd-in-der-radiosendung-landleben\/#breadcrumb","itemListElement":[{"@type":"ListItem","position":1,"name":"Home","item":"https:\/\/jagdverband.it\/it\/"},{"@type":"ListItem","position":2,"name":"Mitteilungen","item":"https:\/\/jagdverband.it\/c\/mitteilungen\/"},{"@type":"ListItem","position":3,"name":"S\u00fcdtirols Jagd in der Radiosendung Land&#038;Leben"}]},{"@type":"WebSite","@id":"https:\/\/jagdverband.it\/it\/#website","url":"https:\/\/jagdverband.it\/it\/","name":"S\u00fcdtiroler Jagdverband","description":"S\u00fcdtiroler Jagdverband","publisher":{"@id":"https:\/\/jagdverband.it\/it\/#organization"},"potentialAction":[{"@type":"SearchAction","target":{"@type":"EntryPoint","urlTemplate":"https:\/\/jagdverband.it\/it\/?s={search_term_string}"},"query-input":"required name=search_term_string"}],"inLanguage":"it-IT"},{"@type":"Organization","@id":"https:\/\/jagdverband.it\/it\/#organization","name":"S\u00fcdtiroler Jagdverband","url":"https:\/\/jagdverband.it\/it\/","sameAs":[],"logo":{"@type":"ImageObject","inLanguage":"it-IT","@id":"https:\/\/jagdverband.it\/it\/#\/schema\/logo\/image\/","url":"","contentUrl":"","caption":"S\u00fcdtiroler Jagdverband"},"image":{"@id":"https:\/\/jagdverband.it\/it\/#\/schema\/logo\/image\/"}},{"@type":"Person","@id":"https:\/\/jagdverband.it\/it\/#\/schema\/person\/3e030b3a4aa7c391e09cd551afd6dc73","name":"admin","image":{"@type":"ImageObject","inLanguage":"it-IT","@id":"https:\/\/jagdverband.it\/it\/#\/schema\/person\/image\/","url":"https:\/\/secure.gravatar.com\/avatar\/badbf5eaa88657062fdcacb31218cc5c?s=96&d=blank&r=g","contentUrl":"https:\/\/secure.gravatar.com\/avatar\/badbf5eaa88657062fdcacb31218cc5c?s=96&d=blank&r=g","caption":"admin"},"url":"https:\/\/jagdverband.it\/it\/author\/admin\/"}]}},"_links":{"self":[{"href":"https:\/\/jagdverband.it\/it\/wp-json\/wp\/v2\/posts\/77729"}],"collection":[{"href":"https:\/\/jagdverband.it\/it\/wp-json\/wp\/v2\/posts"}],"about":[{"href":"https:\/\/jagdverband.it\/it\/wp-json\/wp\/v2\/types\/post"}],"author":[{"embeddable":true,"href":"https:\/\/jagdverband.it\/it\/wp-json\/wp\/v2\/users\/1"}],"replies":[{"embeddable":true,"href":"https:\/\/jagdverband.it\/it\/wp-json\/wp\/v2\/comments?post=77729"}],"version-history":[{"count":0,"href":"https:\/\/jagdverband.it\/it\/wp-json\/wp\/v2\/posts\/77729\/revisions"}],"wp:featuredmedia":[{"embeddable":true,"href":"https:\/\/jagdverband.it\/it\/wp-json\/wp\/v2\/media\/77744"}],"wp:attachment":[{"href":"https:\/\/jagdverband.it\/it\/wp-json\/wp\/v2\/media?parent=77729"}],"wp:term":[{"taxonomy":"category","embeddable":true,"href":"https:\/\/jagdverband.it\/it\/wp-json\/wp\/v2\/categories?post=77729"},{"taxonomy":"post_tag","embeddable":true,"href":"https:\/\/jagdverband.it\/it\/wp-json\/wp\/v2\/tags?post=77729"}],"curies":[{"name":"wp","href":"https:\/\/api.w.org\/{rel}","templated":true}]}}