{"id":77640,"date":"2024-06-13T08:30:46","date_gmt":"2024-06-13T06:30:46","guid":{"rendered":"https:\/\/jagdverband.it\/landesschiessen-der-suedtiroler-jaegerschaft-2024-ergebnisse-copy\/"},"modified":"2024-06-13T13:11:50","modified_gmt":"2024-06-13T11:11:50","slug":"kinderpodcast-winnis-wilde-nachbarn","status":"publish","type":"post","link":"https:\/\/jagdverband.it\/it\/kinderpodcast-winnis-wilde-nachbarn\/","title":{"rendered":"Kinderpodcast Winnis wilde Nachbarn"},"content":{"rendered":"<p>[et_pb_section fb_built=&#8221;1&#8243; specialty=&#8221;on&#8221; _builder_version=&#8221;4.16&#8243; global_colors_info=&#8221;{}&#8221;][et_pb_column type=&#8221;3_4&#8243; specialty_columns=&#8221;3&#8243; _builder_version=&#8221;4.16&#8243; custom_padding=&#8221;|||&#8221; global_colors_info=&#8221;{}&#8221; custom_padding__hover=&#8221;|||&#8221;][et_pb_row_inner _builder_version=&#8221;4.16&#8243; custom_padding=&#8221;||5px||false|false&#8221; global_colors_info=&#8221;{}&#8221;][et_pb_column_inner saved_specialty_column_type=&#8221;3_4&#8243; _builder_version=&#8221;4.16&#8243; global_colors_info=&#8221;{}&#8221;][et_pb_text _builder_version=&#8221;4.18.0&#8243; custom_padding=&#8221;||0px|||&#8221; global_colors_info=&#8221;{}&#8221;]<\/p>\n<h1>Kinderpodcast Winnis wilde Nachbarn<\/h1>\n<h1><em style=\"font-size: 16px;\">13. Juni 2024<\/em><\/h1>\n<p>[\/et_pb_text][\/et_pb_column_inner][\/et_pb_row_inner][et_pb_row_inner column_structure=&#8221;1_2,1_2&#8243; _builder_version=&#8221;4.16&#8243; custom_padding=&#8221;0px||5px||false|false&#8221; global_colors_info=&#8221;{}&#8221;][et_pb_column_inner type=&#8221;1_2&#8243; saved_specialty_column_type=&#8221;3_4&#8243; _builder_version=&#8221;4.16&#8243; global_colors_info=&#8221;{}&#8221;][et_pb_image src=&#8221;https:\/\/jagdverband.it\/wp-content\/uploads\/2024\/06\/Winnis-wilde-nachbarn-scaled.jpg&#8221; title_text=&#8221;Winnis-wilde-nachbarn&#8221; url=&#8221;https:\/\/www.deutschewildtierstiftung.de\/naturbildung\/winnis-wilde-nachbarn-podcast-fuer-kinder&#8221; url_new_window=&#8221;on&#8221; disabled_on=&#8221;off|off|off&#8221; _builder_version=&#8221;4.18.0&#8243; custom_margin=&#8221;||11px|||&#8221; global_colors_info=&#8221;{}&#8221;][\/et_pb_image][\/et_pb_column_inner][et_pb_column_inner type=&#8221;1_2&#8243; saved_specialty_column_type=&#8221;3_4&#8243; _builder_version=&#8221;4.16&#8243; global_colors_info=&#8221;{}&#8221;][et_pb_text disabled_on=&#8221;off|off|off&#8221; _builder_version=&#8221;4.18.0&#8243; custom_padding=&#8221;||10px|||&#8221; hover_enabled=&#8221;0&#8243; global_colors_info=&#8221;{}&#8221; sticky_enabled=&#8221;0&#8243;]<\/p>\n<p>In der ersten Staffel von \u201eWinnis wilde Nachbarn\u201c geht Winni in der Stadt auf Spurensuche. Denn auch hier sind Wildtiere zu Hause. Dabei werden etwa der Spatz, die Fledermaus und der Fuchs vorgestellt. In der zweiten Staffel geht es um Waldbewohner, wie zum Beispiel dem Dachs. Winni berichtet von aufregenden Wildtiergeschichten und Gastkinder erz\u00e4hlen \u00fcber eigene Erfahrungen, die sie in der Natur gemacht haben. Wollt ihr mehr wissen? Dann h\u00f6rt rein!<\/p>\n<p>\u201eWinnis wilde Nachbarn\u201c ist auf der Podcast Plattform eurer Wahl oder direkt \u00fcber die Website der Deutschen Wildtierstiftung abrufbar: <strong><a href=\"https:\/\/www.deutschewildtierstiftung.de\/naturbildung\/winnis-wilde-nachbarn-podcast-fuer-kinder\" target=\"_blank\" rel=\"noopener\">https:\/\/www.deutschewildtierstiftung.de\/naturbildung\/winnis-wilde-nachbarn-podcast-fuer-kinder<\/a><\/strong><\/p>\n<p>[\/et_pb_text][\/et_pb_column_inner][\/et_pb_row_inner][et_pb_row_inner _builder_version=&#8221;4.16&#8243; global_colors_info=&#8221;{}&#8221;][et_pb_column_inner saved_specialty_column_type=&#8221;3_4&#8243; _builder_version=&#8221;4.16&#8243; global_colors_info=&#8221;{}&#8221;][et_pb_divider color=&#8221;rgba(0,0,0,0.1)&#8221; _builder_version=&#8221;4.16&#8243; global_colors_info=&#8221;{}&#8221;][\/et_pb_divider][\/et_pb_column_inner][\/et_pb_row_inner][et_pb_row_inner column_structure=&#8221;undefined&#8221; _builder_version=&#8221;4.16&#8243; custom_padding=&#8221;0px||0px||false|false&#8221; global_colors_info=&#8221;{}&#8221;][et_pb_column_inner type=&#8221;undefined&#8221; saved_specialty_column_type=&#8221;3_4&#8243; _builder_version=&#8221;4.16&#8243; global_colors_info=&#8221;{}&#8221;][et_pb_divider color=&#8221;rgba(0,0,0,0.13)&#8221; _builder_version=&#8221;4.16&#8243; custom_margin=&#8221;||0px||false|false&#8221; global_colors_info=&#8221;{}&#8221;][\/et_pb_divider][et_pb_button button_url=&#8221;https:\/\/jagdverband.it\/mitteilungen\/&#8221; button_text=&#8221;Zur\u00fcck zur \u00dcbersicht&#8221; button_alignment=&#8221;center&#8221; _builder_version=&#8221;4.16&#8243; global_colors_info=&#8221;{}&#8221;][\/et_pb_button][et_pb_divider color=&#8221;rgba(0,0,0,0.13)&#8221; _builder_version=&#8221;4.16&#8243; custom_margin=&#8221;25px||||false|false&#8221; global_colors_info=&#8221;{}&#8221;][\/et_pb_divider][\/et_pb_column_inner][\/et_pb_row_inner][\/et_pb_column][et_pb_column type=&#8221;1_4&#8243; _builder_version=&#8221;4.16&#8243; custom_padding=&#8221;|||&#8221; global_colors_info=&#8221;{}&#8221; custom_padding__hover=&#8221;|||&#8221;][et_pb_sidebar orientation=&#8221;right&#8221; _builder_version=&#8221;4.16&#8243; global_colors_info=&#8221;{}&#8221;][\/et_pb_sidebar][\/et_pb_column][\/et_pb_section]<\/p>\n","protected":false},"excerpt":{"rendered":"<p>13.06.2024 &#8211; Winni, das wissensdurstige, vorlaute Eichh\u00f6rnchen stellt in seinem Podcast verschiedene Wildtiere vor.<\/p>\n","protected":false},"author":1,"featured_media":77642,"comment_status":"closed","ping_status":"closed","sticky":false,"template":"","format":"standard","meta":{"_et_pb_use_builder":"on","_et_pb_old_content":"","_et_gb_content_width":""},"categories":[80],"tags":[],"featured_image_src":"https:\/\/jagdverband.it\/wp-content\/uploads\/2024\/06\/Winnis-wilde-nachbarn-1024x640.jpg","blog_images":{"medium":"https:\/\/jagdverband.it\/wp-content\/uploads\/2024\/06\/Winnis-wilde-nachbarn-300x188.jpg","large":"https:\/\/jagdverband.it\/wp-content\/uploads\/2024\/06\/Winnis-wilde-nachbarn-1024x640.jpg"},"ams_acf":[],"yoast_head":"<!-- This site is optimized with the Yoast SEO plugin v19.6 - https:\/\/yoast.com\/wordpress\/plugins\/seo\/ -->\n<title>Kinderpodcast Winnis wilde Nachbarn - S\u00fcdtiroler Jagdverband<\/title>\n<meta name=\"robots\" content=\"index, follow, max-snippet:-1, max-image-preview:large, max-video-preview:-1\" \/>\n<link rel=\"canonical\" href=\"https:\/\/jagdverband.it\/it\/kinderpodcast-winnis-wilde-nachbarn\/\" \/>\n<meta property=\"og:locale\" content=\"it_IT\" \/>\n<meta property=\"og:type\" content=\"article\" \/>\n<meta property=\"og:title\" content=\"Kinderpodcast Winnis wilde Nachbarn - S\u00fcdtiroler Jagdverband\" \/>\n<meta property=\"og:description\" content=\"13.06.2024 - Winni, das wissensdurstige, vorlaute Eichh\u00f6rnchen stellt in seinem Podcast verschiedene Wildtiere vor.\" \/>\n<meta property=\"og:url\" content=\"https:\/\/jagdverband.it\/it\/kinderpodcast-winnis-wilde-nachbarn\/\" \/>\n<meta property=\"og:site_name\" content=\"S\u00fcdtiroler Jagdverband\" \/>\n<meta property=\"article:published_time\" content=\"2024-06-13T06:30:46+00:00\" \/>\n<meta property=\"article:modified_time\" content=\"2024-06-13T11:11:50+00:00\" \/>\n<meta property=\"og:image\" content=\"https:\/\/jagdverband.it\/wp-content\/uploads\/2024\/06\/Winnis-wilde-nachbarn-scaled.jpg\" \/>\n\t<meta property=\"og:image:width\" content=\"2560\" \/>\n\t<meta property=\"og:image:height\" content=\"1600\" \/>\n\t<meta property=\"og:image:type\" content=\"image\/jpeg\" \/>\n<meta name=\"author\" content=\"admin\" \/>\n<meta name=\"twitter:card\" content=\"summary\" \/>\n<meta name=\"twitter:label1\" content=\"Scritto da\" \/>\n\t<meta name=\"twitter:data1\" content=\"admin\" \/>\n\t<meta name=\"twitter:label2\" content=\"Tempo di lettura stimato\" \/>\n\t<meta name=\"twitter:data2\" content=\"2 minuti\" \/>\n<script type=\"application\/ld+json\" class=\"yoast-schema-graph\">{\"@context\":\"https:\/\/schema.org\",\"@graph\":[{\"@type\":\"Article\",\"@id\":\"https:\/\/jagdverband.it\/it\/kinderpodcast-winnis-wilde-nachbarn\/#article\",\"isPartOf\":{\"@id\":\"https:\/\/jagdverband.it\/it\/kinderpodcast-winnis-wilde-nachbarn\/\"},\"author\":{\"name\":\"admin\",\"@id\":\"https:\/\/jagdverband.it\/it\/#\/schema\/person\/3e030b3a4aa7c391e09cd551afd6dc73\"},\"headline\":\"Kinderpodcast Winnis wilde Nachbarn\",\"datePublished\":\"2024-06-13T06:30:46+00:00\",\"dateModified\":\"2024-06-13T11:11:50+00:00\",\"mainEntityOfPage\":{\"@id\":\"https:\/\/jagdverband.it\/it\/kinderpodcast-winnis-wilde-nachbarn\/\"},\"wordCount\":487,\"publisher\":{\"@id\":\"https:\/\/jagdverband.it\/it\/#organization\"},\"articleSection\":[\"Mitteilungen\"],\"inLanguage\":\"it-IT\"},{\"@type\":\"WebPage\",\"@id\":\"https:\/\/jagdverband.it\/it\/kinderpodcast-winnis-wilde-nachbarn\/\",\"url\":\"https:\/\/jagdverband.it\/it\/kinderpodcast-winnis-wilde-nachbarn\/\",\"name\":\"Kinderpodcast Winnis wilde Nachbarn - S\u00fcdtiroler Jagdverband\",\"isPartOf\":{\"@id\":\"https:\/\/jagdverband.it\/it\/#website\"},\"datePublished\":\"2024-06-13T06:30:46+00:00\",\"dateModified\":\"2024-06-13T11:11:50+00:00\",\"breadcrumb\":{\"@id\":\"https:\/\/jagdverband.it\/it\/kinderpodcast-winnis-wilde-nachbarn\/#breadcrumb\"},\"inLanguage\":\"it-IT\",\"potentialAction\":[{\"@type\":\"ReadAction\",\"target\":[\"https:\/\/jagdverband.it\/it\/kinderpodcast-winnis-wilde-nachbarn\/\"]}]},{\"@type\":\"BreadcrumbList\",\"@id\":\"https:\/\/jagdverband.it\/it\/kinderpodcast-winnis-wilde-nachbarn\/#breadcrumb\",\"itemListElement\":[{\"@type\":\"ListItem\",\"position\":1,\"name\":\"Home\",\"item\":\"https:\/\/jagdverband.it\/it\/\"},{\"@type\":\"ListItem\",\"position\":2,\"name\":\"Mitteilungen\",\"item\":\"https:\/\/jagdverband.it\/c\/mitteilungen\/\"},{\"@type\":\"ListItem\",\"position\":3,\"name\":\"Kinderpodcast Winnis wilde Nachbarn\"}]},{\"@type\":\"WebSite\",\"@id\":\"https:\/\/jagdverband.it\/it\/#website\",\"url\":\"https:\/\/jagdverband.it\/it\/\",\"name\":\"S\u00fcdtiroler Jagdverband\",\"description\":\"S\u00fcdtiroler Jagdverband\",\"publisher\":{\"@id\":\"https:\/\/jagdverband.it\/it\/#organization\"},\"potentialAction\":[{\"@type\":\"SearchAction\",\"target\":{\"@type\":\"EntryPoint\",\"urlTemplate\":\"https:\/\/jagdverband.it\/it\/?s={search_term_string}\"},\"query-input\":\"required name=search_term_string\"}],\"inLanguage\":\"it-IT\"},{\"@type\":\"Organization\",\"@id\":\"https:\/\/jagdverband.it\/it\/#organization\",\"name\":\"S\u00fcdtiroler Jagdverband\",\"url\":\"https:\/\/jagdverband.it\/it\/\",\"sameAs\":[],\"logo\":{\"@type\":\"ImageObject\",\"inLanguage\":\"it-IT\",\"@id\":\"https:\/\/jagdverband.it\/it\/#\/schema\/logo\/image\/\",\"url\":\"\",\"contentUrl\":\"\",\"caption\":\"S\u00fcdtiroler Jagdverband\"},\"image\":{\"@id\":\"https:\/\/jagdverband.it\/it\/#\/schema\/logo\/image\/\"}},{\"@type\":\"Person\",\"@id\":\"https:\/\/jagdverband.it\/it\/#\/schema\/person\/3e030b3a4aa7c391e09cd551afd6dc73\",\"name\":\"admin\",\"image\":{\"@type\":\"ImageObject\",\"inLanguage\":\"it-IT\",\"@id\":\"https:\/\/jagdverband.it\/it\/#\/schema\/person\/image\/\",\"url\":\"https:\/\/secure.gravatar.com\/avatar\/badbf5eaa88657062fdcacb31218cc5c?s=96&d=blank&r=g\",\"contentUrl\":\"https:\/\/secure.gravatar.com\/avatar\/badbf5eaa88657062fdcacb31218cc5c?s=96&d=blank&r=g\",\"caption\":\"admin\"},\"url\":\"https:\/\/jagdverband.it\/it\/author\/admin\/\"}]}<\/script>\n<!-- \/ Yoast SEO plugin. -->","yoast_head_json":{"title":"Kinderpodcast Winnis wilde Nachbarn - S\u00fcdtiroler Jagdverband","robots":{"index":"index","follow":"follow","max-snippet":"max-snippet:-1","max-image-preview":"max-image-preview:large","max-video-preview":"max-video-preview:-1"},"canonical":"https:\/\/jagdverband.it\/it\/kinderpodcast-winnis-wilde-nachbarn\/","og_locale":"it_IT","og_type":"article","og_title":"Kinderpodcast Winnis wilde Nachbarn - S\u00fcdtiroler Jagdverband","og_description":"13.06.2024 - Winni, das wissensdurstige, vorlaute Eichh\u00f6rnchen stellt in seinem Podcast verschiedene Wildtiere vor.","og_url":"https:\/\/jagdverband.it\/it\/kinderpodcast-winnis-wilde-nachbarn\/","og_site_name":"S\u00fcdtiroler Jagdverband","article_published_time":"2024-06-13T06:30:46+00:00","article_modified_time":"2024-06-13T11:11:50+00:00","og_image":[{"width":2560,"height":1600,"url":"https:\/\/jagdverband.it\/wp-content\/uploads\/2024\/06\/Winnis-wilde-nachbarn-scaled.jpg","type":"image\/jpeg"}],"author":"admin","twitter_card":"summary","twitter_misc":{"Scritto da":"admin","Tempo di lettura stimato":"2 minuti"},"schema":{"@context":"https:\/\/schema.org","@graph":[{"@type":"Article","@id":"https:\/\/jagdverband.it\/it\/kinderpodcast-winnis-wilde-nachbarn\/#article","isPartOf":{"@id":"https:\/\/jagdverband.it\/it\/kinderpodcast-winnis-wilde-nachbarn\/"},"author":{"name":"admin","@id":"https:\/\/jagdverband.it\/it\/#\/schema\/person\/3e030b3a4aa7c391e09cd551afd6dc73"},"headline":"Kinderpodcast Winnis wilde Nachbarn","datePublished":"2024-06-13T06:30:46+00:00","dateModified":"2024-06-13T11:11:50+00:00","mainEntityOfPage":{"@id":"https:\/\/jagdverband.it\/it\/kinderpodcast-winnis-wilde-nachbarn\/"},"wordCount":487,"publisher":{"@id":"https:\/\/jagdverband.it\/it\/#organization"},"articleSection":["Mitteilungen"],"inLanguage":"it-IT"},{"@type":"WebPage","@id":"https:\/\/jagdverband.it\/it\/kinderpodcast-winnis-wilde-nachbarn\/","url":"https:\/\/jagdverband.it\/it\/kinderpodcast-winnis-wilde-nachbarn\/","name":"Kinderpodcast Winnis wilde Nachbarn - S\u00fcdtiroler Jagdverband","isPartOf":{"@id":"https:\/\/jagdverband.it\/it\/#website"},"datePublished":"2024-06-13T06:30:46+00:00","dateModified":"2024-06-13T11:11:50+00:00","breadcrumb":{"@id":"https:\/\/jagdverband.it\/it\/kinderpodcast-winnis-wilde-nachbarn\/#breadcrumb"},"inLanguage":"it-IT","potentialAction":[{"@type":"ReadAction","target":["https:\/\/jagdverband.it\/it\/kinderpodcast-winnis-wilde-nachbarn\/"]}]},{"@type":"BreadcrumbList","@id":"https:\/\/jagdverband.it\/it\/kinderpodcast-winnis-wilde-nachbarn\/#breadcrumb","itemListElement":[{"@type":"ListItem","position":1,"name":"Home","item":"https:\/\/jagdverband.it\/it\/"},{"@type":"ListItem","position":2,"name":"Mitteilungen","item":"https:\/\/jagdverband.it\/c\/mitteilungen\/"},{"@type":"ListItem","position":3,"name":"Kinderpodcast Winnis wilde Nachbarn"}]},{"@type":"WebSite","@id":"https:\/\/jagdverband.it\/it\/#website","url":"https:\/\/jagdverband.it\/it\/","name":"S\u00fcdtiroler Jagdverband","description":"S\u00fcdtiroler Jagdverband","publisher":{"@id":"https:\/\/jagdverband.it\/it\/#organization"},"potentialAction":[{"@type":"SearchAction","target":{"@type":"EntryPoint","urlTemplate":"https:\/\/jagdverband.it\/it\/?s={search_term_string}"},"query-input":"required name=search_term_string"}],"inLanguage":"it-IT"},{"@type":"Organization","@id":"https:\/\/jagdverband.it\/it\/#organization","name":"S\u00fcdtiroler Jagdverband","url":"https:\/\/jagdverband.it\/it\/","sameAs":[],"logo":{"@type":"ImageObject","inLanguage":"it-IT","@id":"https:\/\/jagdverband.it\/it\/#\/schema\/logo\/image\/","url":"","contentUrl":"","caption":"S\u00fcdtiroler Jagdverband"},"image":{"@id":"https:\/\/jagdverband.it\/it\/#\/schema\/logo\/image\/"}},{"@type":"Person","@id":"https:\/\/jagdverband.it\/it\/#\/schema\/person\/3e030b3a4aa7c391e09cd551afd6dc73","name":"admin","image":{"@type":"ImageObject","inLanguage":"it-IT","@id":"https:\/\/jagdverband.it\/it\/#\/schema\/person\/image\/","url":"https:\/\/secure.gravatar.com\/avatar\/badbf5eaa88657062fdcacb31218cc5c?s=96&d=blank&r=g","contentUrl":"https:\/\/secure.gravatar.com\/avatar\/badbf5eaa88657062fdcacb31218cc5c?s=96&d=blank&r=g","caption":"admin"},"url":"https:\/\/jagdverband.it\/it\/author\/admin\/"}]}},"_links":{"self":[{"href":"https:\/\/jagdverband.it\/it\/wp-json\/wp\/v2\/posts\/77640"}],"collection":[{"href":"https:\/\/jagdverband.it\/it\/wp-json\/wp\/v2\/posts"}],"about":[{"href":"https:\/\/jagdverband.it\/it\/wp-json\/wp\/v2\/types\/post"}],"author":[{"embeddable":true,"href":"https:\/\/jagdverband.it\/it\/wp-json\/wp\/v2\/users\/1"}],"replies":[{"embeddable":true,"href":"https:\/\/jagdverband.it\/it\/wp-json\/wp\/v2\/comments?post=77640"}],"version-history":[{"count":0,"href":"https:\/\/jagdverband.it\/it\/wp-json\/wp\/v2\/posts\/77640\/revisions"}],"wp:featuredmedia":[{"embeddable":true,"href":"https:\/\/jagdverband.it\/it\/wp-json\/wp\/v2\/media\/77642"}],"wp:attachment":[{"href":"https:\/\/jagdverband.it\/it\/wp-json\/wp\/v2\/media?parent=77640"}],"wp:term":[{"taxonomy":"category","embeddable":true,"href":"https:\/\/jagdverband.it\/it\/wp-json\/wp\/v2\/categories?post=77640"},{"taxonomy":"post_tag","embeddable":true,"href":"https:\/\/jagdverband.it\/it\/wp-json\/wp\/v2\/tags?post=77640"}],"curies":[{"name":"wp","href":"https:\/\/api.w.org\/{rel}","templated":true}]}}