{"id":77387,"date":"2024-05-29T11:31:37","date_gmt":"2024-05-29T09:31:37","guid":{"rendered":"https:\/\/jagdverband.it\/fotowettbewerb-des-sjv-das-ist-der-gewinner-des-publikumspreises-copy\/"},"modified":"2024-05-29T15:34:49","modified_gmt":"2024-05-29T13:34:49","slug":"vortragsabend-der-sichere-und-praezise-schuss-auf-schalenwild","status":"publish","type":"post","link":"https:\/\/jagdverband.it\/it\/vortragsabend-der-sichere-und-praezise-schuss-auf-schalenwild\/","title":{"rendered":"Vortragsabend: Der sichere und pr\u00e4zise Schuss auf Schalenwild"},"content":{"rendered":"<p>[et_pb_section fb_built=&#8221;1&#8243; specialty=&#8221;on&#8221; _builder_version=&#8221;4.16&#8243; global_colors_info=&#8221;{}&#8221;][et_pb_column type=&#8221;3_4&#8243; specialty_columns=&#8221;3&#8243; _builder_version=&#8221;4.16&#8243; custom_padding=&#8221;|||&#8221; global_colors_info=&#8221;{}&#8221; custom_padding__hover=&#8221;|||&#8221;][et_pb_row_inner _builder_version=&#8221;4.16&#8243; custom_padding=&#8221;||5px||false|false&#8221; global_colors_info=&#8221;{}&#8221;][et_pb_column_inner saved_specialty_column_type=&#8221;3_4&#8243; _builder_version=&#8221;4.16&#8243; global_colors_info=&#8221;{}&#8221;][et_pb_text _builder_version=&#8221;4.18.0&#8243; custom_padding=&#8221;||0px|||&#8221; global_colors_info=&#8221;{}&#8221;]<\/p>\n<h1>Vortragsabend: Der sichere und pr\u00e4zise Schuss auf Schalenwild<\/h1>\n<h3><em>29. Mai 2024<\/em><\/h3>\n<p>[\/et_pb_text][\/et_pb_column_inner][\/et_pb_row_inner][et_pb_row_inner column_structure=&#8221;1_2,1_2&#8243; _builder_version=&#8221;4.18.0&#8243; custom_padding=&#8221;||0px||false|false&#8221; global_colors_info=&#8221;{}&#8221;][et_pb_column_inner type=&#8221;1_2&#8243; saved_specialty_column_type=&#8221;3_4&#8243; _builder_version=&#8221;4.16&#8243; global_colors_info=&#8221;{}&#8221;][et_pb_text _builder_version=&#8221;4.18.0&#8243; _module_preset=&#8221;default&#8221; global_colors_info=&#8221;{}&#8221;]<\/p>\n<p>Stefan Mayer von der Schwei\u00dfhundestation S\u00fcdschwarzwald, bekannter Autor f\u00fcr Fachzeitschriften, referiert \u00fcber das Verhalten vor, w\u00e4hrend und nach dem Schuss. Alle J\u00e4gerinnen und J\u00e4ger sind herzlich dazu eingeladen.<\/p>\n<p><strong>Wann und wo?<\/strong><\/p>\n<p>Der Vortrag findet am <strong>Freitag, den 31. Mai um 19 Uhr im Vereinshaus in Kiens<\/strong> statt. Die Dauer des Vortrages mit anschlie\u00dfender Diskussion betr\u00e4gt ca. 2 Stunden.<\/p>\n<p>Das Jagdrevier Kiens sorgt anschlie\u00dfend f\u00fcr eine kleine St\u00e4rkung.<\/p>\n<p>Die Teilnahme am Vortrag ist kostenlos und es ist keine Anmeldung notwendig.<\/p>\n<p>Weitere\u00a0<a href=\"https:\/\/jagdverband.it\/wp-content\/uploads\/2024\/05\/Stefan-Mayer-Der-sichere-und-praezise-Schuss-auf-Schalenwild.pdf\"><strong>Infos hier im Flyer.<\/strong><\/a><\/p>\n<p>[\/et_pb_text][\/et_pb_column_inner][et_pb_column_inner type=&#8221;1_2&#8243; saved_specialty_column_type=&#8221;3_4&#8243; _builder_version=&#8221;4.16&#8243; global_colors_info=&#8221;{}&#8221;][et_pb_image src=&#8221;https:\/\/jagdverband.it\/wp-content\/uploads\/2024\/05\/Der-sichere-Schuss-auf-schalenwild.jpg&#8221; title_text=&#8221;Der sichere Schuss auf schalenwild&#8221; show_in_lightbox=&#8221;on&#8221; _builder_version=&#8221;4.18.0&#8243; _module_preset=&#8221;default&#8221; hover_enabled=&#8221;0&#8243; global_colors_info=&#8221;{}&#8221; sticky_enabled=&#8221;0&#8243;][\/et_pb_image][\/et_pb_column_inner][\/et_pb_row_inner][et_pb_row_inner column_structure=&#8221;undefined&#8221; _builder_version=&#8221;4.16&#8243; custom_padding=&#8221;||||false|false&#8221; global_colors_info=&#8221;{}&#8221;][et_pb_column_inner type=&#8221;undefined&#8221; saved_specialty_column_type=&#8221;3_4&#8243; _builder_version=&#8221;4.16&#8243; global_colors_info=&#8221;{}&#8221;][et_pb_divider color=&#8221;rgba(0,0,0,0.13)&#8221; _builder_version=&#8221;4.16&#8243; custom_margin=&#8221;||||false|false&#8221; global_colors_info=&#8221;{}&#8221;][\/et_pb_divider][et_pb_button button_url=&#8221;https:\/\/jagdverband.it\/mitteilungen\/&#8221; button_text=&#8221;Zur\u00fcck zur \u00dcbersicht&#8221; button_alignment=&#8221;center&#8221; _builder_version=&#8221;4.16&#8243; global_colors_info=&#8221;{}&#8221;][\/et_pb_button][et_pb_divider color=&#8221;rgba(0,0,0,0.13)&#8221; _builder_version=&#8221;4.16&#8243; custom_margin=&#8221;25px||||false|false&#8221; global_colors_info=&#8221;{}&#8221;][\/et_pb_divider][\/et_pb_column_inner][\/et_pb_row_inner][\/et_pb_column][et_pb_column type=&#8221;1_4&#8243; _builder_version=&#8221;4.16&#8243; custom_padding=&#8221;|||&#8221; global_colors_info=&#8221;{}&#8221; custom_padding__hover=&#8221;|||&#8221;][et_pb_sidebar orientation=&#8221;right&#8221; _builder_version=&#8221;4.16&#8243; global_colors_info=&#8221;{}&#8221;][\/et_pb_sidebar][\/et_pb_column][\/et_pb_section]<\/p>\n","protected":false},"excerpt":{"rendered":"<p>29.05.2024 &#8211; Stefan Mayer von der Schwei\u00dfhundestation S\u00fcdschwarzwald, bekannter Autor f\u00fcr Fachzeitschriften, referiert \u00fcber das Verhalten vor, w\u00e4hrend und nach dem Schuss. Alle J\u00e4gerinnen und J\u00e4ger sind herzlich dazu eingeladen.<\/p>\n","protected":false},"author":1,"featured_media":76986,"comment_status":"closed","ping_status":"closed","sticky":false,"template":"","format":"standard","meta":{"_et_pb_use_builder":"on","_et_pb_old_content":"","_et_gb_content_width":""},"categories":[80],"tags":[],"featured_image_src":"https:\/\/jagdverband.it\/wp-content\/uploads\/2024\/05\/Der-sichere-Schuss-auf-schalenwild-1024x682.jpg","blog_images":{"medium":"https:\/\/jagdverband.it\/wp-content\/uploads\/2024\/05\/Der-sichere-Schuss-auf-schalenwild-300x200.jpg","large":"https:\/\/jagdverband.it\/wp-content\/uploads\/2024\/05\/Der-sichere-Schuss-auf-schalenwild-1024x682.jpg"},"ams_acf":[],"yoast_head":"<!-- This site is optimized with the Yoast SEO plugin v19.6 - https:\/\/yoast.com\/wordpress\/plugins\/seo\/ -->\n<title>Vortragsabend: Der sichere und pr\u00e4zise Schuss auf Schalenwild - S\u00fcdtiroler Jagdverband<\/title>\n<meta name=\"robots\" content=\"index, follow, max-snippet:-1, max-image-preview:large, max-video-preview:-1\" \/>\n<link rel=\"canonical\" href=\"https:\/\/jagdverband.it\/it\/vortragsabend-der-sichere-und-praezise-schuss-auf-schalenwild\/\" \/>\n<meta property=\"og:locale\" content=\"it_IT\" \/>\n<meta property=\"og:type\" content=\"article\" \/>\n<meta property=\"og:title\" content=\"Vortragsabend: Der sichere und pr\u00e4zise Schuss auf Schalenwild - S\u00fcdtiroler Jagdverband\" \/>\n<meta property=\"og:description\" content=\"29.05.2024 - Stefan Mayer von der Schwei\u00dfhundestation S\u00fcdschwarzwald, bekannter Autor f\u00fcr Fachzeitschriften, referiert \u00fcber das Verhalten vor, w\u00e4hrend und nach dem Schuss. Alle J\u00e4gerinnen und J\u00e4ger sind herzlich dazu eingeladen.\" \/>\n<meta property=\"og:url\" content=\"https:\/\/jagdverband.it\/it\/vortragsabend-der-sichere-und-praezise-schuss-auf-schalenwild\/\" \/>\n<meta property=\"og:site_name\" content=\"S\u00fcdtiroler Jagdverband\" \/>\n<meta property=\"article:published_time\" content=\"2024-05-29T09:31:37+00:00\" \/>\n<meta property=\"article:modified_time\" content=\"2024-05-29T13:34:49+00:00\" \/>\n<meta property=\"og:image\" content=\"https:\/\/jagdverband.it\/wp-content\/uploads\/2024\/05\/Der-sichere-Schuss-auf-schalenwild.jpg\" \/>\n\t<meta property=\"og:image:width\" content=\"1258\" \/>\n\t<meta property=\"og:image:height\" content=\"838\" \/>\n\t<meta property=\"og:image:type\" content=\"image\/jpeg\" \/>\n<meta name=\"author\" content=\"admin\" \/>\n<meta name=\"twitter:card\" content=\"summary\" \/>\n<meta name=\"twitter:label1\" content=\"Scritto da\" \/>\n\t<meta name=\"twitter:data1\" content=\"admin\" \/>\n\t<meta name=\"twitter:label2\" content=\"Tempo di lettura stimato\" \/>\n\t<meta name=\"twitter:data2\" content=\"1 minuto\" \/>\n<script type=\"application\/ld+json\" class=\"yoast-schema-graph\">{\"@context\":\"https:\/\/schema.org\",\"@graph\":[{\"@type\":\"Article\",\"@id\":\"https:\/\/jagdverband.it\/it\/vortragsabend-der-sichere-und-praezise-schuss-auf-schalenwild\/#article\",\"isPartOf\":{\"@id\":\"https:\/\/jagdverband.it\/it\/vortragsabend-der-sichere-und-praezise-schuss-auf-schalenwild\/\"},\"author\":{\"name\":\"admin\",\"@id\":\"https:\/\/jagdverband.it\/it\/#\/schema\/person\/3e030b3a4aa7c391e09cd551afd6dc73\"},\"headline\":\"Vortragsabend: Der sichere und pr\u00e4zise Schuss auf Schalenwild\",\"datePublished\":\"2024-05-29T09:31:37+00:00\",\"dateModified\":\"2024-05-29T13:34:49+00:00\",\"mainEntityOfPage\":{\"@id\":\"https:\/\/jagdverband.it\/it\/vortragsabend-der-sichere-und-praezise-schuss-auf-schalenwild\/\"},\"wordCount\":431,\"publisher\":{\"@id\":\"https:\/\/jagdverband.it\/it\/#organization\"},\"articleSection\":[\"Mitteilungen\"],\"inLanguage\":\"it-IT\"},{\"@type\":\"WebPage\",\"@id\":\"https:\/\/jagdverband.it\/it\/vortragsabend-der-sichere-und-praezise-schuss-auf-schalenwild\/\",\"url\":\"https:\/\/jagdverband.it\/it\/vortragsabend-der-sichere-und-praezise-schuss-auf-schalenwild\/\",\"name\":\"Vortragsabend: Der sichere und pr\u00e4zise Schuss auf Schalenwild - S\u00fcdtiroler Jagdverband\",\"isPartOf\":{\"@id\":\"https:\/\/jagdverband.it\/it\/#website\"},\"datePublished\":\"2024-05-29T09:31:37+00:00\",\"dateModified\":\"2024-05-29T13:34:49+00:00\",\"breadcrumb\":{\"@id\":\"https:\/\/jagdverband.it\/it\/vortragsabend-der-sichere-und-praezise-schuss-auf-schalenwild\/#breadcrumb\"},\"inLanguage\":\"it-IT\",\"potentialAction\":[{\"@type\":\"ReadAction\",\"target\":[\"https:\/\/jagdverband.it\/it\/vortragsabend-der-sichere-und-praezise-schuss-auf-schalenwild\/\"]}]},{\"@type\":\"BreadcrumbList\",\"@id\":\"https:\/\/jagdverband.it\/it\/vortragsabend-der-sichere-und-praezise-schuss-auf-schalenwild\/#breadcrumb\",\"itemListElement\":[{\"@type\":\"ListItem\",\"position\":1,\"name\":\"Home\",\"item\":\"https:\/\/jagdverband.it\/it\/\"},{\"@type\":\"ListItem\",\"position\":2,\"name\":\"Mitteilungen\",\"item\":\"https:\/\/jagdverband.it\/c\/mitteilungen\/\"},{\"@type\":\"ListItem\",\"position\":3,\"name\":\"Vortragsabend: Der sichere und pr\u00e4zise Schuss auf Schalenwild\"}]},{\"@type\":\"WebSite\",\"@id\":\"https:\/\/jagdverband.it\/it\/#website\",\"url\":\"https:\/\/jagdverband.it\/it\/\",\"name\":\"S\u00fcdtiroler Jagdverband\",\"description\":\"S\u00fcdtiroler Jagdverband\",\"publisher\":{\"@id\":\"https:\/\/jagdverband.it\/it\/#organization\"},\"potentialAction\":[{\"@type\":\"SearchAction\",\"target\":{\"@type\":\"EntryPoint\",\"urlTemplate\":\"https:\/\/jagdverband.it\/it\/?s={search_term_string}\"},\"query-input\":\"required name=search_term_string\"}],\"inLanguage\":\"it-IT\"},{\"@type\":\"Organization\",\"@id\":\"https:\/\/jagdverband.it\/it\/#organization\",\"name\":\"S\u00fcdtiroler Jagdverband\",\"url\":\"https:\/\/jagdverband.it\/it\/\",\"sameAs\":[],\"logo\":{\"@type\":\"ImageObject\",\"inLanguage\":\"it-IT\",\"@id\":\"https:\/\/jagdverband.it\/it\/#\/schema\/logo\/image\/\",\"url\":\"\",\"contentUrl\":\"\",\"caption\":\"S\u00fcdtiroler Jagdverband\"},\"image\":{\"@id\":\"https:\/\/jagdverband.it\/it\/#\/schema\/logo\/image\/\"}},{\"@type\":\"Person\",\"@id\":\"https:\/\/jagdverband.it\/it\/#\/schema\/person\/3e030b3a4aa7c391e09cd551afd6dc73\",\"name\":\"admin\",\"image\":{\"@type\":\"ImageObject\",\"inLanguage\":\"it-IT\",\"@id\":\"https:\/\/jagdverband.it\/it\/#\/schema\/person\/image\/\",\"url\":\"https:\/\/secure.gravatar.com\/avatar\/badbf5eaa88657062fdcacb31218cc5c?s=96&d=blank&r=g\",\"contentUrl\":\"https:\/\/secure.gravatar.com\/avatar\/badbf5eaa88657062fdcacb31218cc5c?s=96&d=blank&r=g\",\"caption\":\"admin\"},\"url\":\"https:\/\/jagdverband.it\/it\/author\/admin\/\"}]}<\/script>\n<!-- \/ Yoast SEO plugin. -->","yoast_head_json":{"title":"Vortragsabend: Der sichere und pr\u00e4zise Schuss auf Schalenwild - S\u00fcdtiroler Jagdverband","robots":{"index":"index","follow":"follow","max-snippet":"max-snippet:-1","max-image-preview":"max-image-preview:large","max-video-preview":"max-video-preview:-1"},"canonical":"https:\/\/jagdverband.it\/it\/vortragsabend-der-sichere-und-praezise-schuss-auf-schalenwild\/","og_locale":"it_IT","og_type":"article","og_title":"Vortragsabend: Der sichere und pr\u00e4zise Schuss auf Schalenwild - S\u00fcdtiroler Jagdverband","og_description":"29.05.2024 - Stefan Mayer von der Schwei\u00dfhundestation S\u00fcdschwarzwald, bekannter Autor f\u00fcr Fachzeitschriften, referiert \u00fcber das Verhalten vor, w\u00e4hrend und nach dem Schuss. Alle J\u00e4gerinnen und J\u00e4ger sind herzlich dazu eingeladen.","og_url":"https:\/\/jagdverband.it\/it\/vortragsabend-der-sichere-und-praezise-schuss-auf-schalenwild\/","og_site_name":"S\u00fcdtiroler Jagdverband","article_published_time":"2024-05-29T09:31:37+00:00","article_modified_time":"2024-05-29T13:34:49+00:00","og_image":[{"width":1258,"height":838,"url":"https:\/\/jagdverband.it\/wp-content\/uploads\/2024\/05\/Der-sichere-Schuss-auf-schalenwild.jpg","type":"image\/jpeg"}],"author":"admin","twitter_card":"summary","twitter_misc":{"Scritto da":"admin","Tempo di lettura stimato":"1 minuto"},"schema":{"@context":"https:\/\/schema.org","@graph":[{"@type":"Article","@id":"https:\/\/jagdverband.it\/it\/vortragsabend-der-sichere-und-praezise-schuss-auf-schalenwild\/#article","isPartOf":{"@id":"https:\/\/jagdverband.it\/it\/vortragsabend-der-sichere-und-praezise-schuss-auf-schalenwild\/"},"author":{"name":"admin","@id":"https:\/\/jagdverband.it\/it\/#\/schema\/person\/3e030b3a4aa7c391e09cd551afd6dc73"},"headline":"Vortragsabend: Der sichere und pr\u00e4zise Schuss auf Schalenwild","datePublished":"2024-05-29T09:31:37+00:00","dateModified":"2024-05-29T13:34:49+00:00","mainEntityOfPage":{"@id":"https:\/\/jagdverband.it\/it\/vortragsabend-der-sichere-und-praezise-schuss-auf-schalenwild\/"},"wordCount":431,"publisher":{"@id":"https:\/\/jagdverband.it\/it\/#organization"},"articleSection":["Mitteilungen"],"inLanguage":"it-IT"},{"@type":"WebPage","@id":"https:\/\/jagdverband.it\/it\/vortragsabend-der-sichere-und-praezise-schuss-auf-schalenwild\/","url":"https:\/\/jagdverband.it\/it\/vortragsabend-der-sichere-und-praezise-schuss-auf-schalenwild\/","name":"Vortragsabend: Der sichere und pr\u00e4zise Schuss auf Schalenwild - S\u00fcdtiroler Jagdverband","isPartOf":{"@id":"https:\/\/jagdverband.it\/it\/#website"},"datePublished":"2024-05-29T09:31:37+00:00","dateModified":"2024-05-29T13:34:49+00:00","breadcrumb":{"@id":"https:\/\/jagdverband.it\/it\/vortragsabend-der-sichere-und-praezise-schuss-auf-schalenwild\/#breadcrumb"},"inLanguage":"it-IT","potentialAction":[{"@type":"ReadAction","target":["https:\/\/jagdverband.it\/it\/vortragsabend-der-sichere-und-praezise-schuss-auf-schalenwild\/"]}]},{"@type":"BreadcrumbList","@id":"https:\/\/jagdverband.it\/it\/vortragsabend-der-sichere-und-praezise-schuss-auf-schalenwild\/#breadcrumb","itemListElement":[{"@type":"ListItem","position":1,"name":"Home","item":"https:\/\/jagdverband.it\/it\/"},{"@type":"ListItem","position":2,"name":"Mitteilungen","item":"https:\/\/jagdverband.it\/c\/mitteilungen\/"},{"@type":"ListItem","position":3,"name":"Vortragsabend: Der sichere und pr\u00e4zise Schuss auf Schalenwild"}]},{"@type":"WebSite","@id":"https:\/\/jagdverband.it\/it\/#website","url":"https:\/\/jagdverband.it\/it\/","name":"S\u00fcdtiroler Jagdverband","description":"S\u00fcdtiroler Jagdverband","publisher":{"@id":"https:\/\/jagdverband.it\/it\/#organization"},"potentialAction":[{"@type":"SearchAction","target":{"@type":"EntryPoint","urlTemplate":"https:\/\/jagdverband.it\/it\/?s={search_term_string}"},"query-input":"required name=search_term_string"}],"inLanguage":"it-IT"},{"@type":"Organization","@id":"https:\/\/jagdverband.it\/it\/#organization","name":"S\u00fcdtiroler Jagdverband","url":"https:\/\/jagdverband.it\/it\/","sameAs":[],"logo":{"@type":"ImageObject","inLanguage":"it-IT","@id":"https:\/\/jagdverband.it\/it\/#\/schema\/logo\/image\/","url":"","contentUrl":"","caption":"S\u00fcdtiroler Jagdverband"},"image":{"@id":"https:\/\/jagdverband.it\/it\/#\/schema\/logo\/image\/"}},{"@type":"Person","@id":"https:\/\/jagdverband.it\/it\/#\/schema\/person\/3e030b3a4aa7c391e09cd551afd6dc73","name":"admin","image":{"@type":"ImageObject","inLanguage":"it-IT","@id":"https:\/\/jagdverband.it\/it\/#\/schema\/person\/image\/","url":"https:\/\/secure.gravatar.com\/avatar\/badbf5eaa88657062fdcacb31218cc5c?s=96&d=blank&r=g","contentUrl":"https:\/\/secure.gravatar.com\/avatar\/badbf5eaa88657062fdcacb31218cc5c?s=96&d=blank&r=g","caption":"admin"},"url":"https:\/\/jagdverband.it\/it\/author\/admin\/"}]}},"_links":{"self":[{"href":"https:\/\/jagdverband.it\/it\/wp-json\/wp\/v2\/posts\/77387"}],"collection":[{"href":"https:\/\/jagdverband.it\/it\/wp-json\/wp\/v2\/posts"}],"about":[{"href":"https:\/\/jagdverband.it\/it\/wp-json\/wp\/v2\/types\/post"}],"author":[{"embeddable":true,"href":"https:\/\/jagdverband.it\/it\/wp-json\/wp\/v2\/users\/1"}],"replies":[{"embeddable":true,"href":"https:\/\/jagdverband.it\/it\/wp-json\/wp\/v2\/comments?post=77387"}],"version-history":[{"count":0,"href":"https:\/\/jagdverband.it\/it\/wp-json\/wp\/v2\/posts\/77387\/revisions"}],"wp:featuredmedia":[{"embeddable":true,"href":"https:\/\/jagdverband.it\/it\/wp-json\/wp\/v2\/media\/76986"}],"wp:attachment":[{"href":"https:\/\/jagdverband.it\/it\/wp-json\/wp\/v2\/media?parent=77387"}],"wp:term":[{"taxonomy":"category","embeddable":true,"href":"https:\/\/jagdverband.it\/it\/wp-json\/wp\/v2\/categories?post=77387"},{"taxonomy":"post_tag","embeddable":true,"href":"https:\/\/jagdverband.it\/it\/wp-json\/wp\/v2\/tags?post=77387"}],"curies":[{"name":"wp","href":"https:\/\/api.w.org\/{rel}","templated":true}]}}