{"id":76980,"date":"2024-05-29T11:21:57","date_gmt":"2024-05-29T09:21:57","guid":{"rendered":"https:\/\/jagdverband.it\/bezirksschiessen-2023-copy\/"},"modified":"2024-06-03T10:34:13","modified_gmt":"2024-06-03T08:34:13","slug":"bezirksschiessen-2024","status":"publish","type":"post","link":"https:\/\/jagdverband.it\/it\/bezirksschiessen-2024\/","title":{"rendered":"Ergebnisse der Bezirksschie\u00dfen 2024"},"content":{"rendered":"<p>[et_pb_section fb_built=&#8221;1&#8243; specialty=&#8221;on&#8221; _builder_version=&#8221;4.16&#8243; global_colors_info=&#8221;{}&#8221;][et_pb_column type=&#8221;3_4&#8243; specialty_columns=&#8221;3&#8243; _builder_version=&#8221;4.16&#8243; custom_padding=&#8221;|||&#8221; global_colors_info=&#8221;{}&#8221; custom_padding__hover=&#8221;|||&#8221;][et_pb_row_inner _builder_version=&#8221;4.16&#8243; custom_padding=&#8221;||5px||false|false&#8221; global_colors_info=&#8221;{}&#8221;][et_pb_column_inner saved_specialty_column_type=&#8221;3_4&#8243; _builder_version=&#8221;4.16&#8243; global_colors_info=&#8221;{}&#8221;][et_pb_text _builder_version=&#8221;4.18.0&#8243; custom_padding=&#8221;||0px|||&#8221; global_colors_info=&#8221;{}&#8221;]<\/p>\n<h1>Ergebnisse der Bezirksschie\u00dfen 2024<\/h1>\n<p>[\/et_pb_text][\/et_pb_column_inner][\/et_pb_row_inner][et_pb_row_inner _builder_version=&#8221;4.16&#8243; custom_margin=&#8221;10px||||false|false&#8221; custom_padding=&#8221;0px||5px||false|false&#8221; global_colors_info=&#8221;{}&#8221;][et_pb_column_inner saved_specialty_column_type=&#8221;3_4&#8243; _builder_version=&#8221;4.16&#8243; global_colors_info=&#8221;{}&#8221;][et_pb_divider color=&#8221;rgba(0,0,0,0.1)&#8221; _builder_version=&#8221;4.16&#8243; global_colors_info=&#8221;{}&#8221;][\/et_pb_divider][et_pb_text _builder_version=&#8221;4.18.0&#8243; custom_padding=&#8221;||0px|||&#8221; global_colors_info=&#8221;{}&#8221;]<\/p>\n<h2><span style=\"color: #008000;\">Bezirk Bruneck &#8211; 26. und 27. April 2024<\/span><\/h2>\n<p>[\/et_pb_text][\/et_pb_column_inner][\/et_pb_row_inner][et_pb_row_inner column_structure=&#8221;1_2,1_2&#8243; _builder_version=&#8221;4.16&#8243; custom_padding=&#8221;0px||5px||false|false&#8221; global_colors_info=&#8221;{}&#8221;][et_pb_column_inner type=&#8221;1_2&#8243; saved_specialty_column_type=&#8221;3_4&#8243; _builder_version=&#8221;4.16&#8243; global_colors_info=&#8221;{}&#8221;][et_pb_image src=&#8221;https:\/\/jagdverband.it\/wp-content\/uploads\/2024\/05\/Schiessen-Bezirk-Bruneck-2024-Repetierer-scaled.jpg&#8221; title_text=&#8221;Schiessen Bezirk Bruneck 2024 Repetierer&#8221; show_in_lightbox=&#8221;on&#8221; show_bottom_space=&#8221;off&#8221; _builder_version=&#8221;4.18.0&#8243; global_colors_info=&#8221;{}&#8221;][\/et_pb_image][et_pb_text _builder_version=&#8221;4.18.0&#8243; custom_margin=&#8221;10px||||false|false&#8221; custom_padding=&#8221;||10px|||&#8221; global_colors_info=&#8221;{}&#8221;]<\/p>\n<h4>Kategorie Repetierer: von links Schie\u00dfreferent Manfred Plaicker, Andreas Ausserhofer, Werner Clara, Hannes Clara und Bezirksj\u00e4germeister Paul Steiner<\/h4>\n<p>[\/et_pb_text][\/et_pb_column_inner][et_pb_column_inner type=&#8221;1_2&#8243; saved_specialty_column_type=&#8221;3_4&#8243; _builder_version=&#8221;4.16&#8243; global_colors_info=&#8221;{}&#8221;][et_pb_text _builder_version=&#8221;4.18.0&#8243; custom_padding=&#8221;||10px|||&#8221; global_colors_info=&#8221;{}&#8221;]<\/p>\n<p>Am 26. und 27. April 2024 veranstaltete der Jagdbezirk Bruneck im Schie\u00dfstand St. Lorenzen das traditionelle Bezirksschie\u00dfen. Diese Veranstaltung ist immer eine gute Gelegenheit die Jagdwaffen rechtzeitig vor Beginn der neuen Jagdsaison zu \u00fcberpr\u00fcfen. F\u00fcr einen reibungslosen Ablauf sorgten auch heuer wieder Schie\u00dfreferent Manfred Plaickner und sein Team. Mit \u00fcber 90 beteiligten J\u00e4gern in den beiden Kategorien Repetierer und Kipplauf war das Interesse noch gr\u00f6\u00dfer als in den vergangenen Jahren. Das verwendete Kaliber musste rotwildtauglich, also Kugeldurchmesser mindestens 6,5 mm, sein. Es wurden die sch\u00f6n gestalteten, neuen Schie\u00dfnadeln des Bezirkes in Gold, Silber und Bronze vergeben. Die Jagdreviere, Sponsoren und der Bezirk Bruneck spendierten dieses Jahr wieder wertvolle Preise. Die beiden Erstplatzierten erhielten jeweils eine Jagderlaubnis auf einen Gamsj\u00e4hrling. \u00dcber 30 weitere wertvolle Preise, unter anderem Jagderlaubnisscheine auf Rehwild, Murmeltiere und Niederwild wurden unter allen Teilnehmern verlost. Der Veranstalter bedankt sich bei den Revieren und Sponsoren recht herzlich f\u00fcr die zur Verf\u00fcgung gestellten Preise, denn damit wird diese Veranstaltung f\u00fcr alle Teilnehmer noch attraktiver.<\/p>\n<p>[\/et_pb_text][et_pb_blurb title=&#8221;Ergebnisse des Bezirksschie\u00dfen Bruneck&#8221; url=&#8221;https:\/\/jagdverband.it\/wp-content\/uploads\/2024\/05\/Schiessen-Bezirk-Bruneck-2024-Gesamtwertung.pdf&#8221; use_icon=&#8221;on&#8221; font_icon=&#8221;&#xe092;||divi||400&#8243; icon_color=&#8221;rgba(0,45,3,0.61)&#8221; icon_placement=&#8221;left&#8221; image_icon_width=&#8221;25px&#8221; _builder_version=&#8221;4.18.0&#8243; header_level=&#8221;h3&#8243; background_color_gradient_direction=&#8221;90deg&#8221; custom_margin=&#8221;0px||5px||false|false&#8221; icon_font_size=&#8221;25px&#8221; global_colors_info=&#8221;{}&#8221;][\/et_pb_blurb][\/et_pb_column_inner][\/et_pb_row_inner][et_pb_row_inner column_structure=&#8221;1_2,1_2&#8243; _builder_version=&#8221;4.16&#8243; custom_padding=&#8221;0px||5px||false|false&#8221; global_colors_info=&#8221;{}&#8221;][et_pb_column_inner type=&#8221;1_2&#8243; saved_specialty_column_type=&#8221;3_4&#8243; _builder_version=&#8221;4.16&#8243; global_colors_info=&#8221;{}&#8221;][et_pb_image src=&#8221;https:\/\/jagdverband.it\/wp-content\/uploads\/2024\/05\/Schiessen-Bezirk-Bruneck-2024-Kipplauf-scaled.jpg&#8221; title_text=&#8221;Schiessen Bezirk Bruneck 2024 Kipplauf&#8221; show_in_lightbox=&#8221;on&#8221; show_bottom_space=&#8221;off&#8221; _builder_version=&#8221;4.18.0&#8243; global_colors_info=&#8221;{}&#8221;][\/et_pb_image][et_pb_text _builder_version=&#8221;4.18.0&#8243; custom_margin=&#8221;10px||||false|false&#8221; custom_padding=&#8221;||10px|||&#8221; global_colors_info=&#8221;{}&#8221;]<\/p>\n<h4>Kategorie Kipplauf: von links Schie\u00dfrefernt Manfred Plaickner, Christian Innerbichler, Oswald Kottersteger, Harald Baumgartner und der Bezirksj\u00e4germeister Paul Steiner<\/h4>\n<p>[\/et_pb_text][\/et_pb_column_inner][et_pb_column_inner type=&#8221;1_2&#8243; saved_specialty_column_type=&#8221;3_4&#8243; _builder_version=&#8221;4.16&#8243; global_colors_info=&#8221;{}&#8221;][\/et_pb_column_inner][\/et_pb_row_inner][et_pb_row_inner _builder_version=&#8221;4.16&#8243; custom_margin=&#8221;10px||||false|false&#8221; custom_padding=&#8221;0px||5px||false|false&#8221; global_colors_info=&#8221;{}&#8221;][et_pb_column_inner saved_specialty_column_type=&#8221;3_4&#8243; _builder_version=&#8221;4.16&#8243; global_colors_info=&#8221;{}&#8221;][et_pb_divider color=&#8221;rgba(0,0,0,0.1)&#8221; _builder_version=&#8221;4.16&#8243; global_colors_info=&#8221;{}&#8221;][\/et_pb_divider][et_pb_text _builder_version=&#8221;4.18.0&#8243; custom_padding=&#8221;||0px|||&#8221; global_colors_info=&#8221;{}&#8221;]<\/p>\n<h2><span style=\"color: #008000;\">Bezirk Vinschgau<\/span><span style=\"color: #008000;\"> &#8211; 4. Mai 2024<\/span><\/h2>\n<p>[\/et_pb_text][\/et_pb_column_inner][\/et_pb_row_inner][et_pb_row_inner column_structure=&#8221;1_2,1_2&#8243; _builder_version=&#8221;4.16&#8243; custom_padding=&#8221;0px||5px||false|false&#8221; global_colors_info=&#8221;{}&#8221;][et_pb_column_inner type=&#8221;1_2&#8243; saved_specialty_column_type=&#8221;3_4&#8243; _builder_version=&#8221;4.16&#8243; global_colors_info=&#8221;{}&#8221;][et_pb_text _builder_version=&#8221;4.18.0&#8243; custom_padding=&#8221;||10px|||&#8221; global_colors_info=&#8221;{}&#8221;]<\/p>\n<p>Am 4. Mai 2024 veranstaltete das Jagdrevier Mals in Zusammenarbeit mit dem Bezirk Vinschgau das traditionelle Bezirks-J\u00e4gerschie\u00dfen.<br \/>Diese Veranstaltung war eine gute Gelegenheit sich mit den J\u00e4gerinnen und J\u00e4gern der Nachbarreviere zu treffen, Erfahrungen auszutauschen oder einfach einen geselligen Tag unter Gleichgesinnten zu verbringen. F\u00fcr einen reibungslosen Ablauf sorgten der Bezirks-Schie\u00dfreferent Dietrich Spiess Zusammenarbeit mit dem Organisationskomitee unter der Leitung von Ewald Nischler und den vielen freiwilligen Helferinnen und Helfer vom Jagdrevier Mals.<\/p>\n<p>In der Kategorie Repetierer waren 142 Sch\u00fctzen angetreten, bei Kipplaufb\u00fcchsen 58, wobei einige Teilnehmer in beiden Kategorien mitgeschossen haben. 19 J\u00e4ger und 5 J\u00e4gerinnen erhielten das Schie\u00dfabzeichen in Gold, 53\/23 jenes in Silber und 70\/30 das Abzeichen in Bronze. Zudem wurde den jeweiligen Siegern eine handgefertigte Troph\u00e4e von Martin Blaas und der bestplatzierten J\u00e4gerin eine von Thomas Rainer jagdlich gestaltete Uhr \u00fcberreicht. Unter allen Teilnehmern wurden zahlreiche sch\u00f6ne Sachpreise und ein Jagderlaubnisschein f\u00fcr einen Troph\u00e4enhirsch verlost.<\/p>\n<p>Mein Dank geht in diesem Zusammenhang an die Sponsoren und an die Reviere im Jagdbezirk Vinschgau f\u00fcr die gespendeten Preise. Ein besonderer Dank geht auch an die Jagdhornbl\u00e4sergruppe St. Eustachius f\u00fcr die feierliche Umrahmung der Siegerehrung, sowie an alle J\u00e4gerinnen und J\u00e4ger vom Revier Mals die zum guten Gelingen dieser Veranstaltung in irgendeiner Weise beigetragen haben.<\/p>\n<p><em>Kurt Gruber, Revierleiter von Mals\u00a0<\/em><\/p>\n<p>[\/et_pb_text][et_pb_blurb title=&#8221;Ergebnisse des Bezirksschie\u00dfen Vinschgau&#8221; url=&#8221;https:\/\/jagdverband.it\/wp-content\/uploads\/2024\/05\/Ergebnisliste-Bezirksschiessen-2024-Mals.pdf&#8221; use_icon=&#8221;on&#8221; font_icon=&#8221;&#xe092;||divi||400&#8243; icon_color=&#8221;rgba(0,45,3,0.61)&#8221; icon_placement=&#8221;left&#8221; image_icon_width=&#8221;25px&#8221; _builder_version=&#8221;4.18.0&#8243; header_level=&#8221;h3&#8243; background_color_gradient_direction=&#8221;90deg&#8221; custom_margin=&#8221;0px||5px||false|false&#8221; icon_font_size=&#8221;25px&#8221; global_colors_info=&#8221;{}&#8221;][\/et_pb_blurb][\/et_pb_column_inner][et_pb_column_inner type=&#8221;1_2&#8243; saved_specialty_column_type=&#8221;3_4&#8243; _builder_version=&#8221;4.16&#8243; global_colors_info=&#8221;{}&#8221;][et_pb_image src=&#8221;https:\/\/jagdverband.it\/wp-content\/uploads\/2024\/05\/Bezirk-Vinschgau-Repetierer-scaled.jpg&#8221; title_text=&#8221;Bezirk Vinschgau Repetierer&#8221; show_in_lightbox=&#8221;on&#8221; show_bottom_space=&#8221;off&#8221; _builder_version=&#8221;4.18.0&#8243; _module_preset=&#8221;default&#8221; global_colors_info=&#8221;{}&#8221;][\/et_pb_image][et_pb_text _builder_version=&#8221;4.18.0&#8243; custom_margin=&#8221;10px||||false|false&#8221; custom_padding=&#8221;||10px|||&#8221; global_colors_info=&#8221;{}&#8221;]<\/p>\n<h4>Sieger Kategorie Repetierer<\/h4>\n<p>[\/et_pb_text][et_pb_image src=&#8221;https:\/\/jagdverband.it\/wp-content\/uploads\/2024\/05\/Bezirk-Vinschgau-Kipplauf.jpg&#8221; title_text=&#8221;Bezirk Vinschgau Kipplauf&#8221; show_in_lightbox=&#8221;on&#8221; show_bottom_space=&#8221;off&#8221; _builder_version=&#8221;4.18.0&#8243; _module_preset=&#8221;default&#8221; global_colors_info=&#8221;{}&#8221;][\/et_pb_image][et_pb_text _builder_version=&#8221;4.18.0&#8243; custom_margin=&#8221;10px||||false|false&#8221; custom_padding=&#8221;||10px|||&#8221; global_colors_info=&#8221;{}&#8221;]<\/p>\n<h4>Sieger Kategorie Kipplauf<\/h4>\n<p>[\/et_pb_text][et_pb_image src=&#8221;https:\/\/jagdverband.it\/wp-content\/uploads\/2024\/05\/Bezirk-Vinschgau-Jaegerin.jpg&#8221; title_text=&#8221;Bezirk Vinschgau J\u00e4gerin&#8221; show_in_lightbox=&#8221;on&#8221; show_bottom_space=&#8221;off&#8221; _builder_version=&#8221;4.18.0&#8243; _module_preset=&#8221;default&#8221; global_colors_info=&#8221;{}&#8221;][\/et_pb_image][et_pb_text _builder_version=&#8221;4.18.0&#8243; custom_margin=&#8221;10px||||false|false&#8221; custom_padding=&#8221;||10px|||&#8221; global_colors_info=&#8221;{}&#8221;]<\/p>\n<h4>Die bestplatzierte J\u00e4gerin Evi K\u00fcrner<\/h4>\n<p>[\/et_pb_text][\/et_pb_column_inner][\/et_pb_row_inner][et_pb_row_inner _builder_version=&#8221;4.16&#8243; custom_margin=&#8221;10px||||false|false&#8221; custom_padding=&#8221;0px||5px||false|false&#8221; global_colors_info=&#8221;{}&#8221;][et_pb_column_inner saved_specialty_column_type=&#8221;3_4&#8243; _builder_version=&#8221;4.16&#8243; global_colors_info=&#8221;{}&#8221;][et_pb_divider color=&#8221;rgba(0,0,0,0.1)&#8221; _builder_version=&#8221;4.16&#8243; global_colors_info=&#8221;{}&#8221;][\/et_pb_divider][et_pb_text _builder_version=&#8221;4.18.0&#8243; custom_padding=&#8221;||0px|||&#8221; global_colors_info=&#8221;{}&#8221;]<\/p>\n<h2><span style=\"color: #008000;\">Bezirk Oberpustertal <\/span><span style=\"color: #008000;\">&#8211; 12. Mai 2024<\/span><\/h2>\n<p>[\/et_pb_text][\/et_pb_column_inner][\/et_pb_row_inner][et_pb_row_inner column_structure=&#8221;1_2,1_2&#8243; _builder_version=&#8221;4.16&#8243; custom_padding=&#8221;0px||5px||false|false&#8221; global_colors_info=&#8221;{}&#8221;][et_pb_column_inner type=&#8221;1_2&#8243; saved_specialty_column_type=&#8221;3_4&#8243; _builder_version=&#8221;4.16&#8243; global_colors_info=&#8221;{}&#8221;][et_pb_text _builder_version=&#8221;4.18.0&#8243; custom_padding=&#8221;||10px|||&#8221; global_colors_info=&#8221;{}&#8221;]<\/p>\n<p>Am 12. Mai 2024 fand das Bezirksschie\u00dfen Oberpustertal auf dem Schie\u00dfstand in Toblach statt.<\/p>\n<p>[\/et_pb_text][et_pb_blurb title=&#8221;Ergebnisse des Bezirksschie\u00dfen Oberpustertal&#8221; url=&#8221;https:\/\/jagdverband.it\/wp-content\/uploads\/2024\/05\/Schiessen-Oberpustertal-2024-Ergebnisse.pdf&#8221; use_icon=&#8221;on&#8221; font_icon=&#8221;&#xe092;||divi||400&#8243; icon_color=&#8221;rgba(0,45,3,0.61)&#8221; icon_placement=&#8221;left&#8221; image_icon_width=&#8221;25px&#8221; _builder_version=&#8221;4.18.0&#8243; header_level=&#8221;h3&#8243; background_color_gradient_direction=&#8221;90deg&#8221; custom_margin=&#8221;0px||5px||false|false&#8221; icon_font_size=&#8221;25px&#8221; global_colors_info=&#8221;{}&#8221;][\/et_pb_blurb][et_pb_text _builder_version=&#8221;4.18.0&#8243; custom_padding=&#8221;||10px|||&#8221; global_colors_info=&#8221;{}&#8221;][\/et_pb_text][et_pb_image src=&#8221;https:\/\/jagdverband.it\/wp-content\/uploads\/2024\/05\/Oberpustertal-2024-Repetierer-Siegerfoto.jpg&#8221; title_text=&#8221;Oberpustertal 2024 Repetierer Siegerfoto&#8221; show_in_lightbox=&#8221;on&#8221; show_bottom_space=&#8221;off&#8221; _builder_version=&#8221;4.18.0&#8243; _module_preset=&#8221;default&#8221; global_colors_info=&#8221;{}&#8221;][\/et_pb_image][et_pb_text _builder_version=&#8221;4.18.0&#8243; custom_margin=&#8221;10px||||false|false&#8221; custom_padding=&#8221;||10px|||&#8221; global_colors_info=&#8221;{}&#8221;]<\/p>\n<h4>Sieger Kategorie Repetierer: von links Schie\u00dfreferent Wolfgang Kiebacher, Landesj\u00e4germeister G\u00fcnther Rabensteiner, Jesacher Christian, Manuel Taschler, Walburga Rienzner und BJM-Stellvertreter G\u00fcnther Schwingshackl<\/h4>\n<p>[\/et_pb_text][et_pb_image src=&#8221;https:\/\/jagdverband.it\/wp-content\/uploads\/2024\/05\/Oberpustertal-2024-Kipplauf-Siegerfoto.jpg&#8221; title_text=&#8221;Oberpustertal 2024 Kipplauf Siegerfoto&#8221; show_in_lightbox=&#8221;on&#8221; show_bottom_space=&#8221;off&#8221; _builder_version=&#8221;4.18.0&#8243; _module_preset=&#8221;default&#8221; global_colors_info=&#8221;{}&#8221;][\/et_pb_image][et_pb_text _builder_version=&#8221;4.18.0&#8243; custom_margin=&#8221;10px||||false|false&#8221; custom_padding=&#8221;||10px|||&#8221; global_colors_info=&#8221;{}&#8221;]<\/p>\n<h4>Sieger Kategorie Kipplauf: von links Schie\u00dfreferent Wolfgang Kiebacher, Landesj\u00e4germeister G\u00fcnther Rabensteiner, Anton Fronthaler, Klaus N\u00f6ckler, Harald Lercher und BJM-Stellvertreter G\u00fcnther Schwingshackl<\/h4>\n<p>[\/et_pb_text][\/et_pb_column_inner][et_pb_column_inner type=&#8221;1_2&#8243; saved_specialty_column_type=&#8221;3_4&#8243; _builder_version=&#8221;4.16&#8243; global_colors_info=&#8221;{}&#8221;][et_pb_image src=&#8221;https:\/\/jagdverband.it\/wp-content\/uploads\/2024\/05\/Oberpustertal-2024-Hirschkaliber-Siegerfoto.jpg&#8221; title_text=&#8221;Oberpustertal 2024 Hirschkaliber Siegerfoto&#8221; show_in_lightbox=&#8221;on&#8221; show_bottom_space=&#8221;off&#8221; _builder_version=&#8221;4.18.0&#8243; _module_preset=&#8221;default&#8221; global_colors_info=&#8221;{}&#8221;][\/et_pb_image][et_pb_text _builder_version=&#8221;4.18.0&#8243; custom_margin=&#8221;10px||||false|false&#8221; custom_padding=&#8221;||10px|||&#8221; global_colors_info=&#8221;{}&#8221;]<\/p>\n<h4>Kategorie Hirschkaliber: von links Schie\u00dfreferent Wolfgang Kiebacher, Landesj\u00e4germeister G\u00fcnther Rabensteiner, Leopold Sch\u00f6negger, Lucia\u00a0Berger, Sara Padoin\u00a0und BJM-Stellvertreter G\u00fcnther Schwingshackl<\/h4>\n<p>[\/et_pb_text][et_pb_image src=&#8221;https:\/\/jagdverband.it\/wp-content\/uploads\/2024\/05\/Oberpustertal-2024-Mannschaft-Siegerfoto-scaled.jpg&#8221; title_text=&#8221;Oberpustertal 2024 Mannschaft Siegerfoto&#8221; show_in_lightbox=&#8221;on&#8221; show_bottom_space=&#8221;off&#8221; _builder_version=&#8221;4.18.0&#8243; _module_preset=&#8221;default&#8221; global_colors_info=&#8221;{}&#8221;][\/et_pb_image][et_pb_text _builder_version=&#8221;4.18.0&#8243; custom_margin=&#8221;10px||||false|false&#8221; custom_padding=&#8221;||10px|||&#8221; global_colors_info=&#8221;{}&#8221;]<\/p>\n<h4>Sieger Mannschaft: von links Landesj\u00e4germeister G\u00fcnther Rabensteiner, Hugo Kahn, Manuel Taschler, Walburga Rienzner, G\u00fcnther Schwingshackl und\u00a0Schie\u00dfreferent Wolfgang Kiebacher<\/h4>\n<p>[\/et_pb_text][\/et_pb_column_inner][\/et_pb_row_inner][et_pb_row_inner _builder_version=&#8221;4.16&#8243; custom_margin=&#8221;10px||||false|false&#8221; custom_padding=&#8221;0px||5px||false|false&#8221; global_colors_info=&#8221;{}&#8221;][et_pb_column_inner saved_specialty_column_type=&#8221;3_4&#8243; _builder_version=&#8221;4.16&#8243; global_colors_info=&#8221;{}&#8221;][et_pb_divider color=&#8221;rgba(0,0,0,0.1)&#8221; _builder_version=&#8221;4.16&#8243; global_colors_info=&#8221;{}&#8221;][\/et_pb_divider][et_pb_text _builder_version=&#8221;4.18.0&#8243; custom_padding=&#8221;||0px|||&#8221; global_colors_info=&#8221;{}&#8221;]<\/p>\n<h2><span style=\"color: #008000;\">Bezirk Sterzing <\/span><span style=\"color: #008000;\">&#8211; 10. und 11. Mai 2024<\/span><\/h2>\n<p>[\/et_pb_text][\/et_pb_column_inner][\/et_pb_row_inner][et_pb_row_inner column_structure=&#8221;1_2,1_2&#8243; _builder_version=&#8221;4.16&#8243; custom_padding=&#8221;0px||5px||false|false&#8221; global_colors_info=&#8221;{}&#8221;][et_pb_column_inner type=&#8221;1_2&#8243; saved_specialty_column_type=&#8221;3_4&#8243; _builder_version=&#8221;4.16&#8243; global_colors_info=&#8221;{}&#8221;][et_pb_text _builder_version=&#8221;4.18.0&#8243; custom_padding=&#8221;||10px|||&#8221; global_colors_info=&#8221;{}&#8221;]<\/p>\n<p>Am 10. und 11. Mai 2024 fand das Bezirksschie\u00dfen Sterzing in Ridnaun statt.<\/p>\n<p>[\/et_pb_text][et_pb_blurb title=&#8221;Ergebnisse des Bezirksschie\u00dfen Sterzing&#8221; url=&#8221;https:\/\/jagdverband.it\/wp-content\/uploads\/2024\/05\/Ergebnisse-des-Bezirksschiessen-Sterzing.pdf&#8221; use_icon=&#8221;on&#8221; font_icon=&#8221;&#xe092;||divi||400&#8243; icon_color=&#8221;rgba(0,45,3,0.61)&#8221; icon_placement=&#8221;left&#8221; image_icon_width=&#8221;25px&#8221; _builder_version=&#8221;4.18.0&#8243; header_level=&#8221;h3&#8243; background_color_gradient_direction=&#8221;90deg&#8221; custom_margin=&#8221;0px||5px||false|false&#8221; icon_font_size=&#8221;25px&#8221; global_colors_info=&#8221;{}&#8221;][\/et_pb_blurb][et_pb_text _builder_version=&#8221;4.18.0&#8243; custom_padding=&#8221;||10px|||&#8221; global_colors_info=&#8221;{}&#8221;][\/et_pb_text][\/et_pb_column_inner][et_pb_column_inner type=&#8221;1_2&#8243; saved_specialty_column_type=&#8221;3_4&#8243; _builder_version=&#8221;4.16&#8243; global_colors_info=&#8221;{}&#8221;][\/et_pb_column_inner][\/et_pb_row_inner][et_pb_row_inner _builder_version=&#8221;4.16&#8243; custom_margin=&#8221;10px||||false|false&#8221; custom_padding=&#8221;0px||5px||false|false&#8221; global_colors_info=&#8221;{}&#8221;][et_pb_column_inner saved_specialty_column_type=&#8221;3_4&#8243; _builder_version=&#8221;4.16&#8243; global_colors_info=&#8221;{}&#8221;][et_pb_divider color=&#8221;rgba(0,0,0,0.1)&#8221; _builder_version=&#8221;4.16&#8243; global_colors_info=&#8221;{}&#8221;][\/et_pb_divider][et_pb_text _builder_version=&#8221;4.18.0&#8243; custom_padding=&#8221;||0px|||&#8221; global_colors_info=&#8221;{}&#8221;]<\/p>\n<h2><span style=\"color: #008000;\">Bezirk Meran <\/span><span style=\"color: #008000;\">&#8211; 18. Mai 2024<\/span><\/h2>\n<p>[\/et_pb_text][\/et_pb_column_inner][\/et_pb_row_inner][et_pb_row_inner column_structure=&#8221;1_2,1_2&#8243; _builder_version=&#8221;4.16&#8243; custom_padding=&#8221;0px||5px||false|false&#8221; global_colors_info=&#8221;{}&#8221;][et_pb_column_inner type=&#8221;1_2&#8243; saved_specialty_column_type=&#8221;3_4&#8243; _builder_version=&#8221;4.16&#8243; global_colors_info=&#8221;{}&#8221;][et_pb_text _builder_version=&#8221;4.18.0&#8243; custom_padding=&#8221;||10px|||&#8221; global_colors_info=&#8221;{}&#8221;]<\/p>\n<p>Am Samstag, dem 18. Mai 2024 fand zum 22. Mal das traditionelle Schie\u00dfen des Bezirkes Meran statt. Seit 2016 messen sich die J\u00e4gerinnen und J\u00e4ger der 27 Reviere am eigens daf\u00fcr aufgebauten Schie\u00dfstand in Rabenstein in der Gemeinde Moos in Passeier. Geschossen wurde auf eine Distanz von 200 Metern bei nahezu gleichbleibenden Verh\u00e4ltnissen den ganzen Tag \u00fcber. Das Revier Moos mit Revierleiter Helmuth Lanthaler und der Schie\u00dfreferent Florian Haller hatten den Wettkampf bestens organisiert und gemeinsam mit ihren Helfern eine reibungslose Abwicklung gew\u00e4hrleistet. Als Schie\u00dfordnung wurde jene des Landesschie\u00dfens \u00fcbernommen. Insgesamt fanden sich 220 Teilnehmer ein.<br \/>Die Mannschaftswertung ging an das Revier Tirol mit 90,58, gefolgt von den Revieren Naturns mit 90,58 und Moos mit 90,52. Die neue Wandertroph\u00e4e wurde an das Revier Tirol vergeben.<br \/>Au\u00dferdem wurde ein 300-Meter-Schie\u00dfen organisiert. Unter den Teilnehmern wurde ein Jagderlaubnisschein f\u00fcr einen Gamsjahrling verlost. Der mit 32 Treffern beste Sch\u00fctze erhielt einen Jagderlaubnisschein im Wert von 150 \u20ac.<br \/>Die vielen Preise, gestiftet von den einzelnen Revieren und vom Bezirk, wurden an die Bestplatzierten vergeben bzw. unter den Teilnehmerinnen und Teilnehmern verlost. Ein besonderer Dank allen G\u00f6nnern. Au\u00dferdem wurden die Schie\u00dfnadeln des Bezirkes in Gold, Silber und Bronze vergeben.<br \/>Das Revier Moos veranstaltete eine Verlosung. Hier konnte man mit etwas Losgl\u00fcck einen Jagderlaubnisschein f\u00fcr einen Gamsbock gewinnen.<br \/>Ein herzliches Dankesch\u00f6n an dieser Stelle den Veranstaltern, welche w\u00e4hrend des gesamten gemeinsamen Bezirkstages f\u00fcr unser leibliches Wohl sorgten.<\/p>\n<p>[\/et_pb_text][et_pb_blurb title=&#8221;Ergebnisse des Bezirksschie\u00dfen Meran&#8221; url=&#8221;https:\/\/jagdverband.it\/wp-content\/uploads\/2024\/05\/Bezirkschiessen_meran-2024.pdf&#8221; use_icon=&#8221;on&#8221; font_icon=&#8221;&#xe092;||divi||400&#8243; icon_color=&#8221;rgba(0,45,3,0.61)&#8221; icon_placement=&#8221;left&#8221; image_icon_width=&#8221;25px&#8221; _builder_version=&#8221;4.18.0&#8243; header_level=&#8221;h3&#8243; background_color_gradient_direction=&#8221;90deg&#8221; custom_margin=&#8221;0px||5px||false|false&#8221; icon_font_size=&#8221;25px&#8221; global_colors_info=&#8221;{}&#8221;][\/et_pb_blurb][et_pb_text _builder_version=&#8221;4.18.0&#8243; custom_padding=&#8221;||10px|||&#8221; global_colors_info=&#8221;{}&#8221;][\/et_pb_text][et_pb_image src=&#8221;https:\/\/jagdverband.it\/wp-content\/uploads\/2024\/05\/Schiessen-Bezirk-Meran-Kombi.jpg&#8221; title_text=&#8221;Schiessen Bezirk Meran Kombi&#8221; show_in_lightbox=&#8221;on&#8221; show_bottom_space=&#8221;off&#8221; _builder_version=&#8221;4.18.0&#8243; _module_preset=&#8221;default&#8221; global_colors_info=&#8221;{}&#8221;][\/et_pb_image][et_pb_text _builder_version=&#8221;4.18.0&#8243; custom_margin=&#8221;10px||||false|false&#8221; custom_padding=&#8221;||10px|||&#8221; global_colors_info=&#8221;{}&#8221;]<\/p>\n<h4>Sieger Kategorie Kombi: von links Schie\u00dfreferent Florian Haller, Philip Ungerer, Alois Platzgummer, Pfitscher Stefan, Bezirksj\u00e4germeister Siegfried Pircher und Revierleiter Helmut Lanthaler<\/h4>\n<p>[\/et_pb_text][et_pb_text _builder_version=&#8221;4.18.0&#8243; custom_padding=&#8221;||10px|||&#8221; global_colors_info=&#8221;{}&#8221;][\/et_pb_text][\/et_pb_column_inner][et_pb_column_inner type=&#8221;1_2&#8243; saved_specialty_column_type=&#8221;3_4&#8243; _builder_version=&#8221;4.16&#8243; global_colors_info=&#8221;{}&#8221;][et_pb_image src=&#8221;https:\/\/jagdverband.it\/wp-content\/uploads\/2024\/05\/Schiessen-Bezirk-Meran-Kipplauf.jpg&#8221; title_text=&#8221;Schiessen Bezirk Meran Kipplauf&#8221; show_in_lightbox=&#8221;on&#8221; show_bottom_space=&#8221;off&#8221; _builder_version=&#8221;4.18.0&#8243; _module_preset=&#8221;default&#8221; global_colors_info=&#8221;{}&#8221;][\/et_pb_image][et_pb_text _builder_version=&#8221;4.18.0&#8243; custom_margin=&#8221;10px||||false|false&#8221; custom_padding=&#8221;||10px|||&#8221; global_colors_info=&#8221;{}&#8221;]<\/p>\n<h4>Sieger Kategorie Kipplauf: von links in Vertretung f\u00fcr Fabian Ploner, Stefan Pfitscher und Nadia Wieser<\/h4>\n<p>[\/et_pb_text][et_pb_image src=&#8221;https:\/\/jagdverband.it\/wp-content\/uploads\/2024\/05\/Schiessen-Bezirk-Meran-Repetierer.jpg&#8221; title_text=&#8221;Schiessen Bezirk Meran Repetierer&#8221; show_in_lightbox=&#8221;on&#8221; show_bottom_space=&#8221;off&#8221; _builder_version=&#8221;4.18.0&#8243; _module_preset=&#8221;default&#8221; global_colors_info=&#8221;{}&#8221;][\/et_pb_image][et_pb_text _builder_version=&#8221;4.18.0&#8243; custom_margin=&#8221;10px||||false|false&#8221; custom_padding=&#8221;||10px|||&#8221; global_colors_info=&#8221;{}&#8221;]<\/p>\n<h4>Sieger Kategorie Repetierer: von links Roman Pratzner, Manfred Schnitzer, Sohn von Thomas Mair, Bezirksj\u00e4germeister Siegfried Pircher, Schie\u00dfreferent Florian Haller und Revierleiter Helmut Lanthaler<\/h4>\n<p>[\/et_pb_text][et_pb_image src=&#8221;https:\/\/jagdverband.it\/wp-content\/uploads\/2024\/05\/Schiessen-Bezirk-Meran-Mannschaft.jpg&#8221; title_text=&#8221;Schiessen Bezirk Meran Mannschaft&#8221; show_in_lightbox=&#8221;on&#8221; show_bottom_space=&#8221;off&#8221; _builder_version=&#8221;4.18.0&#8243; _module_preset=&#8221;default&#8221; global_colors_info=&#8221;{}&#8221;][\/et_pb_image][et_pb_text _builder_version=&#8221;4.18.0&#8243; custom_margin=&#8221;10px||||false|false&#8221; custom_padding=&#8221;||10px|||&#8221; global_colors_info=&#8221;{}&#8221;]<\/p>\n<h4>Die Sieger der neuen Wandertroph\u00e4e aus dem Revier Tirol: von links Helmut Lanthaler, Schie\u00dfreferent Florian Haller, Josef Schnitzer, Manfred Schnitzer und Bezirksj\u00e4germeister Siegfried Pircher<\/h4>\n<p>[\/et_pb_text][\/et_pb_column_inner][\/et_pb_row_inner][et_pb_row_inner _builder_version=&#8221;4.16&#8243; custom_margin=&#8221;10px||||false|false&#8221; custom_padding=&#8221;0px||5px||false|false&#8221; global_colors_info=&#8221;{}&#8221;][et_pb_column_inner saved_specialty_column_type=&#8221;3_4&#8243; _builder_version=&#8221;4.16&#8243; global_colors_info=&#8221;{}&#8221;][et_pb_divider color=&#8221;rgba(0,0,0,0.1)&#8221; _builder_version=&#8221;4.16&#8243; global_colors_info=&#8221;{}&#8221;][\/et_pb_divider][et_pb_text _builder_version=&#8221;4.18.0&#8243; custom_padding=&#8221;||0px|||&#8221; global_colors_info=&#8221;{}&#8221;]<\/p>\n<h2><span style=\"color: #008000;\">Bezirk Bozen <\/span><span style=\"color: #008000;\">&#8211; 23. und 24. Mai 2024<\/span><\/h2>\n<p>[\/et_pb_text][\/et_pb_column_inner][\/et_pb_row_inner][et_pb_row_inner _builder_version=&#8221;4.16&#8243; custom_padding=&#8221;0px||5px||false|false&#8221; global_colors_info=&#8221;{}&#8221;][et_pb_column_inner saved_specialty_column_type=&#8221;3_4&#8243; _builder_version=&#8221;4.16&#8243; global_colors_info=&#8221;{}&#8221;][et_pb_image src=&#8221;https:\/\/jagdverband.it\/wp-content\/uploads\/2024\/05\/Siegerfoto_Bezirksschiessen-2024_Bozen.jpg&#8221; title_text=&#8221;Siegerfoto_Bezirksschie\u00dfen 2024_Bozen&#8221; show_in_lightbox=&#8221;on&#8221; show_bottom_space=&#8221;off&#8221; _builder_version=&#8221;4.18.0&#8243; _module_preset=&#8221;default&#8221; global_colors_info=&#8221;{}&#8221;][\/et_pb_image][et_pb_text _builder_version=&#8221;4.18.0&#8243; custom_margin=&#8221;10px||||false|false&#8221; custom_padding=&#8221;||10px|||&#8221; global_colors_info=&#8221;{}&#8221;]<\/p>\n<h4>Von links: Schie\u00dfreferent Arno Pircher, Sieger Kategorie Kipplauf Markus Ainhauser, Sieger Kategorie Repetierer Gerald Kuprian, 2. Kat. Repetierer Martin Pomarolli, Bezirksj\u00e4germeister Eduard Weger und BJM-Stellvertreter Hubert Gostner<\/h4>\n<p>[\/et_pb_text][\/et_pb_column_inner][\/et_pb_row_inner][et_pb_row_inner column_structure=&#8221;1_2,1_2&#8243; _builder_version=&#8221;4.16&#8243; custom_padding=&#8221;0px||5px||false|false&#8221; global_colors_info=&#8221;{}&#8221;][et_pb_column_inner type=&#8221;1_2&#8243; saved_specialty_column_type=&#8221;3_4&#8243; _builder_version=&#8221;4.16&#8243; global_colors_info=&#8221;{}&#8221;][et_pb_text _builder_version=&#8221;4.18.0&#8243; custom_padding=&#8221;||10px|||&#8221; global_colors_info=&#8221;{}&#8221;]<\/p>\n<p style=\"text-align: left;\">Das Bezirksschie\u00dfen ist allj\u00e4hrlich nicht nur eine Veranstaltung um seine Waffe auf ihre Zielgenauigkeit zu pr\u00fcfen, es ist auch eine Veranstaltung f\u00fcr ein kameradschaftliches Beisammensein. Es werden nicht nur Jagderlebnisse erz\u00e4hlt, sondern auch Erfahrungen in Bezug auf Waffen, Munition und Ausr\u00fcstung ausgetauscht. Heuer fand das Schie\u00dfen am 23. und 24. Mai wiederum am Schie\u00dfstand in Meran statt.<br \/>Eine Herausforderung war wie gewohnt die gemischte Zielscheibe mit 2 Wildmotiven und 1 klassischen Zielscheibe. 106 Wertungsscheiben wurden beschossen.<br \/>In der Kategorie Repetierer holte sich Gerald Kuprian (Ritten) den Titel, auf Rang 2 platzierte sich Martin Pomarolli (Pfatten) und auf Rang 3 Rainer Lang (Ritten).<br \/>Die Kategorie Kipplauf konnte Markus Ainhauser (Sarntal) f\u00fcr sich entscheiden, Rang 2 holte sich Rainer Lang (Ritten) und Rang 3 Philipp Perkmann (M\u00f6lten).<br \/>Der Sieg in der Mannschaftswertung, und somit auch die Wandertroph\u00e4e f\u00fcr ein weiteres Jahr, erging wiederum an das Revier Ritten vor dem Revier Sarntal (2) und dem Revier M\u00f6lten (3).<em><\/em><\/p>\n<p>[\/et_pb_text][\/et_pb_column_inner][et_pb_column_inner type=&#8221;1_2&#8243; saved_specialty_column_type=&#8221;3_4&#8243; _builder_version=&#8221;4.16&#8243; global_colors_info=&#8221;{}&#8221;][et_pb_text _builder_version=&#8221;4.18.0&#8243; custom_padding=&#8221;||10px|||&#8221; global_colors_info=&#8221;{}&#8221;]<\/p>\n<p style=\"text-align: left;\">Unter den Teilnehmern wurden zahlreiche sch\u00f6ne Preise verlost. Ein herzliches Dankesch\u00f6n an die Reviere und Sponsoren f\u00fcr die Zurverf\u00fcgungstellung der Preise.<br \/>Ein besonderer Dank ergeht an den neuen Pr\u00e4sidenten des Schie\u00dfstandes Meran und Landesschie\u00dfreferenten Edl von Dellemann f\u00fcr das Entgegenkommen und die Unterst\u00fctzung auf dem Schie\u00dfstand in Meran. Ein Weidmannsdank an unseren Schie\u00dfreferenten Arno Pircher, den Verbandsjagdaufseher Lorenz Heinisch und an BJM-Stellv. Hubert Gostner f\u00fcr die Durchf\u00fchrung der Schie\u00dfveranstaltung sowie an die Jagdaufseher unseres Bezirkes f\u00fcr die Verpflegung mit Speis und Trank.<\/p>\n<p style=\"text-align: right;\"><em>Der Bezirksj\u00e4germeister Eduard Weger<\/em><\/p>\n<p>[\/et_pb_text][et_pb_blurb title=&#8221;Ergebnisse des Bezirksschie\u00dfen Bozen&#8221; url=&#8221;https:\/\/jagdverband.it\/wp-content\/uploads\/2024\/05\/Schiessen-Bozen-2024-Ergebnisse.pdf.pdf&#8221; use_icon=&#8221;on&#8221; font_icon=&#8221;&#xe092;||divi||400&#8243; icon_color=&#8221;rgba(0,45,3,0.61)&#8221; icon_placement=&#8221;left&#8221; image_icon_width=&#8221;25px&#8221; _builder_version=&#8221;4.18.0&#8243; header_level=&#8221;h3&#8243; background_color_gradient_direction=&#8221;90deg&#8221; custom_margin=&#8221;0px||5px||false|false&#8221; icon_font_size=&#8221;25px&#8221; global_colors_info=&#8221;{}&#8221;][\/et_pb_blurb][\/et_pb_column_inner][\/et_pb_row_inner][et_pb_row_inner _builder_version=&#8221;4.16&#8243; custom_margin=&#8221;10px||||false|false&#8221; custom_padding=&#8221;0px||5px||false|false&#8221; global_colors_info=&#8221;{}&#8221;][et_pb_column_inner saved_specialty_column_type=&#8221;3_4&#8243; _builder_version=&#8221;4.16&#8243; global_colors_info=&#8221;{}&#8221;][et_pb_divider color=&#8221;rgba(0,0,0,0.1)&#8221; _builder_version=&#8221;4.16&#8243; global_colors_info=&#8221;{}&#8221;][\/et_pb_divider][et_pb_text _builder_version=&#8221;4.18.0&#8243; custom_padding=&#8221;||0px|||&#8221; global_colors_info=&#8221;{}&#8221;]<\/p>\n<h2><span style=\"color: #008000;\">Bezirk Unterland <\/span><span style=\"color: #008000;\">&#8211; 25. Mai 2024<\/span><\/h2>\n<p>[\/et_pb_text][\/et_pb_column_inner][\/et_pb_row_inner][et_pb_row_inner column_structure=&#8221;1_2,1_2&#8243; _builder_version=&#8221;4.16&#8243; custom_padding=&#8221;0px||5px||false|false&#8221; global_colors_info=&#8221;{}&#8221;][et_pb_column_inner type=&#8221;1_2&#8243; saved_specialty_column_type=&#8221;3_4&#8243; _builder_version=&#8221;4.16&#8243; global_colors_info=&#8221;{}&#8221;][et_pb_text _builder_version=&#8221;4.18.0&#8243; custom_padding=&#8221;||10px|||&#8221; global_colors_info=&#8221;{}&#8221;]<\/p>\n<p><strong>Bezirksschie\u00dfen Unterland ein voller Erfolg<\/strong><\/p>\n<p>Heuer fand das Bezirksschie\u00dfen am 25. Mai wiederum auf dem 200-Meter-Schie\u00dfstand in der Lochm\u00fchle in Neumarkt statt. Trotz der instabilen Wetterlage wurde am Termin f\u00fcr das Bezirksschie\u00dfen festgehalten und der Erfolg gab den Organisatoren Recht. Es zeigte sich, dass ein bisschen Regen dem gem\u00fctlichen Beisammensein, dem Austausch von Jagderlebnissen und Erfahrungen nichts anhaben kann.<\/p>\n<p>Insgesamt beteiligten sich 59 J\u00e4gerinnen und J\u00e4ger, von denen einige in beiden Kategorien geschossen haben. Es wurden 8x Gold, 20x Silber und 31x Bronze vergeben. Zum guten Gelingen beigetragen haben die vielen gespendeten Preise, sodass fast jeder Teilnehmer einen Sachpreis erhalten hat.<\/p>\n<p>Unter allen Teilnehmern wurde ein Jagderlaubnisschein auf Kahlwild verlost.<\/p>\n<p>Den Sponsoren Bignami, ML Armory, Loacker sowie allen Revieren ein herzliches Dankesch\u00f6n. Ein Dank geb\u00fchrt auch dem Verbandsaufseher und den Jagdaufsehern im Bezirk, die wie immer die Aufsicht \u00fcbernommen haben und f\u00fcr einen geregelten Ablauf des Wettbewerbes sorgten. Ein Dank auch dem Revier Neumarkt f\u00fcr die Organisation und Verk\u00f6stigung mit Wei\u00dfwurst, Hirschgulasch mit Polenta samt verschiedenem Geb\u00e4ck.<\/p>\n<p style=\"text-align: right;\"><em>Schie\u00dfreferent Karl Zambaldi<\/em><\/p>\n<p>[\/et_pb_text][et_pb_blurb title=&#8221;Ergebnisse des Bezirksschie\u00dfen Unterland&#8221; url=&#8221;https:\/\/jagdverband.it\/wp-content\/uploads\/2024\/05\/Bezirksschiessen-Unterland-2024.pdf&#8221; use_icon=&#8221;on&#8221; font_icon=&#8221;&#xe092;||divi||400&#8243; icon_color=&#8221;rgba(0,45,3,0.61)&#8221; icon_placement=&#8221;left&#8221; image_icon_width=&#8221;25px&#8221; _builder_version=&#8221;4.18.0&#8243; header_level=&#8221;h3&#8243; background_color_gradient_direction=&#8221;90deg&#8221; custom_margin=&#8221;0px||5px||false|false&#8221; icon_font_size=&#8221;25px&#8221; global_colors_info=&#8221;{}&#8221;][\/et_pb_blurb][et_pb_text _builder_version=&#8221;4.18.0&#8243; custom_padding=&#8221;||10px|||&#8221; global_colors_info=&#8221;{}&#8221;][\/et_pb_text][\/et_pb_column_inner][et_pb_column_inner type=&#8221;1_2&#8243; saved_specialty_column_type=&#8221;3_4&#8243; _builder_version=&#8221;4.16&#8243; global_colors_info=&#8221;{}&#8221;][et_pb_image src=&#8221;https:\/\/jagdverband.it\/wp-content\/uploads\/2024\/05\/Bezirk-Unterland-Schiessen-2024IMG_029156.jpg&#8221; title_text=&#8221;Bezirk Unterland Schiessen 2024IMG_029156&#8243; show_in_lightbox=&#8221;on&#8221; show_bottom_space=&#8221;off&#8221; _builder_version=&#8221;4.18.0&#8243; _module_preset=&#8221;default&#8221; global_colors_info=&#8221;{}&#8221;][\/et_pb_image][\/et_pb_column_inner][\/et_pb_row_inner][et_pb_row_inner _builder_version=&#8221;4.16&#8243; custom_margin=&#8221;10px||||false|false&#8221; custom_padding=&#8221;0px||5px||false|false&#8221; global_colors_info=&#8221;{}&#8221;][et_pb_column_inner saved_specialty_column_type=&#8221;3_4&#8243; _builder_version=&#8221;4.16&#8243; global_colors_info=&#8221;{}&#8221;][et_pb_divider color=&#8221;rgba(0,0,0,0.1)&#8221; _builder_version=&#8221;4.16&#8243; global_colors_info=&#8221;{}&#8221;][\/et_pb_divider][et_pb_text _builder_version=&#8221;4.18.0&#8243; custom_padding=&#8221;||0px|||&#8221; global_colors_info=&#8221;{}&#8221;]<\/p>\n<h2><span style=\"color: #008000;\">Bezirk Brixen <\/span><span style=\"color: #008000;\">&#8211; 25. Mai 2024<\/span><\/h2>\n<p>[\/et_pb_text][\/et_pb_column_inner][\/et_pb_row_inner][et_pb_row_inner column_structure=&#8221;1_2,1_2&#8243; _builder_version=&#8221;4.16&#8243; custom_padding=&#8221;0px||5px||false|false&#8221; global_colors_info=&#8221;{}&#8221;][et_pb_column_inner type=&#8221;1_2&#8243; saved_specialty_column_type=&#8221;3_4&#8243; _builder_version=&#8221;4.16&#8243; global_colors_info=&#8221;{}&#8221;][et_pb_text _builder_version=&#8221;4.18.0&#8243; custom_padding=&#8221;||10px|||&#8221; global_colors_info=&#8221;{}&#8221;]<\/p>\n<p>Am 25. Mai fand das Bezirksschie\u00dfen von Brixen in Feldthurns statt. Es waren insgesamt 110 J\u00e4ger aus 18 Revieren anwesend, darunter elf Revierleiter. Anschlie\u00dfend an den Schie\u00dfbewerb wurden noch viele Jagderlaubnisscheine und Sachpreise unter den anwesenden Teilnehmern verlost. Die Scheibenauswertung \u00fcbernahm der Bezirksschie\u00dfreferent Franz Ritsch. Der Bezirksj\u00e4germeister Rino Insam bedankte sich bei der Preisverteilung bei Revierleiter Andreas Brunner und seinen Helfern f\u00fcr die hervorragende Organisation und Verpflegung. Karl Neumair stellte zwei nagelneue Repetierer f\u00fcr das Schie\u00dfen zur Verf\u00fcgung. Ebenso sei dem Verbandjagdaufseher Martin Schmiedhofer und den beiden Revierjagdaufsehern Hubert Kerschbaumer und Johann Pfattner f\u00fcr die Arbeit am Schie\u00dfstand gedankt.<\/p>\n<p>[\/et_pb_text][et_pb_blurb title=&#8221;Ergebnisse des Bezirksschie\u00dfen Brixen&#8221; url=&#8221;https:\/\/jagdverband.it\/wp-content\/uploads\/2024\/05\/Bezirksschiessen-Brixen-2024.pdf&#8221; use_icon=&#8221;on&#8221; font_icon=&#8221;&#xe092;||divi||400&#8243; icon_color=&#8221;rgba(0,45,3,0.61)&#8221; icon_placement=&#8221;left&#8221; image_icon_width=&#8221;25px&#8221; _builder_version=&#8221;4.18.0&#8243; header_level=&#8221;h3&#8243; background_color_gradient_direction=&#8221;90deg&#8221; custom_margin=&#8221;0px||5px||false|false&#8221; icon_font_size=&#8221;25px&#8221; global_colors_info=&#8221;{}&#8221;][\/et_pb_blurb][et_pb_text _builder_version=&#8221;4.18.0&#8243; custom_padding=&#8221;||10px|||&#8221; global_colors_info=&#8221;{}&#8221;][\/et_pb_text][\/et_pb_column_inner][et_pb_column_inner type=&#8221;1_2&#8243; saved_specialty_column_type=&#8221;3_4&#8243; _builder_version=&#8221;4.16&#8243; global_colors_info=&#8221;{}&#8221;][et_pb_image src=&#8221;https:\/\/jagdverband.it\/wp-content\/uploads\/2024\/05\/Bezirk-Brixen-Schiessen.jpg&#8221; title_text=&#8221;Bezirk Brixen Schiessen&#8221; show_in_lightbox=&#8221;on&#8221; show_bottom_space=&#8221;off&#8221; _builder_version=&#8221;4.18.0&#8243; _module_preset=&#8221;default&#8221; global_colors_info=&#8221;{}&#8221;][\/et_pb_image][\/et_pb_column_inner][\/et_pb_row_inner][et_pb_row_inner column_structure=&#8221;undefined&#8221; _builder_version=&#8221;4.16&#8243; custom_padding=&#8221;0px||0px||false|false&#8221; global_colors_info=&#8221;{}&#8221;][et_pb_column_inner type=&#8221;undefined&#8221; saved_specialty_column_type=&#8221;3_4&#8243; _builder_version=&#8221;4.16&#8243; global_colors_info=&#8221;{}&#8221;][et_pb_divider color=&#8221;rgba(0,0,0,0.13)&#8221; _builder_version=&#8221;4.16&#8243; custom_margin=&#8221;||0px||false|false&#8221; global_colors_info=&#8221;{}&#8221;][\/et_pb_divider][et_pb_button button_url=&#8221;https:\/\/jagdverband.it\/mitteilungen\/&#8221; button_text=&#8221;Zur\u00fcck zur \u00dcbersicht&#8221; button_alignment=&#8221;center&#8221; _builder_version=&#8221;4.16&#8243; global_colors_info=&#8221;{}&#8221;][\/et_pb_button][et_pb_divider color=&#8221;rgba(0,0,0,0.1)&#8221; _builder_version=&#8221;4.16&#8243; global_colors_info=&#8221;{}&#8221;][\/et_pb_divider][\/et_pb_column_inner][\/et_pb_row_inner][\/et_pb_column][et_pb_column type=&#8221;1_4&#8243; _builder_version=&#8221;4.16&#8243; custom_padding=&#8221;|||&#8221; global_colors_info=&#8221;{}&#8221; custom_padding__hover=&#8221;|||&#8221;][et_pb_sidebar orientation=&#8221;right&#8221; _builder_version=&#8221;4.16&#8243; global_colors_info=&#8221;{}&#8221;][\/et_pb_sidebar][\/et_pb_column][\/et_pb_section]<\/p>\n","protected":false},"excerpt":{"rendered":"<p>Mai 2024 &#8211; Hier finden Sie die Ergebnisse der verschiedenen Bezirksschie\u00dfen.<\/p>\n","protected":false},"author":1,"featured_media":76972,"comment_status":"closed","ping_status":"closed","sticky":false,"template":"","format":"standard","meta":{"_et_pb_use_builder":"on","_et_pb_old_content":"","_et_gb_content_width":""},"categories":[80],"tags":[],"featured_image_src":"https:\/\/jagdverband.it\/wp-content\/uploads\/2023\/12\/Schiessabzeichen-2024-IMG_2940-Kopie-1024x766.jpg","blog_images":{"medium":"https:\/\/jagdverband.it\/wp-content\/uploads\/2023\/12\/Schiessabzeichen-2024-IMG_2940-Kopie-300x224.jpg","large":"https:\/\/jagdverband.it\/wp-content\/uploads\/2023\/12\/Schiessabzeichen-2024-IMG_2940-Kopie-1024x766.jpg"},"ams_acf":[],"yoast_head":"<!-- This site is optimized with the Yoast SEO plugin v19.6 - https:\/\/yoast.com\/wordpress\/plugins\/seo\/ -->\n<title>Ergebnisse der Bezirksschie\u00dfen 2024 - S\u00fcdtiroler Jagdverband<\/title>\n<meta name=\"robots\" content=\"index, follow, max-snippet:-1, max-image-preview:large, max-video-preview:-1\" \/>\n<link rel=\"canonical\" href=\"https:\/\/jagdverband.it\/it\/bezirksschiessen-2024\/\" \/>\n<meta property=\"og:locale\" content=\"it_IT\" \/>\n<meta property=\"og:type\" content=\"article\" \/>\n<meta property=\"og:title\" content=\"Ergebnisse der Bezirksschie\u00dfen 2024 - S\u00fcdtiroler Jagdverband\" \/>\n<meta property=\"og:description\" content=\"Mai 2024 - Hier finden Sie die Ergebnisse der verschiedenen Bezirksschie\u00dfen.\" \/>\n<meta property=\"og:url\" content=\"https:\/\/jagdverband.it\/it\/bezirksschiessen-2024\/\" \/>\n<meta property=\"og:site_name\" content=\"S\u00fcdtiroler Jagdverband\" \/>\n<meta property=\"article:published_time\" content=\"2024-05-29T09:21:57+00:00\" \/>\n<meta property=\"article:modified_time\" content=\"2024-06-03T08:34:13+00:00\" \/>\n<meta property=\"og:image\" content=\"https:\/\/jagdverband.it\/wp-content\/uploads\/2023\/12\/Schiessabzeichen-2024-IMG_2940-Kopie-scaled.jpg\" \/>\n\t<meta property=\"og:image:width\" content=\"2560\" \/>\n\t<meta property=\"og:image:height\" content=\"1915\" \/>\n\t<meta property=\"og:image:type\" content=\"image\/jpeg\" \/>\n<meta name=\"author\" content=\"admin\" \/>\n<meta name=\"twitter:card\" content=\"summary\" \/>\n<meta name=\"twitter:label1\" content=\"Scritto da\" \/>\n\t<meta name=\"twitter:data1\" content=\"admin\" \/>\n\t<meta name=\"twitter:label2\" content=\"Tempo di lettura stimato\" \/>\n\t<meta name=\"twitter:data2\" content=\"12 minuti\" \/>\n<script type=\"application\/ld+json\" class=\"yoast-schema-graph\">{\"@context\":\"https:\/\/schema.org\",\"@graph\":[{\"@type\":\"Article\",\"@id\":\"https:\/\/jagdverband.it\/it\/bezirksschiessen-2024\/#article\",\"isPartOf\":{\"@id\":\"https:\/\/jagdverband.it\/it\/bezirksschiessen-2024\/\"},\"author\":{\"name\":\"admin\",\"@id\":\"https:\/\/jagdverband.it\/it\/#\/schema\/person\/3e030b3a4aa7c391e09cd551afd6dc73\"},\"headline\":\"Ergebnisse der Bezirksschie\u00dfen 2024\",\"datePublished\":\"2024-05-29T09:21:57+00:00\",\"dateModified\":\"2024-06-03T08:34:13+00:00\",\"mainEntityOfPage\":{\"@id\":\"https:\/\/jagdverband.it\/it\/bezirksschiessen-2024\/\"},\"wordCount\":4363,\"publisher\":{\"@id\":\"https:\/\/jagdverband.it\/it\/#organization\"},\"articleSection\":[\"Mitteilungen\"],\"inLanguage\":\"it-IT\"},{\"@type\":\"WebPage\",\"@id\":\"https:\/\/jagdverband.it\/it\/bezirksschiessen-2024\/\",\"url\":\"https:\/\/jagdverband.it\/it\/bezirksschiessen-2024\/\",\"name\":\"Ergebnisse der Bezirksschie\u00dfen 2024 - S\u00fcdtiroler Jagdverband\",\"isPartOf\":{\"@id\":\"https:\/\/jagdverband.it\/it\/#website\"},\"datePublished\":\"2024-05-29T09:21:57+00:00\",\"dateModified\":\"2024-06-03T08:34:13+00:00\",\"breadcrumb\":{\"@id\":\"https:\/\/jagdverband.it\/it\/bezirksschiessen-2024\/#breadcrumb\"},\"inLanguage\":\"it-IT\",\"potentialAction\":[{\"@type\":\"ReadAction\",\"target\":[\"https:\/\/jagdverband.it\/it\/bezirksschiessen-2024\/\"]}]},{\"@type\":\"BreadcrumbList\",\"@id\":\"https:\/\/jagdverband.it\/it\/bezirksschiessen-2024\/#breadcrumb\",\"itemListElement\":[{\"@type\":\"ListItem\",\"position\":1,\"name\":\"Home\",\"item\":\"https:\/\/jagdverband.it\/it\/\"},{\"@type\":\"ListItem\",\"position\":2,\"name\":\"Mitteilungen\",\"item\":\"https:\/\/jagdverband.it\/c\/mitteilungen\/\"},{\"@type\":\"ListItem\",\"position\":3,\"name\":\"Ergebnisse der Bezirksschie\u00dfen 2024\"}]},{\"@type\":\"WebSite\",\"@id\":\"https:\/\/jagdverband.it\/it\/#website\",\"url\":\"https:\/\/jagdverband.it\/it\/\",\"name\":\"S\u00fcdtiroler Jagdverband\",\"description\":\"S\u00fcdtiroler Jagdverband\",\"publisher\":{\"@id\":\"https:\/\/jagdverband.it\/it\/#organization\"},\"potentialAction\":[{\"@type\":\"SearchAction\",\"target\":{\"@type\":\"EntryPoint\",\"urlTemplate\":\"https:\/\/jagdverband.it\/it\/?s={search_term_string}\"},\"query-input\":\"required name=search_term_string\"}],\"inLanguage\":\"it-IT\"},{\"@type\":\"Organization\",\"@id\":\"https:\/\/jagdverband.it\/it\/#organization\",\"name\":\"S\u00fcdtiroler Jagdverband\",\"url\":\"https:\/\/jagdverband.it\/it\/\",\"sameAs\":[],\"logo\":{\"@type\":\"ImageObject\",\"inLanguage\":\"it-IT\",\"@id\":\"https:\/\/jagdverband.it\/it\/#\/schema\/logo\/image\/\",\"url\":\"\",\"contentUrl\":\"\",\"caption\":\"S\u00fcdtiroler Jagdverband\"},\"image\":{\"@id\":\"https:\/\/jagdverband.it\/it\/#\/schema\/logo\/image\/\"}},{\"@type\":\"Person\",\"@id\":\"https:\/\/jagdverband.it\/it\/#\/schema\/person\/3e030b3a4aa7c391e09cd551afd6dc73\",\"name\":\"admin\",\"image\":{\"@type\":\"ImageObject\",\"inLanguage\":\"it-IT\",\"@id\":\"https:\/\/jagdverband.it\/it\/#\/schema\/person\/image\/\",\"url\":\"https:\/\/secure.gravatar.com\/avatar\/badbf5eaa88657062fdcacb31218cc5c?s=96&d=blank&r=g\",\"contentUrl\":\"https:\/\/secure.gravatar.com\/avatar\/badbf5eaa88657062fdcacb31218cc5c?s=96&d=blank&r=g\",\"caption\":\"admin\"},\"url\":\"https:\/\/jagdverband.it\/it\/author\/admin\/\"}]}<\/script>\n<!-- \/ Yoast SEO plugin. -->","yoast_head_json":{"title":"Ergebnisse der Bezirksschie\u00dfen 2024 - S\u00fcdtiroler Jagdverband","robots":{"index":"index","follow":"follow","max-snippet":"max-snippet:-1","max-image-preview":"max-image-preview:large","max-video-preview":"max-video-preview:-1"},"canonical":"https:\/\/jagdverband.it\/it\/bezirksschiessen-2024\/","og_locale":"it_IT","og_type":"article","og_title":"Ergebnisse der Bezirksschie\u00dfen 2024 - S\u00fcdtiroler Jagdverband","og_description":"Mai 2024 - Hier finden Sie die Ergebnisse der verschiedenen Bezirksschie\u00dfen.","og_url":"https:\/\/jagdverband.it\/it\/bezirksschiessen-2024\/","og_site_name":"S\u00fcdtiroler Jagdverband","article_published_time":"2024-05-29T09:21:57+00:00","article_modified_time":"2024-06-03T08:34:13+00:00","og_image":[{"width":2560,"height":1915,"url":"https:\/\/jagdverband.it\/wp-content\/uploads\/2023\/12\/Schiessabzeichen-2024-IMG_2940-Kopie-scaled.jpg","type":"image\/jpeg"}],"author":"admin","twitter_card":"summary","twitter_misc":{"Scritto da":"admin","Tempo di lettura stimato":"12 minuti"},"schema":{"@context":"https:\/\/schema.org","@graph":[{"@type":"Article","@id":"https:\/\/jagdverband.it\/it\/bezirksschiessen-2024\/#article","isPartOf":{"@id":"https:\/\/jagdverband.it\/it\/bezirksschiessen-2024\/"},"author":{"name":"admin","@id":"https:\/\/jagdverband.it\/it\/#\/schema\/person\/3e030b3a4aa7c391e09cd551afd6dc73"},"headline":"Ergebnisse der Bezirksschie\u00dfen 2024","datePublished":"2024-05-29T09:21:57+00:00","dateModified":"2024-06-03T08:34:13+00:00","mainEntityOfPage":{"@id":"https:\/\/jagdverband.it\/it\/bezirksschiessen-2024\/"},"wordCount":4363,"publisher":{"@id":"https:\/\/jagdverband.it\/it\/#organization"},"articleSection":["Mitteilungen"],"inLanguage":"it-IT"},{"@type":"WebPage","@id":"https:\/\/jagdverband.it\/it\/bezirksschiessen-2024\/","url":"https:\/\/jagdverband.it\/it\/bezirksschiessen-2024\/","name":"Ergebnisse der Bezirksschie\u00dfen 2024 - S\u00fcdtiroler Jagdverband","isPartOf":{"@id":"https:\/\/jagdverband.it\/it\/#website"},"datePublished":"2024-05-29T09:21:57+00:00","dateModified":"2024-06-03T08:34:13+00:00","breadcrumb":{"@id":"https:\/\/jagdverband.it\/it\/bezirksschiessen-2024\/#breadcrumb"},"inLanguage":"it-IT","potentialAction":[{"@type":"ReadAction","target":["https:\/\/jagdverband.it\/it\/bezirksschiessen-2024\/"]}]},{"@type":"BreadcrumbList","@id":"https:\/\/jagdverband.it\/it\/bezirksschiessen-2024\/#breadcrumb","itemListElement":[{"@type":"ListItem","position":1,"name":"Home","item":"https:\/\/jagdverband.it\/it\/"},{"@type":"ListItem","position":2,"name":"Mitteilungen","item":"https:\/\/jagdverband.it\/c\/mitteilungen\/"},{"@type":"ListItem","position":3,"name":"Ergebnisse der Bezirksschie\u00dfen 2024"}]},{"@type":"WebSite","@id":"https:\/\/jagdverband.it\/it\/#website","url":"https:\/\/jagdverband.it\/it\/","name":"S\u00fcdtiroler Jagdverband","description":"S\u00fcdtiroler Jagdverband","publisher":{"@id":"https:\/\/jagdverband.it\/it\/#organization"},"potentialAction":[{"@type":"SearchAction","target":{"@type":"EntryPoint","urlTemplate":"https:\/\/jagdverband.it\/it\/?s={search_term_string}"},"query-input":"required name=search_term_string"}],"inLanguage":"it-IT"},{"@type":"Organization","@id":"https:\/\/jagdverband.it\/it\/#organization","name":"S\u00fcdtiroler Jagdverband","url":"https:\/\/jagdverband.it\/it\/","sameAs":[],"logo":{"@type":"ImageObject","inLanguage":"it-IT","@id":"https:\/\/jagdverband.it\/it\/#\/schema\/logo\/image\/","url":"","contentUrl":"","caption":"S\u00fcdtiroler Jagdverband"},"image":{"@id":"https:\/\/jagdverband.it\/it\/#\/schema\/logo\/image\/"}},{"@type":"Person","@id":"https:\/\/jagdverband.it\/it\/#\/schema\/person\/3e030b3a4aa7c391e09cd551afd6dc73","name":"admin","image":{"@type":"ImageObject","inLanguage":"it-IT","@id":"https:\/\/jagdverband.it\/it\/#\/schema\/person\/image\/","url":"https:\/\/secure.gravatar.com\/avatar\/badbf5eaa88657062fdcacb31218cc5c?s=96&d=blank&r=g","contentUrl":"https:\/\/secure.gravatar.com\/avatar\/badbf5eaa88657062fdcacb31218cc5c?s=96&d=blank&r=g","caption":"admin"},"url":"https:\/\/jagdverband.it\/it\/author\/admin\/"}]}},"_links":{"self":[{"href":"https:\/\/jagdverband.it\/it\/wp-json\/wp\/v2\/posts\/76980"}],"collection":[{"href":"https:\/\/jagdverband.it\/it\/wp-json\/wp\/v2\/posts"}],"about":[{"href":"https:\/\/jagdverband.it\/it\/wp-json\/wp\/v2\/types\/post"}],"author":[{"embeddable":true,"href":"https:\/\/jagdverband.it\/it\/wp-json\/wp\/v2\/users\/1"}],"replies":[{"embeddable":true,"href":"https:\/\/jagdverband.it\/it\/wp-json\/wp\/v2\/comments?post=76980"}],"version-history":[{"count":0,"href":"https:\/\/jagdverband.it\/it\/wp-json\/wp\/v2\/posts\/76980\/revisions"}],"wp:featuredmedia":[{"embeddable":true,"href":"https:\/\/jagdverband.it\/it\/wp-json\/wp\/v2\/media\/76972"}],"wp:attachment":[{"href":"https:\/\/jagdverband.it\/it\/wp-json\/wp\/v2\/media?parent=76980"}],"wp:term":[{"taxonomy":"category","embeddable":true,"href":"https:\/\/jagdverband.it\/it\/wp-json\/wp\/v2\/categories?post=76980"},{"taxonomy":"post_tag","embeddable":true,"href":"https:\/\/jagdverband.it\/it\/wp-json\/wp\/v2\/tags?post=76980"}],"curies":[{"name":"wp","href":"https:\/\/api.w.org\/{rel}","templated":true}]}}