{"id":76905,"date":"2024-04-18T08:36:11","date_gmt":"2024-04-18T06:36:11","guid":{"rendered":"https:\/\/jagdverband.it\/fotowettbewerb-des-sjv-jetzt-abstimmen-fuer-den-publikumspreis-copy\/"},"modified":"2024-04-18T12:03:49","modified_gmt":"2024-04-18T10:03:49","slug":"fotowettbewerb-des-sjv-das-ist-der-gewinner-des-publikumspreises","status":"publish","type":"post","link":"https:\/\/jagdverband.it\/it\/fotowettbewerb-des-sjv-das-ist-der-gewinner-des-publikumspreises\/","title":{"rendered":"Fotowettbewerb des SJV: Das ist der Gewinner des Publikumspreises"},"content":{"rendered":"<p>[et_pb_section fb_built=&#8221;1&#8243; specialty=&#8221;on&#8221; _builder_version=&#8221;4.16&#8243; global_colors_info=&#8221;{}&#8221;][et_pb_column type=&#8221;3_4&#8243; specialty_columns=&#8221;3&#8243; _builder_version=&#8221;4.16&#8243; custom_padding=&#8221;|||&#8221; global_colors_info=&#8221;{}&#8221; custom_padding__hover=&#8221;|||&#8221;][et_pb_row_inner _builder_version=&#8221;4.16&#8243; custom_padding=&#8221;||5px||false|false&#8221; global_colors_info=&#8221;{}&#8221;][et_pb_column_inner saved_specialty_column_type=&#8221;3_4&#8243; _builder_version=&#8221;4.16&#8243; global_colors_info=&#8221;{}&#8221;][et_pb_text _builder_version=&#8221;4.18.0&#8243; custom_padding=&#8221;||0px|||&#8221; global_colors_info=&#8221;{}&#8221;]<\/p>\n<h1>Fotowettbewerb des SJV: Das ist der Gewinner des Publikumspreises<\/h1>\n<h3><em>18. April 2024<\/em><\/h3>\n<p>[\/et_pb_text][\/et_pb_column_inner][\/et_pb_row_inner][et_pb_row_inner _builder_version=&#8221;4.18.0&#8243; custom_padding=&#8221;||0px||false|false&#8221; global_colors_info=&#8221;{}&#8221;][et_pb_column_inner saved_specialty_column_type=&#8221;3_4&#8243; _builder_version=&#8221;4.16&#8243; global_colors_info=&#8221;{}&#8221;][et_pb_text _builder_version=&#8221;4.18.0&#8243; _module_preset=&#8221;default&#8221; hover_enabled=&#8221;0&#8243; global_colors_info=&#8221;{}&#8221; sticky_enabled=&#8221;0&#8243;]<\/p>\n<p>Vom 21. M\u00e4rz bis zum 15. April konnten unsere Follower auf dem <strong><a href=\"https:\/\/www.instagram.com\/suedtirolerjagdverband\/\">Instagram-Profil des S\u00fcdtiroler Jagdverbandes<\/a><\/strong> unter den 30 besten Bildern in der Kategorie Wildtiere ihren Favoriten w\u00e4hlen. Insgesamt wurden 1.965 Stimmen abgegeben.<\/p>\n<p>Nun steht der Gewinner fest. Der Naturfotograf Philipp Egger erhielt f\u00fcr sein Bild eines Auerhahnes in der D\u00e4mmerung am meisten Likes und gewinnt einen Einkaufsgutschein \u00fcber 250 Euro beim Bergsportspezialisten Salewa.<\/p>\n<blockquote>\n<p>Wir gratulieren herzlich!<\/p>\n<\/blockquote>\n<p>[\/et_pb_text][\/et_pb_column_inner][\/et_pb_row_inner][et_pb_row_inner _builder_version=&#8221;4.18.0&#8243; custom_padding=&#8221;||0px||false|false&#8221; global_colors_info=&#8221;{}&#8221;][et_pb_column_inner saved_specialty_column_type=&#8221;3_4&#8243; _builder_version=&#8221;4.16&#8243; global_colors_info=&#8221;{}&#8221;][et_pb_image src=&#8221;https:\/\/jagdverband.it\/wp-content\/uploads\/2024\/03\/Philipp-Egger.jpg&#8221; title_text=&#8221;Philipp Egger&#8221; show_in_lightbox=&#8221;on&#8221; _builder_version=&#8221;4.18.0&#8243; _module_preset=&#8221;default&#8221; global_colors_info=&#8221;{}&#8221;][\/et_pb_image][\/et_pb_column_inner][\/et_pb_row_inner][et_pb_row_inner column_structure=&#8221;undefined&#8221; _builder_version=&#8221;4.16&#8243; custom_padding=&#8221;||||false|false&#8221; global_colors_info=&#8221;{}&#8221;][et_pb_column_inner type=&#8221;undefined&#8221; saved_specialty_column_type=&#8221;3_4&#8243; _builder_version=&#8221;4.16&#8243; global_colors_info=&#8221;{}&#8221;][et_pb_divider color=&#8221;rgba(0,0,0,0.13)&#8221; _builder_version=&#8221;4.16&#8243; custom_margin=&#8221;||||false|false&#8221; global_colors_info=&#8221;{}&#8221;][\/et_pb_divider][et_pb_button button_url=&#8221;https:\/\/jagdverband.it\/mitteilungen\/&#8221; button_text=&#8221;Zur\u00fcck zur \u00dcbersicht&#8221; button_alignment=&#8221;center&#8221; _builder_version=&#8221;4.16&#8243; global_colors_info=&#8221;{}&#8221;][\/et_pb_button][et_pb_divider color=&#8221;rgba(0,0,0,0.13)&#8221; _builder_version=&#8221;4.16&#8243; custom_margin=&#8221;25px||||false|false&#8221; global_colors_info=&#8221;{}&#8221;][\/et_pb_divider][\/et_pb_column_inner][\/et_pb_row_inner][\/et_pb_column][et_pb_column type=&#8221;1_4&#8243; _builder_version=&#8221;4.16&#8243; custom_padding=&#8221;|||&#8221; global_colors_info=&#8221;{}&#8221; custom_padding__hover=&#8221;|||&#8221;][et_pb_sidebar orientation=&#8221;right&#8221; _builder_version=&#8221;4.16&#8243; global_colors_info=&#8221;{}&#8221;][\/et_pb_sidebar][\/et_pb_column][\/et_pb_section]<\/p>\n","protected":false},"excerpt":{"rendered":"<p>18.04.2024 &#8211; Philipp Egger gewinnt einen Einkaufsgutschein im Wert von 250 Euro beim Bergsportspezialisten Salewa.<\/p>\n","protected":false},"author":1,"featured_media":76623,"comment_status":"closed","ping_status":"closed","sticky":false,"template":"","format":"standard","meta":{"_et_pb_use_builder":"on","_et_pb_old_content":"","_et_gb_content_width":""},"categories":[80],"tags":[],"featured_image_src":"https:\/\/jagdverband.it\/wp-content\/uploads\/2024\/03\/Philipp-Egger-1024x681.jpg","blog_images":{"medium":"https:\/\/jagdverband.it\/wp-content\/uploads\/2024\/03\/Philipp-Egger-300x200.jpg","large":"https:\/\/jagdverband.it\/wp-content\/uploads\/2024\/03\/Philipp-Egger-1024x681.jpg"},"ams_acf":[],"yoast_head":"<!-- This site is optimized with the Yoast SEO plugin v19.6 - https:\/\/yoast.com\/wordpress\/plugins\/seo\/ -->\n<title>Fotowettbewerb des SJV: Das ist der Gewinner des Publikumspreises - S\u00fcdtiroler Jagdverband<\/title>\n<meta name=\"robots\" content=\"index, follow, max-snippet:-1, max-image-preview:large, max-video-preview:-1\" \/>\n<link rel=\"canonical\" href=\"https:\/\/jagdverband.it\/it\/fotowettbewerb-des-sjv-das-ist-der-gewinner-des-publikumspreises\/\" \/>\n<meta property=\"og:locale\" content=\"it_IT\" \/>\n<meta property=\"og:type\" content=\"article\" \/>\n<meta property=\"og:title\" content=\"Fotowettbewerb des SJV: Das ist der Gewinner des Publikumspreises - S\u00fcdtiroler Jagdverband\" \/>\n<meta property=\"og:description\" content=\"18.04.2024 - Philipp Egger gewinnt einen Einkaufsgutschein im Wert von 250 Euro beim Bergsportspezialisten Salewa.\" \/>\n<meta property=\"og:url\" content=\"https:\/\/jagdverband.it\/it\/fotowettbewerb-des-sjv-das-ist-der-gewinner-des-publikumspreises\/\" \/>\n<meta property=\"og:site_name\" content=\"S\u00fcdtiroler Jagdverband\" \/>\n<meta property=\"article:published_time\" content=\"2024-04-18T06:36:11+00:00\" \/>\n<meta property=\"article:modified_time\" content=\"2024-04-18T10:03:49+00:00\" \/>\n<meta property=\"og:image\" content=\"https:\/\/jagdverband.it\/wp-content\/uploads\/2024\/03\/Philipp-Egger.jpg\" \/>\n\t<meta property=\"og:image:width\" content=\"2400\" \/>\n\t<meta property=\"og:image:height\" content=\"1597\" \/>\n\t<meta property=\"og:image:type\" content=\"image\/jpeg\" \/>\n<meta name=\"author\" content=\"admin\" \/>\n<meta name=\"twitter:card\" content=\"summary\" \/>\n<meta name=\"twitter:label1\" content=\"Scritto da\" \/>\n\t<meta name=\"twitter:data1\" content=\"admin\" \/>\n\t<meta name=\"twitter:label2\" content=\"Tempo di lettura stimato\" \/>\n\t<meta name=\"twitter:data2\" content=\"1 minuto\" \/>\n<script type=\"application\/ld+json\" class=\"yoast-schema-graph\">{\"@context\":\"https:\/\/schema.org\",\"@graph\":[{\"@type\":\"Article\",\"@id\":\"https:\/\/jagdverband.it\/it\/fotowettbewerb-des-sjv-das-ist-der-gewinner-des-publikumspreises\/#article\",\"isPartOf\":{\"@id\":\"https:\/\/jagdverband.it\/it\/fotowettbewerb-des-sjv-das-ist-der-gewinner-des-publikumspreises\/\"},\"author\":{\"name\":\"admin\",\"@id\":\"https:\/\/jagdverband.it\/it\/#\/schema\/person\/3e030b3a4aa7c391e09cd551afd6dc73\"},\"headline\":\"Fotowettbewerb des SJV: Das ist der Gewinner des Publikumspreises\",\"datePublished\":\"2024-04-18T06:36:11+00:00\",\"dateModified\":\"2024-04-18T10:03:49+00:00\",\"mainEntityOfPage\":{\"@id\":\"https:\/\/jagdverband.it\/it\/fotowettbewerb-des-sjv-das-ist-der-gewinner-des-publikumspreises\/\"},\"wordCount\":417,\"publisher\":{\"@id\":\"https:\/\/jagdverband.it\/it\/#organization\"},\"articleSection\":[\"Mitteilungen\"],\"inLanguage\":\"it-IT\"},{\"@type\":\"WebPage\",\"@id\":\"https:\/\/jagdverband.it\/it\/fotowettbewerb-des-sjv-das-ist-der-gewinner-des-publikumspreises\/\",\"url\":\"https:\/\/jagdverband.it\/it\/fotowettbewerb-des-sjv-das-ist-der-gewinner-des-publikumspreises\/\",\"name\":\"Fotowettbewerb des SJV: Das ist der Gewinner des Publikumspreises - S\u00fcdtiroler Jagdverband\",\"isPartOf\":{\"@id\":\"https:\/\/jagdverband.it\/it\/#website\"},\"datePublished\":\"2024-04-18T06:36:11+00:00\",\"dateModified\":\"2024-04-18T10:03:49+00:00\",\"breadcrumb\":{\"@id\":\"https:\/\/jagdverband.it\/it\/fotowettbewerb-des-sjv-das-ist-der-gewinner-des-publikumspreises\/#breadcrumb\"},\"inLanguage\":\"it-IT\",\"potentialAction\":[{\"@type\":\"ReadAction\",\"target\":[\"https:\/\/jagdverband.it\/it\/fotowettbewerb-des-sjv-das-ist-der-gewinner-des-publikumspreises\/\"]}]},{\"@type\":\"BreadcrumbList\",\"@id\":\"https:\/\/jagdverband.it\/it\/fotowettbewerb-des-sjv-das-ist-der-gewinner-des-publikumspreises\/#breadcrumb\",\"itemListElement\":[{\"@type\":\"ListItem\",\"position\":1,\"name\":\"Home\",\"item\":\"https:\/\/jagdverband.it\/it\/\"},{\"@type\":\"ListItem\",\"position\":2,\"name\":\"Mitteilungen\",\"item\":\"https:\/\/jagdverband.it\/c\/mitteilungen\/\"},{\"@type\":\"ListItem\",\"position\":3,\"name\":\"Fotowettbewerb des SJV: Das ist der Gewinner des Publikumspreises\"}]},{\"@type\":\"WebSite\",\"@id\":\"https:\/\/jagdverband.it\/it\/#website\",\"url\":\"https:\/\/jagdverband.it\/it\/\",\"name\":\"S\u00fcdtiroler Jagdverband\",\"description\":\"S\u00fcdtiroler Jagdverband\",\"publisher\":{\"@id\":\"https:\/\/jagdverband.it\/it\/#organization\"},\"potentialAction\":[{\"@type\":\"SearchAction\",\"target\":{\"@type\":\"EntryPoint\",\"urlTemplate\":\"https:\/\/jagdverband.it\/it\/?s={search_term_string}\"},\"query-input\":\"required name=search_term_string\"}],\"inLanguage\":\"it-IT\"},{\"@type\":\"Organization\",\"@id\":\"https:\/\/jagdverband.it\/it\/#organization\",\"name\":\"S\u00fcdtiroler Jagdverband\",\"url\":\"https:\/\/jagdverband.it\/it\/\",\"sameAs\":[],\"logo\":{\"@type\":\"ImageObject\",\"inLanguage\":\"it-IT\",\"@id\":\"https:\/\/jagdverband.it\/it\/#\/schema\/logo\/image\/\",\"url\":\"\",\"contentUrl\":\"\",\"caption\":\"S\u00fcdtiroler Jagdverband\"},\"image\":{\"@id\":\"https:\/\/jagdverband.it\/it\/#\/schema\/logo\/image\/\"}},{\"@type\":\"Person\",\"@id\":\"https:\/\/jagdverband.it\/it\/#\/schema\/person\/3e030b3a4aa7c391e09cd551afd6dc73\",\"name\":\"admin\",\"image\":{\"@type\":\"ImageObject\",\"inLanguage\":\"it-IT\",\"@id\":\"https:\/\/jagdverband.it\/it\/#\/schema\/person\/image\/\",\"url\":\"https:\/\/secure.gravatar.com\/avatar\/badbf5eaa88657062fdcacb31218cc5c?s=96&d=blank&r=g\",\"contentUrl\":\"https:\/\/secure.gravatar.com\/avatar\/badbf5eaa88657062fdcacb31218cc5c?s=96&d=blank&r=g\",\"caption\":\"admin\"},\"url\":\"https:\/\/jagdverband.it\/it\/author\/admin\/\"}]}<\/script>\n<!-- \/ Yoast SEO plugin. -->","yoast_head_json":{"title":"Fotowettbewerb des SJV: Das ist der Gewinner des Publikumspreises - S\u00fcdtiroler Jagdverband","robots":{"index":"index","follow":"follow","max-snippet":"max-snippet:-1","max-image-preview":"max-image-preview:large","max-video-preview":"max-video-preview:-1"},"canonical":"https:\/\/jagdverband.it\/it\/fotowettbewerb-des-sjv-das-ist-der-gewinner-des-publikumspreises\/","og_locale":"it_IT","og_type":"article","og_title":"Fotowettbewerb des SJV: Das ist der Gewinner des Publikumspreises - S\u00fcdtiroler Jagdverband","og_description":"18.04.2024 - Philipp Egger gewinnt einen Einkaufsgutschein im Wert von 250 Euro beim Bergsportspezialisten Salewa.","og_url":"https:\/\/jagdverband.it\/it\/fotowettbewerb-des-sjv-das-ist-der-gewinner-des-publikumspreises\/","og_site_name":"S\u00fcdtiroler Jagdverband","article_published_time":"2024-04-18T06:36:11+00:00","article_modified_time":"2024-04-18T10:03:49+00:00","og_image":[{"width":2400,"height":1597,"url":"https:\/\/jagdverband.it\/wp-content\/uploads\/2024\/03\/Philipp-Egger.jpg","type":"image\/jpeg"}],"author":"admin","twitter_card":"summary","twitter_misc":{"Scritto da":"admin","Tempo di lettura stimato":"1 minuto"},"schema":{"@context":"https:\/\/schema.org","@graph":[{"@type":"Article","@id":"https:\/\/jagdverband.it\/it\/fotowettbewerb-des-sjv-das-ist-der-gewinner-des-publikumspreises\/#article","isPartOf":{"@id":"https:\/\/jagdverband.it\/it\/fotowettbewerb-des-sjv-das-ist-der-gewinner-des-publikumspreises\/"},"author":{"name":"admin","@id":"https:\/\/jagdverband.it\/it\/#\/schema\/person\/3e030b3a4aa7c391e09cd551afd6dc73"},"headline":"Fotowettbewerb des SJV: Das ist der Gewinner des Publikumspreises","datePublished":"2024-04-18T06:36:11+00:00","dateModified":"2024-04-18T10:03:49+00:00","mainEntityOfPage":{"@id":"https:\/\/jagdverband.it\/it\/fotowettbewerb-des-sjv-das-ist-der-gewinner-des-publikumspreises\/"},"wordCount":417,"publisher":{"@id":"https:\/\/jagdverband.it\/it\/#organization"},"articleSection":["Mitteilungen"],"inLanguage":"it-IT"},{"@type":"WebPage","@id":"https:\/\/jagdverband.it\/it\/fotowettbewerb-des-sjv-das-ist-der-gewinner-des-publikumspreises\/","url":"https:\/\/jagdverband.it\/it\/fotowettbewerb-des-sjv-das-ist-der-gewinner-des-publikumspreises\/","name":"Fotowettbewerb des SJV: Das ist der Gewinner des Publikumspreises - S\u00fcdtiroler Jagdverband","isPartOf":{"@id":"https:\/\/jagdverband.it\/it\/#website"},"datePublished":"2024-04-18T06:36:11+00:00","dateModified":"2024-04-18T10:03:49+00:00","breadcrumb":{"@id":"https:\/\/jagdverband.it\/it\/fotowettbewerb-des-sjv-das-ist-der-gewinner-des-publikumspreises\/#breadcrumb"},"inLanguage":"it-IT","potentialAction":[{"@type":"ReadAction","target":["https:\/\/jagdverband.it\/it\/fotowettbewerb-des-sjv-das-ist-der-gewinner-des-publikumspreises\/"]}]},{"@type":"BreadcrumbList","@id":"https:\/\/jagdverband.it\/it\/fotowettbewerb-des-sjv-das-ist-der-gewinner-des-publikumspreises\/#breadcrumb","itemListElement":[{"@type":"ListItem","position":1,"name":"Home","item":"https:\/\/jagdverband.it\/it\/"},{"@type":"ListItem","position":2,"name":"Mitteilungen","item":"https:\/\/jagdverband.it\/c\/mitteilungen\/"},{"@type":"ListItem","position":3,"name":"Fotowettbewerb des SJV: Das ist der Gewinner des Publikumspreises"}]},{"@type":"WebSite","@id":"https:\/\/jagdverband.it\/it\/#website","url":"https:\/\/jagdverband.it\/it\/","name":"S\u00fcdtiroler Jagdverband","description":"S\u00fcdtiroler Jagdverband","publisher":{"@id":"https:\/\/jagdverband.it\/it\/#organization"},"potentialAction":[{"@type":"SearchAction","target":{"@type":"EntryPoint","urlTemplate":"https:\/\/jagdverband.it\/it\/?s={search_term_string}"},"query-input":"required name=search_term_string"}],"inLanguage":"it-IT"},{"@type":"Organization","@id":"https:\/\/jagdverband.it\/it\/#organization","name":"S\u00fcdtiroler Jagdverband","url":"https:\/\/jagdverband.it\/it\/","sameAs":[],"logo":{"@type":"ImageObject","inLanguage":"it-IT","@id":"https:\/\/jagdverband.it\/it\/#\/schema\/logo\/image\/","url":"","contentUrl":"","caption":"S\u00fcdtiroler Jagdverband"},"image":{"@id":"https:\/\/jagdverband.it\/it\/#\/schema\/logo\/image\/"}},{"@type":"Person","@id":"https:\/\/jagdverband.it\/it\/#\/schema\/person\/3e030b3a4aa7c391e09cd551afd6dc73","name":"admin","image":{"@type":"ImageObject","inLanguage":"it-IT","@id":"https:\/\/jagdverband.it\/it\/#\/schema\/person\/image\/","url":"https:\/\/secure.gravatar.com\/avatar\/badbf5eaa88657062fdcacb31218cc5c?s=96&d=blank&r=g","contentUrl":"https:\/\/secure.gravatar.com\/avatar\/badbf5eaa88657062fdcacb31218cc5c?s=96&d=blank&r=g","caption":"admin"},"url":"https:\/\/jagdverband.it\/it\/author\/admin\/"}]}},"_links":{"self":[{"href":"https:\/\/jagdverband.it\/it\/wp-json\/wp\/v2\/posts\/76905"}],"collection":[{"href":"https:\/\/jagdverband.it\/it\/wp-json\/wp\/v2\/posts"}],"about":[{"href":"https:\/\/jagdverband.it\/it\/wp-json\/wp\/v2\/types\/post"}],"author":[{"embeddable":true,"href":"https:\/\/jagdverband.it\/it\/wp-json\/wp\/v2\/users\/1"}],"replies":[{"embeddable":true,"href":"https:\/\/jagdverband.it\/it\/wp-json\/wp\/v2\/comments?post=76905"}],"version-history":[{"count":0,"href":"https:\/\/jagdverband.it\/it\/wp-json\/wp\/v2\/posts\/76905\/revisions"}],"wp:featuredmedia":[{"embeddable":true,"href":"https:\/\/jagdverband.it\/it\/wp-json\/wp\/v2\/media\/76623"}],"wp:attachment":[{"href":"https:\/\/jagdverband.it\/it\/wp-json\/wp\/v2\/media?parent=76905"}],"wp:term":[{"taxonomy":"category","embeddable":true,"href":"https:\/\/jagdverband.it\/it\/wp-json\/wp\/v2\/categories?post=76905"},{"taxonomy":"post_tag","embeddable":true,"href":"https:\/\/jagdverband.it\/it\/wp-json\/wp\/v2\/tags?post=76905"}],"curies":[{"name":"wp","href":"https:\/\/api.w.org\/{rel}","templated":true}]}}