{"id":76145,"date":"2024-02-14T08:15:26","date_gmt":"2024-02-14T07:15:26","guid":{"rendered":"https:\/\/jagdverband.it\/?p=76145"},"modified":"2024-02-19T12:00:25","modified_gmt":"2024-02-19T11:00:25","slug":"quanto-sono-fedeli-gli-animali-selvatici","status":"publish","type":"post","link":"https:\/\/jagdverband.it\/it\/quanto-sono-fedeli-gli-animali-selvatici\/","title":{"rendered":"Quanto sono fedeli gli animali selvatici?"},"content":{"rendered":"<p>[et_pb_section fb_built=&#8221;1&#8243; specialty=&#8221;on&#8221; _builder_version=&#8221;4.16&#8243; global_colors_info=&#8221;{}&#8221;][et_pb_column type=&#8221;3_4&#8243; specialty_columns=&#8221;3&#8243; _builder_version=&#8221;4.16&#8243; custom_padding=&#8221;|||&#8221; global_colors_info=&#8221;{}&#8221; custom_padding__hover=&#8221;|||&#8221;][et_pb_row_inner _builder_version=&#8221;4.16&#8243; custom_padding=&#8221;||5px||false|false&#8221; global_colors_info=&#8221;{}&#8221;][et_pb_column_inner saved_specialty_column_type=&#8221;3_4&#8243; _builder_version=&#8221;4.16&#8243; global_colors_info=&#8221;{}&#8221;][et_pb_text _builder_version=&#8221;4.18.0&#8243; custom_padding=&#8221;||0px|||&#8221; global_colors_info=&#8221;{}&#8221;]<\/p>\n<h1>Quanto sono fedeli gli animali selvatici?<\/h1>\n<h3><em>14\u00a0 febbraio 2024<\/em><\/h3>\n<p>[\/et_pb_text][\/et_pb_column_inner][\/et_pb_row_inner][et_pb_row_inner column_structure=&#8221;1_2,1_2&#8243; _builder_version=&#8221;4.18.0&#8243; custom_padding=&#8221;||0px||false|false&#8221; global_colors_info=&#8221;{}&#8221;][et_pb_column_inner type=&#8221;1_2&#8243; saved_specialty_column_type=&#8221;3_4&#8243; _builder_version=&#8221;4.16&#8243; global_colors_info=&#8221;{}&#8221;][et_pb_text _builder_version=&#8221;4.18.0&#8243; _module_preset=&#8221;default&#8221; global_colors_info=&#8221;{}&#8221;]<\/p>\n<p>Gli uccelli sono animali fedeli: il 90% vive in monogamia. Questo facilita il periodo della cova e dell&#8217;alimentazione della prole. La situazione \u00e8 diversa per i mammiferi: meno del 5% \u00e8 monogamo. La natura ha voluto cos\u00ec: la femmina partorisce i piccoli e li allatta. La monogamia \u00e8 utile solo in poche specie. <\/p>\n<h3>I romantici<\/h3>\n<p>Anche gli animali pi\u00f9 fedeli difficilmente rimangono fedeli l&#8217;uno all&#8217;altro per tutta la vita, ma almeno per un periodo molto lungo. Una volta che due cigni si sono accoppiati, di solito rimangono insieme per molto tempo. Anche i corvi imperiali rimangono fedeli l&#8217;uno all&#8217;altro per tutta la vita e i matrimoni tra cicogne spesso sono solidi e duraturi. Gli uccelli tornano nello stesso nido ogni anno. Solo quando due cicogne si perdono durante la migrazione, cercano un nuovo compagno.<\/p>\n<p>[\/et_pb_text][\/et_pb_column_inner][et_pb_column_inner type=&#8221;1_2&#8243; saved_specialty_column_type=&#8221;3_4&#8243; _builder_version=&#8221;4.16&#8243; global_colors_info=&#8221;{}&#8221;][et_pb_image src=&#8221;https:\/\/jagdverband.it\/wp-content\/uploads\/2024\/02\/valentinstag-schwan-pixabay.jpg&#8221; title_text=&#8221;valentinstag schwan pixabay&#8221; show_in_lightbox=&#8221;on&#8221; show_bottom_space_tablet=&#8221;off&#8221; show_bottom_space_phone=&#8221;on&#8221; show_bottom_space_last_edited=&#8221;on|desktop&#8221; _builder_version=&#8221;4.18.0&#8243; global_colors_info=&#8221;{}&#8221;][\/et_pb_image][\/et_pb_column_inner][\/et_pb_row_inner][et_pb_row_inner column_structure=&#8221;1_2,1_2&#8243; _builder_version=&#8221;4.18.0&#8243; custom_padding=&#8221;||0px||false|false&#8221; global_colors_info=&#8221;{}&#8221;][et_pb_column_inner type=&#8221;1_2&#8243; saved_specialty_column_type=&#8221;3_4&#8243; _builder_version=&#8221;4.16&#8243; global_colors_info=&#8221;{}&#8221;][et_pb_text _builder_version=&#8221;4.18.0&#8243; _module_preset=&#8221;default&#8221; global_colors_info=&#8221;{}&#8221;]<\/p>\n<h3>Amore estivo<\/h3>\n<p>Per quasi tutti gli uccelli, il matrimonio dura solo una stagione. Tuttavia, non \u00e8 impossibile che due partner si ritrovino nelle successive stagioni riproduttive. Nel caso dei rapaci notturni, questo non \u00e8 cos\u00ec raro. Rimangono con il loro partner per tutto l&#8217;anno e anche oltre, crescono insieme i loro piccoli, proprio come fanno le coppie di svasso maggiore: il corteggiamento inizia a dicembre, padre e madre si occupano dei pulcini in modo paritario.<\/p>\n<h3>I traditori seriali<\/h3>\n<p>In molte specie mammifere, il maschio si accoppia con pi\u00f9 partner e spesso le femmine vengono addirittura difese e dominate. Ma funziona anche al contrario: nelle marmotte sono le femmine a essere meno fedeli. La femmina, che guida il gruppo insieme al maschio, si accoppia anche segretamente con altri partner, rinnovando cos\u00ec i geni della prole.<\/p>\n<p>[\/et_pb_text][\/et_pb_column_inner][et_pb_column_inner type=&#8221;1_2&#8243; saved_specialty_column_type=&#8221;3_4&#8243; _builder_version=&#8221;4.16&#8243; global_colors_info=&#8221;{}&#8221;][et_pb_image src=&#8221;https:\/\/jagdverband.it\/wp-content\/uploads\/2024\/02\/valentinstag-great-crested-grebe.jpg&#8221; title_text=&#8221;valentinstag great-crested-grebe&#8221; show_in_lightbox=&#8221;on&#8221; show_bottom_space_tablet=&#8221;off&#8221; show_bottom_space_phone=&#8221;on&#8221; show_bottom_space_last_edited=&#8221;on|desktop&#8221; _builder_version=&#8221;4.18.0&#8243; global_colors_info=&#8221;{}&#8221;][\/et_pb_image][et_pb_text _builder_version=&#8221;4.18.0&#8243; _module_preset=&#8221;default&#8221; custom_margin=&#8221;34px||20px||false|false&#8221; custom_padding=&#8221;8px|8px|8px|8px|true|true&#8221; border_width_all=&#8221;1px&#8221; border_color_all=&#8221;#E09900&#8243; global_colors_info=&#8221;{}&#8221;]<\/p>\n<h4><em>San Valentino era un vescovo umbro che si dice abbia sposato segretamente coppie che in realt\u00e0 non potevano sposarsi per decreto imperiale. Si racconta che sia stato giustiziato per questo reato il 14 febbraio 269. \u00c8 considerato il patrono dei giovani, degli innamorati, dei viaggiatori e degli apicoltori.<\/em><\/h4>\n<p>[\/et_pb_text][\/et_pb_column_inner][\/et_pb_row_inner][et_pb_row_inner column_structure=&#8221;undefined&#8221; _builder_version=&#8221;4.16&#8243; custom_padding=&#8221;||||false|false&#8221; global_colors_info=&#8221;{}&#8221;][et_pb_column_inner type=&#8221;undefined&#8221; saved_specialty_column_type=&#8221;3_4&#8243; _builder_version=&#8221;4.16&#8243; global_colors_info=&#8221;{}&#8221;][et_pb_divider color=&#8221;rgba(0,0,0,0.13)&#8221; _builder_version=&#8221;4.16&#8243; custom_margin=&#8221;||||false|false&#8221; global_colors_info=&#8221;{}&#8221;][\/et_pb_divider][et_pb_button button_url=&#8221;https:\/\/jagdverband.it\/mitteilungen\/&#8221; button_text=&#8221;torna indietro&#8221; button_alignment=&#8221;center&#8221; _builder_version=&#8221;4.18.0&#8243; global_colors_info=&#8221;{}&#8221;][\/et_pb_button][et_pb_divider color=&#8221;rgba(0,0,0,0.13)&#8221; _builder_version=&#8221;4.16&#8243; custom_margin=&#8221;25px||||false|false&#8221; global_colors_info=&#8221;{}&#8221;][\/et_pb_divider][\/et_pb_column_inner][\/et_pb_row_inner][\/et_pb_column][et_pb_column type=&#8221;1_4&#8243; _builder_version=&#8221;4.16&#8243; custom_padding=&#8221;|||&#8221; global_colors_info=&#8221;{}&#8221; custom_padding__hover=&#8221;|||&#8221;][et_pb_sidebar orientation=&#8221;right&#8221; _builder_version=&#8221;4.16&#8243; global_colors_info=&#8221;{}&#8221;][\/et_pb_sidebar][\/et_pb_column][\/et_pb_section]<\/p>\n","protected":false},"excerpt":{"rendered":"<p>14.02.2024 &#8211; San Valentino \u00e8 la Festa degli innamorati. Come si festeggia nel mondo animale?<\/p>\n","protected":false},"author":1,"featured_media":76132,"comment_status":"closed","ping_status":"closed","sticky":false,"template":"","format":"standard","meta":{"_et_pb_use_builder":"on","_et_pb_old_content":"","_et_gb_content_width":""},"categories":[163],"tags":[],"featured_image_src":"https:\/\/jagdverband.it\/wp-content\/uploads\/2024\/02\/valentinstag-schwan-pixabay-1024x673.jpg","blog_images":{"medium":"https:\/\/jagdverband.it\/wp-content\/uploads\/2024\/02\/valentinstag-schwan-pixabay-300x197.jpg","large":"https:\/\/jagdverband.it\/wp-content\/uploads\/2024\/02\/valentinstag-schwan-pixabay-1024x673.jpg"},"ams_acf":[],"yoast_head":"<!-- This site is optimized with the Yoast SEO plugin v19.6 - https:\/\/yoast.com\/wordpress\/plugins\/seo\/ -->\n<title>Quanto sono fedeli gli animali selvatici? - S\u00fcdtiroler Jagdverband<\/title>\n<meta name=\"robots\" content=\"index, follow, max-snippet:-1, max-image-preview:large, max-video-preview:-1\" \/>\n<link rel=\"canonical\" href=\"https:\/\/jagdverband.it\/it\/quanto-sono-fedeli-gli-animali-selvatici\/\" \/>\n<meta property=\"og:locale\" content=\"it_IT\" \/>\n<meta property=\"og:type\" content=\"article\" \/>\n<meta property=\"og:title\" content=\"Quanto sono fedeli gli animali selvatici? - S\u00fcdtiroler Jagdverband\" \/>\n<meta property=\"og:description\" content=\"14.02.2024 - San Valentino \u00e8 la Festa degli innamorati. Come si festeggia nel mondo animale?\" \/>\n<meta property=\"og:url\" content=\"https:\/\/jagdverband.it\/it\/quanto-sono-fedeli-gli-animali-selvatici\/\" \/>\n<meta property=\"og:site_name\" content=\"S\u00fcdtiroler Jagdverband\" \/>\n<meta property=\"article:published_time\" content=\"2024-02-14T07:15:26+00:00\" \/>\n<meta property=\"article:modified_time\" content=\"2024-02-19T11:00:25+00:00\" \/>\n<meta property=\"og:image\" content=\"https:\/\/jagdverband.it\/wp-content\/uploads\/2024\/02\/valentinstag-schwan-pixabay.jpg\" \/>\n\t<meta property=\"og:image:width\" content=\"1920\" \/>\n\t<meta property=\"og:image:height\" content=\"1262\" \/>\n\t<meta property=\"og:image:type\" content=\"image\/jpeg\" \/>\n<meta name=\"author\" content=\"admin\" \/>\n<meta name=\"twitter:card\" content=\"summary\" \/>\n<meta name=\"twitter:label1\" content=\"Scritto da\" \/>\n\t<meta name=\"twitter:data1\" content=\"admin\" \/>\n\t<meta name=\"twitter:label2\" content=\"Tempo di lettura stimato\" \/>\n\t<meta name=\"twitter:data2\" content=\"3 minuti\" \/>\n<script type=\"application\/ld+json\" class=\"yoast-schema-graph\">{\"@context\":\"https:\/\/schema.org\",\"@graph\":[{\"@type\":\"Article\",\"@id\":\"https:\/\/jagdverband.it\/it\/quanto-sono-fedeli-gli-animali-selvatici\/#article\",\"isPartOf\":{\"@id\":\"https:\/\/jagdverband.it\/it\/quanto-sono-fedeli-gli-animali-selvatici\/\"},\"author\":{\"name\":\"admin\",\"@id\":\"https:\/\/jagdverband.it\/it\/#\/schema\/person\/3e030b3a4aa7c391e09cd551afd6dc73\"},\"headline\":\"Quanto sono fedeli gli animali selvatici?\",\"datePublished\":\"2024-02-14T07:15:26+00:00\",\"dateModified\":\"2024-02-19T11:00:25+00:00\",\"mainEntityOfPage\":{\"@id\":\"https:\/\/jagdverband.it\/it\/quanto-sono-fedeli-gli-animali-selvatici\/\"},\"wordCount\":795,\"publisher\":{\"@id\":\"https:\/\/jagdverband.it\/it\/#organization\"},\"articleSection\":[\"comunicazioni_it\"],\"inLanguage\":\"it-IT\"},{\"@type\":\"WebPage\",\"@id\":\"https:\/\/jagdverband.it\/it\/quanto-sono-fedeli-gli-animali-selvatici\/\",\"url\":\"https:\/\/jagdverband.it\/it\/quanto-sono-fedeli-gli-animali-selvatici\/\",\"name\":\"Quanto sono fedeli gli animali selvatici? - S\u00fcdtiroler Jagdverband\",\"isPartOf\":{\"@id\":\"https:\/\/jagdverband.it\/it\/#website\"},\"datePublished\":\"2024-02-14T07:15:26+00:00\",\"dateModified\":\"2024-02-19T11:00:25+00:00\",\"breadcrumb\":{\"@id\":\"https:\/\/jagdverband.it\/it\/quanto-sono-fedeli-gli-animali-selvatici\/#breadcrumb\"},\"inLanguage\":\"it-IT\",\"potentialAction\":[{\"@type\":\"ReadAction\",\"target\":[\"https:\/\/jagdverband.it\/it\/quanto-sono-fedeli-gli-animali-selvatici\/\"]}]},{\"@type\":\"BreadcrumbList\",\"@id\":\"https:\/\/jagdverband.it\/it\/quanto-sono-fedeli-gli-animali-selvatici\/#breadcrumb\",\"itemListElement\":[{\"@type\":\"ListItem\",\"position\":1,\"name\":\"Home\",\"item\":\"https:\/\/jagdverband.it\/it\/\"},{\"@type\":\"ListItem\",\"position\":2,\"name\":\"comunicazioni_it\",\"item\":\"https:\/\/jagdverband.it\/it\/c\/comunicazioni-it\/\"},{\"@type\":\"ListItem\",\"position\":3,\"name\":\"Quanto sono fedeli gli animali selvatici?\"}]},{\"@type\":\"WebSite\",\"@id\":\"https:\/\/jagdverband.it\/it\/#website\",\"url\":\"https:\/\/jagdverband.it\/it\/\",\"name\":\"S\u00fcdtiroler Jagdverband\",\"description\":\"S\u00fcdtiroler Jagdverband\",\"publisher\":{\"@id\":\"https:\/\/jagdverband.it\/it\/#organization\"},\"potentialAction\":[{\"@type\":\"SearchAction\",\"target\":{\"@type\":\"EntryPoint\",\"urlTemplate\":\"https:\/\/jagdverband.it\/it\/?s={search_term_string}\"},\"query-input\":\"required name=search_term_string\"}],\"inLanguage\":\"it-IT\"},{\"@type\":\"Organization\",\"@id\":\"https:\/\/jagdverband.it\/it\/#organization\",\"name\":\"S\u00fcdtiroler Jagdverband\",\"url\":\"https:\/\/jagdverband.it\/it\/\",\"sameAs\":[],\"logo\":{\"@type\":\"ImageObject\",\"inLanguage\":\"it-IT\",\"@id\":\"https:\/\/jagdverband.it\/it\/#\/schema\/logo\/image\/\",\"url\":\"\",\"contentUrl\":\"\",\"caption\":\"S\u00fcdtiroler Jagdverband\"},\"image\":{\"@id\":\"https:\/\/jagdverband.it\/it\/#\/schema\/logo\/image\/\"}},{\"@type\":\"Person\",\"@id\":\"https:\/\/jagdverband.it\/it\/#\/schema\/person\/3e030b3a4aa7c391e09cd551afd6dc73\",\"name\":\"admin\",\"image\":{\"@type\":\"ImageObject\",\"inLanguage\":\"it-IT\",\"@id\":\"https:\/\/jagdverband.it\/it\/#\/schema\/person\/image\/\",\"url\":\"https:\/\/secure.gravatar.com\/avatar\/badbf5eaa88657062fdcacb31218cc5c?s=96&d=blank&r=g\",\"contentUrl\":\"https:\/\/secure.gravatar.com\/avatar\/badbf5eaa88657062fdcacb31218cc5c?s=96&d=blank&r=g\",\"caption\":\"admin\"},\"url\":\"https:\/\/jagdverband.it\/it\/author\/admin\/\"}]}<\/script>\n<!-- \/ Yoast SEO plugin. -->","yoast_head_json":{"title":"Quanto sono fedeli gli animali selvatici? - S\u00fcdtiroler Jagdverband","robots":{"index":"index","follow":"follow","max-snippet":"max-snippet:-1","max-image-preview":"max-image-preview:large","max-video-preview":"max-video-preview:-1"},"canonical":"https:\/\/jagdverband.it\/it\/quanto-sono-fedeli-gli-animali-selvatici\/","og_locale":"it_IT","og_type":"article","og_title":"Quanto sono fedeli gli animali selvatici? - S\u00fcdtiroler Jagdverband","og_description":"14.02.2024 - San Valentino \u00e8 la Festa degli innamorati. Come si festeggia nel mondo animale?","og_url":"https:\/\/jagdverband.it\/it\/quanto-sono-fedeli-gli-animali-selvatici\/","og_site_name":"S\u00fcdtiroler Jagdverband","article_published_time":"2024-02-14T07:15:26+00:00","article_modified_time":"2024-02-19T11:00:25+00:00","og_image":[{"width":1920,"height":1262,"url":"https:\/\/jagdverband.it\/wp-content\/uploads\/2024\/02\/valentinstag-schwan-pixabay.jpg","type":"image\/jpeg"}],"author":"admin","twitter_card":"summary","twitter_misc":{"Scritto da":"admin","Tempo di lettura stimato":"3 minuti"},"schema":{"@context":"https:\/\/schema.org","@graph":[{"@type":"Article","@id":"https:\/\/jagdverband.it\/it\/quanto-sono-fedeli-gli-animali-selvatici\/#article","isPartOf":{"@id":"https:\/\/jagdverband.it\/it\/quanto-sono-fedeli-gli-animali-selvatici\/"},"author":{"name":"admin","@id":"https:\/\/jagdverband.it\/it\/#\/schema\/person\/3e030b3a4aa7c391e09cd551afd6dc73"},"headline":"Quanto sono fedeli gli animali selvatici?","datePublished":"2024-02-14T07:15:26+00:00","dateModified":"2024-02-19T11:00:25+00:00","mainEntityOfPage":{"@id":"https:\/\/jagdverband.it\/it\/quanto-sono-fedeli-gli-animali-selvatici\/"},"wordCount":795,"publisher":{"@id":"https:\/\/jagdverband.it\/it\/#organization"},"articleSection":["comunicazioni_it"],"inLanguage":"it-IT"},{"@type":"WebPage","@id":"https:\/\/jagdverband.it\/it\/quanto-sono-fedeli-gli-animali-selvatici\/","url":"https:\/\/jagdverband.it\/it\/quanto-sono-fedeli-gli-animali-selvatici\/","name":"Quanto sono fedeli gli animali selvatici? - S\u00fcdtiroler Jagdverband","isPartOf":{"@id":"https:\/\/jagdverband.it\/it\/#website"},"datePublished":"2024-02-14T07:15:26+00:00","dateModified":"2024-02-19T11:00:25+00:00","breadcrumb":{"@id":"https:\/\/jagdverband.it\/it\/quanto-sono-fedeli-gli-animali-selvatici\/#breadcrumb"},"inLanguage":"it-IT","potentialAction":[{"@type":"ReadAction","target":["https:\/\/jagdverband.it\/it\/quanto-sono-fedeli-gli-animali-selvatici\/"]}]},{"@type":"BreadcrumbList","@id":"https:\/\/jagdverband.it\/it\/quanto-sono-fedeli-gli-animali-selvatici\/#breadcrumb","itemListElement":[{"@type":"ListItem","position":1,"name":"Home","item":"https:\/\/jagdverband.it\/it\/"},{"@type":"ListItem","position":2,"name":"comunicazioni_it","item":"https:\/\/jagdverband.it\/it\/c\/comunicazioni-it\/"},{"@type":"ListItem","position":3,"name":"Quanto sono fedeli gli animali selvatici?"}]},{"@type":"WebSite","@id":"https:\/\/jagdverband.it\/it\/#website","url":"https:\/\/jagdverband.it\/it\/","name":"S\u00fcdtiroler Jagdverband","description":"S\u00fcdtiroler Jagdverband","publisher":{"@id":"https:\/\/jagdverband.it\/it\/#organization"},"potentialAction":[{"@type":"SearchAction","target":{"@type":"EntryPoint","urlTemplate":"https:\/\/jagdverband.it\/it\/?s={search_term_string}"},"query-input":"required name=search_term_string"}],"inLanguage":"it-IT"},{"@type":"Organization","@id":"https:\/\/jagdverband.it\/it\/#organization","name":"S\u00fcdtiroler Jagdverband","url":"https:\/\/jagdverband.it\/it\/","sameAs":[],"logo":{"@type":"ImageObject","inLanguage":"it-IT","@id":"https:\/\/jagdverband.it\/it\/#\/schema\/logo\/image\/","url":"","contentUrl":"","caption":"S\u00fcdtiroler Jagdverband"},"image":{"@id":"https:\/\/jagdverband.it\/it\/#\/schema\/logo\/image\/"}},{"@type":"Person","@id":"https:\/\/jagdverband.it\/it\/#\/schema\/person\/3e030b3a4aa7c391e09cd551afd6dc73","name":"admin","image":{"@type":"ImageObject","inLanguage":"it-IT","@id":"https:\/\/jagdverband.it\/it\/#\/schema\/person\/image\/","url":"https:\/\/secure.gravatar.com\/avatar\/badbf5eaa88657062fdcacb31218cc5c?s=96&d=blank&r=g","contentUrl":"https:\/\/secure.gravatar.com\/avatar\/badbf5eaa88657062fdcacb31218cc5c?s=96&d=blank&r=g","caption":"admin"},"url":"https:\/\/jagdverband.it\/it\/author\/admin\/"}]}},"_links":{"self":[{"href":"https:\/\/jagdverband.it\/it\/wp-json\/wp\/v2\/posts\/76145"}],"collection":[{"href":"https:\/\/jagdverband.it\/it\/wp-json\/wp\/v2\/posts"}],"about":[{"href":"https:\/\/jagdverband.it\/it\/wp-json\/wp\/v2\/types\/post"}],"author":[{"embeddable":true,"href":"https:\/\/jagdverband.it\/it\/wp-json\/wp\/v2\/users\/1"}],"replies":[{"embeddable":true,"href":"https:\/\/jagdverband.it\/it\/wp-json\/wp\/v2\/comments?post=76145"}],"version-history":[{"count":0,"href":"https:\/\/jagdverband.it\/it\/wp-json\/wp\/v2\/posts\/76145\/revisions"}],"wp:featuredmedia":[{"embeddable":true,"href":"https:\/\/jagdverband.it\/it\/wp-json\/wp\/v2\/media\/76132"}],"wp:attachment":[{"href":"https:\/\/jagdverband.it\/it\/wp-json\/wp\/v2\/media?parent=76145"}],"wp:term":[{"taxonomy":"category","embeddable":true,"href":"https:\/\/jagdverband.it\/it\/wp-json\/wp\/v2\/categories?post=76145"},{"taxonomy":"post_tag","embeddable":true,"href":"https:\/\/jagdverband.it\/it\/wp-json\/wp\/v2\/tags?post=76145"}],"curies":[{"name":"wp","href":"https:\/\/api.w.org\/{rel}","templated":true}]}}