{"id":75240,"date":"2023-10-25T14:34:42","date_gmt":"2023-10-25T12:34:42","guid":{"rendered":"https:\/\/jagdverband.it\/69-tagung-der-agjso-copy\/"},"modified":"2023-10-25T15:19:46","modified_gmt":"2023-10-25T13:19:46","slug":"ein-jahr-jagerrucksock","status":"publish","type":"post","link":"https:\/\/jagdverband.it\/it\/ein-jahr-jagerrucksock\/","title":{"rendered":"Ein Jahr JAGERRUCKSOCK"},"content":{"rendered":"<p>[et_pb_section fb_built=&#8221;1&#8243; specialty=&#8221;on&#8221; _builder_version=&#8221;4.16&#8243; custom_padding=&#8221;||16px|||&#8221; global_colors_info=&#8221;{}&#8221;][et_pb_column type=&#8221;3_4&#8243; specialty_columns=&#8221;3&#8243; _builder_version=&#8221;4.16&#8243; custom_padding=&#8221;|||&#8221; global_colors_info=&#8221;{}&#8221; parallax__hover=&#8221;off&#8221; parallax_method__hover=&#8221;on&#8221; custom_padding__hover=&#8221;|||&#8221;][et_pb_row_inner _builder_version=&#8221;4.16&#8243; custom_padding=&#8221;0px||2px|||&#8221; global_colors_info=&#8221;{}&#8221;][et_pb_column_inner saved_specialty_column_type=&#8221;3_4&#8243; _builder_version=&#8221;4.16&#8243; global_colors_info=&#8221;{}&#8221;][et_pb_text _builder_version=&#8221;4.18.0&#8243; hover_enabled=&#8221;0&#8243; global_colors_info=&#8221;{}&#8221; sticky_enabled=&#8221;0&#8243;]<\/p>\n<h1>Ein Jahr JAGERRUCKSOCK!<\/h1>\n<h3><em>25. Oktober 2023<\/em><\/h3>\n<p>[\/et_pb_text][\/et_pb_column_inner][\/et_pb_row_inner][et_pb_row_inner column_structure=&#8221;1_2,1_2&#8243; _builder_version=&#8221;4.16&#8243; custom_padding=&#8221;4px||27px|||&#8221; global_colors_info=&#8221;{}&#8221;][et_pb_column_inner type=&#8221;1_2&#8243; saved_specialty_column_type=&#8221;3_4&#8243; _builder_version=&#8221;4.16&#8243; global_colors_info=&#8221;{}&#8221;][et_pb_text _builder_version=&#8221;4.18.0&#8243; global_colors_info=&#8221;{}&#8221;]<\/p>\n<p><strong>Der JAGERRUCKSOCK ist mittlerweile bereits seit einem Jahr im Einsatz! In dieser Zeit war das Material an vielen verschiedenen Orten des Landes unterwegs.<\/strong><\/p>\n<p>In Seis am Schlern, Eyers, Welsberg, Altrei, Gadertal, Schnals und in noch vielen weiteren Ecken des Landes war der JAGERRUCKSOCK des S\u00fcdtiroler Jagdverbandes in seinem ersten Einsatzjahr nun schon zu Besuch. Aufgrund der hohen Nachfrage haben wir in der Zwischenzeit auch nachgelegt. Zum einen bei der St\u00fcckzahl: von anf\u00e4nglich einem Rucksack sind mittlerweile drei im Einsatz. Zum anderen hat sich im Laufe der Zeit auch inhaltlich einiges getan. Neue Spiele wurden erg\u00e4nzt, ein Handbuch mit Erkl\u00e4rungen wurde erstellt und in die italienische Sprache \u00fcbersetzt. Au\u00dferdem wurde eine Federsammlung der heimischen Greifv\u00f6gel angelegt. Insgesamt wurde der Rucksack im ersten Jahr 25-mal angefragt. Meist ist das Material ca. eine Woche unterwegs, manchmal aber auch deutlich l\u00e4nger. Vor allem dann, wenn es in mehreren Klassen eingesetzt wird. Das Bildungsmaterial wurde von J\u00e4gerinnen und J\u00e4gern, von Jagdaufsehern aber auch von Lehrpersonen ausgeliehen.<\/p>\n<p>Es ist dies ein gelungener Start f\u00fcr einen weiteren Baustein im Bereich Wild- und Waldp\u00e4dagogik des Jagdverbandes und es bleibt zu hoffen, dass der JAGERRUCKSOCK auch in Zukunft in vielen weiteren Schulen, Kinderg\u00e4rten und Ferienbetreuungen des Landes zu Besuch sein wird.<\/p>\n<p>Weitere Infos: <strong><a href=\"https:\/\/jagdverband.it\/jagerrucksock\/\">www.jagdverband.it\/jagerrucksock<\/a><\/strong>\u00a0<\/p>\n<p>[\/et_pb_text][\/et_pb_column_inner][et_pb_column_inner type=&#8221;1_2&#8243; saved_specialty_column_type=&#8221;3_4&#8243; _builder_version=&#8221;4.16&#8243; global_colors_info=&#8221;{}&#8221;][et_pb_image src=&#8221;https:\/\/jagdverband.it\/wp-content\/uploads\/2023\/10\/Jagerrucksock-IMG_2068.jpg&#8221; title_text=&#8221;Jagerrucksock IMG_2068&#8243; show_in_lightbox=&#8221;on&#8221; align_tablet=&#8221;center&#8221; align_phone=&#8221;&#8221; align_last_edited=&#8221;on|desktop&#8221; _builder_version=&#8221;4.18.0&#8243; global_colors_info=&#8221;{}&#8221;][\/et_pb_image][\/et_pb_column_inner][\/et_pb_row_inner][et_pb_row_inner column_structure=&#8221;1_2,1_2&#8243; _builder_version=&#8221;4.16&#8243; custom_padding=&#8221;4px||27px|||&#8221; global_colors_info=&#8221;{}&#8221;][et_pb_column_inner type=&#8221;1_2&#8243; saved_specialty_column_type=&#8221;3_4&#8243; _builder_version=&#8221;4.16&#8243; global_colors_info=&#8221;{}&#8221;][et_pb_image src=&#8221;https:\/\/jagdverband.it\/wp-content\/uploads\/2023\/07\/Federn-Greifvoegel.jpg&#8221; title_text=&#8221;Federn Greifv\u00f6gel&#8221; show_in_lightbox=&#8221;on&#8221; align_tablet=&#8221;center&#8221; align_phone=&#8221;&#8221; align_last_edited=&#8221;on|desktop&#8221; _builder_version=&#8221;4.18.0&#8243; global_colors_info=&#8221;{}&#8221;][\/et_pb_image][\/et_pb_column_inner][et_pb_column_inner type=&#8221;1_2&#8243; saved_specialty_column_type=&#8221;3_4&#8243; _builder_version=&#8221;4.16&#8243; global_colors_info=&#8221;{}&#8221;][et_pb_image src=&#8221;https:\/\/jagdverband.it\/wp-content\/uploads\/2023\/01\/zzzzzz-1.jpg&#8221; title_text=&#8221;zzzzzz&#8221; show_in_lightbox=&#8221;on&#8221; align_tablet=&#8221;center&#8221; align_phone=&#8221;&#8221; align_last_edited=&#8221;on|desktop&#8221; _builder_version=&#8221;4.18.0&#8243; global_colors_info=&#8221;{}&#8221;][\/et_pb_image][\/et_pb_column_inner][\/et_pb_row_inner][et_pb_row_inner column_structure=&#8221;undefined&#8221; _builder_version=&#8221;4.16&#8243; custom_padding=&#8221;0px||0px||false|false&#8221; global_colors_info=&#8221;{}&#8221;][et_pb_column_inner type=&#8221;undefined&#8221; saved_specialty_column_type=&#8221;3_4&#8243; _builder_version=&#8221;4.16&#8243; global_colors_info=&#8221;{}&#8221;][et_pb_divider color=&#8221;rgba(0,0,0,0.13)&#8221; _builder_version=&#8221;4.16&#8243; custom_margin=&#8221;||0px||false|false&#8221; global_colors_info=&#8221;{}&#8221;][\/et_pb_divider][et_pb_button button_url=&#8221;https:\/\/jagdverband.it\/mitteilungen\/&#8221; button_text=&#8221;Zur\u00fcck zur \u00dcbersicht&#8221; button_alignment=&#8221;center&#8221; _builder_version=&#8221;4.16&#8243; global_colors_info=&#8221;{}&#8221;][\/et_pb_button][et_pb_divider color=&#8221;rgba(0,0,0,0.13)&#8221; _builder_version=&#8221;4.16&#8243; custom_margin=&#8221;25px||||false|false&#8221; global_colors_info=&#8221;{}&#8221;][\/et_pb_divider][\/et_pb_column_inner][\/et_pb_row_inner][\/et_pb_column][et_pb_column type=&#8221;1_4&#8243; _builder_version=&#8221;4.16&#8243; custom_padding=&#8221;|||&#8221; global_colors_info=&#8221;{}&#8221; parallax__hover=&#8221;off&#8221; parallax_method__hover=&#8221;on&#8221; custom_padding__hover=&#8221;|||&#8221;][et_pb_sidebar orientation=&#8221;right&#8221; disabled_on=&#8221;off|off|off&#8221; _builder_version=&#8221;4.16&#8243; global_colors_info=&#8221;{}&#8221;][\/et_pb_sidebar][\/et_pb_column][\/et_pb_section]<\/p>\n","protected":false},"excerpt":{"rendered":"<p>25.10.2023 &#8211; Der JAGERRUCKSOCK ist mittlerweile bereits seit einem Jahr im Einsatz! In dieser Zeit war das Material an vielen verschiedenen Orten des Landes unterwegs.<\/p>\n","protected":false},"author":1,"featured_media":75246,"comment_status":"open","ping_status":"open","sticky":false,"template":"","format":"standard","meta":{"_et_pb_use_builder":"on","_et_pb_old_content":"","_et_gb_content_width":""},"categories":[80],"tags":[],"featured_image_src":"https:\/\/jagdverband.it\/wp-content\/uploads\/2023\/10\/Jagerrucksock-IMG_2068-1024x683.jpg","blog_images":{"medium":"https:\/\/jagdverband.it\/wp-content\/uploads\/2023\/10\/Jagerrucksock-IMG_2068-300x200.jpg","large":"https:\/\/jagdverband.it\/wp-content\/uploads\/2023\/10\/Jagerrucksock-IMG_2068-1024x683.jpg"},"ams_acf":[],"yoast_head":"<!-- This site is optimized with the Yoast SEO plugin v19.6 - https:\/\/yoast.com\/wordpress\/plugins\/seo\/ -->\n<title>Ein Jahr JAGERRUCKSOCK - S\u00fcdtiroler Jagdverband<\/title>\n<meta name=\"robots\" content=\"index, follow, max-snippet:-1, max-image-preview:large, max-video-preview:-1\" \/>\n<link rel=\"canonical\" href=\"https:\/\/jagdverband.it\/it\/ein-jahr-jagerrucksock\/\" \/>\n<meta property=\"og:locale\" content=\"it_IT\" \/>\n<meta property=\"og:type\" content=\"article\" \/>\n<meta property=\"og:title\" content=\"Ein Jahr JAGERRUCKSOCK - S\u00fcdtiroler Jagdverband\" \/>\n<meta property=\"og:description\" content=\"25.10.2023 - Der JAGERRUCKSOCK ist mittlerweile bereits seit einem Jahr im Einsatz! In dieser Zeit war das Material an vielen verschiedenen Orten des Landes unterwegs.\" \/>\n<meta property=\"og:url\" content=\"https:\/\/jagdverband.it\/it\/ein-jahr-jagerrucksock\/\" \/>\n<meta property=\"og:site_name\" content=\"S\u00fcdtiroler Jagdverband\" \/>\n<meta property=\"article:published_time\" content=\"2023-10-25T12:34:42+00:00\" \/>\n<meta property=\"article:modified_time\" content=\"2023-10-25T13:19:46+00:00\" \/>\n<meta property=\"og:image\" content=\"https:\/\/jagdverband.it\/wp-content\/uploads\/2023\/10\/Jagerrucksock-IMG_2068.jpg\" \/>\n\t<meta property=\"og:image:width\" content=\"1920\" \/>\n\t<meta property=\"og:image:height\" content=\"1280\" \/>\n\t<meta property=\"og:image:type\" content=\"image\/jpeg\" \/>\n<meta name=\"author\" content=\"admin\" \/>\n<meta name=\"twitter:card\" content=\"summary\" \/>\n<meta name=\"twitter:label1\" content=\"Scritto da\" \/>\n\t<meta name=\"twitter:data1\" content=\"admin\" \/>\n\t<meta name=\"twitter:label2\" content=\"Tempo di lettura stimato\" \/>\n\t<meta name=\"twitter:data2\" content=\"2 minuti\" \/>\n<script type=\"application\/ld+json\" class=\"yoast-schema-graph\">{\"@context\":\"https:\/\/schema.org\",\"@graph\":[{\"@type\":\"Article\",\"@id\":\"https:\/\/jagdverband.it\/it\/ein-jahr-jagerrucksock\/#article\",\"isPartOf\":{\"@id\":\"https:\/\/jagdverband.it\/it\/ein-jahr-jagerrucksock\/\"},\"author\":{\"name\":\"admin\",\"@id\":\"https:\/\/jagdverband.it\/it\/#\/schema\/person\/3e030b3a4aa7c391e09cd551afd6dc73\"},\"headline\":\"Ein Jahr JAGERRUCKSOCK\",\"datePublished\":\"2023-10-25T12:34:42+00:00\",\"dateModified\":\"2023-10-25T13:19:46+00:00\",\"mainEntityOfPage\":{\"@id\":\"https:\/\/jagdverband.it\/it\/ein-jahr-jagerrucksock\/\"},\"wordCount\":698,\"commentCount\":0,\"publisher\":{\"@id\":\"https:\/\/jagdverband.it\/it\/#organization\"},\"articleSection\":[\"Mitteilungen\"],\"inLanguage\":\"it-IT\",\"potentialAction\":[{\"@type\":\"CommentAction\",\"name\":\"Comment\",\"target\":[\"https:\/\/jagdverband.it\/it\/ein-jahr-jagerrucksock\/#respond\"]}]},{\"@type\":\"WebPage\",\"@id\":\"https:\/\/jagdverband.it\/it\/ein-jahr-jagerrucksock\/\",\"url\":\"https:\/\/jagdverband.it\/it\/ein-jahr-jagerrucksock\/\",\"name\":\"Ein Jahr JAGERRUCKSOCK - S\u00fcdtiroler Jagdverband\",\"isPartOf\":{\"@id\":\"https:\/\/jagdverband.it\/it\/#website\"},\"datePublished\":\"2023-10-25T12:34:42+00:00\",\"dateModified\":\"2023-10-25T13:19:46+00:00\",\"breadcrumb\":{\"@id\":\"https:\/\/jagdverband.it\/it\/ein-jahr-jagerrucksock\/#breadcrumb\"},\"inLanguage\":\"it-IT\",\"potentialAction\":[{\"@type\":\"ReadAction\",\"target\":[\"https:\/\/jagdverband.it\/it\/ein-jahr-jagerrucksock\/\"]}]},{\"@type\":\"BreadcrumbList\",\"@id\":\"https:\/\/jagdverband.it\/it\/ein-jahr-jagerrucksock\/#breadcrumb\",\"itemListElement\":[{\"@type\":\"ListItem\",\"position\":1,\"name\":\"Home\",\"item\":\"https:\/\/jagdverband.it\/it\/\"},{\"@type\":\"ListItem\",\"position\":2,\"name\":\"Mitteilungen\",\"item\":\"https:\/\/jagdverband.it\/c\/mitteilungen\/\"},{\"@type\":\"ListItem\",\"position\":3,\"name\":\"Ein Jahr JAGERRUCKSOCK\"}]},{\"@type\":\"WebSite\",\"@id\":\"https:\/\/jagdverband.it\/it\/#website\",\"url\":\"https:\/\/jagdverband.it\/it\/\",\"name\":\"S\u00fcdtiroler Jagdverband\",\"description\":\"S\u00fcdtiroler Jagdverband\",\"publisher\":{\"@id\":\"https:\/\/jagdverband.it\/it\/#organization\"},\"potentialAction\":[{\"@type\":\"SearchAction\",\"target\":{\"@type\":\"EntryPoint\",\"urlTemplate\":\"https:\/\/jagdverband.it\/it\/?s={search_term_string}\"},\"query-input\":\"required name=search_term_string\"}],\"inLanguage\":\"it-IT\"},{\"@type\":\"Organization\",\"@id\":\"https:\/\/jagdverband.it\/it\/#organization\",\"name\":\"S\u00fcdtiroler Jagdverband\",\"url\":\"https:\/\/jagdverband.it\/it\/\",\"sameAs\":[],\"logo\":{\"@type\":\"ImageObject\",\"inLanguage\":\"it-IT\",\"@id\":\"https:\/\/jagdverband.it\/it\/#\/schema\/logo\/image\/\",\"url\":\"\",\"contentUrl\":\"\",\"caption\":\"S\u00fcdtiroler Jagdverband\"},\"image\":{\"@id\":\"https:\/\/jagdverband.it\/it\/#\/schema\/logo\/image\/\"}},{\"@type\":\"Person\",\"@id\":\"https:\/\/jagdverband.it\/it\/#\/schema\/person\/3e030b3a4aa7c391e09cd551afd6dc73\",\"name\":\"admin\",\"image\":{\"@type\":\"ImageObject\",\"inLanguage\":\"it-IT\",\"@id\":\"https:\/\/jagdverband.it\/it\/#\/schema\/person\/image\/\",\"url\":\"https:\/\/secure.gravatar.com\/avatar\/badbf5eaa88657062fdcacb31218cc5c?s=96&d=blank&r=g\",\"contentUrl\":\"https:\/\/secure.gravatar.com\/avatar\/badbf5eaa88657062fdcacb31218cc5c?s=96&d=blank&r=g\",\"caption\":\"admin\"},\"url\":\"https:\/\/jagdverband.it\/it\/author\/admin\/\"}]}<\/script>\n<!-- \/ Yoast SEO plugin. -->","yoast_head_json":{"title":"Ein Jahr JAGERRUCKSOCK - S\u00fcdtiroler Jagdverband","robots":{"index":"index","follow":"follow","max-snippet":"max-snippet:-1","max-image-preview":"max-image-preview:large","max-video-preview":"max-video-preview:-1"},"canonical":"https:\/\/jagdverband.it\/it\/ein-jahr-jagerrucksock\/","og_locale":"it_IT","og_type":"article","og_title":"Ein Jahr JAGERRUCKSOCK - S\u00fcdtiroler Jagdverband","og_description":"25.10.2023 - Der JAGERRUCKSOCK ist mittlerweile bereits seit einem Jahr im Einsatz! In dieser Zeit war das Material an vielen verschiedenen Orten des Landes unterwegs.","og_url":"https:\/\/jagdverband.it\/it\/ein-jahr-jagerrucksock\/","og_site_name":"S\u00fcdtiroler Jagdverband","article_published_time":"2023-10-25T12:34:42+00:00","article_modified_time":"2023-10-25T13:19:46+00:00","og_image":[{"width":1920,"height":1280,"url":"https:\/\/jagdverband.it\/wp-content\/uploads\/2023\/10\/Jagerrucksock-IMG_2068.jpg","type":"image\/jpeg"}],"author":"admin","twitter_card":"summary","twitter_misc":{"Scritto da":"admin","Tempo di lettura stimato":"2 minuti"},"schema":{"@context":"https:\/\/schema.org","@graph":[{"@type":"Article","@id":"https:\/\/jagdverband.it\/it\/ein-jahr-jagerrucksock\/#article","isPartOf":{"@id":"https:\/\/jagdverband.it\/it\/ein-jahr-jagerrucksock\/"},"author":{"name":"admin","@id":"https:\/\/jagdverband.it\/it\/#\/schema\/person\/3e030b3a4aa7c391e09cd551afd6dc73"},"headline":"Ein Jahr JAGERRUCKSOCK","datePublished":"2023-10-25T12:34:42+00:00","dateModified":"2023-10-25T13:19:46+00:00","mainEntityOfPage":{"@id":"https:\/\/jagdverband.it\/it\/ein-jahr-jagerrucksock\/"},"wordCount":698,"commentCount":0,"publisher":{"@id":"https:\/\/jagdverband.it\/it\/#organization"},"articleSection":["Mitteilungen"],"inLanguage":"it-IT","potentialAction":[{"@type":"CommentAction","name":"Comment","target":["https:\/\/jagdverband.it\/it\/ein-jahr-jagerrucksock\/#respond"]}]},{"@type":"WebPage","@id":"https:\/\/jagdverband.it\/it\/ein-jahr-jagerrucksock\/","url":"https:\/\/jagdverband.it\/it\/ein-jahr-jagerrucksock\/","name":"Ein Jahr JAGERRUCKSOCK - S\u00fcdtiroler Jagdverband","isPartOf":{"@id":"https:\/\/jagdverband.it\/it\/#website"},"datePublished":"2023-10-25T12:34:42+00:00","dateModified":"2023-10-25T13:19:46+00:00","breadcrumb":{"@id":"https:\/\/jagdverband.it\/it\/ein-jahr-jagerrucksock\/#breadcrumb"},"inLanguage":"it-IT","potentialAction":[{"@type":"ReadAction","target":["https:\/\/jagdverband.it\/it\/ein-jahr-jagerrucksock\/"]}]},{"@type":"BreadcrumbList","@id":"https:\/\/jagdverband.it\/it\/ein-jahr-jagerrucksock\/#breadcrumb","itemListElement":[{"@type":"ListItem","position":1,"name":"Home","item":"https:\/\/jagdverband.it\/it\/"},{"@type":"ListItem","position":2,"name":"Mitteilungen","item":"https:\/\/jagdverband.it\/c\/mitteilungen\/"},{"@type":"ListItem","position":3,"name":"Ein Jahr JAGERRUCKSOCK"}]},{"@type":"WebSite","@id":"https:\/\/jagdverband.it\/it\/#website","url":"https:\/\/jagdverband.it\/it\/","name":"S\u00fcdtiroler Jagdverband","description":"S\u00fcdtiroler Jagdverband","publisher":{"@id":"https:\/\/jagdverband.it\/it\/#organization"},"potentialAction":[{"@type":"SearchAction","target":{"@type":"EntryPoint","urlTemplate":"https:\/\/jagdverband.it\/it\/?s={search_term_string}"},"query-input":"required name=search_term_string"}],"inLanguage":"it-IT"},{"@type":"Organization","@id":"https:\/\/jagdverband.it\/it\/#organization","name":"S\u00fcdtiroler Jagdverband","url":"https:\/\/jagdverband.it\/it\/","sameAs":[],"logo":{"@type":"ImageObject","inLanguage":"it-IT","@id":"https:\/\/jagdverband.it\/it\/#\/schema\/logo\/image\/","url":"","contentUrl":"","caption":"S\u00fcdtiroler Jagdverband"},"image":{"@id":"https:\/\/jagdverband.it\/it\/#\/schema\/logo\/image\/"}},{"@type":"Person","@id":"https:\/\/jagdverband.it\/it\/#\/schema\/person\/3e030b3a4aa7c391e09cd551afd6dc73","name":"admin","image":{"@type":"ImageObject","inLanguage":"it-IT","@id":"https:\/\/jagdverband.it\/it\/#\/schema\/person\/image\/","url":"https:\/\/secure.gravatar.com\/avatar\/badbf5eaa88657062fdcacb31218cc5c?s=96&d=blank&r=g","contentUrl":"https:\/\/secure.gravatar.com\/avatar\/badbf5eaa88657062fdcacb31218cc5c?s=96&d=blank&r=g","caption":"admin"},"url":"https:\/\/jagdverband.it\/it\/author\/admin\/"}]}},"_links":{"self":[{"href":"https:\/\/jagdverband.it\/it\/wp-json\/wp\/v2\/posts\/75240"}],"collection":[{"href":"https:\/\/jagdverband.it\/it\/wp-json\/wp\/v2\/posts"}],"about":[{"href":"https:\/\/jagdverband.it\/it\/wp-json\/wp\/v2\/types\/post"}],"author":[{"embeddable":true,"href":"https:\/\/jagdverband.it\/it\/wp-json\/wp\/v2\/users\/1"}],"replies":[{"embeddable":true,"href":"https:\/\/jagdverband.it\/it\/wp-json\/wp\/v2\/comments?post=75240"}],"version-history":[{"count":0,"href":"https:\/\/jagdverband.it\/it\/wp-json\/wp\/v2\/posts\/75240\/revisions"}],"wp:featuredmedia":[{"embeddable":true,"href":"https:\/\/jagdverband.it\/it\/wp-json\/wp\/v2\/media\/75246"}],"wp:attachment":[{"href":"https:\/\/jagdverband.it\/it\/wp-json\/wp\/v2\/media?parent=75240"}],"wp:term":[{"taxonomy":"category","embeddable":true,"href":"https:\/\/jagdverband.it\/it\/wp-json\/wp\/v2\/categories?post=75240"},{"taxonomy":"post_tag","embeddable":true,"href":"https:\/\/jagdverband.it\/it\/wp-json\/wp\/v2\/tags?post=75240"}],"curies":[{"name":"wp","href":"https:\/\/api.w.org\/{rel}","templated":true}]}}