{"id":74803,"date":"2023-07-24T08:10:51","date_gmt":"2023-07-24T06:10:51","guid":{"rendered":"https:\/\/jagdverband.it\/?p=74803"},"modified":"2023-07-25T10:19:01","modified_gmt":"2023-07-25T08:19:01","slug":"lupupa-sale-di-quota-e-si-riproduce-in-val-pusteria","status":"publish","type":"post","link":"https:\/\/jagdverband.it\/it\/lupupa-sale-di-quota-e-si-riproduce-in-val-pusteria\/","title":{"rendered":"L&#8217;upupa sale di quota e si riproduce in Val Pusteria"},"content":{"rendered":"<p>[et_pb_section fb_built=&#8221;1&#8243; specialty=&#8221;on&#8221; _builder_version=&#8221;4.16&#8243; global_colors_info=&#8221;{}&#8221;][et_pb_column type=&#8221;3_4&#8243; specialty_columns=&#8221;3&#8243; _builder_version=&#8221;4.16&#8243; custom_padding=&#8221;|||&#8221; global_colors_info=&#8221;{}&#8221; custom_padding__hover=&#8221;|||&#8221;][et_pb_row_inner _builder_version=&#8221;4.16&#8243; custom_padding=&#8221;||5px||false|false&#8221; global_colors_info=&#8221;{}&#8221;][et_pb_column_inner saved_specialty_column_type=&#8221;3_4&#8243; _builder_version=&#8221;4.16&#8243; global_colors_info=&#8221;{}&#8221;][et_pb_text _builder_version=&#8221;4.18.0&#8243; custom_padding=&#8221;||0px|||&#8221; hover_enabled=&#8221;0&#8243; global_colors_info=&#8221;{}&#8221; sticky_enabled=&#8221;0&#8243;]<\/p>\n<h1>L&#8217;upupa sale di quota e si riproduce in Val Pusteria<\/h1>\n<h3><em>25 luglio 2023<\/em><\/h3>\n<p>[\/et_pb_text][\/et_pb_column_inner][\/et_pb_row_inner][et_pb_row_inner column_structure=&#8221;1_2,1_2&#8243; _builder_version=&#8221;4.16&#8243; custom_padding=&#8221;||||false|false&#8221; global_colors_info=&#8221;{}&#8221;][et_pb_column_inner type=&#8221;1_2&#8243; saved_specialty_column_type=&#8221;3_4&#8243; _builder_version=&#8221;4.16&#8243; global_colors_info=&#8221;{}&#8221;][et_pb_image src=&#8221;https:\/\/jagdverband.it\/wp-content\/uploads\/2023\/07\/Wiedehopf-Niederdorf-2.jpg&#8221; title_text=&#8221;Wiedehopf Niederdorf 2&#8243; show_in_lightbox=&#8221;on&#8221; show_bottom_space=&#8221;off&#8221; _builder_version=&#8221;4.18.0&#8243; global_colors_info=&#8221;{}&#8221;][\/et_pb_image][\/et_pb_column_inner][et_pb_column_inner type=&#8221;1_2&#8243; saved_specialty_column_type=&#8221;3_4&#8243; _builder_version=&#8221;4.16&#8243; global_colors_info=&#8221;{}&#8221;][et_pb_text _builder_version=&#8221;4.18.0&#8243; _module_preset=&#8221;default&#8221; global_colors_info=&#8221;{}&#8221;]<\/p>\n<p>All\u2019inizio dell\u2019estate, durante uno dei suoi molteplici giri di controllo nelle riserve di caccia da lui sorvegliate, l\u2019agente venatorio di Villabassa, Sesto e Versciaco ha avuto la conferma che una coppia di questi uccelli, estremamente rari in questa zona, si \u00e8 riprodotta con successo. Gi\u00e0 durante lo scorso aprile <strong>Hubert Burger<\/strong> aveva fatto la rara osservazione dei suggestivi uccelli dalle vistose piume arancioni sulla testa, in puro stile punk e, dopo che gli avvistamenti si sono ripetuti, ha intuito la possibilit\u00e0 che potessero addirittura riprodursi. <\/p>\n<p>La conferma \u00e8 arrivata da un appassionato di uccelli di Villabassa che ha riferito che la coppia si stava riproducendo in una cassetta nido nel suo giardino. Nel frattempo, i piccoli hanno spiccato il volo e il fotografo naturalista di Villabassa G\u00fcnther Kamelger \u00e8 riuscito a immortalare il lieto evento con la sua macchina fotografica.<\/p>\n<p>[\/et_pb_text][\/et_pb_column_inner][\/et_pb_row_inner][et_pb_row_inner column_structure=&#8221;1_2,1_2&#8243; _builder_version=&#8221;4.16&#8243; custom_padding=&#8221;||||false|false&#8221; global_colors_info=&#8221;{}&#8221;][et_pb_column_inner type=&#8221;1_2&#8243; saved_specialty_column_type=&#8221;3_4&#8243; _builder_version=&#8221;4.16&#8243; global_colors_info=&#8221;{}&#8221;][et_pb_image src=&#8221;https:\/\/jagdverband.it\/wp-content\/uploads\/2023\/07\/Wiedehopf-Niederdorf-1.jpg&#8221; title_text=&#8221;Wiedehopf Niederdorf 1&#8243; show_in_lightbox=&#8221;on&#8221; show_bottom_space=&#8221;off&#8221; _builder_version=&#8221;4.18.0&#8243; global_colors_info=&#8221;{}&#8221;][\/et_pb_image][\/et_pb_column_inner][et_pb_column_inner type=&#8221;1_2&#8243; saved_specialty_column_type=&#8221;3_4&#8243; _builder_version=&#8221;4.16&#8243; global_colors_info=&#8221;{}&#8221;][et_pb_text _builder_version=&#8221;4.18.0&#8243; _module_preset=&#8221;default&#8221; global_colors_info=&#8221;{}&#8221;]<\/p>\n<p>L&#8217;upupa, specie protetta dalla Direttiva Uccelli, si nutre di insetti e larve, si riproduce nelle cavit\u00e0 degli alberi e, in Alto Adige, si trova soprattutto alle basse quote dell&#8217;Alto Adige sud-occidentale. Il fatto che ora sia riprodotta anche in Alta Val Pusteria \u00e8 sicuramente una gioia per gli amanti degli uccelli anche se, probabilmente, ci\u00f2 \u00e8 dovuto al fatto che sta cercando nuovi territori, a causa della perdita di habitat e del riscaldamento climatico. <\/p>\n<p>In autunno, comunque, i giovani uccelli \u201cpusteresi\u201d migreranno verso le zone di svernamento in Africa, proprio come i loro genitori.<\/p>\n<p><strong>Curiosit\u00e0:<\/strong> il nome latino upupa, rappresenta un&#8217;onomatopea, in quanto deriva dal verso emesso da questo uccello.<\/p>\n<p>[\/et_pb_text][\/et_pb_column_inner][\/et_pb_row_inner][et_pb_row_inner column_structure=&#8221;undefined&#8221; _builder_version=&#8221;4.16&#8243; custom_padding=&#8221;||||false|false&#8221; global_colors_info=&#8221;{}&#8221;][et_pb_column_inner type=&#8221;undefined&#8221; saved_specialty_column_type=&#8221;3_4&#8243; _builder_version=&#8221;4.16&#8243; global_colors_info=&#8221;{}&#8221;][et_pb_divider color=&#8221;rgba(0,0,0,0.13)&#8221; _builder_version=&#8221;4.16&#8243; custom_margin=&#8221;||||false|false&#8221; global_colors_info=&#8221;{}&#8221;][\/et_pb_divider][et_pb_button button_url=&#8221;https:\/\/jagdverband.it\/mitteilungen\/&#8221; button_text=&#8221;torna indietro&#8221; button_alignment=&#8221;center&#8221; _builder_version=&#8221;4.18.0&#8243; global_colors_info=&#8221;{}&#8221;][\/et_pb_button][et_pb_divider color=&#8221;rgba(0,0,0,0.13)&#8221; _builder_version=&#8221;4.16&#8243; custom_margin=&#8221;25px||||false|false&#8221; global_colors_info=&#8221;{}&#8221;][\/et_pb_divider][\/et_pb_column_inner][\/et_pb_row_inner][\/et_pb_column][et_pb_column type=&#8221;1_4&#8243; _builder_version=&#8221;4.16&#8243; custom_padding=&#8221;|||&#8221; global_colors_info=&#8221;{}&#8221; custom_padding__hover=&#8221;|||&#8221;][et_pb_sidebar orientation=&#8221;right&#8221; _builder_version=&#8221;4.16&#8243; global_colors_info=&#8221;{}&#8221;][\/et_pb_sidebar][\/et_pb_column][\/et_pb_section]<\/p>\n","protected":false},"excerpt":{"rendered":"<p>25.07.2023 &#8211; Il \u201clieto evento\u201d \u00e8 stato documentato fotograficamente, dopo che in primavera l\u2019agente venatorio di Villabassa Hubert Burger aveva scoperto una coppia degli insoliti ospiti.<\/p>\n","protected":false},"author":1,"featured_media":74797,"comment_status":"closed","ping_status":"closed","sticky":false,"template":"","format":"standard","meta":{"_et_pb_use_builder":"on","_et_pb_old_content":"","_et_gb_content_width":""},"categories":[163],"tags":[],"featured_image_src":"https:\/\/jagdverband.it\/wp-content\/uploads\/2023\/07\/Wiedehopf-Niederdorf-1-1024x684.jpg","blog_images":{"medium":"https:\/\/jagdverband.it\/wp-content\/uploads\/2023\/07\/Wiedehopf-Niederdorf-1-300x200.jpg","large":"https:\/\/jagdverband.it\/wp-content\/uploads\/2023\/07\/Wiedehopf-Niederdorf-1-1024x684.jpg"},"ams_acf":[],"yoast_head":"<!-- This site is optimized with the Yoast SEO plugin v19.6 - https:\/\/yoast.com\/wordpress\/plugins\/seo\/ -->\n<title>L&#039;upupa sale di quota e si riproduce in Val Pusteria - S\u00fcdtiroler Jagdverband<\/title>\n<meta name=\"robots\" content=\"index, follow, max-snippet:-1, max-image-preview:large, max-video-preview:-1\" \/>\n<link rel=\"canonical\" href=\"https:\/\/jagdverband.it\/it\/lupupa-sale-di-quota-e-si-riproduce-in-val-pusteria\/\" \/>\n<meta property=\"og:locale\" content=\"it_IT\" \/>\n<meta property=\"og:type\" content=\"article\" \/>\n<meta property=\"og:title\" content=\"L&#039;upupa sale di quota e si riproduce in Val Pusteria - S\u00fcdtiroler Jagdverband\" \/>\n<meta property=\"og:description\" content=\"25.07.2023 - Il \u201clieto evento\u201d \u00e8 stato documentato fotograficamente, dopo che in primavera l\u2019agente venatorio di Villabassa Hubert Burger aveva scoperto una coppia degli insoliti ospiti.\" \/>\n<meta property=\"og:url\" content=\"https:\/\/jagdverband.it\/it\/lupupa-sale-di-quota-e-si-riproduce-in-val-pusteria\/\" \/>\n<meta property=\"og:site_name\" content=\"S\u00fcdtiroler Jagdverband\" \/>\n<meta property=\"article:published_time\" content=\"2023-07-24T06:10:51+00:00\" \/>\n<meta property=\"article:modified_time\" content=\"2023-07-25T08:19:01+00:00\" \/>\n<meta property=\"og:image\" content=\"https:\/\/jagdverband.it\/wp-content\/uploads\/2023\/07\/Wiedehopf-Niederdorf-1.jpg\" \/>\n\t<meta property=\"og:image:width\" content=\"1905\" \/>\n\t<meta property=\"og:image:height\" content=\"1272\" \/>\n\t<meta property=\"og:image:type\" content=\"image\/jpeg\" \/>\n<meta name=\"author\" content=\"admin\" \/>\n<meta name=\"twitter:card\" content=\"summary\" \/>\n<meta name=\"twitter:label1\" content=\"Scritto da\" \/>\n\t<meta name=\"twitter:data1\" content=\"admin\" \/>\n\t<meta name=\"twitter:label2\" content=\"Tempo di lettura stimato\" \/>\n\t<meta name=\"twitter:data2\" content=\"3 minuti\" \/>\n<script type=\"application\/ld+json\" class=\"yoast-schema-graph\">{\"@context\":\"https:\/\/schema.org\",\"@graph\":[{\"@type\":\"Article\",\"@id\":\"https:\/\/jagdverband.it\/it\/lupupa-sale-di-quota-e-si-riproduce-in-val-pusteria\/#article\",\"isPartOf\":{\"@id\":\"https:\/\/jagdverband.it\/it\/lupupa-sale-di-quota-e-si-riproduce-in-val-pusteria\/\"},\"author\":{\"name\":\"admin\",\"@id\":\"https:\/\/jagdverband.it\/it\/#\/schema\/person\/3e030b3a4aa7c391e09cd551afd6dc73\"},\"headline\":\"L&#8217;upupa sale di quota e si riproduce in Val Pusteria\",\"datePublished\":\"2023-07-24T06:10:51+00:00\",\"dateModified\":\"2023-07-25T08:19:01+00:00\",\"mainEntityOfPage\":{\"@id\":\"https:\/\/jagdverband.it\/it\/lupupa-sale-di-quota-e-si-riproduce-in-val-pusteria\/\"},\"wordCount\":685,\"publisher\":{\"@id\":\"https:\/\/jagdverband.it\/it\/#organization\"},\"articleSection\":[\"comunicazioni_it\"],\"inLanguage\":\"it-IT\"},{\"@type\":\"WebPage\",\"@id\":\"https:\/\/jagdverband.it\/it\/lupupa-sale-di-quota-e-si-riproduce-in-val-pusteria\/\",\"url\":\"https:\/\/jagdverband.it\/it\/lupupa-sale-di-quota-e-si-riproduce-in-val-pusteria\/\",\"name\":\"L'upupa sale di quota e si riproduce in Val Pusteria - S\u00fcdtiroler Jagdverband\",\"isPartOf\":{\"@id\":\"https:\/\/jagdverband.it\/it\/#website\"},\"datePublished\":\"2023-07-24T06:10:51+00:00\",\"dateModified\":\"2023-07-25T08:19:01+00:00\",\"breadcrumb\":{\"@id\":\"https:\/\/jagdverband.it\/it\/lupupa-sale-di-quota-e-si-riproduce-in-val-pusteria\/#breadcrumb\"},\"inLanguage\":\"it-IT\",\"potentialAction\":[{\"@type\":\"ReadAction\",\"target\":[\"https:\/\/jagdverband.it\/it\/lupupa-sale-di-quota-e-si-riproduce-in-val-pusteria\/\"]}]},{\"@type\":\"BreadcrumbList\",\"@id\":\"https:\/\/jagdverband.it\/it\/lupupa-sale-di-quota-e-si-riproduce-in-val-pusteria\/#breadcrumb\",\"itemListElement\":[{\"@type\":\"ListItem\",\"position\":1,\"name\":\"Home\",\"item\":\"https:\/\/jagdverband.it\/it\/\"},{\"@type\":\"ListItem\",\"position\":2,\"name\":\"comunicazioni_it\",\"item\":\"https:\/\/jagdverband.it\/it\/c\/comunicazioni-it\/\"},{\"@type\":\"ListItem\",\"position\":3,\"name\":\"L&#8217;upupa sale di quota e si riproduce in Val Pusteria\"}]},{\"@type\":\"WebSite\",\"@id\":\"https:\/\/jagdverband.it\/it\/#website\",\"url\":\"https:\/\/jagdverband.it\/it\/\",\"name\":\"S\u00fcdtiroler Jagdverband\",\"description\":\"S\u00fcdtiroler Jagdverband\",\"publisher\":{\"@id\":\"https:\/\/jagdverband.it\/it\/#organization\"},\"potentialAction\":[{\"@type\":\"SearchAction\",\"target\":{\"@type\":\"EntryPoint\",\"urlTemplate\":\"https:\/\/jagdverband.it\/it\/?s={search_term_string}\"},\"query-input\":\"required name=search_term_string\"}],\"inLanguage\":\"it-IT\"},{\"@type\":\"Organization\",\"@id\":\"https:\/\/jagdverband.it\/it\/#organization\",\"name\":\"S\u00fcdtiroler Jagdverband\",\"url\":\"https:\/\/jagdverband.it\/it\/\",\"sameAs\":[],\"logo\":{\"@type\":\"ImageObject\",\"inLanguage\":\"it-IT\",\"@id\":\"https:\/\/jagdverband.it\/it\/#\/schema\/logo\/image\/\",\"url\":\"\",\"contentUrl\":\"\",\"caption\":\"S\u00fcdtiroler Jagdverband\"},\"image\":{\"@id\":\"https:\/\/jagdverband.it\/it\/#\/schema\/logo\/image\/\"}},{\"@type\":\"Person\",\"@id\":\"https:\/\/jagdverband.it\/it\/#\/schema\/person\/3e030b3a4aa7c391e09cd551afd6dc73\",\"name\":\"admin\",\"image\":{\"@type\":\"ImageObject\",\"inLanguage\":\"it-IT\",\"@id\":\"https:\/\/jagdverband.it\/it\/#\/schema\/person\/image\/\",\"url\":\"https:\/\/secure.gravatar.com\/avatar\/badbf5eaa88657062fdcacb31218cc5c?s=96&d=blank&r=g\",\"contentUrl\":\"https:\/\/secure.gravatar.com\/avatar\/badbf5eaa88657062fdcacb31218cc5c?s=96&d=blank&r=g\",\"caption\":\"admin\"},\"url\":\"https:\/\/jagdverband.it\/it\/author\/admin\/\"}]}<\/script>\n<!-- \/ Yoast SEO plugin. -->","yoast_head_json":{"title":"L'upupa sale di quota e si riproduce in Val Pusteria - S\u00fcdtiroler Jagdverband","robots":{"index":"index","follow":"follow","max-snippet":"max-snippet:-1","max-image-preview":"max-image-preview:large","max-video-preview":"max-video-preview:-1"},"canonical":"https:\/\/jagdverband.it\/it\/lupupa-sale-di-quota-e-si-riproduce-in-val-pusteria\/","og_locale":"it_IT","og_type":"article","og_title":"L'upupa sale di quota e si riproduce in Val Pusteria - S\u00fcdtiroler Jagdverband","og_description":"25.07.2023 - Il \u201clieto evento\u201d \u00e8 stato documentato fotograficamente, dopo che in primavera l\u2019agente venatorio di Villabassa Hubert Burger aveva scoperto una coppia degli insoliti ospiti.","og_url":"https:\/\/jagdverband.it\/it\/lupupa-sale-di-quota-e-si-riproduce-in-val-pusteria\/","og_site_name":"S\u00fcdtiroler Jagdverband","article_published_time":"2023-07-24T06:10:51+00:00","article_modified_time":"2023-07-25T08:19:01+00:00","og_image":[{"width":1905,"height":1272,"url":"https:\/\/jagdverband.it\/wp-content\/uploads\/2023\/07\/Wiedehopf-Niederdorf-1.jpg","type":"image\/jpeg"}],"author":"admin","twitter_card":"summary","twitter_misc":{"Scritto da":"admin","Tempo di lettura stimato":"3 minuti"},"schema":{"@context":"https:\/\/schema.org","@graph":[{"@type":"Article","@id":"https:\/\/jagdverband.it\/it\/lupupa-sale-di-quota-e-si-riproduce-in-val-pusteria\/#article","isPartOf":{"@id":"https:\/\/jagdverband.it\/it\/lupupa-sale-di-quota-e-si-riproduce-in-val-pusteria\/"},"author":{"name":"admin","@id":"https:\/\/jagdverband.it\/it\/#\/schema\/person\/3e030b3a4aa7c391e09cd551afd6dc73"},"headline":"L&#8217;upupa sale di quota e si riproduce in Val Pusteria","datePublished":"2023-07-24T06:10:51+00:00","dateModified":"2023-07-25T08:19:01+00:00","mainEntityOfPage":{"@id":"https:\/\/jagdverband.it\/it\/lupupa-sale-di-quota-e-si-riproduce-in-val-pusteria\/"},"wordCount":685,"publisher":{"@id":"https:\/\/jagdverband.it\/it\/#organization"},"articleSection":["comunicazioni_it"],"inLanguage":"it-IT"},{"@type":"WebPage","@id":"https:\/\/jagdverband.it\/it\/lupupa-sale-di-quota-e-si-riproduce-in-val-pusteria\/","url":"https:\/\/jagdverband.it\/it\/lupupa-sale-di-quota-e-si-riproduce-in-val-pusteria\/","name":"L'upupa sale di quota e si riproduce in Val Pusteria - S\u00fcdtiroler Jagdverband","isPartOf":{"@id":"https:\/\/jagdverband.it\/it\/#website"},"datePublished":"2023-07-24T06:10:51+00:00","dateModified":"2023-07-25T08:19:01+00:00","breadcrumb":{"@id":"https:\/\/jagdverband.it\/it\/lupupa-sale-di-quota-e-si-riproduce-in-val-pusteria\/#breadcrumb"},"inLanguage":"it-IT","potentialAction":[{"@type":"ReadAction","target":["https:\/\/jagdverband.it\/it\/lupupa-sale-di-quota-e-si-riproduce-in-val-pusteria\/"]}]},{"@type":"BreadcrumbList","@id":"https:\/\/jagdverband.it\/it\/lupupa-sale-di-quota-e-si-riproduce-in-val-pusteria\/#breadcrumb","itemListElement":[{"@type":"ListItem","position":1,"name":"Home","item":"https:\/\/jagdverband.it\/it\/"},{"@type":"ListItem","position":2,"name":"comunicazioni_it","item":"https:\/\/jagdverband.it\/it\/c\/comunicazioni-it\/"},{"@type":"ListItem","position":3,"name":"L&#8217;upupa sale di quota e si riproduce in Val Pusteria"}]},{"@type":"WebSite","@id":"https:\/\/jagdverband.it\/it\/#website","url":"https:\/\/jagdverband.it\/it\/","name":"S\u00fcdtiroler Jagdverband","description":"S\u00fcdtiroler Jagdverband","publisher":{"@id":"https:\/\/jagdverband.it\/it\/#organization"},"potentialAction":[{"@type":"SearchAction","target":{"@type":"EntryPoint","urlTemplate":"https:\/\/jagdverband.it\/it\/?s={search_term_string}"},"query-input":"required name=search_term_string"}],"inLanguage":"it-IT"},{"@type":"Organization","@id":"https:\/\/jagdverband.it\/it\/#organization","name":"S\u00fcdtiroler Jagdverband","url":"https:\/\/jagdverband.it\/it\/","sameAs":[],"logo":{"@type":"ImageObject","inLanguage":"it-IT","@id":"https:\/\/jagdverband.it\/it\/#\/schema\/logo\/image\/","url":"","contentUrl":"","caption":"S\u00fcdtiroler Jagdverband"},"image":{"@id":"https:\/\/jagdverband.it\/it\/#\/schema\/logo\/image\/"}},{"@type":"Person","@id":"https:\/\/jagdverband.it\/it\/#\/schema\/person\/3e030b3a4aa7c391e09cd551afd6dc73","name":"admin","image":{"@type":"ImageObject","inLanguage":"it-IT","@id":"https:\/\/jagdverband.it\/it\/#\/schema\/person\/image\/","url":"https:\/\/secure.gravatar.com\/avatar\/badbf5eaa88657062fdcacb31218cc5c?s=96&d=blank&r=g","contentUrl":"https:\/\/secure.gravatar.com\/avatar\/badbf5eaa88657062fdcacb31218cc5c?s=96&d=blank&r=g","caption":"admin"},"url":"https:\/\/jagdverband.it\/it\/author\/admin\/"}]}},"_links":{"self":[{"href":"https:\/\/jagdverband.it\/it\/wp-json\/wp\/v2\/posts\/74803"}],"collection":[{"href":"https:\/\/jagdverband.it\/it\/wp-json\/wp\/v2\/posts"}],"about":[{"href":"https:\/\/jagdverband.it\/it\/wp-json\/wp\/v2\/types\/post"}],"author":[{"embeddable":true,"href":"https:\/\/jagdverband.it\/it\/wp-json\/wp\/v2\/users\/1"}],"replies":[{"embeddable":true,"href":"https:\/\/jagdverband.it\/it\/wp-json\/wp\/v2\/comments?post=74803"}],"version-history":[{"count":0,"href":"https:\/\/jagdverband.it\/it\/wp-json\/wp\/v2\/posts\/74803\/revisions"}],"wp:featuredmedia":[{"embeddable":true,"href":"https:\/\/jagdverband.it\/it\/wp-json\/wp\/v2\/media\/74797"}],"wp:attachment":[{"href":"https:\/\/jagdverband.it\/it\/wp-json\/wp\/v2\/media?parent=74803"}],"wp:term":[{"taxonomy":"category","embeddable":true,"href":"https:\/\/jagdverband.it\/it\/wp-json\/wp\/v2\/categories?post=74803"},{"taxonomy":"post_tag","embeddable":true,"href":"https:\/\/jagdverband.it\/it\/wp-json\/wp\/v2\/tags?post=74803"}],"curies":[{"name":"wp","href":"https:\/\/api.w.org\/{rel}","templated":true}]}}