{"id":74247,"date":"2023-06-16T11:38:28","date_gmt":"2023-06-16T09:38:28","guid":{"rendered":"https:\/\/jagdverband.it\/signforhunting-wollen-sie-eine-zukunft-fuer-die-jagd-copy\/"},"modified":"2023-06-16T11:43:10","modified_gmt":"2023-06-16T09:43:10","slug":"signforhunting-unterschriftensammlung-beendet","status":"publish","type":"post","link":"https:\/\/jagdverband.it\/it\/signforhunting-unterschriftensammlung-beendet\/","title":{"rendered":"#SignForHunting &#8211; Unterschriftensammlung beendet"},"content":{"rendered":"<p>[et_pb_section fb_built=&#8221;1&#8243; specialty=&#8221;on&#8221; _builder_version=&#8221;4.16&#8243; global_colors_info=&#8221;{}&#8221;][et_pb_column type=&#8221;3_4&#8243; specialty_columns=&#8221;3&#8243; _builder_version=&#8221;4.16&#8243; custom_padding=&#8221;|||&#8221; global_colors_info=&#8221;{}&#8221; custom_padding__hover=&#8221;|||&#8221;][et_pb_row_inner _builder_version=&#8221;4.16&#8243; custom_padding=&#8221;||5px||false|false&#8221; global_colors_info=&#8221;{}&#8221;][et_pb_column_inner saved_specialty_column_type=&#8221;3_4&#8243; _builder_version=&#8221;4.16&#8243; global_colors_info=&#8221;{}&#8221;][et_pb_text _builder_version=&#8221;4.18.0&#8243; custom_padding=&#8221;||0px|||&#8221; hover_enabled=&#8221;0&#8243; global_colors_info=&#8221;{}&#8221; sticky_enabled=&#8221;0&#8243;]<\/p>\n<h1>#SignForHunting &#8211; Unterschriftensammlung beendet<\/h1>\n<h3><em>16. Juni 2023<\/em><\/h3>\n<p>[\/et_pb_text][\/et_pb_column_inner][\/et_pb_row_inner][et_pb_row_inner column_structure=&#8221;1_2,1_2&#8243; _builder_version=&#8221;4.16&#8243; custom_padding=&#8221;||||false|false&#8221; global_colors_info=&#8221;{}&#8221;][et_pb_column_inner type=&#8221;1_2&#8243; saved_specialty_column_type=&#8221;3_4&#8243; _builder_version=&#8221;4.16&#8243; global_colors_info=&#8221;{}&#8221;][et_pb_image src=&#8221;https:\/\/jagdverband.it\/wp-content\/uploads\/2022\/07\/55-FACE-Website-SignForHunting.jpg&#8221; title_text=&#8221;55 FACE Website SignForHunting&#8221; url=&#8221;https:\/\/signforhunting.com\/de\/&#8221; url_new_window=&#8221;on&#8221; show_bottom_space=&#8221;off&#8221; _builder_version=&#8221;4.16&#8243; global_colors_info=&#8221;{}&#8221;][\/et_pb_image][\/et_pb_column_inner][et_pb_column_inner type=&#8221;1_2&#8243; saved_specialty_column_type=&#8221;3_4&#8243; _builder_version=&#8221;4.16&#8243; global_colors_info=&#8221;{}&#8221;][et_pb_text _builder_version=&#8221;4.18.0&#8243; _module_preset=&#8221;default&#8221; hover_enabled=&#8221;0&#8243; global_colors_info=&#8221;{}&#8221; sticky_enabled=&#8221;0&#8243;]<\/p>\n<p>Am 27. Mai 2022 startete die Europ\u00e4ische F\u00f6deration f\u00fcr Jagd und Naturschutz FACE eine Petition f\u00fcr den Erhalt der europ\u00e4ischen Jagd, in der sie 9 Forderungen stellt. Die wichtigsten dieser Punkte sind, dass die europ\u00e4ische Naturschutzpolitik Anreize f\u00fcr die Naturschutzarbeit der J\u00e4ger gibt, dass die Jagdpolitik evidenzbasiert und objektiv betrieben wird und dass die J\u00e4ger als Teil der L\u00f6sung zum Naturschutz und Erhalt der Biodiversit\u00e4t gesehen werden und nicht als das Problem.<\/p>\n<p>Gesetze und Entscheidungen, welche die Jagd betreffen, sollen gerecht sein und einen deutlichen Nutzen haben und Br\u00fcssel soll diese Agenda auch international vertreten, da die EU einen starken Einfluss auf globaler Ebene hat.<\/p>\n<p>Die Petition endete am 6. Juni 2023. In S\u00fcdtirol wurden ca. 4.400 Unterschriften gesammelt. Das zeigt, dass die S\u00fcdtiroler J\u00e4gerschaft die Wichtigkeit dieser Petition verstanden hat. Wir bedanken uns bei allen Unterst\u00fctzern und sind sehr stolz auf diese hervorragende Beteiligung, denn sie stellt den guten Zusammenhalt in der S\u00fcdtiroler J\u00e4gerschaft unter Beweis sowie die Wertsch\u00e4tzung f\u00fcr die Jagd und f\u00fcr den Erhalt der Jagdkultur in unserem Land.<\/p>\n<p>Insgesamt wurden in Europa 362.533 Unterschriften gesammelt.<\/p>\n<p>[\/et_pb_text][\/et_pb_column_inner][\/et_pb_row_inner][et_pb_row_inner column_structure=&#8221;undefined&#8221; _builder_version=&#8221;4.16&#8243; custom_padding=&#8221;||||false|false&#8221; global_colors_info=&#8221;{}&#8221;][et_pb_column_inner type=&#8221;undefined&#8221; saved_specialty_column_type=&#8221;3_4&#8243; _builder_version=&#8221;4.16&#8243; global_colors_info=&#8221;{}&#8221;][et_pb_divider color=&#8221;rgba(0,0,0,0.13)&#8221; _builder_version=&#8221;4.16&#8243; custom_margin=&#8221;||||false|false&#8221; global_colors_info=&#8221;{}&#8221;][\/et_pb_divider][et_pb_button button_url=&#8221;https:\/\/jagdverband.it\/mitteilungen\/&#8221; button_text=&#8221;Zur\u00fcck zur \u00dcbersicht&#8221; button_alignment=&#8221;center&#8221; _builder_version=&#8221;4.16&#8243; global_colors_info=&#8221;{}&#8221;][\/et_pb_button][et_pb_divider color=&#8221;rgba(0,0,0,0.13)&#8221; _builder_version=&#8221;4.16&#8243; custom_margin=&#8221;25px||||false|false&#8221; global_colors_info=&#8221;{}&#8221;][\/et_pb_divider][\/et_pb_column_inner][\/et_pb_row_inner][\/et_pb_column][et_pb_column type=&#8221;1_4&#8243; _builder_version=&#8221;4.16&#8243; custom_padding=&#8221;|||&#8221; global_colors_info=&#8221;{}&#8221; custom_padding__hover=&#8221;|||&#8221;][et_pb_sidebar orientation=&#8221;right&#8221; _builder_version=&#8221;4.16&#8243; global_colors_info=&#8221;{}&#8221;][\/et_pb_sidebar][\/et_pb_column][\/et_pb_section]<\/p>\n","protected":false},"excerpt":{"rendered":"<p>16.06.2023 &#8211; Die im letzten Jahr begonnene Petition ist abgeschlossen, in S\u00fcdtirol \u00fcberdurchschnittlich viele Unterschriften.<\/p>\n","protected":false},"author":1,"featured_media":70708,"comment_status":"closed","ping_status":"closed","sticky":false,"template":"","format":"standard","meta":{"_et_pb_use_builder":"on","_et_pb_old_content":"","_et_gb_content_width":""},"categories":[80],"tags":[],"featured_image_src":"https:\/\/jagdverband.it\/wp-content\/uploads\/2022\/07\/55-FACE-Website-SignForHunting-1024x700.jpg","blog_images":{"medium":"https:\/\/jagdverband.it\/wp-content\/uploads\/2022\/07\/55-FACE-Website-SignForHunting-300x205.jpg","large":"https:\/\/jagdverband.it\/wp-content\/uploads\/2022\/07\/55-FACE-Website-SignForHunting-1024x700.jpg"},"ams_acf":[],"yoast_head":"<!-- This site is optimized with the Yoast SEO plugin v19.6 - https:\/\/yoast.com\/wordpress\/plugins\/seo\/ -->\n<title>#SignForHunting - Unterschriftensammlung beendet - S\u00fcdtiroler Jagdverband<\/title>\n<meta name=\"robots\" content=\"index, follow, max-snippet:-1, max-image-preview:large, max-video-preview:-1\" \/>\n<link rel=\"canonical\" href=\"https:\/\/jagdverband.it\/it\/signforhunting-unterschriftensammlung-beendet\/\" \/>\n<meta property=\"og:locale\" content=\"it_IT\" \/>\n<meta property=\"og:type\" content=\"article\" \/>\n<meta property=\"og:title\" content=\"#SignForHunting - Unterschriftensammlung beendet - S\u00fcdtiroler Jagdverband\" \/>\n<meta property=\"og:description\" content=\"16.06.2023 - Die im letzten Jahr begonnene Petition ist abgeschlossen, in S\u00fcdtirol \u00fcberdurchschnittlich viele Unterschriften.\" \/>\n<meta property=\"og:url\" content=\"https:\/\/jagdverband.it\/it\/signforhunting-unterschriftensammlung-beendet\/\" \/>\n<meta property=\"og:site_name\" content=\"S\u00fcdtiroler Jagdverband\" \/>\n<meta property=\"article:published_time\" content=\"2023-06-16T09:38:28+00:00\" \/>\n<meta property=\"article:modified_time\" content=\"2023-06-16T09:43:10+00:00\" \/>\n<meta property=\"og:image\" content=\"https:\/\/jagdverband.it\/wp-content\/uploads\/2022\/07\/55-FACE-Website-SignForHunting.jpg\" \/>\n\t<meta property=\"og:image:width\" content=\"1911\" \/>\n\t<meta property=\"og:image:height\" content=\"1306\" \/>\n\t<meta property=\"og:image:type\" content=\"image\/jpeg\" \/>\n<meta name=\"author\" content=\"admin\" \/>\n<meta name=\"twitter:card\" content=\"summary\" \/>\n<meta name=\"twitter:label1\" content=\"Scritto da\" \/>\n\t<meta name=\"twitter:data1\" content=\"admin\" \/>\n\t<meta name=\"twitter:label2\" content=\"Tempo di lettura stimato\" \/>\n\t<meta name=\"twitter:data2\" content=\"1 minuto\" \/>\n<script type=\"application\/ld+json\" class=\"yoast-schema-graph\">{\"@context\":\"https:\/\/schema.org\",\"@graph\":[{\"@type\":\"Article\",\"@id\":\"https:\/\/jagdverband.it\/it\/signforhunting-unterschriftensammlung-beendet\/#article\",\"isPartOf\":{\"@id\":\"https:\/\/jagdverband.it\/it\/signforhunting-unterschriftensammlung-beendet\/\"},\"author\":{\"name\":\"admin\",\"@id\":\"https:\/\/jagdverband.it\/it\/#\/schema\/person\/3e030b3a4aa7c391e09cd551afd6dc73\"},\"headline\":\"#SignForHunting &#8211; Unterschriftensammlung beendet\",\"datePublished\":\"2023-06-16T09:38:28+00:00\",\"dateModified\":\"2023-06-16T09:43:10+00:00\",\"mainEntityOfPage\":{\"@id\":\"https:\/\/jagdverband.it\/it\/signforhunting-unterschriftensammlung-beendet\/\"},\"wordCount\":529,\"publisher\":{\"@id\":\"https:\/\/jagdverband.it\/it\/#organization\"},\"articleSection\":[\"Mitteilungen\"],\"inLanguage\":\"it-IT\"},{\"@type\":\"WebPage\",\"@id\":\"https:\/\/jagdverband.it\/it\/signforhunting-unterschriftensammlung-beendet\/\",\"url\":\"https:\/\/jagdverband.it\/it\/signforhunting-unterschriftensammlung-beendet\/\",\"name\":\"#SignForHunting - Unterschriftensammlung beendet - S\u00fcdtiroler Jagdverband\",\"isPartOf\":{\"@id\":\"https:\/\/jagdverband.it\/it\/#website\"},\"datePublished\":\"2023-06-16T09:38:28+00:00\",\"dateModified\":\"2023-06-16T09:43:10+00:00\",\"breadcrumb\":{\"@id\":\"https:\/\/jagdverband.it\/it\/signforhunting-unterschriftensammlung-beendet\/#breadcrumb\"},\"inLanguage\":\"it-IT\",\"potentialAction\":[{\"@type\":\"ReadAction\",\"target\":[\"https:\/\/jagdverband.it\/it\/signforhunting-unterschriftensammlung-beendet\/\"]}]},{\"@type\":\"BreadcrumbList\",\"@id\":\"https:\/\/jagdverband.it\/it\/signforhunting-unterschriftensammlung-beendet\/#breadcrumb\",\"itemListElement\":[{\"@type\":\"ListItem\",\"position\":1,\"name\":\"Home\",\"item\":\"https:\/\/jagdverband.it\/it\/\"},{\"@type\":\"ListItem\",\"position\":2,\"name\":\"Mitteilungen\",\"item\":\"https:\/\/jagdverband.it\/c\/mitteilungen\/\"},{\"@type\":\"ListItem\",\"position\":3,\"name\":\"#SignForHunting &#8211; Unterschriftensammlung beendet\"}]},{\"@type\":\"WebSite\",\"@id\":\"https:\/\/jagdverband.it\/it\/#website\",\"url\":\"https:\/\/jagdverband.it\/it\/\",\"name\":\"S\u00fcdtiroler Jagdverband\",\"description\":\"S\u00fcdtiroler Jagdverband\",\"publisher\":{\"@id\":\"https:\/\/jagdverband.it\/it\/#organization\"},\"potentialAction\":[{\"@type\":\"SearchAction\",\"target\":{\"@type\":\"EntryPoint\",\"urlTemplate\":\"https:\/\/jagdverband.it\/it\/?s={search_term_string}\"},\"query-input\":\"required name=search_term_string\"}],\"inLanguage\":\"it-IT\"},{\"@type\":\"Organization\",\"@id\":\"https:\/\/jagdverband.it\/it\/#organization\",\"name\":\"S\u00fcdtiroler Jagdverband\",\"url\":\"https:\/\/jagdverband.it\/it\/\",\"sameAs\":[],\"logo\":{\"@type\":\"ImageObject\",\"inLanguage\":\"it-IT\",\"@id\":\"https:\/\/jagdverband.it\/it\/#\/schema\/logo\/image\/\",\"url\":\"\",\"contentUrl\":\"\",\"caption\":\"S\u00fcdtiroler Jagdverband\"},\"image\":{\"@id\":\"https:\/\/jagdverband.it\/it\/#\/schema\/logo\/image\/\"}},{\"@type\":\"Person\",\"@id\":\"https:\/\/jagdverband.it\/it\/#\/schema\/person\/3e030b3a4aa7c391e09cd551afd6dc73\",\"name\":\"admin\",\"image\":{\"@type\":\"ImageObject\",\"inLanguage\":\"it-IT\",\"@id\":\"https:\/\/jagdverband.it\/it\/#\/schema\/person\/image\/\",\"url\":\"https:\/\/secure.gravatar.com\/avatar\/badbf5eaa88657062fdcacb31218cc5c?s=96&d=blank&r=g\",\"contentUrl\":\"https:\/\/secure.gravatar.com\/avatar\/badbf5eaa88657062fdcacb31218cc5c?s=96&d=blank&r=g\",\"caption\":\"admin\"},\"url\":\"https:\/\/jagdverband.it\/it\/author\/admin\/\"}]}<\/script>\n<!-- \/ Yoast SEO plugin. -->","yoast_head_json":{"title":"#SignForHunting - Unterschriftensammlung beendet - S\u00fcdtiroler Jagdverband","robots":{"index":"index","follow":"follow","max-snippet":"max-snippet:-1","max-image-preview":"max-image-preview:large","max-video-preview":"max-video-preview:-1"},"canonical":"https:\/\/jagdverband.it\/it\/signforhunting-unterschriftensammlung-beendet\/","og_locale":"it_IT","og_type":"article","og_title":"#SignForHunting - Unterschriftensammlung beendet - S\u00fcdtiroler Jagdverband","og_description":"16.06.2023 - Die im letzten Jahr begonnene Petition ist abgeschlossen, in S\u00fcdtirol \u00fcberdurchschnittlich viele Unterschriften.","og_url":"https:\/\/jagdverband.it\/it\/signforhunting-unterschriftensammlung-beendet\/","og_site_name":"S\u00fcdtiroler Jagdverband","article_published_time":"2023-06-16T09:38:28+00:00","article_modified_time":"2023-06-16T09:43:10+00:00","og_image":[{"width":1911,"height":1306,"url":"https:\/\/jagdverband.it\/wp-content\/uploads\/2022\/07\/55-FACE-Website-SignForHunting.jpg","type":"image\/jpeg"}],"author":"admin","twitter_card":"summary","twitter_misc":{"Scritto da":"admin","Tempo di lettura stimato":"1 minuto"},"schema":{"@context":"https:\/\/schema.org","@graph":[{"@type":"Article","@id":"https:\/\/jagdverband.it\/it\/signforhunting-unterschriftensammlung-beendet\/#article","isPartOf":{"@id":"https:\/\/jagdverband.it\/it\/signforhunting-unterschriftensammlung-beendet\/"},"author":{"name":"admin","@id":"https:\/\/jagdverband.it\/it\/#\/schema\/person\/3e030b3a4aa7c391e09cd551afd6dc73"},"headline":"#SignForHunting &#8211; Unterschriftensammlung beendet","datePublished":"2023-06-16T09:38:28+00:00","dateModified":"2023-06-16T09:43:10+00:00","mainEntityOfPage":{"@id":"https:\/\/jagdverband.it\/it\/signforhunting-unterschriftensammlung-beendet\/"},"wordCount":529,"publisher":{"@id":"https:\/\/jagdverband.it\/it\/#organization"},"articleSection":["Mitteilungen"],"inLanguage":"it-IT"},{"@type":"WebPage","@id":"https:\/\/jagdverband.it\/it\/signforhunting-unterschriftensammlung-beendet\/","url":"https:\/\/jagdverband.it\/it\/signforhunting-unterschriftensammlung-beendet\/","name":"#SignForHunting - Unterschriftensammlung beendet - S\u00fcdtiroler Jagdverband","isPartOf":{"@id":"https:\/\/jagdverband.it\/it\/#website"},"datePublished":"2023-06-16T09:38:28+00:00","dateModified":"2023-06-16T09:43:10+00:00","breadcrumb":{"@id":"https:\/\/jagdverband.it\/it\/signforhunting-unterschriftensammlung-beendet\/#breadcrumb"},"inLanguage":"it-IT","potentialAction":[{"@type":"ReadAction","target":["https:\/\/jagdverband.it\/it\/signforhunting-unterschriftensammlung-beendet\/"]}]},{"@type":"BreadcrumbList","@id":"https:\/\/jagdverband.it\/it\/signforhunting-unterschriftensammlung-beendet\/#breadcrumb","itemListElement":[{"@type":"ListItem","position":1,"name":"Home","item":"https:\/\/jagdverband.it\/it\/"},{"@type":"ListItem","position":2,"name":"Mitteilungen","item":"https:\/\/jagdverband.it\/c\/mitteilungen\/"},{"@type":"ListItem","position":3,"name":"#SignForHunting &#8211; Unterschriftensammlung beendet"}]},{"@type":"WebSite","@id":"https:\/\/jagdverband.it\/it\/#website","url":"https:\/\/jagdverband.it\/it\/","name":"S\u00fcdtiroler Jagdverband","description":"S\u00fcdtiroler Jagdverband","publisher":{"@id":"https:\/\/jagdverband.it\/it\/#organization"},"potentialAction":[{"@type":"SearchAction","target":{"@type":"EntryPoint","urlTemplate":"https:\/\/jagdverband.it\/it\/?s={search_term_string}"},"query-input":"required name=search_term_string"}],"inLanguage":"it-IT"},{"@type":"Organization","@id":"https:\/\/jagdverband.it\/it\/#organization","name":"S\u00fcdtiroler Jagdverband","url":"https:\/\/jagdverband.it\/it\/","sameAs":[],"logo":{"@type":"ImageObject","inLanguage":"it-IT","@id":"https:\/\/jagdverband.it\/it\/#\/schema\/logo\/image\/","url":"","contentUrl":"","caption":"S\u00fcdtiroler Jagdverband"},"image":{"@id":"https:\/\/jagdverband.it\/it\/#\/schema\/logo\/image\/"}},{"@type":"Person","@id":"https:\/\/jagdverband.it\/it\/#\/schema\/person\/3e030b3a4aa7c391e09cd551afd6dc73","name":"admin","image":{"@type":"ImageObject","inLanguage":"it-IT","@id":"https:\/\/jagdverband.it\/it\/#\/schema\/person\/image\/","url":"https:\/\/secure.gravatar.com\/avatar\/badbf5eaa88657062fdcacb31218cc5c?s=96&d=blank&r=g","contentUrl":"https:\/\/secure.gravatar.com\/avatar\/badbf5eaa88657062fdcacb31218cc5c?s=96&d=blank&r=g","caption":"admin"},"url":"https:\/\/jagdverband.it\/it\/author\/admin\/"}]}},"_links":{"self":[{"href":"https:\/\/jagdverband.it\/it\/wp-json\/wp\/v2\/posts\/74247"}],"collection":[{"href":"https:\/\/jagdverband.it\/it\/wp-json\/wp\/v2\/posts"}],"about":[{"href":"https:\/\/jagdverband.it\/it\/wp-json\/wp\/v2\/types\/post"}],"author":[{"embeddable":true,"href":"https:\/\/jagdverband.it\/it\/wp-json\/wp\/v2\/users\/1"}],"replies":[{"embeddable":true,"href":"https:\/\/jagdverband.it\/it\/wp-json\/wp\/v2\/comments?post=74247"}],"version-history":[{"count":0,"href":"https:\/\/jagdverband.it\/it\/wp-json\/wp\/v2\/posts\/74247\/revisions"}],"wp:featuredmedia":[{"embeddable":true,"href":"https:\/\/jagdverband.it\/it\/wp-json\/wp\/v2\/media\/70708"}],"wp:attachment":[{"href":"https:\/\/jagdverband.it\/it\/wp-json\/wp\/v2\/media?parent=74247"}],"wp:term":[{"taxonomy":"category","embeddable":true,"href":"https:\/\/jagdverband.it\/it\/wp-json\/wp\/v2\/categories?post=74247"},{"taxonomy":"post_tag","embeddable":true,"href":"https:\/\/jagdverband.it\/it\/wp-json\/wp\/v2\/tags?post=74247"}],"curies":[{"name":"wp","href":"https:\/\/api.w.org\/{rel}","templated":true}]}}