{"id":73998,"date":"2023-05-31T10:23:59","date_gmt":"2023-05-31T08:23:59","guid":{"rendered":"https:\/\/jagdverband.it\/live-dabei-im-falkennest-partschins-copy\/"},"modified":"2023-05-31T13:53:02","modified_gmt":"2023-05-31T11:53:02","slug":"jungjaegerfeier-in-der-forstschule-latemar-jagd-und-social-media","status":"publish","type":"post","link":"https:\/\/jagdverband.it\/it\/jungjaegerfeier-in-der-forstschule-latemar-jagd-und-social-media\/","title":{"rendered":"Jungj\u00e4gerfeier in der Forstschule Latemar: Jagd und Social Media"},"content":{"rendered":"<p>[et_pb_section fb_built=&#8221;1&#8243; specialty=&#8221;on&#8221; _builder_version=&#8221;4.16&#8243; global_colors_info=&#8221;{}&#8221;][et_pb_column type=&#8221;3_4&#8243; specialty_columns=&#8221;3&#8243; _builder_version=&#8221;4.16&#8243; custom_padding=&#8221;|||&#8221; global_colors_info=&#8221;{}&#8221; custom_padding__hover=&#8221;|||&#8221;][et_pb_row_inner _builder_version=&#8221;4.16&#8243; custom_padding=&#8221;||5px||false|false&#8221; global_colors_info=&#8221;{}&#8221;][et_pb_column_inner saved_specialty_column_type=&#8221;3_4&#8243; _builder_version=&#8221;4.16&#8243; global_colors_info=&#8221;{}&#8221;][et_pb_text _builder_version=&#8221;4.18.0&#8243; custom_padding=&#8221;||0px|||&#8221; global_colors_info=&#8221;{}&#8221;]<\/p>\n<h1>Jungj\u00e4gerfeier in der Forstschule Latemar: Jagd und Social Media<\/h1>\n<h4><em>31. Mai 2023<\/em><\/h4>\n<p>[\/et_pb_text][\/et_pb_column_inner][\/et_pb_row_inner][et_pb_row_inner column_structure=&#8221;1_2,1_2&#8243; _builder_version=&#8221;4.18.0&#8243; hover_enabled=&#8221;0&#8243; global_colors_info=&#8221;{}&#8221; sticky_enabled=&#8221;0&#8243;][et_pb_column_inner type=&#8221;1_2&#8243; saved_specialty_column_type=&#8221;3_4&#8243; _builder_version=&#8221;4.16&#8243; global_colors_info=&#8221;{}&#8221;][et_pb_text _builder_version=&#8221;4.18.0&#8243; custom_margin=&#8221;||10px||false|false&#8221; hover_enabled=&#8221;0&#8243; global_colors_info=&#8221;{}&#8221; sticky_enabled=&#8221;0&#8243;]<\/p>\n<p><strong>219 Jungj\u00e4ger, 40 Frauen und 179 M\u00e4nner erhielten im vergangenen Jahr den Jagdbef\u00e4higungsausweis vom Amt f\u00fcr Jagd und Fischerei. Der S\u00fcdtiroler Jagdverband lud zu einer Feier in die Forstschule Latemar.<\/strong><\/p>\n<p>Um ihren Eintritt ins J\u00e4gerleben zu feiern, lud der S\u00fcdtiroler Jagdverband gemeinsam mit dem Amt f\u00fcr Jagd und Fischerei die Neo-J\u00e4gerinnen und -J\u00e4ger zu einem Vortragsabend in die Forstschule Latemar ein. Die Akademische Jagdwirtin Christine Fischer sprach dar\u00fcber, wie J\u00e4ger Social Media gewinnbringend nutzen k\u00f6nnen, aber auch dar\u00fcber, was dabei schief gehen kann. Fischer ist J\u00e4gerin, Autorin, Bloggerin und als Referentin in der jagdlichen Aus- und Fortbildung t\u00e4tig.<\/p>\n<p>\u201eWer die Jagd auf das blo\u00dfe Erlegen von Wildtieren reduziert, unterschl\u00e4gt die Vielfalt des jagdlichen Handwerks und die Verantwortung, die die J\u00e4ger f\u00fcr die Gesellschaft und f\u00fcr die Natur \u00fcbernehmen\u201c, so Fischer. Sie stellen das gesunde, regionale Wildfleisch her, leisten als Naturp\u00e4dagogen einen Beitrag gegen die Naturentfremdung, sind kulturelle Bewahrer der jagdlichen Traditionen und Partner im Kampf gegen den Klimawandel, indem sie beim Umbau der W\u00e4lder eine Schl\u00fcsselrolle in Kooperation mit der Forstbeh\u00f6rde \u00fcbernehmen. J\u00e4ger sind als Tiersch\u00fctzer in der Kitzrettung und bei Wildunf\u00e4llen im Einsatz, sind aktive F\u00f6rderer der Nachhaltigkeit und nutzen die Wildbest\u00e4nde so, dass diese auch f\u00fcr nachkommende Generationen erhalten bleiben. Sie sind Dienstleister f\u00fcr die Gesellschaft, wenn es um Wildtiere in der Stadt, um Seuchenpr\u00e4vention oder um invasive Arten geht. Die von den J\u00e4gern in \u00d6sterreich j\u00e4hrlich unentgeltlich geleistete Arbeit im Dienst der Allgemeinheit entspricht der Leistung von 5.300 Berufsj\u00e4gern. J\u00e4ger f\u00f6rdern die Biodiversit\u00e4t, pflegen Lebensr\u00e4ume des Wildes und liefern der Wissenschaft wertvolle Daten. Dank der J\u00e4gerschaft werden viele wildbiologische Studien realisiert, auch dies ein wichtiger Dienst f\u00fcr die Allgemeinheit, so die Referentin.<\/p>\n<p>[\/et_pb_text][\/et_pb_column_inner][et_pb_column_inner type=&#8221;1_2&#8243; saved_specialty_column_type=&#8221;3_4&#8243; _builder_version=&#8221;4.16&#8243; global_colors_info=&#8221;{}&#8221;][et_pb_image src=&#8221;https:\/\/jagdverband.it\/wp-content\/uploads\/2023\/05\/Jungjaegerfeier-2023-Latemar-Gruppe.jpg&#8221; title_text=&#8221;Jungj\u00e4gerfeier 2023 Latemar Gruppe&#8221; show_in_lightbox=&#8221;on&#8221; _builder_version=&#8221;4.18.0&#8243; _module_preset=&#8221;default&#8221; global_colors_info=&#8221;{}&#8221;][\/et_pb_image][et_pb_text _builder_version=&#8221;4.18.0&#8243; custom_margin=&#8221;-10px||||false|false&#8221; custom_padding=&#8221;||10px|||&#8221; global_colors_info=&#8221;{}&#8221;]<\/p>\n<h4>Fast 50 frisch gebackene Weidm\u00e4nner und Weidfrauen feierten in der J\u00e4gerschule Latemar die bestandene J\u00e4gerpr\u00fcfung<\/h4>\n<p>[\/et_pb_text][\/et_pb_column_inner][\/et_pb_row_inner][et_pb_row_inner column_structure=&#8221;1_2,1_2&#8243; _builder_version=&#8221;4.18.0&#8243; hover_enabled=&#8221;0&#8243; global_colors_info=&#8221;{}&#8221; sticky_enabled=&#8221;0&#8243;][et_pb_column_inner type=&#8221;1_2&#8243; saved_specialty_column_type=&#8221;3_4&#8243; _builder_version=&#8221;4.16&#8243; global_colors_info=&#8221;{}&#8221;][et_pb_text _builder_version=&#8221;4.18.0&#8243; custom_margin=&#8221;||20px||false|false&#8221; global_colors_info=&#8221;{}&#8221;]<\/p>\n<p>Von den 311 Kandidaten, die 2022 zur Theoriepr\u00fcfung angetreten sind, haben 243 die Pr\u00fcfung bestanden. Zur Schie\u00dfpr\u00fcfung kamen 273 Kandidaten und 71% von ihnen trafen ins Schwarze, res\u00fcmierte der stellvertretende Landesforstdirektor und derzeitige Direktor des Amtes f\u00fcr Jagd und Fischerei, Florian Blaas. Er unterstrich die tragende Rolle der J\u00e4ger bei der Regulation der Wildbest\u00e4nde zum Schutz vor Wildsch\u00e4den und \u00fcberbrachte die Gr\u00fc\u00dfe des f\u00fcr die Jagd zust\u00e4ndigen Landesrates Arnold Schuler, der leider verhindert war: &#8220;Als Landesrat m\u00f6chte ich alle Jungj\u00e4gerinnen und -j\u00e4ger ermutigen, ihre Verantwortung gegen\u00fcber der Natur und den Wildtierbestand stets im Blick zu behalten. Das Jagen ist in unserem Land nicht nur eine Tradition, sondern es stellt auch einen wichtigen Beitrag zum Naturschutz dar. Wir brauchen motivierte junge Leute, die in der Wildregulierung aktiv mitwirken.&#8221;, so der Landesrat.<\/p>\n<p>In S\u00fcdtirol werden Neo-J\u00e4ger im ersten Jagdjahr von einem erfahrenen J\u00e4ger begleitet und in die jagdliche Praxis gewissenhaft eingewiesen. Dennoch \u201egibt es in der Jagd nichts, was es nicht gibt\u201c, so die Einsicht des Landesj\u00e4germeisters G\u00fcnther Rabensteiner, die er den Anwesenden mit auf den Weg gab. Umso wichtiger ist es, dass sich die J\u00e4ger ihrer Verantwortung bewusst sind und diese so gut es geht erf\u00fcllen, betonte der Landesj\u00e4germeister.<\/p>\n<p>[\/et_pb_text][\/et_pb_column_inner][et_pb_column_inner type=&#8221;1_2&#8243; saved_specialty_column_type=&#8221;3_4&#8243; _builder_version=&#8221;4.16&#8243; global_colors_info=&#8221;{}&#8221;][et_pb_image src=&#8221;https:\/\/jagdverband.it\/wp-content\/uploads\/2023\/05\/Jungjaegerfeier-2023-Latemar-LJM-Fischer.jpg&#8221; title_text=&#8221;Jungj\u00e4gerfeier 2023 Latemar LJM Fischer&#8221; show_in_lightbox=&#8221;on&#8221; _builder_version=&#8221;4.18.0&#8243; _module_preset=&#8221;default&#8221; global_colors_info=&#8221;{}&#8221;][\/et_pb_image][et_pb_text _builder_version=&#8221;4.18.0&#8243; custom_margin=&#8221;-10px||||false|false&#8221; custom_padding=&#8221;||10px|||&#8221; global_colors_info=&#8221;{}&#8221;]<\/p>\n<h4>Auf dem Programm stand nicht nur ein Vortrag, sondern auch eine Verlosung. Referentin Christine Fischer und Landesj\u00e4germeister G\u00fcnther Rabensteiner fungierten als Gl\u00fccksbringer.<\/h4>\n<p>[\/et_pb_text][\/et_pb_column_inner][\/et_pb_row_inner][et_pb_row_inner column_structure=&#8221;undefined&#8221; _builder_version=&#8221;4.16&#8243; custom_padding=&#8221;0px||0px||false|false&#8221; global_colors_info=&#8221;{}&#8221;][et_pb_column_inner type=&#8221;undefined&#8221; saved_specialty_column_type=&#8221;3_4&#8243; _builder_version=&#8221;4.16&#8243; global_colors_info=&#8221;{}&#8221;][et_pb_divider color=&#8221;rgba(0,0,0,0.13)&#8221; _builder_version=&#8221;4.16&#8243; custom_margin=&#8221;||0px||false|false&#8221; global_colors_info=&#8221;{}&#8221;][\/et_pb_divider][et_pb_button button_url=&#8221;https:\/\/jagdverband.it\/mitteilungen\/&#8221; button_text=&#8221;Zur\u00fcck zur \u00dcbersicht&#8221; button_alignment=&#8221;center&#8221; _builder_version=&#8221;4.16&#8243; global_colors_info=&#8221;{}&#8221;][\/et_pb_button][et_pb_divider color=&#8221;rgba(0,0,0,0.13)&#8221; _builder_version=&#8221;4.16&#8243; custom_margin=&#8221;25px||||false|false&#8221; global_colors_info=&#8221;{}&#8221;][\/et_pb_divider][\/et_pb_column_inner][\/et_pb_row_inner][\/et_pb_column][et_pb_column type=&#8221;1_4&#8243; _builder_version=&#8221;4.16&#8243; custom_padding=&#8221;|||&#8221; global_colors_info=&#8221;{}&#8221; custom_padding__hover=&#8221;|||&#8221;][et_pb_sidebar orientation=&#8221;right&#8221; _builder_version=&#8221;4.16&#8243; global_colors_info=&#8221;{}&#8221;][\/et_pb_sidebar][\/et_pb_column][\/et_pb_section]<\/p>\n","protected":false},"excerpt":{"rendered":"<p>31.05.2023 &#8211; 219 Jungj\u00e4ger, 40 Frauen und 179 M\u00e4nner erhielten im vergangenen Jahr den Jagdbef\u00e4higungsausweis vom Amt f\u00fcr Jagd und Fischerei. Der S\u00fcdtiroler Jagdverband lud zu einer Feier in die Forstschule Latemar.<\/p>\n","protected":false},"author":1,"featured_media":74000,"comment_status":"closed","ping_status":"closed","sticky":false,"template":"","format":"standard","meta":{"_et_pb_use_builder":"on","_et_pb_old_content":"","_et_gb_content_width":""},"categories":[80],"tags":[],"featured_image_src":"https:\/\/jagdverband.it\/wp-content\/uploads\/2023\/05\/Jungjaegerfeier-2023-Latemar-Gruppe-1024x475.jpg","blog_images":{"medium":"https:\/\/jagdverband.it\/wp-content\/uploads\/2023\/05\/Jungjaegerfeier-2023-Latemar-Gruppe-300x139.jpg","large":"https:\/\/jagdverband.it\/wp-content\/uploads\/2023\/05\/Jungjaegerfeier-2023-Latemar-Gruppe-1024x475.jpg"},"ams_acf":[],"yoast_head":"<!-- This site is optimized with the Yoast SEO plugin v19.6 - https:\/\/yoast.com\/wordpress\/plugins\/seo\/ -->\n<title>Jungj\u00e4gerfeier in der Forstschule Latemar: Jagd und Social Media - S\u00fcdtiroler Jagdverband<\/title>\n<meta name=\"robots\" content=\"index, follow, max-snippet:-1, max-image-preview:large, max-video-preview:-1\" \/>\n<link rel=\"canonical\" href=\"https:\/\/jagdverband.it\/it\/jungjaegerfeier-in-der-forstschule-latemar-jagd-und-social-media\/\" \/>\n<meta property=\"og:locale\" content=\"it_IT\" \/>\n<meta property=\"og:type\" content=\"article\" \/>\n<meta property=\"og:title\" content=\"Jungj\u00e4gerfeier in der Forstschule Latemar: Jagd und Social Media - S\u00fcdtiroler Jagdverband\" \/>\n<meta property=\"og:description\" content=\"31.05.2023 - 219 Jungj\u00e4ger, 40 Frauen und 179 M\u00e4nner erhielten im vergangenen Jahr den Jagdbef\u00e4higungsausweis vom Amt f\u00fcr Jagd und Fischerei. Der S\u00fcdtiroler Jagdverband lud zu einer Feier in die Forstschule Latemar.\" \/>\n<meta property=\"og:url\" content=\"https:\/\/jagdverband.it\/it\/jungjaegerfeier-in-der-forstschule-latemar-jagd-und-social-media\/\" \/>\n<meta property=\"og:site_name\" content=\"S\u00fcdtiroler Jagdverband\" \/>\n<meta property=\"article:published_time\" content=\"2023-05-31T08:23:59+00:00\" \/>\n<meta property=\"article:modified_time\" content=\"2023-05-31T11:53:02+00:00\" \/>\n<meta property=\"og:image\" content=\"https:\/\/jagdverband.it\/wp-content\/uploads\/2023\/05\/Jungjaegerfeier-2023-Latemar-Gruppe.jpg\" \/>\n\t<meta property=\"og:image:width\" content=\"1920\" \/>\n\t<meta property=\"og:image:height\" content=\"891\" \/>\n\t<meta property=\"og:image:type\" content=\"image\/jpeg\" \/>\n<meta name=\"author\" content=\"admin\" \/>\n<meta name=\"twitter:card\" content=\"summary\" \/>\n<meta name=\"twitter:label1\" content=\"Scritto da\" \/>\n\t<meta name=\"twitter:data1\" content=\"admin\" \/>\n\t<meta name=\"twitter:label2\" content=\"Tempo di lettura stimato\" \/>\n\t<meta name=\"twitter:data2\" content=\"4 minuti\" \/>\n<script type=\"application\/ld+json\" class=\"yoast-schema-graph\">{\"@context\":\"https:\/\/schema.org\",\"@graph\":[{\"@type\":\"Article\",\"@id\":\"https:\/\/jagdverband.it\/it\/jungjaegerfeier-in-der-forstschule-latemar-jagd-und-social-media\/#article\",\"isPartOf\":{\"@id\":\"https:\/\/jagdverband.it\/it\/jungjaegerfeier-in-der-forstschule-latemar-jagd-und-social-media\/\"},\"author\":{\"name\":\"admin\",\"@id\":\"https:\/\/jagdverband.it\/it\/#\/schema\/person\/3e030b3a4aa7c391e09cd551afd6dc73\"},\"headline\":\"Jungj\u00e4gerfeier in der Forstschule Latemar: Jagd und Social Media\",\"datePublished\":\"2023-05-31T08:23:59+00:00\",\"dateModified\":\"2023-05-31T11:53:02+00:00\",\"mainEntityOfPage\":{\"@id\":\"https:\/\/jagdverband.it\/it\/jungjaegerfeier-in-der-forstschule-latemar-jagd-und-social-media\/\"},\"wordCount\":1063,\"publisher\":{\"@id\":\"https:\/\/jagdverband.it\/it\/#organization\"},\"articleSection\":[\"Mitteilungen\"],\"inLanguage\":\"it-IT\"},{\"@type\":\"WebPage\",\"@id\":\"https:\/\/jagdverband.it\/it\/jungjaegerfeier-in-der-forstschule-latemar-jagd-und-social-media\/\",\"url\":\"https:\/\/jagdverband.it\/it\/jungjaegerfeier-in-der-forstschule-latemar-jagd-und-social-media\/\",\"name\":\"Jungj\u00e4gerfeier in der Forstschule Latemar: Jagd und Social Media - S\u00fcdtiroler Jagdverband\",\"isPartOf\":{\"@id\":\"https:\/\/jagdverband.it\/it\/#website\"},\"datePublished\":\"2023-05-31T08:23:59+00:00\",\"dateModified\":\"2023-05-31T11:53:02+00:00\",\"breadcrumb\":{\"@id\":\"https:\/\/jagdverband.it\/it\/jungjaegerfeier-in-der-forstschule-latemar-jagd-und-social-media\/#breadcrumb\"},\"inLanguage\":\"it-IT\",\"potentialAction\":[{\"@type\":\"ReadAction\",\"target\":[\"https:\/\/jagdverband.it\/it\/jungjaegerfeier-in-der-forstschule-latemar-jagd-und-social-media\/\"]}]},{\"@type\":\"BreadcrumbList\",\"@id\":\"https:\/\/jagdverband.it\/it\/jungjaegerfeier-in-der-forstschule-latemar-jagd-und-social-media\/#breadcrumb\",\"itemListElement\":[{\"@type\":\"ListItem\",\"position\":1,\"name\":\"Home\",\"item\":\"https:\/\/jagdverband.it\/it\/\"},{\"@type\":\"ListItem\",\"position\":2,\"name\":\"Mitteilungen\",\"item\":\"https:\/\/jagdverband.it\/c\/mitteilungen\/\"},{\"@type\":\"ListItem\",\"position\":3,\"name\":\"Jungj\u00e4gerfeier in der Forstschule Latemar: Jagd und Social Media\"}]},{\"@type\":\"WebSite\",\"@id\":\"https:\/\/jagdverband.it\/it\/#website\",\"url\":\"https:\/\/jagdverband.it\/it\/\",\"name\":\"S\u00fcdtiroler Jagdverband\",\"description\":\"S\u00fcdtiroler Jagdverband\",\"publisher\":{\"@id\":\"https:\/\/jagdverband.it\/it\/#organization\"},\"potentialAction\":[{\"@type\":\"SearchAction\",\"target\":{\"@type\":\"EntryPoint\",\"urlTemplate\":\"https:\/\/jagdverband.it\/it\/?s={search_term_string}\"},\"query-input\":\"required name=search_term_string\"}],\"inLanguage\":\"it-IT\"},{\"@type\":\"Organization\",\"@id\":\"https:\/\/jagdverband.it\/it\/#organization\",\"name\":\"S\u00fcdtiroler Jagdverband\",\"url\":\"https:\/\/jagdverband.it\/it\/\",\"sameAs\":[],\"logo\":{\"@type\":\"ImageObject\",\"inLanguage\":\"it-IT\",\"@id\":\"https:\/\/jagdverband.it\/it\/#\/schema\/logo\/image\/\",\"url\":\"\",\"contentUrl\":\"\",\"caption\":\"S\u00fcdtiroler Jagdverband\"},\"image\":{\"@id\":\"https:\/\/jagdverband.it\/it\/#\/schema\/logo\/image\/\"}},{\"@type\":\"Person\",\"@id\":\"https:\/\/jagdverband.it\/it\/#\/schema\/person\/3e030b3a4aa7c391e09cd551afd6dc73\",\"name\":\"admin\",\"image\":{\"@type\":\"ImageObject\",\"inLanguage\":\"it-IT\",\"@id\":\"https:\/\/jagdverband.it\/it\/#\/schema\/person\/image\/\",\"url\":\"https:\/\/secure.gravatar.com\/avatar\/badbf5eaa88657062fdcacb31218cc5c?s=96&d=blank&r=g\",\"contentUrl\":\"https:\/\/secure.gravatar.com\/avatar\/badbf5eaa88657062fdcacb31218cc5c?s=96&d=blank&r=g\",\"caption\":\"admin\"},\"url\":\"https:\/\/jagdverband.it\/it\/author\/admin\/\"}]}<\/script>\n<!-- \/ Yoast SEO plugin. -->","yoast_head_json":{"title":"Jungj\u00e4gerfeier in der Forstschule Latemar: Jagd und Social Media - S\u00fcdtiroler Jagdverband","robots":{"index":"index","follow":"follow","max-snippet":"max-snippet:-1","max-image-preview":"max-image-preview:large","max-video-preview":"max-video-preview:-1"},"canonical":"https:\/\/jagdverband.it\/it\/jungjaegerfeier-in-der-forstschule-latemar-jagd-und-social-media\/","og_locale":"it_IT","og_type":"article","og_title":"Jungj\u00e4gerfeier in der Forstschule Latemar: Jagd und Social Media - S\u00fcdtiroler Jagdverband","og_description":"31.05.2023 - 219 Jungj\u00e4ger, 40 Frauen und 179 M\u00e4nner erhielten im vergangenen Jahr den Jagdbef\u00e4higungsausweis vom Amt f\u00fcr Jagd und Fischerei. Der S\u00fcdtiroler Jagdverband lud zu einer Feier in die Forstschule Latemar.","og_url":"https:\/\/jagdverband.it\/it\/jungjaegerfeier-in-der-forstschule-latemar-jagd-und-social-media\/","og_site_name":"S\u00fcdtiroler Jagdverband","article_published_time":"2023-05-31T08:23:59+00:00","article_modified_time":"2023-05-31T11:53:02+00:00","og_image":[{"width":1920,"height":891,"url":"https:\/\/jagdverband.it\/wp-content\/uploads\/2023\/05\/Jungjaegerfeier-2023-Latemar-Gruppe.jpg","type":"image\/jpeg"}],"author":"admin","twitter_card":"summary","twitter_misc":{"Scritto da":"admin","Tempo di lettura stimato":"4 minuti"},"schema":{"@context":"https:\/\/schema.org","@graph":[{"@type":"Article","@id":"https:\/\/jagdverband.it\/it\/jungjaegerfeier-in-der-forstschule-latemar-jagd-und-social-media\/#article","isPartOf":{"@id":"https:\/\/jagdverband.it\/it\/jungjaegerfeier-in-der-forstschule-latemar-jagd-und-social-media\/"},"author":{"name":"admin","@id":"https:\/\/jagdverband.it\/it\/#\/schema\/person\/3e030b3a4aa7c391e09cd551afd6dc73"},"headline":"Jungj\u00e4gerfeier in der Forstschule Latemar: Jagd und Social Media","datePublished":"2023-05-31T08:23:59+00:00","dateModified":"2023-05-31T11:53:02+00:00","mainEntityOfPage":{"@id":"https:\/\/jagdverband.it\/it\/jungjaegerfeier-in-der-forstschule-latemar-jagd-und-social-media\/"},"wordCount":1063,"publisher":{"@id":"https:\/\/jagdverband.it\/it\/#organization"},"articleSection":["Mitteilungen"],"inLanguage":"it-IT"},{"@type":"WebPage","@id":"https:\/\/jagdverband.it\/it\/jungjaegerfeier-in-der-forstschule-latemar-jagd-und-social-media\/","url":"https:\/\/jagdverband.it\/it\/jungjaegerfeier-in-der-forstschule-latemar-jagd-und-social-media\/","name":"Jungj\u00e4gerfeier in der Forstschule Latemar: Jagd und Social Media - S\u00fcdtiroler Jagdverband","isPartOf":{"@id":"https:\/\/jagdverband.it\/it\/#website"},"datePublished":"2023-05-31T08:23:59+00:00","dateModified":"2023-05-31T11:53:02+00:00","breadcrumb":{"@id":"https:\/\/jagdverband.it\/it\/jungjaegerfeier-in-der-forstschule-latemar-jagd-und-social-media\/#breadcrumb"},"inLanguage":"it-IT","potentialAction":[{"@type":"ReadAction","target":["https:\/\/jagdverband.it\/it\/jungjaegerfeier-in-der-forstschule-latemar-jagd-und-social-media\/"]}]},{"@type":"BreadcrumbList","@id":"https:\/\/jagdverband.it\/it\/jungjaegerfeier-in-der-forstschule-latemar-jagd-und-social-media\/#breadcrumb","itemListElement":[{"@type":"ListItem","position":1,"name":"Home","item":"https:\/\/jagdverband.it\/it\/"},{"@type":"ListItem","position":2,"name":"Mitteilungen","item":"https:\/\/jagdverband.it\/c\/mitteilungen\/"},{"@type":"ListItem","position":3,"name":"Jungj\u00e4gerfeier in der Forstschule Latemar: Jagd und Social Media"}]},{"@type":"WebSite","@id":"https:\/\/jagdverband.it\/it\/#website","url":"https:\/\/jagdverband.it\/it\/","name":"S\u00fcdtiroler Jagdverband","description":"S\u00fcdtiroler Jagdverband","publisher":{"@id":"https:\/\/jagdverband.it\/it\/#organization"},"potentialAction":[{"@type":"SearchAction","target":{"@type":"EntryPoint","urlTemplate":"https:\/\/jagdverband.it\/it\/?s={search_term_string}"},"query-input":"required name=search_term_string"}],"inLanguage":"it-IT"},{"@type":"Organization","@id":"https:\/\/jagdverband.it\/it\/#organization","name":"S\u00fcdtiroler Jagdverband","url":"https:\/\/jagdverband.it\/it\/","sameAs":[],"logo":{"@type":"ImageObject","inLanguage":"it-IT","@id":"https:\/\/jagdverband.it\/it\/#\/schema\/logo\/image\/","url":"","contentUrl":"","caption":"S\u00fcdtiroler Jagdverband"},"image":{"@id":"https:\/\/jagdverband.it\/it\/#\/schema\/logo\/image\/"}},{"@type":"Person","@id":"https:\/\/jagdverband.it\/it\/#\/schema\/person\/3e030b3a4aa7c391e09cd551afd6dc73","name":"admin","image":{"@type":"ImageObject","inLanguage":"it-IT","@id":"https:\/\/jagdverband.it\/it\/#\/schema\/person\/image\/","url":"https:\/\/secure.gravatar.com\/avatar\/badbf5eaa88657062fdcacb31218cc5c?s=96&d=blank&r=g","contentUrl":"https:\/\/secure.gravatar.com\/avatar\/badbf5eaa88657062fdcacb31218cc5c?s=96&d=blank&r=g","caption":"admin"},"url":"https:\/\/jagdverband.it\/it\/author\/admin\/"}]}},"_links":{"self":[{"href":"https:\/\/jagdverband.it\/it\/wp-json\/wp\/v2\/posts\/73998"}],"collection":[{"href":"https:\/\/jagdverband.it\/it\/wp-json\/wp\/v2\/posts"}],"about":[{"href":"https:\/\/jagdverband.it\/it\/wp-json\/wp\/v2\/types\/post"}],"author":[{"embeddable":true,"href":"https:\/\/jagdverband.it\/it\/wp-json\/wp\/v2\/users\/1"}],"replies":[{"embeddable":true,"href":"https:\/\/jagdverband.it\/it\/wp-json\/wp\/v2\/comments?post=73998"}],"version-history":[{"count":0,"href":"https:\/\/jagdverband.it\/it\/wp-json\/wp\/v2\/posts\/73998\/revisions"}],"wp:featuredmedia":[{"embeddable":true,"href":"https:\/\/jagdverband.it\/it\/wp-json\/wp\/v2\/media\/74000"}],"wp:attachment":[{"href":"https:\/\/jagdverband.it\/it\/wp-json\/wp\/v2\/media?parent=73998"}],"wp:term":[{"taxonomy":"category","embeddable":true,"href":"https:\/\/jagdverband.it\/it\/wp-json\/wp\/v2\/categories?post=73998"},{"taxonomy":"post_tag","embeddable":true,"href":"https:\/\/jagdverband.it\/it\/wp-json\/wp\/v2\/tags?post=73998"}],"curies":[{"name":"wp","href":"https:\/\/api.w.org\/{rel}","templated":true}]}}