{"id":73338,"date":"2023-03-30T11:32:49","date_gmt":"2023-03-30T09:32:49","guid":{"rendered":"https:\/\/jagdverband.it\/die-sache-mit-dem-wald-copy\/"},"modified":"2023-03-30T11:49:18","modified_gmt":"2023-03-30T09:49:18","slug":"28-oesterreichische-jaegertagung-2023","status":"publish","type":"post","link":"https:\/\/jagdverband.it\/it\/28-oesterreichische-jaegertagung-2023\/","title":{"rendered":"28. \u00d6sterreichische J\u00e4gertagung 2023"},"content":{"rendered":"<p>[et_pb_section fb_built=&#8221;1&#8243; specialty=&#8221;on&#8221; _builder_version=&#8221;4.16&#8243; global_colors_info=&#8221;{}&#8221;][et_pb_column type=&#8221;3_4&#8243; specialty_columns=&#8221;3&#8243; _builder_version=&#8221;4.16&#8243; custom_padding=&#8221;|||&#8221; global_colors_info=&#8221;{}&#8221; custom_padding__hover=&#8221;|||&#8221;][et_pb_row_inner _builder_version=&#8221;4.16&#8243; custom_padding=&#8221;||5px||false|false&#8221; global_colors_info=&#8221;{}&#8221;][et_pb_column_inner saved_specialty_column_type=&#8221;3_4&#8243; _builder_version=&#8221;4.16&#8243; global_colors_info=&#8221;{}&#8221;][et_pb_text _builder_version=&#8221;4.18.0&#8243; custom_padding=&#8221;||0px|||&#8221; hover_enabled=&#8221;0&#8243; global_colors_info=&#8221;{}&#8221; sticky_enabled=&#8221;0&#8243;]<\/p>\n<h1>28. \u00d6sterreichische J\u00e4gertagung 2023<\/h1>\n<h4><em>30. M\u00e4rz 2023<\/em><\/h4>\n<p>[\/et_pb_text][\/et_pb_column_inner][\/et_pb_row_inner][et_pb_row_inner column_structure=&#8221;1_2,1_2&#8243; _builder_version=&#8221;4.18.0&#8243; custom_padding=&#8221;||0px||false|false&#8221; global_colors_info=&#8221;{}&#8221;][et_pb_column_inner type=&#8221;1_2&#8243; saved_specialty_column_type=&#8221;3_4&#8243; _builder_version=&#8221;4.16&#8243; global_colors_info=&#8221;{}&#8221;][et_pb_text _builder_version=&#8221;4.18.0&#8243; custom_margin=&#8221;||20px||false|false&#8221; hover_enabled=&#8221;0&#8243; global_colors_info=&#8221;{}&#8221; sticky_enabled=&#8221;0&#8243;]<\/p>\n<p>Die diesj\u00e4hrige 28. \u00d6sterreichische J\u00e4gertagung beleuchtete mit dem Generalthema\u00a0<strong>\u201e(M)ein Revier \u2013 Herausforderung Jagd\u201c<\/strong>\u00a0die verschiedenen Jagdsysteme in Europa und leitete daraus auf die Bedeutung f\u00fcr die heimische Jagdpraxis \u00fcber. Rechtlich relevante Rahmenbedingungen wurden dabei genauso ber\u00fccksichtigt wie der Blick \u00fcber die Reviergrenzen hinaus. Auch die Wild\u00f6kologische Raumplanung als Auftrag f\u00fcr die Zukunft wurde n\u00e4her beleuchtet.<br \/>Ein weiterer Block der J\u00e4gertagung galt \u00a0unseren treuen Jagdbegleitern, den Jagdhunden. Neben der Bedeutung, den Erkrankungen und der Ausbildung von Jagdhunden war auch der Einsatz von Jagdhunden bei Wolfspr\u00e4senz ein \u00fcberaus spannendes Thema der Tagung.<\/p>\n<p>Im Rahmen der Podiumsdiskussion wurde eine sehr bunte Themenvielfalt angesprochen: Ski-Tourismus und Wildruhezonen; Energiewende und Wildlebensraum; Verursacherunabh\u00e4ngige Haftung bei Wildsch\u00e4den; \u00d6ffentlichkeitsarbeit der Jagd und das Bild der Jagd in den Medien waren die Themen.<\/p>\n<p>Hier geht es zur Nachlese der Veranstaltung und zu den aufgezeichneten Vortr\u00e4gen:<\/p>\n<p><strong><a href=\"https:\/\/raumberg-gumpenstein.at\/index.php?option=com_content&amp;view=article&amp;id=7639:nachlese-der-28-jaegertagung-2023&amp;catid=247&amp;lang=de-AT\">https:\/\/raumberg-gumpenstein.at\/nachlese-der-28-jaegertagung-2023<\/a><\/strong><\/p>\n<p>[\/et_pb_text][\/et_pb_column_inner][et_pb_column_inner type=&#8221;1_2&#8243; saved_specialty_column_type=&#8221;3_4&#8243; _builder_version=&#8221;4.16&#8243; global_colors_info=&#8221;{}&#8221;][et_pb_image src=&#8221;https:\/\/jagdverband.it\/wp-content\/uploads\/2023\/01\/28.-Oesterreichische-Jaegertagung.jpg&#8221; title_text=&#8221;28. \u00d6sterreichische J\u00e4gertagung&#8221; show_in_lightbox=&#8221;on&#8221; show_bottom_space=&#8221;off&#8221; _builder_version=&#8221;4.18.0&#8243; _module_preset=&#8221;default&#8221; hover_enabled=&#8221;0&#8243; global_colors_info=&#8221;{}&#8221; sticky_enabled=&#8221;0&#8243;][\/et_pb_image][\/et_pb_column_inner][\/et_pb_row_inner][et_pb_row_inner column_structure=&#8221;undefined&#8221; _builder_version=&#8221;4.16&#8243; custom_padding=&#8221;0px||0px||false|false&#8221; global_colors_info=&#8221;{}&#8221;][et_pb_column_inner type=&#8221;undefined&#8221; saved_specialty_column_type=&#8221;3_4&#8243; _builder_version=&#8221;4.16&#8243; global_colors_info=&#8221;{}&#8221;][et_pb_divider color=&#8221;rgba(0,0,0,0.13)&#8221; _builder_version=&#8221;4.16&#8243; custom_margin=&#8221;||0px||false|false&#8221; global_colors_info=&#8221;{}&#8221;][\/et_pb_divider][et_pb_button button_url=&#8221;https:\/\/jagdverband.it\/mitteilungen\/&#8221; button_text=&#8221;Zur\u00fcck zur \u00dcbersicht&#8221; button_alignment=&#8221;center&#8221; _builder_version=&#8221;4.16&#8243; global_colors_info=&#8221;{}&#8221;][\/et_pb_button][et_pb_divider color=&#8221;rgba(0,0,0,0.13)&#8221; _builder_version=&#8221;4.16&#8243; custom_margin=&#8221;25px||||false|false&#8221; global_colors_info=&#8221;{}&#8221;][\/et_pb_divider][\/et_pb_column_inner][\/et_pb_row_inner][\/et_pb_column][et_pb_column type=&#8221;1_4&#8243; _builder_version=&#8221;4.16&#8243; custom_padding=&#8221;|||&#8221; global_colors_info=&#8221;{}&#8221; custom_padding__hover=&#8221;|||&#8221;][et_pb_sidebar orientation=&#8221;right&#8221; _builder_version=&#8221;4.16&#8243; global_colors_info=&#8221;{}&#8221;][\/et_pb_sidebar][\/et_pb_column][\/et_pb_section]<\/p>\n","protected":false},"excerpt":{"rendered":"<p>30.03.2023 &#8211; Mit dem Thema \u201e(M)ein Revier \u2013 Herausforderung Jagd\u201c befasste sich die heurige \u00d6sterreichische J\u00e4gertagung am 6. und 7. M\u00e4rz in Aigen im Ennstal. Hier geht es zur Nachlese der Veranstaltung.<\/p>\n","protected":false},"author":1,"featured_media":72763,"comment_status":"closed","ping_status":"closed","sticky":false,"template":"","format":"standard","meta":{"_et_pb_use_builder":"on","_et_pb_old_content":"","_et_gb_content_width":""},"categories":[80],"tags":[],"featured_image_src":"https:\/\/jagdverband.it\/wp-content\/uploads\/2023\/01\/28.-Oesterreichische-Jaegertagung.jpg","blog_images":{"medium":"https:\/\/jagdverband.it\/wp-content\/uploads\/2023\/01\/28.-Oesterreichische-Jaegertagung-300x225.jpg","large":"https:\/\/jagdverband.it\/wp-content\/uploads\/2023\/01\/28.-Oesterreichische-Jaegertagung.jpg"},"ams_acf":[],"yoast_head":"<!-- This site is optimized with the Yoast SEO plugin v19.6 - https:\/\/yoast.com\/wordpress\/plugins\/seo\/ -->\n<title>28. \u00d6sterreichische J\u00e4gertagung 2023 - S\u00fcdtiroler Jagdverband<\/title>\n<meta name=\"robots\" content=\"index, follow, max-snippet:-1, max-image-preview:large, max-video-preview:-1\" \/>\n<link rel=\"canonical\" href=\"https:\/\/jagdverband.it\/it\/28-oesterreichische-jaegertagung-2023\/\" \/>\n<meta property=\"og:locale\" content=\"it_IT\" \/>\n<meta property=\"og:type\" content=\"article\" \/>\n<meta property=\"og:title\" content=\"28. \u00d6sterreichische J\u00e4gertagung 2023 - S\u00fcdtiroler Jagdverband\" \/>\n<meta property=\"og:description\" content=\"30.03.2023 - Mit dem Thema \u201e(M)ein Revier \u2013 Herausforderung Jagd\u201c befasste sich die heurige \u00d6sterreichische J\u00e4gertagung am 6. und 7. M\u00e4rz in Aigen im Ennstal. Hier geht es zur Nachlese der Veranstaltung.\" \/>\n<meta property=\"og:url\" content=\"https:\/\/jagdverband.it\/it\/28-oesterreichische-jaegertagung-2023\/\" \/>\n<meta property=\"og:site_name\" content=\"S\u00fcdtiroler Jagdverband\" \/>\n<meta property=\"article:published_time\" content=\"2023-03-30T09:32:49+00:00\" \/>\n<meta property=\"article:modified_time\" content=\"2023-03-30T09:49:18+00:00\" \/>\n<meta property=\"og:image\" content=\"https:\/\/jagdverband.it\/wp-content\/uploads\/2023\/01\/28.-Oesterreichische-Jaegertagung.jpg\" \/>\n\t<meta property=\"og:image:width\" content=\"826\" \/>\n\t<meta property=\"og:image:height\" content=\"619\" \/>\n\t<meta property=\"og:image:type\" content=\"image\/jpeg\" \/>\n<meta name=\"author\" content=\"admin\" \/>\n<meta name=\"twitter:card\" content=\"summary\" \/>\n<meta name=\"twitter:label1\" content=\"Scritto da\" \/>\n\t<meta name=\"twitter:data1\" content=\"admin\" \/>\n\t<meta name=\"twitter:label2\" content=\"Tempo di lettura stimato\" \/>\n\t<meta name=\"twitter:data2\" content=\"2 minuti\" \/>\n<script type=\"application\/ld+json\" class=\"yoast-schema-graph\">{\"@context\":\"https:\/\/schema.org\",\"@graph\":[{\"@type\":\"Article\",\"@id\":\"https:\/\/jagdverband.it\/it\/28-oesterreichische-jaegertagung-2023\/#article\",\"isPartOf\":{\"@id\":\"https:\/\/jagdverband.it\/it\/28-oesterreichische-jaegertagung-2023\/\"},\"author\":{\"name\":\"admin\",\"@id\":\"https:\/\/jagdverband.it\/it\/#\/schema\/person\/3e030b3a4aa7c391e09cd551afd6dc73\"},\"headline\":\"28. \u00d6sterreichische J\u00e4gertagung 2023\",\"datePublished\":\"2023-03-30T09:32:49+00:00\",\"dateModified\":\"2023-03-30T09:49:18+00:00\",\"mainEntityOfPage\":{\"@id\":\"https:\/\/jagdverband.it\/it\/28-oesterreichische-jaegertagung-2023\/\"},\"wordCount\":496,\"publisher\":{\"@id\":\"https:\/\/jagdverband.it\/it\/#organization\"},\"articleSection\":[\"Mitteilungen\"],\"inLanguage\":\"it-IT\"},{\"@type\":\"WebPage\",\"@id\":\"https:\/\/jagdverband.it\/it\/28-oesterreichische-jaegertagung-2023\/\",\"url\":\"https:\/\/jagdverband.it\/it\/28-oesterreichische-jaegertagung-2023\/\",\"name\":\"28. \u00d6sterreichische J\u00e4gertagung 2023 - S\u00fcdtiroler Jagdverband\",\"isPartOf\":{\"@id\":\"https:\/\/jagdverband.it\/it\/#website\"},\"datePublished\":\"2023-03-30T09:32:49+00:00\",\"dateModified\":\"2023-03-30T09:49:18+00:00\",\"breadcrumb\":{\"@id\":\"https:\/\/jagdverband.it\/it\/28-oesterreichische-jaegertagung-2023\/#breadcrumb\"},\"inLanguage\":\"it-IT\",\"potentialAction\":[{\"@type\":\"ReadAction\",\"target\":[\"https:\/\/jagdverband.it\/it\/28-oesterreichische-jaegertagung-2023\/\"]}]},{\"@type\":\"BreadcrumbList\",\"@id\":\"https:\/\/jagdverband.it\/it\/28-oesterreichische-jaegertagung-2023\/#breadcrumb\",\"itemListElement\":[{\"@type\":\"ListItem\",\"position\":1,\"name\":\"Home\",\"item\":\"https:\/\/jagdverband.it\/it\/\"},{\"@type\":\"ListItem\",\"position\":2,\"name\":\"Mitteilungen\",\"item\":\"https:\/\/jagdverband.it\/c\/mitteilungen\/\"},{\"@type\":\"ListItem\",\"position\":3,\"name\":\"28. \u00d6sterreichische J\u00e4gertagung 2023\"}]},{\"@type\":\"WebSite\",\"@id\":\"https:\/\/jagdverband.it\/it\/#website\",\"url\":\"https:\/\/jagdverband.it\/it\/\",\"name\":\"S\u00fcdtiroler Jagdverband\",\"description\":\"S\u00fcdtiroler Jagdverband\",\"publisher\":{\"@id\":\"https:\/\/jagdverband.it\/it\/#organization\"},\"potentialAction\":[{\"@type\":\"SearchAction\",\"target\":{\"@type\":\"EntryPoint\",\"urlTemplate\":\"https:\/\/jagdverband.it\/it\/?s={search_term_string}\"},\"query-input\":\"required name=search_term_string\"}],\"inLanguage\":\"it-IT\"},{\"@type\":\"Organization\",\"@id\":\"https:\/\/jagdverband.it\/it\/#organization\",\"name\":\"S\u00fcdtiroler Jagdverband\",\"url\":\"https:\/\/jagdverband.it\/it\/\",\"sameAs\":[],\"logo\":{\"@type\":\"ImageObject\",\"inLanguage\":\"it-IT\",\"@id\":\"https:\/\/jagdverband.it\/it\/#\/schema\/logo\/image\/\",\"url\":\"\",\"contentUrl\":\"\",\"caption\":\"S\u00fcdtiroler Jagdverband\"},\"image\":{\"@id\":\"https:\/\/jagdverband.it\/it\/#\/schema\/logo\/image\/\"}},{\"@type\":\"Person\",\"@id\":\"https:\/\/jagdverband.it\/it\/#\/schema\/person\/3e030b3a4aa7c391e09cd551afd6dc73\",\"name\":\"admin\",\"image\":{\"@type\":\"ImageObject\",\"inLanguage\":\"it-IT\",\"@id\":\"https:\/\/jagdverband.it\/it\/#\/schema\/person\/image\/\",\"url\":\"https:\/\/secure.gravatar.com\/avatar\/badbf5eaa88657062fdcacb31218cc5c?s=96&d=blank&r=g\",\"contentUrl\":\"https:\/\/secure.gravatar.com\/avatar\/badbf5eaa88657062fdcacb31218cc5c?s=96&d=blank&r=g\",\"caption\":\"admin\"},\"url\":\"https:\/\/jagdverband.it\/it\/author\/admin\/\"}]}<\/script>\n<!-- \/ Yoast SEO plugin. -->","yoast_head_json":{"title":"28. \u00d6sterreichische J\u00e4gertagung 2023 - S\u00fcdtiroler Jagdverband","robots":{"index":"index","follow":"follow","max-snippet":"max-snippet:-1","max-image-preview":"max-image-preview:large","max-video-preview":"max-video-preview:-1"},"canonical":"https:\/\/jagdverband.it\/it\/28-oesterreichische-jaegertagung-2023\/","og_locale":"it_IT","og_type":"article","og_title":"28. \u00d6sterreichische J\u00e4gertagung 2023 - S\u00fcdtiroler Jagdverband","og_description":"30.03.2023 - Mit dem Thema \u201e(M)ein Revier \u2013 Herausforderung Jagd\u201c befasste sich die heurige \u00d6sterreichische J\u00e4gertagung am 6. und 7. M\u00e4rz in Aigen im Ennstal. Hier geht es zur Nachlese der Veranstaltung.","og_url":"https:\/\/jagdverband.it\/it\/28-oesterreichische-jaegertagung-2023\/","og_site_name":"S\u00fcdtiroler Jagdverband","article_published_time":"2023-03-30T09:32:49+00:00","article_modified_time":"2023-03-30T09:49:18+00:00","og_image":[{"width":826,"height":619,"url":"https:\/\/jagdverband.it\/wp-content\/uploads\/2023\/01\/28.-Oesterreichische-Jaegertagung.jpg","type":"image\/jpeg"}],"author":"admin","twitter_card":"summary","twitter_misc":{"Scritto da":"admin","Tempo di lettura stimato":"2 minuti"},"schema":{"@context":"https:\/\/schema.org","@graph":[{"@type":"Article","@id":"https:\/\/jagdverband.it\/it\/28-oesterreichische-jaegertagung-2023\/#article","isPartOf":{"@id":"https:\/\/jagdverband.it\/it\/28-oesterreichische-jaegertagung-2023\/"},"author":{"name":"admin","@id":"https:\/\/jagdverband.it\/it\/#\/schema\/person\/3e030b3a4aa7c391e09cd551afd6dc73"},"headline":"28. \u00d6sterreichische J\u00e4gertagung 2023","datePublished":"2023-03-30T09:32:49+00:00","dateModified":"2023-03-30T09:49:18+00:00","mainEntityOfPage":{"@id":"https:\/\/jagdverband.it\/it\/28-oesterreichische-jaegertagung-2023\/"},"wordCount":496,"publisher":{"@id":"https:\/\/jagdverband.it\/it\/#organization"},"articleSection":["Mitteilungen"],"inLanguage":"it-IT"},{"@type":"WebPage","@id":"https:\/\/jagdverband.it\/it\/28-oesterreichische-jaegertagung-2023\/","url":"https:\/\/jagdverband.it\/it\/28-oesterreichische-jaegertagung-2023\/","name":"28. \u00d6sterreichische J\u00e4gertagung 2023 - S\u00fcdtiroler Jagdverband","isPartOf":{"@id":"https:\/\/jagdverband.it\/it\/#website"},"datePublished":"2023-03-30T09:32:49+00:00","dateModified":"2023-03-30T09:49:18+00:00","breadcrumb":{"@id":"https:\/\/jagdverband.it\/it\/28-oesterreichische-jaegertagung-2023\/#breadcrumb"},"inLanguage":"it-IT","potentialAction":[{"@type":"ReadAction","target":["https:\/\/jagdverband.it\/it\/28-oesterreichische-jaegertagung-2023\/"]}]},{"@type":"BreadcrumbList","@id":"https:\/\/jagdverband.it\/it\/28-oesterreichische-jaegertagung-2023\/#breadcrumb","itemListElement":[{"@type":"ListItem","position":1,"name":"Home","item":"https:\/\/jagdverband.it\/it\/"},{"@type":"ListItem","position":2,"name":"Mitteilungen","item":"https:\/\/jagdverband.it\/c\/mitteilungen\/"},{"@type":"ListItem","position":3,"name":"28. \u00d6sterreichische J\u00e4gertagung 2023"}]},{"@type":"WebSite","@id":"https:\/\/jagdverband.it\/it\/#website","url":"https:\/\/jagdverband.it\/it\/","name":"S\u00fcdtiroler Jagdverband","description":"S\u00fcdtiroler Jagdverband","publisher":{"@id":"https:\/\/jagdverband.it\/it\/#organization"},"potentialAction":[{"@type":"SearchAction","target":{"@type":"EntryPoint","urlTemplate":"https:\/\/jagdverband.it\/it\/?s={search_term_string}"},"query-input":"required name=search_term_string"}],"inLanguage":"it-IT"},{"@type":"Organization","@id":"https:\/\/jagdverband.it\/it\/#organization","name":"S\u00fcdtiroler Jagdverband","url":"https:\/\/jagdverband.it\/it\/","sameAs":[],"logo":{"@type":"ImageObject","inLanguage":"it-IT","@id":"https:\/\/jagdverband.it\/it\/#\/schema\/logo\/image\/","url":"","contentUrl":"","caption":"S\u00fcdtiroler Jagdverband"},"image":{"@id":"https:\/\/jagdverband.it\/it\/#\/schema\/logo\/image\/"}},{"@type":"Person","@id":"https:\/\/jagdverband.it\/it\/#\/schema\/person\/3e030b3a4aa7c391e09cd551afd6dc73","name":"admin","image":{"@type":"ImageObject","inLanguage":"it-IT","@id":"https:\/\/jagdverband.it\/it\/#\/schema\/person\/image\/","url":"https:\/\/secure.gravatar.com\/avatar\/badbf5eaa88657062fdcacb31218cc5c?s=96&d=blank&r=g","contentUrl":"https:\/\/secure.gravatar.com\/avatar\/badbf5eaa88657062fdcacb31218cc5c?s=96&d=blank&r=g","caption":"admin"},"url":"https:\/\/jagdverband.it\/it\/author\/admin\/"}]}},"_links":{"self":[{"href":"https:\/\/jagdverband.it\/it\/wp-json\/wp\/v2\/posts\/73338"}],"collection":[{"href":"https:\/\/jagdverband.it\/it\/wp-json\/wp\/v2\/posts"}],"about":[{"href":"https:\/\/jagdverband.it\/it\/wp-json\/wp\/v2\/types\/post"}],"author":[{"embeddable":true,"href":"https:\/\/jagdverband.it\/it\/wp-json\/wp\/v2\/users\/1"}],"replies":[{"embeddable":true,"href":"https:\/\/jagdverband.it\/it\/wp-json\/wp\/v2\/comments?post=73338"}],"version-history":[{"count":0,"href":"https:\/\/jagdverband.it\/it\/wp-json\/wp\/v2\/posts\/73338\/revisions"}],"wp:featuredmedia":[{"embeddable":true,"href":"https:\/\/jagdverband.it\/it\/wp-json\/wp\/v2\/media\/72763"}],"wp:attachment":[{"href":"https:\/\/jagdverband.it\/it\/wp-json\/wp\/v2\/media?parent=73338"}],"wp:term":[{"taxonomy":"category","embeddable":true,"href":"https:\/\/jagdverband.it\/it\/wp-json\/wp\/v2\/categories?post=73338"},{"taxonomy":"post_tag","embeddable":true,"href":"https:\/\/jagdverband.it\/it\/wp-json\/wp\/v2\/tags?post=73338"}],"curies":[{"name":"wp","href":"https:\/\/api.w.org\/{rel}","templated":true}]}}