{"id":73084,"date":"2023-03-08T14:12:16","date_gmt":"2023-03-08T13:12:16","guid":{"rendered":"https:\/\/jagdverband.it\/vorsicht-prozessionsspinner-copy\/"},"modified":"2023-03-08T14:22:22","modified_gmt":"2023-03-08T13:22:22","slug":"frau-revierleiterin","status":"publish","type":"post","link":"https:\/\/jagdverband.it\/it\/frau-revierleiterin\/","title":{"rendered":"Frau Revierleiterin"},"content":{"rendered":"<p>[et_pb_section fb_built=&#8221;1&#8243; specialty=&#8221;on&#8221; _builder_version=&#8221;4.16&#8243; global_colors_info=&#8221;{}&#8221;][et_pb_column type=&#8221;3_4&#8243; specialty_columns=&#8221;3&#8243; _builder_version=&#8221;4.16&#8243; custom_padding=&#8221;|||&#8221; global_colors_info=&#8221;{}&#8221; custom_padding__hover=&#8221;|||&#8221;][et_pb_row_inner _builder_version=&#8221;4.16&#8243; custom_padding=&#8221;||5px||false|false&#8221; global_colors_info=&#8221;{}&#8221;][et_pb_column_inner saved_specialty_column_type=&#8221;3_4&#8243; _builder_version=&#8221;4.16&#8243; global_colors_info=&#8221;{}&#8221;][et_pb_text _builder_version=&#8221;4.18.0&#8243; custom_padding=&#8221;||0px|||&#8221; global_colors_info=&#8221;{}&#8221;]<\/p>\n<h1>Frau Revierleiterin<\/h1>\n<h4><em>8. M\u00e4rz 2023<\/em><\/h4>\n<p>[\/et_pb_text][\/et_pb_column_inner][\/et_pb_row_inner][et_pb_row_inner column_structure=&#8221;1_2,1_2&#8243; _builder_version=&#8221;4.18.0&#8243; hover_enabled=&#8221;0&#8243; global_colors_info=&#8221;{}&#8221; custom_padding=&#8221;||0px||false|false&#8221; sticky_enabled=&#8221;0&#8243;][et_pb_column_inner type=&#8221;1_2&#8243; saved_specialty_column_type=&#8221;3_4&#8243; _builder_version=&#8221;4.16&#8243; global_colors_info=&#8221;{}&#8221;][et_pb_text _builder_version=&#8221;4.18.0&#8243; custom_margin=&#8221;||20px||false|false&#8221; global_colors_info=&#8221;{}&#8221;]<\/p>\n<p>Dass die F\u00fchrung eines Reviers nicht unbedingt M\u00e4nnersache sein muss, beweist Karin Oberhammer. Seit \u00fcber 20 Jahren ist Karin Oberhammer nun schon Revierleiterin im Revier Innichen. Respekt und R\u00fccksicht gegen\u00fcber Mensch und Tier sind der erfahrenen J\u00e4gerin die wichtigsten Werte, die sie in der Jagd, aber auch im Alltag st\u00e4ndig begleiten.<\/p>\n<p><strong>Frau Oberhammer, Sie sind nun schon seit 25 Jahren aktive J\u00e4gerin. Was hat Sie dazu bewegt, das Handwerk der J\u00e4gerin zu erlernen?<\/strong><\/p>\n<p><em><strong>Karin Oberhammer: <\/strong><\/em>Die Jagerei liegt mir in den Genen. Mein Gro\u00dfvater und mein Urgro\u00dfvater waren J\u00e4ger. Mein Vater ist immer noch aktiver J\u00e4ger. Ich selbst habe die J\u00e4gerpr\u00fcfung erst mit 30 gemacht, da hatte mein Vater die Hoffnung schon aufgegeben, dass aus mir nochmal eine J\u00e4gerin wird.<\/p>\n<p>Die Jagd gibt mir sehr viel. In die Natur gehen, das Beobachten, die Spannung, ob Wildtiere in Anblick kommen werden oder nicht. Jeder Tag ist anders. Kein Jagdgang ist mit einem anderen vergleichbar. Es ist vollkommen unvorhersehbar, was passiert. Und egal wie lange man schon J\u00e4ger ist, man hat nie ausgelernt. Die Natur hat st\u00e4ndig neue \u00dcberraschungen parat. Au\u00dferdem genie\u00dfe ich auch den Ausgleich, den ich in der Natur finde. Da kann ich meinen Gedanken freien Lauf lassen. Schon so manche schwierige Entscheidung im Leben habe ich auf einem Hochsitz getroffen. Wenn es mir dann ab und zu gelingt, ein passendes St\u00fcck Wild zu erlegen, dann rundet das die ganze Sache zus\u00e4tzlich ab.<\/p>\n<p><strong>Sie sind au\u00dferdem seit 21 Jahren Revierleiterin von Innichen. Wie wird man denn Revierleiter?<\/strong><\/p>\n<p>Der Revierleiter wird alle 5 Jahre von den J\u00e4gern des Revieres gew\u00e4hlt. Die Voraussetzung ist, dass man Mitglied des betreffenden Revieres ist. Bei mir war es so, dass ich schon 2 Jahre vorher Schriftf\u00fchrerin und Kassierin im Revier Innichen war. Als der damalige Revierleiter dann zur\u00fcckgetreten ist, hat er mich f\u00fcr dieses Amt vorgeschlagen. Da war ich erst 3 Jahre J\u00e4gerin und hatte noch viel Erfahrung zu sammeln. Zu Beginn musste ich schon noch mit etwas Gegenwind k\u00e4mpfen und hatte wei\u00df Gott nicht alle auf meiner Seite, aber mit der Zeit habe ich mir dann die Unterst\u00fctzung fast aller mit einer geraden Linie erarbeiten k\u00f6nnen und mir ein dickeres Fell zugelegt. Mein Beruf als Ortspolizistin hat dabei sicher auch geholfen.<\/p>\n<p>[\/et_pb_text][\/et_pb_column_inner][et_pb_column_inner type=&#8221;1_2&#8243; saved_specialty_column_type=&#8221;3_4&#8243; _builder_version=&#8221;4.16&#8243; global_colors_info=&#8221;{}&#8221;][et_pb_image src=&#8221;https:\/\/jagdverband.it\/wp-content\/uploads\/2023\/03\/Oberhammer-Karin-02.jpg&#8221; title_text=&#8221;Oberhammer Karin 02&#8243; show_in_lightbox=&#8221;on&#8221; show_bottom_space=&#8221;off&#8221; _builder_version=&#8221;4.18.0&#8243; _module_preset=&#8221;default&#8221; global_colors_info=&#8221;{}&#8221;][\/et_pb_image][\/et_pb_column_inner][\/et_pb_row_inner][et_pb_row_inner column_structure=&#8221;1_2,1_2&#8243; _builder_version=&#8221;4.18.0&#8243; hover_enabled=&#8221;0&#8243; global_colors_info=&#8221;{}&#8221; custom_padding=&#8221;||0px||false|false&#8221; sticky_enabled=&#8221;0&#8243;][et_pb_column_inner type=&#8221;1_2&#8243; saved_specialty_column_type=&#8221;3_4&#8243; _builder_version=&#8221;4.16&#8243; global_colors_info=&#8221;{}&#8221;][et_pb_text _builder_version=&#8221;4.18.0&#8243; custom_margin=&#8221;||20px||false|false&#8221; global_colors_info=&#8221;{}&#8221;]<\/p>\n<p><strong>Wie sehen Sie die Entwicklung der Jagd \u00fcber die Jahre? Ist die Jagd zukunftsf\u00e4hig, so wie sie zurzeit ausge\u00fcbt wird?<\/strong><\/p>\n<p>Ich glaube schon, dass die Jagd, wie wir sie in S\u00fcdtirol betreiben, zukunftsf\u00e4hig ist. Unser soziales Reviersystem, wo jede Person unabh\u00e4ngig von Stand und Einkommen zur Jagd gehen kann, sehe ich sehr positiv. Es ist wichtig, dass wir Mensch und Tier gleicherma\u00dfen mit Respekt begegnen und die Zeichen der Natur lesen und verstehen lernen. Wir J\u00e4ger m\u00fcssen uns an einen Abschussplan halten, der von Fachgutachten begleitet wird. Wir k\u00f6nnen nicht einfach schie\u00dfen, was wir wollen, und das ist auch gut so. Die Z\u00e4hlungen und die Analyse der vergangenen Jagdstatistiken garantieren, dass wir die Natur nachhaltig nutzen. Wir tragen die Verantwortung daf\u00fcr, sorgsam mit der Natur umzugehen, damit auch die k\u00fcnftigen Generationen diesen Schatz nutzen k\u00f6nnen.<\/p>\n<p><strong>Die Jagd wird von Teilen der Gesellschaft kritisch gesehen. Was leistet die Jagd Ihrer Meinung nach f\u00fcr die \u00d6ffentlichkeit?<\/strong><\/p>\n<p>Das mag abgedroschen klingen, aber ich sehe uns J\u00e4ger und J\u00e4gerinnen wirklich als Heger und Pfleger der Wildtiere und der Natur. Ganz einfach, weil wir J\u00e4ger rund ums Jahr im Revier sind und den Zustand des Wildes im Auge haben. Sehr viele Reviere f\u00fchren beispielsweise gezielte Projekte zur Lebensraumverbesserung f\u00fcr die Raufu\u00dfh\u00fchner wie Auer- und Birkwild durch. \u00dcber die Jagd versuchen wir zu vermeiden, dass es zur \u00dcberpopulation kommt und die Wildtiere durch Seuchen elend zugrunde gehen. Auch bei Wildunf\u00e4llen sind die Jagdaufseher und Revierleiter wichtige Ansprechpersonen, und das rund um die Uhr.<\/p>\n<p>[\/et_pb_text][\/et_pb_column_inner][et_pb_column_inner type=&#8221;1_2&#8243; saved_specialty_column_type=&#8221;3_4&#8243; _builder_version=&#8221;4.16&#8243; global_colors_info=&#8221;{}&#8221;][et_pb_image src=&#8221;https:\/\/jagdverband.it\/wp-content\/uploads\/2023\/03\/Oberhammer-Karin-01.jpg&#8221; title_text=&#8221;Oberhammer Karin 01&#8243; show_in_lightbox=&#8221;on&#8221; show_bottom_space=&#8221;off&#8221; _builder_version=&#8221;4.18.0&#8243; _module_preset=&#8221;default&#8221; global_colors_info=&#8221;{}&#8221;][\/et_pb_image][\/et_pb_column_inner][\/et_pb_row_inner][et_pb_row_inner column_structure=&#8221;1_2,1_2&#8243; _builder_version=&#8221;4.18.0&#8243; global_colors_info=&#8221;{}&#8221;][et_pb_column_inner type=&#8221;1_2&#8243; saved_specialty_column_type=&#8221;3_4&#8243; _builder_version=&#8221;4.16&#8243; global_colors_info=&#8221;{}&#8221;][et_pb_text _builder_version=&#8221;4.18.0&#8243; custom_margin=&#8221;||20px||false|false&#8221; global_colors_info=&#8221;{}&#8221;]<\/p>\n<p><strong>Jagd wir oft als \u201eM\u00e4nnersache\u201c gesehen. Die Anzahl der J\u00e4gerinnen steigt jedoch stetig an. Von den rund 6000 S\u00fcdtiroler J\u00e4gern sind derzeit 382 Frauen, das sind 6,4 Prozent. Jagen Frauen anders?<\/strong><\/p>\n<p>Ich denke, die Passion der Jagd hat nichts mit dem Geschlecht zu tun. Wir Frauen bringen aber sicher andere F\u00e4higkeiten ein, die unsere m\u00e4nnlichen Jagdkollegen vielleicht nicht so haben. Oft sind wir etwas zur\u00fcckhaltender und gehen bestimmte Dinge \u00fcberlegter an. Wenn es jedoch darum geht, einen Gamsbock vom Berg ins Tal zu tragen, dann bin ich ehrlich gesagt schon froh, wenn ein starker Mann hilft. Ich denke, wir J\u00e4gerinnen m\u00fcssen uns nicht verstecken und auch niemandem etwas beweisen. Auf jeden Fall freut es mich, dass es immer mehr J\u00e4gerinnen gibt.<\/p>\n<p>[\/et_pb_text][\/et_pb_column_inner][et_pb_column_inner type=&#8221;1_2&#8243; saved_specialty_column_type=&#8221;3_4&#8243; _builder_version=&#8221;4.16&#8243; global_colors_info=&#8221;{}&#8221;][et_pb_image src=&#8221;https:\/\/jagdverband.it\/wp-content\/uploads\/2023\/03\/Oberhammer-Karin-03.jpg&#8221; title_text=&#8221;Oberhammer Karin 03&#8243; show_in_lightbox=&#8221;on&#8221; show_bottom_space=&#8221;off&#8221; _builder_version=&#8221;4.18.0&#8243; _module_preset=&#8221;default&#8221; global_colors_info=&#8221;{}&#8221;][\/et_pb_image][\/et_pb_column_inner][\/et_pb_row_inner][et_pb_row_inner column_structure=&#8221;undefined&#8221; _builder_version=&#8221;4.16&#8243; custom_padding=&#8221;0px||0px||false|false&#8221; global_colors_info=&#8221;{}&#8221;][et_pb_column_inner type=&#8221;undefined&#8221; saved_specialty_column_type=&#8221;3_4&#8243; _builder_version=&#8221;4.16&#8243; global_colors_info=&#8221;{}&#8221;][et_pb_divider color=&#8221;rgba(0,0,0,0.13)&#8221; _builder_version=&#8221;4.16&#8243; custom_margin=&#8221;||0px||false|false&#8221; global_colors_info=&#8221;{}&#8221;][\/et_pb_divider][et_pb_button button_url=&#8221;https:\/\/jagdverband.it\/mitteilungen\/&#8221; button_text=&#8221;Zur\u00fcck zur \u00dcbersicht&#8221; button_alignment=&#8221;center&#8221; _builder_version=&#8221;4.16&#8243; global_colors_info=&#8221;{}&#8221;][\/et_pb_button][et_pb_divider color=&#8221;rgba(0,0,0,0.13)&#8221; _builder_version=&#8221;4.16&#8243; custom_margin=&#8221;25px||||false|false&#8221; global_colors_info=&#8221;{}&#8221;][\/et_pb_divider][\/et_pb_column_inner][\/et_pb_row_inner][\/et_pb_column][et_pb_column type=&#8221;1_4&#8243; _builder_version=&#8221;4.16&#8243; custom_padding=&#8221;|||&#8221; global_colors_info=&#8221;{}&#8221; custom_padding__hover=&#8221;|||&#8221;][et_pb_sidebar orientation=&#8221;right&#8221; _builder_version=&#8221;4.16&#8243; global_colors_info=&#8221;{}&#8221;][\/et_pb_sidebar][\/et_pb_column][\/et_pb_section]<\/p>\n","protected":false},"excerpt":{"rendered":"<p>08.03.2023 &#8211; Zum heutigen Tag der Frau stellen wir Ihnen unsere momentan einzige Revierleiterin des Landes, Karin Oberhammer, vor.<\/p>\n","protected":false},"author":1,"featured_media":73079,"comment_status":"closed","ping_status":"closed","sticky":false,"template":"","format":"standard","meta":{"_et_pb_use_builder":"on","_et_pb_old_content":"","_et_gb_content_width":""},"categories":[80],"tags":[],"featured_image_src":"https:\/\/jagdverband.it\/wp-content\/uploads\/2023\/03\/Oberhammer-Karin-01-1024x768.jpg","blog_images":{"medium":"https:\/\/jagdverband.it\/wp-content\/uploads\/2023\/03\/Oberhammer-Karin-01-300x225.jpg","large":"https:\/\/jagdverband.it\/wp-content\/uploads\/2023\/03\/Oberhammer-Karin-01-1024x768.jpg"},"ams_acf":[],"yoast_head":"<!-- This site is optimized with the Yoast SEO plugin v19.6 - https:\/\/yoast.com\/wordpress\/plugins\/seo\/ -->\n<title>Frau Revierleiterin - S\u00fcdtiroler Jagdverband<\/title>\n<meta name=\"robots\" content=\"index, follow, max-snippet:-1, max-image-preview:large, max-video-preview:-1\" \/>\n<link rel=\"canonical\" href=\"https:\/\/jagdverband.it\/it\/frau-revierleiterin\/\" \/>\n<meta property=\"og:locale\" content=\"it_IT\" \/>\n<meta property=\"og:type\" content=\"article\" \/>\n<meta property=\"og:title\" content=\"Frau Revierleiterin - S\u00fcdtiroler Jagdverband\" \/>\n<meta property=\"og:description\" content=\"08.03.2023 - Zum heutigen Tag der Frau stellen wir Ihnen unsere momentan einzige Revierleiterin des Landes, Karin Oberhammer, vor.\" \/>\n<meta property=\"og:url\" content=\"https:\/\/jagdverband.it\/it\/frau-revierleiterin\/\" \/>\n<meta property=\"og:site_name\" content=\"S\u00fcdtiroler Jagdverband\" \/>\n<meta property=\"article:published_time\" content=\"2023-03-08T13:12:16+00:00\" \/>\n<meta property=\"article:modified_time\" content=\"2023-03-08T13:22:22+00:00\" \/>\n<meta property=\"og:image\" content=\"https:\/\/jagdverband.it\/wp-content\/uploads\/2023\/03\/Oberhammer-Karin-01.jpg\" \/>\n\t<meta property=\"og:image:width\" content=\"1600\" \/>\n\t<meta property=\"og:image:height\" content=\"1200\" \/>\n\t<meta property=\"og:image:type\" content=\"image\/jpeg\" \/>\n<meta name=\"author\" content=\"admin\" \/>\n<meta name=\"twitter:card\" content=\"summary\" \/>\n<meta name=\"twitter:label1\" content=\"Scritto da\" \/>\n\t<meta name=\"twitter:data1\" content=\"admin\" \/>\n\t<meta name=\"twitter:label2\" content=\"Tempo di lettura stimato\" \/>\n\t<meta name=\"twitter:data2\" content=\"5 minuti\" \/>\n<script type=\"application\/ld+json\" class=\"yoast-schema-graph\">{\"@context\":\"https:\/\/schema.org\",\"@graph\":[{\"@type\":\"Article\",\"@id\":\"https:\/\/jagdverband.it\/it\/frau-revierleiterin\/#article\",\"isPartOf\":{\"@id\":\"https:\/\/jagdverband.it\/it\/frau-revierleiterin\/\"},\"author\":{\"name\":\"admin\",\"@id\":\"https:\/\/jagdverband.it\/it\/#\/schema\/person\/3e030b3a4aa7c391e09cd551afd6dc73\"},\"headline\":\"Frau Revierleiterin\",\"datePublished\":\"2023-03-08T13:12:16+00:00\",\"dateModified\":\"2023-03-08T13:22:22+00:00\",\"mainEntityOfPage\":{\"@id\":\"https:\/\/jagdverband.it\/it\/frau-revierleiterin\/\"},\"wordCount\":1332,\"publisher\":{\"@id\":\"https:\/\/jagdverband.it\/it\/#organization\"},\"articleSection\":[\"Mitteilungen\"],\"inLanguage\":\"it-IT\"},{\"@type\":\"WebPage\",\"@id\":\"https:\/\/jagdverband.it\/it\/frau-revierleiterin\/\",\"url\":\"https:\/\/jagdverband.it\/it\/frau-revierleiterin\/\",\"name\":\"Frau Revierleiterin - S\u00fcdtiroler Jagdverband\",\"isPartOf\":{\"@id\":\"https:\/\/jagdverband.it\/it\/#website\"},\"datePublished\":\"2023-03-08T13:12:16+00:00\",\"dateModified\":\"2023-03-08T13:22:22+00:00\",\"breadcrumb\":{\"@id\":\"https:\/\/jagdverband.it\/it\/frau-revierleiterin\/#breadcrumb\"},\"inLanguage\":\"it-IT\",\"potentialAction\":[{\"@type\":\"ReadAction\",\"target\":[\"https:\/\/jagdverband.it\/it\/frau-revierleiterin\/\"]}]},{\"@type\":\"BreadcrumbList\",\"@id\":\"https:\/\/jagdverband.it\/it\/frau-revierleiterin\/#breadcrumb\",\"itemListElement\":[{\"@type\":\"ListItem\",\"position\":1,\"name\":\"Home\",\"item\":\"https:\/\/jagdverband.it\/it\/\"},{\"@type\":\"ListItem\",\"position\":2,\"name\":\"Mitteilungen\",\"item\":\"https:\/\/jagdverband.it\/c\/mitteilungen\/\"},{\"@type\":\"ListItem\",\"position\":3,\"name\":\"Frau Revierleiterin\"}]},{\"@type\":\"WebSite\",\"@id\":\"https:\/\/jagdverband.it\/it\/#website\",\"url\":\"https:\/\/jagdverband.it\/it\/\",\"name\":\"S\u00fcdtiroler Jagdverband\",\"description\":\"S\u00fcdtiroler Jagdverband\",\"publisher\":{\"@id\":\"https:\/\/jagdverband.it\/it\/#organization\"},\"potentialAction\":[{\"@type\":\"SearchAction\",\"target\":{\"@type\":\"EntryPoint\",\"urlTemplate\":\"https:\/\/jagdverband.it\/it\/?s={search_term_string}\"},\"query-input\":\"required name=search_term_string\"}],\"inLanguage\":\"it-IT\"},{\"@type\":\"Organization\",\"@id\":\"https:\/\/jagdverband.it\/it\/#organization\",\"name\":\"S\u00fcdtiroler Jagdverband\",\"url\":\"https:\/\/jagdverband.it\/it\/\",\"sameAs\":[],\"logo\":{\"@type\":\"ImageObject\",\"inLanguage\":\"it-IT\",\"@id\":\"https:\/\/jagdverband.it\/it\/#\/schema\/logo\/image\/\",\"url\":\"\",\"contentUrl\":\"\",\"caption\":\"S\u00fcdtiroler Jagdverband\"},\"image\":{\"@id\":\"https:\/\/jagdverband.it\/it\/#\/schema\/logo\/image\/\"}},{\"@type\":\"Person\",\"@id\":\"https:\/\/jagdverband.it\/it\/#\/schema\/person\/3e030b3a4aa7c391e09cd551afd6dc73\",\"name\":\"admin\",\"image\":{\"@type\":\"ImageObject\",\"inLanguage\":\"it-IT\",\"@id\":\"https:\/\/jagdverband.it\/it\/#\/schema\/person\/image\/\",\"url\":\"https:\/\/secure.gravatar.com\/avatar\/badbf5eaa88657062fdcacb31218cc5c?s=96&d=blank&r=g\",\"contentUrl\":\"https:\/\/secure.gravatar.com\/avatar\/badbf5eaa88657062fdcacb31218cc5c?s=96&d=blank&r=g\",\"caption\":\"admin\"},\"url\":\"https:\/\/jagdverband.it\/it\/author\/admin\/\"}]}<\/script>\n<!-- \/ Yoast SEO plugin. -->","yoast_head_json":{"title":"Frau Revierleiterin - S\u00fcdtiroler Jagdverband","robots":{"index":"index","follow":"follow","max-snippet":"max-snippet:-1","max-image-preview":"max-image-preview:large","max-video-preview":"max-video-preview:-1"},"canonical":"https:\/\/jagdverband.it\/it\/frau-revierleiterin\/","og_locale":"it_IT","og_type":"article","og_title":"Frau Revierleiterin - S\u00fcdtiroler Jagdverband","og_description":"08.03.2023 - Zum heutigen Tag der Frau stellen wir Ihnen unsere momentan einzige Revierleiterin des Landes, Karin Oberhammer, vor.","og_url":"https:\/\/jagdverband.it\/it\/frau-revierleiterin\/","og_site_name":"S\u00fcdtiroler Jagdverband","article_published_time":"2023-03-08T13:12:16+00:00","article_modified_time":"2023-03-08T13:22:22+00:00","og_image":[{"width":1600,"height":1200,"url":"https:\/\/jagdverband.it\/wp-content\/uploads\/2023\/03\/Oberhammer-Karin-01.jpg","type":"image\/jpeg"}],"author":"admin","twitter_card":"summary","twitter_misc":{"Scritto da":"admin","Tempo di lettura stimato":"5 minuti"},"schema":{"@context":"https:\/\/schema.org","@graph":[{"@type":"Article","@id":"https:\/\/jagdverband.it\/it\/frau-revierleiterin\/#article","isPartOf":{"@id":"https:\/\/jagdverband.it\/it\/frau-revierleiterin\/"},"author":{"name":"admin","@id":"https:\/\/jagdverband.it\/it\/#\/schema\/person\/3e030b3a4aa7c391e09cd551afd6dc73"},"headline":"Frau Revierleiterin","datePublished":"2023-03-08T13:12:16+00:00","dateModified":"2023-03-08T13:22:22+00:00","mainEntityOfPage":{"@id":"https:\/\/jagdverband.it\/it\/frau-revierleiterin\/"},"wordCount":1332,"publisher":{"@id":"https:\/\/jagdverband.it\/it\/#organization"},"articleSection":["Mitteilungen"],"inLanguage":"it-IT"},{"@type":"WebPage","@id":"https:\/\/jagdverband.it\/it\/frau-revierleiterin\/","url":"https:\/\/jagdverband.it\/it\/frau-revierleiterin\/","name":"Frau Revierleiterin - S\u00fcdtiroler Jagdverband","isPartOf":{"@id":"https:\/\/jagdverband.it\/it\/#website"},"datePublished":"2023-03-08T13:12:16+00:00","dateModified":"2023-03-08T13:22:22+00:00","breadcrumb":{"@id":"https:\/\/jagdverband.it\/it\/frau-revierleiterin\/#breadcrumb"},"inLanguage":"it-IT","potentialAction":[{"@type":"ReadAction","target":["https:\/\/jagdverband.it\/it\/frau-revierleiterin\/"]}]},{"@type":"BreadcrumbList","@id":"https:\/\/jagdverband.it\/it\/frau-revierleiterin\/#breadcrumb","itemListElement":[{"@type":"ListItem","position":1,"name":"Home","item":"https:\/\/jagdverband.it\/it\/"},{"@type":"ListItem","position":2,"name":"Mitteilungen","item":"https:\/\/jagdverband.it\/c\/mitteilungen\/"},{"@type":"ListItem","position":3,"name":"Frau Revierleiterin"}]},{"@type":"WebSite","@id":"https:\/\/jagdverband.it\/it\/#website","url":"https:\/\/jagdverband.it\/it\/","name":"S\u00fcdtiroler Jagdverband","description":"S\u00fcdtiroler Jagdverband","publisher":{"@id":"https:\/\/jagdverband.it\/it\/#organization"},"potentialAction":[{"@type":"SearchAction","target":{"@type":"EntryPoint","urlTemplate":"https:\/\/jagdverband.it\/it\/?s={search_term_string}"},"query-input":"required name=search_term_string"}],"inLanguage":"it-IT"},{"@type":"Organization","@id":"https:\/\/jagdverband.it\/it\/#organization","name":"S\u00fcdtiroler Jagdverband","url":"https:\/\/jagdverband.it\/it\/","sameAs":[],"logo":{"@type":"ImageObject","inLanguage":"it-IT","@id":"https:\/\/jagdverband.it\/it\/#\/schema\/logo\/image\/","url":"","contentUrl":"","caption":"S\u00fcdtiroler Jagdverband"},"image":{"@id":"https:\/\/jagdverband.it\/it\/#\/schema\/logo\/image\/"}},{"@type":"Person","@id":"https:\/\/jagdverband.it\/it\/#\/schema\/person\/3e030b3a4aa7c391e09cd551afd6dc73","name":"admin","image":{"@type":"ImageObject","inLanguage":"it-IT","@id":"https:\/\/jagdverband.it\/it\/#\/schema\/person\/image\/","url":"https:\/\/secure.gravatar.com\/avatar\/badbf5eaa88657062fdcacb31218cc5c?s=96&d=blank&r=g","contentUrl":"https:\/\/secure.gravatar.com\/avatar\/badbf5eaa88657062fdcacb31218cc5c?s=96&d=blank&r=g","caption":"admin"},"url":"https:\/\/jagdverband.it\/it\/author\/admin\/"}]}},"_links":{"self":[{"href":"https:\/\/jagdverband.it\/it\/wp-json\/wp\/v2\/posts\/73084"}],"collection":[{"href":"https:\/\/jagdverband.it\/it\/wp-json\/wp\/v2\/posts"}],"about":[{"href":"https:\/\/jagdverband.it\/it\/wp-json\/wp\/v2\/types\/post"}],"author":[{"embeddable":true,"href":"https:\/\/jagdverband.it\/it\/wp-json\/wp\/v2\/users\/1"}],"replies":[{"embeddable":true,"href":"https:\/\/jagdverband.it\/it\/wp-json\/wp\/v2\/comments?post=73084"}],"version-history":[{"count":0,"href":"https:\/\/jagdverband.it\/it\/wp-json\/wp\/v2\/posts\/73084\/revisions"}],"wp:featuredmedia":[{"embeddable":true,"href":"https:\/\/jagdverband.it\/it\/wp-json\/wp\/v2\/media\/73079"}],"wp:attachment":[{"href":"https:\/\/jagdverband.it\/it\/wp-json\/wp\/v2\/media?parent=73084"}],"wp:term":[{"taxonomy":"category","embeddable":true,"href":"https:\/\/jagdverband.it\/it\/wp-json\/wp\/v2\/categories?post=73084"},{"taxonomy":"post_tag","embeddable":true,"href":"https:\/\/jagdverband.it\/it\/wp-json\/wp\/v2\/tags?post=73084"}],"curies":[{"name":"wp","href":"https:\/\/api.w.org\/{rel}","templated":true}]}}