{"id":72134,"date":"2022-12-02T16:17:46","date_gmt":"2022-12-02T15:17:46","guid":{"rendered":"https:\/\/jagdverband.it\/black-friday-eichhoernchen-copy\/"},"modified":"2022-12-02T16:23:53","modified_gmt":"2022-12-02T15:23:53","slug":"welche-aufgaben-hat-ein-revierleiter","status":"publish","type":"post","link":"https:\/\/jagdverband.it\/it\/welche-aufgaben-hat-ein-revierleiter\/","title":{"rendered":"Welche Aufgaben hat ein Revierleiter?"},"content":{"rendered":"<p>[et_pb_section fb_built=&#8221;1&#8243; specialty=&#8221;on&#8221; _builder_version=&#8221;4.16&#8243; global_colors_info=&#8221;{}&#8221;][et_pb_column type=&#8221;3_4&#8243; specialty_columns=&#8221;3&#8243; _builder_version=&#8221;4.16&#8243; custom_padding=&#8221;|||&#8221; global_colors_info=&#8221;{}&#8221; custom_padding__hover=&#8221;|||&#8221;][et_pb_row_inner _builder_version=&#8221;4.16&#8243; custom_padding=&#8221;||5px||false|false&#8221; global_colors_info=&#8221;{}&#8221;][et_pb_column_inner saved_specialty_column_type=&#8221;3_4&#8243; _builder_version=&#8221;4.16&#8243; global_colors_info=&#8221;{}&#8221;][et_pb_text _builder_version=&#8221;4.18.0&#8243; custom_padding=&#8221;||0px|||&#8221; global_colors_info=&#8221;{}&#8221;]<\/p>\n<h1>Welche Aufgaben hat ein Revierleiter?<\/h1>\n<h3><em>2. Dezember 2022<\/em><\/h3>\n<p>[\/et_pb_text][\/et_pb_column_inner][\/et_pb_row_inner][et_pb_row_inner column_structure=&#8221;1_2,1_2&#8243; _builder_version=&#8221;4.18.0&#8243; custom_padding=&#8221;||0px||false|false&#8221; global_colors_info=&#8221;{}&#8221;][et_pb_column_inner type=&#8221;1_2&#8243; saved_specialty_column_type=&#8221;3_4&#8243; _builder_version=&#8221;4.16&#8243; global_colors_info=&#8221;{}&#8221;][et_pb_text _builder_version=&#8221;4.18.0&#8243; _module_preset=&#8221;default&#8221; global_colors_info=&#8221;{}&#8221;]<\/p>\n<p>Welche Aufgaben hat ein Revierleiter? Sehr viele! Und noch dazu hat er oder sie den \u00dcberblick \u00fcber eine st\u00e4ndig steigende Zahl von Gesetzen, Bestimmungen, Durchf\u00fchrungsverordnungen und Terminen zu behalten. <\/p>\n<p>145 Jagdreviere kraft Gesetzes gibt es in S\u00fcdtirol. An ihrer Spitze stehen 144 ehrenamtliche Revierleiter und eine Revierleiterin. 37 davon wurden bei den Revierwahlen Anfang des Jahres neu gew\u00e4hlt. F\u00fcr sie, aber auch f\u00fcr die erfahrenen Revierleiter hat das Team des S\u00fcdtiroler Jagdverbandes einen 35 Seiten-starken Leitfaden verfasst, der lauter Fragen behandelt, die auf einen Revierleiter zukommen. Dieser Leitfaden wurde den Revierleitern und den interessierten Funktion\u00e4ren der Reviere an vier Abenden im November vorgestellt. Gesch\u00e4ftsf\u00fchrer Benedikt Terzer, Wildbiologe Josef Wieser und Direktionsassistentin Nadia Kollmann referierten \u00fcber Revierverwaltung, Kommunikation, digitale Datenbank, Bestimmungen bei der Nachsuche und vieles mehr. Im Anschluss konnten die Anwesenden Fragen stellen und es kamen anregende Diskussionen zustande.<\/p>\n<p>Dass die Arbeit in der Revierverwaltung keine leichte und das Engagement der Revierleiter gro\u00df ist, zeigte die rege Beteiligung. Von den insgesamt 145 Revieren waren 124 vertreten. Insgesamt nahmen 287 Revierleiter und Vorstandsmitglieder an den Veranstaltungen teil.<\/p>\n<p>Das SJV-Team bedankt sich bei den Revieren Percha, Mauls, Tramin und Latsch f\u00fcr die Organisation der R\u00e4umlichkeiten sowie bei den 8 Bezirksj\u00e4germeistern f\u00fcr ihre Unterst\u00fctzung.<\/p>\n<p>[\/et_pb_text][\/et_pb_column_inner][et_pb_column_inner type=&#8221;1_2&#8243; saved_specialty_column_type=&#8221;3_4&#8243; _builder_version=&#8221;4.16&#8243; global_colors_info=&#8221;{}&#8221;][et_pb_image src=&#8221;https:\/\/jagdverband.it\/wp-content\/uploads\/2022\/12\/Leitfaden-Revierleiter-Nov-2022.jpg&#8221; title_text=&#8221;Leitfaden Revierleiter Nov 2022&#8243; show_in_lightbox=&#8221;on&#8221; show_bottom_space=&#8221;off&#8221; _builder_version=&#8221;4.18.0&#8243; custom_margin=&#8221;||||false|false&#8221; global_colors_info=&#8221;{}&#8221;][\/et_pb_image][\/et_pb_column_inner][\/et_pb_row_inner][et_pb_row_inner column_structure=&#8221;undefined&#8221; _builder_version=&#8221;4.16&#8243; custom_padding=&#8221;||||false|false&#8221; global_colors_info=&#8221;{}&#8221;][et_pb_column_inner type=&#8221;undefined&#8221; saved_specialty_column_type=&#8221;3_4&#8243; _builder_version=&#8221;4.16&#8243; global_colors_info=&#8221;{}&#8221;][et_pb_divider color=&#8221;rgba(0,0,0,0.13)&#8221; _builder_version=&#8221;4.16&#8243; custom_margin=&#8221;||||false|false&#8221; global_colors_info=&#8221;{}&#8221;][\/et_pb_divider][et_pb_button button_url=&#8221;https:\/\/jagdverband.it\/mitteilungen\/&#8221; button_text=&#8221;Zur\u00fcck zur \u00dcbersicht&#8221; button_alignment=&#8221;center&#8221; _builder_version=&#8221;4.16&#8243; global_colors_info=&#8221;{}&#8221;][\/et_pb_button][et_pb_divider color=&#8221;rgba(0,0,0,0.13)&#8221; _builder_version=&#8221;4.16&#8243; custom_margin=&#8221;25px||||false|false&#8221; global_colors_info=&#8221;{}&#8221;][\/et_pb_divider][\/et_pb_column_inner][\/et_pb_row_inner][\/et_pb_column][et_pb_column type=&#8221;1_4&#8243; _builder_version=&#8221;4.16&#8243; custom_padding=&#8221;|||&#8221; global_colors_info=&#8221;{}&#8221; custom_padding__hover=&#8221;|||&#8221;][et_pb_sidebar orientation=&#8221;right&#8221; _builder_version=&#8221;4.16&#8243; global_colors_info=&#8221;{}&#8221;][\/et_pb_sidebar][\/et_pb_column][\/et_pb_section]<\/p>\n","protected":false},"excerpt":{"rendered":"<p>02.12.2022 &#8211; Neuer Leitfaden f\u00fcr Revierleiter des S\u00fcdtiroler Jagdverbandes wird vorgestellt<\/p>\n","protected":false},"author":1,"featured_media":72137,"comment_status":"closed","ping_status":"closed","sticky":false,"template":"","format":"standard","meta":{"_et_pb_use_builder":"on","_et_pb_old_content":"","_et_gb_content_width":""},"categories":[80],"tags":[],"featured_image_src":"https:\/\/jagdverband.it\/wp-content\/uploads\/2022\/12\/Leitfaden-Revierleiter-Nov-2022-1024x810.jpg","blog_images":{"medium":"https:\/\/jagdverband.it\/wp-content\/uploads\/2022\/12\/Leitfaden-Revierleiter-Nov-2022-300x237.jpg","large":"https:\/\/jagdverband.it\/wp-content\/uploads\/2022\/12\/Leitfaden-Revierleiter-Nov-2022-1024x810.jpg"},"ams_acf":[],"yoast_head":"<!-- This site is optimized with the Yoast SEO plugin v19.6 - https:\/\/yoast.com\/wordpress\/plugins\/seo\/ -->\n<title>Welche Aufgaben hat ein Revierleiter? - S\u00fcdtiroler Jagdverband<\/title>\n<meta name=\"robots\" content=\"index, follow, max-snippet:-1, max-image-preview:large, max-video-preview:-1\" \/>\n<link rel=\"canonical\" href=\"https:\/\/jagdverband.it\/it\/welche-aufgaben-hat-ein-revierleiter\/\" \/>\n<meta property=\"og:locale\" content=\"it_IT\" \/>\n<meta property=\"og:type\" content=\"article\" \/>\n<meta property=\"og:title\" content=\"Welche Aufgaben hat ein Revierleiter? - S\u00fcdtiroler Jagdverband\" \/>\n<meta property=\"og:description\" content=\"02.12.2022 - Neuer Leitfaden f\u00fcr Revierleiter des S\u00fcdtiroler Jagdverbandes wird vorgestellt\" \/>\n<meta property=\"og:url\" content=\"https:\/\/jagdverband.it\/it\/welche-aufgaben-hat-ein-revierleiter\/\" \/>\n<meta property=\"og:site_name\" content=\"S\u00fcdtiroler Jagdverband\" \/>\n<meta property=\"article:published_time\" content=\"2022-12-02T15:17:46+00:00\" \/>\n<meta property=\"article:modified_time\" content=\"2022-12-02T15:23:53+00:00\" \/>\n<meta property=\"og:image\" content=\"https:\/\/jagdverband.it\/wp-content\/uploads\/2022\/12\/Leitfaden-Revierleiter-Nov-2022.jpg\" \/>\n\t<meta property=\"og:image:width\" content=\"1558\" \/>\n\t<meta property=\"og:image:height\" content=\"1232\" \/>\n\t<meta property=\"og:image:type\" content=\"image\/jpeg\" \/>\n<meta name=\"author\" content=\"admin\" \/>\n<meta name=\"twitter:card\" content=\"summary\" \/>\n<meta name=\"twitter:label1\" content=\"Scritto da\" \/>\n\t<meta name=\"twitter:data1\" content=\"admin\" \/>\n\t<meta name=\"twitter:label2\" content=\"Tempo di lettura stimato\" \/>\n\t<meta name=\"twitter:data2\" content=\"2 minuti\" \/>\n<script type=\"application\/ld+json\" class=\"yoast-schema-graph\">{\"@context\":\"https:\/\/schema.org\",\"@graph\":[{\"@type\":\"Article\",\"@id\":\"https:\/\/jagdverband.it\/it\/welche-aufgaben-hat-ein-revierleiter\/#article\",\"isPartOf\":{\"@id\":\"https:\/\/jagdverband.it\/it\/welche-aufgaben-hat-ein-revierleiter\/\"},\"author\":{\"name\":\"admin\",\"@id\":\"https:\/\/jagdverband.it\/it\/#\/schema\/person\/3e030b3a4aa7c391e09cd551afd6dc73\"},\"headline\":\"Welche Aufgaben hat ein Revierleiter?\",\"datePublished\":\"2022-12-02T15:17:46+00:00\",\"dateModified\":\"2022-12-02T15:23:53+00:00\",\"mainEntityOfPage\":{\"@id\":\"https:\/\/jagdverband.it\/it\/welche-aufgaben-hat-ein-revierleiter\/\"},\"wordCount\":538,\"publisher\":{\"@id\":\"https:\/\/jagdverband.it\/it\/#organization\"},\"articleSection\":[\"Mitteilungen\"],\"inLanguage\":\"it-IT\"},{\"@type\":\"WebPage\",\"@id\":\"https:\/\/jagdverband.it\/it\/welche-aufgaben-hat-ein-revierleiter\/\",\"url\":\"https:\/\/jagdverband.it\/it\/welche-aufgaben-hat-ein-revierleiter\/\",\"name\":\"Welche Aufgaben hat ein Revierleiter? - S\u00fcdtiroler Jagdverband\",\"isPartOf\":{\"@id\":\"https:\/\/jagdverband.it\/it\/#website\"},\"datePublished\":\"2022-12-02T15:17:46+00:00\",\"dateModified\":\"2022-12-02T15:23:53+00:00\",\"breadcrumb\":{\"@id\":\"https:\/\/jagdverband.it\/it\/welche-aufgaben-hat-ein-revierleiter\/#breadcrumb\"},\"inLanguage\":\"it-IT\",\"potentialAction\":[{\"@type\":\"ReadAction\",\"target\":[\"https:\/\/jagdverband.it\/it\/welche-aufgaben-hat-ein-revierleiter\/\"]}]},{\"@type\":\"BreadcrumbList\",\"@id\":\"https:\/\/jagdverband.it\/it\/welche-aufgaben-hat-ein-revierleiter\/#breadcrumb\",\"itemListElement\":[{\"@type\":\"ListItem\",\"position\":1,\"name\":\"Home\",\"item\":\"https:\/\/jagdverband.it\/it\/\"},{\"@type\":\"ListItem\",\"position\":2,\"name\":\"Mitteilungen\",\"item\":\"https:\/\/jagdverband.it\/c\/mitteilungen\/\"},{\"@type\":\"ListItem\",\"position\":3,\"name\":\"Welche Aufgaben hat ein Revierleiter?\"}]},{\"@type\":\"WebSite\",\"@id\":\"https:\/\/jagdverband.it\/it\/#website\",\"url\":\"https:\/\/jagdverband.it\/it\/\",\"name\":\"S\u00fcdtiroler Jagdverband\",\"description\":\"S\u00fcdtiroler Jagdverband\",\"publisher\":{\"@id\":\"https:\/\/jagdverband.it\/it\/#organization\"},\"potentialAction\":[{\"@type\":\"SearchAction\",\"target\":{\"@type\":\"EntryPoint\",\"urlTemplate\":\"https:\/\/jagdverband.it\/it\/?s={search_term_string}\"},\"query-input\":\"required name=search_term_string\"}],\"inLanguage\":\"it-IT\"},{\"@type\":\"Organization\",\"@id\":\"https:\/\/jagdverband.it\/it\/#organization\",\"name\":\"S\u00fcdtiroler Jagdverband\",\"url\":\"https:\/\/jagdverband.it\/it\/\",\"sameAs\":[],\"logo\":{\"@type\":\"ImageObject\",\"inLanguage\":\"it-IT\",\"@id\":\"https:\/\/jagdverband.it\/it\/#\/schema\/logo\/image\/\",\"url\":\"\",\"contentUrl\":\"\",\"caption\":\"S\u00fcdtiroler Jagdverband\"},\"image\":{\"@id\":\"https:\/\/jagdverband.it\/it\/#\/schema\/logo\/image\/\"}},{\"@type\":\"Person\",\"@id\":\"https:\/\/jagdverband.it\/it\/#\/schema\/person\/3e030b3a4aa7c391e09cd551afd6dc73\",\"name\":\"admin\",\"image\":{\"@type\":\"ImageObject\",\"inLanguage\":\"it-IT\",\"@id\":\"https:\/\/jagdverband.it\/it\/#\/schema\/person\/image\/\",\"url\":\"https:\/\/secure.gravatar.com\/avatar\/badbf5eaa88657062fdcacb31218cc5c?s=96&d=blank&r=g\",\"contentUrl\":\"https:\/\/secure.gravatar.com\/avatar\/badbf5eaa88657062fdcacb31218cc5c?s=96&d=blank&r=g\",\"caption\":\"admin\"},\"url\":\"https:\/\/jagdverband.it\/it\/author\/admin\/\"}]}<\/script>\n<!-- \/ Yoast SEO plugin. -->","yoast_head_json":{"title":"Welche Aufgaben hat ein Revierleiter? - S\u00fcdtiroler Jagdverband","robots":{"index":"index","follow":"follow","max-snippet":"max-snippet:-1","max-image-preview":"max-image-preview:large","max-video-preview":"max-video-preview:-1"},"canonical":"https:\/\/jagdverband.it\/it\/welche-aufgaben-hat-ein-revierleiter\/","og_locale":"it_IT","og_type":"article","og_title":"Welche Aufgaben hat ein Revierleiter? - S\u00fcdtiroler Jagdverband","og_description":"02.12.2022 - Neuer Leitfaden f\u00fcr Revierleiter des S\u00fcdtiroler Jagdverbandes wird vorgestellt","og_url":"https:\/\/jagdverband.it\/it\/welche-aufgaben-hat-ein-revierleiter\/","og_site_name":"S\u00fcdtiroler Jagdverband","article_published_time":"2022-12-02T15:17:46+00:00","article_modified_time":"2022-12-02T15:23:53+00:00","og_image":[{"width":1558,"height":1232,"url":"https:\/\/jagdverband.it\/wp-content\/uploads\/2022\/12\/Leitfaden-Revierleiter-Nov-2022.jpg","type":"image\/jpeg"}],"author":"admin","twitter_card":"summary","twitter_misc":{"Scritto da":"admin","Tempo di lettura stimato":"2 minuti"},"schema":{"@context":"https:\/\/schema.org","@graph":[{"@type":"Article","@id":"https:\/\/jagdverband.it\/it\/welche-aufgaben-hat-ein-revierleiter\/#article","isPartOf":{"@id":"https:\/\/jagdverband.it\/it\/welche-aufgaben-hat-ein-revierleiter\/"},"author":{"name":"admin","@id":"https:\/\/jagdverband.it\/it\/#\/schema\/person\/3e030b3a4aa7c391e09cd551afd6dc73"},"headline":"Welche Aufgaben hat ein Revierleiter?","datePublished":"2022-12-02T15:17:46+00:00","dateModified":"2022-12-02T15:23:53+00:00","mainEntityOfPage":{"@id":"https:\/\/jagdverband.it\/it\/welche-aufgaben-hat-ein-revierleiter\/"},"wordCount":538,"publisher":{"@id":"https:\/\/jagdverband.it\/it\/#organization"},"articleSection":["Mitteilungen"],"inLanguage":"it-IT"},{"@type":"WebPage","@id":"https:\/\/jagdverband.it\/it\/welche-aufgaben-hat-ein-revierleiter\/","url":"https:\/\/jagdverband.it\/it\/welche-aufgaben-hat-ein-revierleiter\/","name":"Welche Aufgaben hat ein Revierleiter? - S\u00fcdtiroler Jagdverband","isPartOf":{"@id":"https:\/\/jagdverband.it\/it\/#website"},"datePublished":"2022-12-02T15:17:46+00:00","dateModified":"2022-12-02T15:23:53+00:00","breadcrumb":{"@id":"https:\/\/jagdverband.it\/it\/welche-aufgaben-hat-ein-revierleiter\/#breadcrumb"},"inLanguage":"it-IT","potentialAction":[{"@type":"ReadAction","target":["https:\/\/jagdverband.it\/it\/welche-aufgaben-hat-ein-revierleiter\/"]}]},{"@type":"BreadcrumbList","@id":"https:\/\/jagdverband.it\/it\/welche-aufgaben-hat-ein-revierleiter\/#breadcrumb","itemListElement":[{"@type":"ListItem","position":1,"name":"Home","item":"https:\/\/jagdverband.it\/it\/"},{"@type":"ListItem","position":2,"name":"Mitteilungen","item":"https:\/\/jagdverband.it\/c\/mitteilungen\/"},{"@type":"ListItem","position":3,"name":"Welche Aufgaben hat ein Revierleiter?"}]},{"@type":"WebSite","@id":"https:\/\/jagdverband.it\/it\/#website","url":"https:\/\/jagdverband.it\/it\/","name":"S\u00fcdtiroler Jagdverband","description":"S\u00fcdtiroler Jagdverband","publisher":{"@id":"https:\/\/jagdverband.it\/it\/#organization"},"potentialAction":[{"@type":"SearchAction","target":{"@type":"EntryPoint","urlTemplate":"https:\/\/jagdverband.it\/it\/?s={search_term_string}"},"query-input":"required name=search_term_string"}],"inLanguage":"it-IT"},{"@type":"Organization","@id":"https:\/\/jagdverband.it\/it\/#organization","name":"S\u00fcdtiroler Jagdverband","url":"https:\/\/jagdverband.it\/it\/","sameAs":[],"logo":{"@type":"ImageObject","inLanguage":"it-IT","@id":"https:\/\/jagdverband.it\/it\/#\/schema\/logo\/image\/","url":"","contentUrl":"","caption":"S\u00fcdtiroler Jagdverband"},"image":{"@id":"https:\/\/jagdverband.it\/it\/#\/schema\/logo\/image\/"}},{"@type":"Person","@id":"https:\/\/jagdverband.it\/it\/#\/schema\/person\/3e030b3a4aa7c391e09cd551afd6dc73","name":"admin","image":{"@type":"ImageObject","inLanguage":"it-IT","@id":"https:\/\/jagdverband.it\/it\/#\/schema\/person\/image\/","url":"https:\/\/secure.gravatar.com\/avatar\/badbf5eaa88657062fdcacb31218cc5c?s=96&d=blank&r=g","contentUrl":"https:\/\/secure.gravatar.com\/avatar\/badbf5eaa88657062fdcacb31218cc5c?s=96&d=blank&r=g","caption":"admin"},"url":"https:\/\/jagdverband.it\/it\/author\/admin\/"}]}},"_links":{"self":[{"href":"https:\/\/jagdverband.it\/it\/wp-json\/wp\/v2\/posts\/72134"}],"collection":[{"href":"https:\/\/jagdverband.it\/it\/wp-json\/wp\/v2\/posts"}],"about":[{"href":"https:\/\/jagdverband.it\/it\/wp-json\/wp\/v2\/types\/post"}],"author":[{"embeddable":true,"href":"https:\/\/jagdverband.it\/it\/wp-json\/wp\/v2\/users\/1"}],"replies":[{"embeddable":true,"href":"https:\/\/jagdverband.it\/it\/wp-json\/wp\/v2\/comments?post=72134"}],"version-history":[{"count":0,"href":"https:\/\/jagdverband.it\/it\/wp-json\/wp\/v2\/posts\/72134\/revisions"}],"wp:featuredmedia":[{"embeddable":true,"href":"https:\/\/jagdverband.it\/it\/wp-json\/wp\/v2\/media\/72137"}],"wp:attachment":[{"href":"https:\/\/jagdverband.it\/it\/wp-json\/wp\/v2\/media?parent=72134"}],"wp:term":[{"taxonomy":"category","embeddable":true,"href":"https:\/\/jagdverband.it\/it\/wp-json\/wp\/v2\/categories?post=72134"},{"taxonomy":"post_tag","embeddable":true,"href":"https:\/\/jagdverband.it\/it\/wp-json\/wp\/v2\/tags?post=72134"}],"curies":[{"name":"wp","href":"https:\/\/api.w.org\/{rel}","templated":true}]}}