{"id":71358,"date":"2022-09-15T14:00:50","date_gmt":"2022-09-15T12:00:50","guid":{"rendered":"https:\/\/jagdverband.it\/wildoekologisches-forum-alpenraum-2022-der-beitrag-der-jagd-zur-nachhaltigen-landnutzung-copy\/"},"modified":"2022-09-26T07:49:47","modified_gmt":"2022-09-26T05:49:47","slug":"suedtirols-wildtiere-im-radio","status":"publish","type":"post","link":"https:\/\/jagdverband.it\/it\/suedtirols-wildtiere-im-radio\/","title":{"rendered":"S\u00fcdtirols Wildtiere im Radio"},"content":{"rendered":"<p>[et_pb_section fb_built=&#8221;1&#8243; specialty=&#8221;on&#8221; _builder_version=&#8221;4.16&#8243; global_colors_info=&#8221;{}&#8221;][et_pb_column type=&#8221;3_4&#8243; specialty_columns=&#8221;3&#8243; _builder_version=&#8221;4.16&#8243; custom_padding=&#8221;|||&#8221; global_colors_info=&#8221;{}&#8221; custom_padding__hover=&#8221;|||&#8221;][et_pb_row_inner _builder_version=&#8221;4.16&#8243; custom_padding=&#8221;||5px||false|false&#8221; global_colors_info=&#8221;{}&#8221;][et_pb_column_inner saved_specialty_column_type=&#8221;3_4&#8243; _builder_version=&#8221;4.16&#8243; global_colors_info=&#8221;{}&#8221;][et_pb_text _builder_version=&#8221;4.18.0&#8243; custom_padding=&#8221;||0px|||&#8221; global_colors_info=&#8221;{}&#8221;]<\/p>\n<h1>S\u00fcdtirols Wildtiere im Radio<\/h1>\n<h3><em>15. September 2022<\/em><\/h3>\n<p>[\/et_pb_text][\/et_pb_column_inner][\/et_pb_row_inner][et_pb_row_inner column_structure=&#8221;1_2,1_2&#8243; _builder_version=&#8221;4.16&#8243; global_colors_info=&#8221;{}&#8221;][et_pb_column_inner type=&#8221;1_2&#8243; saved_specialty_column_type=&#8221;3_4&#8243; _builder_version=&#8221;4.16&#8243; global_colors_info=&#8221;{}&#8221;][et_pb_image src=&#8221;https:\/\/jagdverband.it\/wp-content\/uploads\/2022\/09\/Rehbock-in-der-Wiese.jpg&#8221; title_text=&#8221;Rehbock in der Wiese&#8221; show_in_lightbox=&#8221;on&#8221; show_bottom_space=&#8221;off&#8221; _builder_version=&#8221;4.18.0&#8243; custom_margin=&#8221;||7px||false|false&#8221; global_colors_info=&#8221;{}&#8221;][\/et_pb_image][\/et_pb_column_inner][et_pb_column_inner type=&#8221;1_2&#8243; saved_specialty_column_type=&#8221;3_4&#8243; _builder_version=&#8221;4.16&#8243; global_colors_info=&#8221;{}&#8221;][et_pb_text _builder_version=&#8221;4.18.0&#8243; _module_preset=&#8221;default&#8221; global_colors_info=&#8221;{}&#8221;]<\/p>\n<p>Seit Mai gibt es eine neue Radio-Reihe im Brunecker H\u00f6rfunksender Radio 2000: Unter dem Titel \u201eS\u00fcdtirols Wildtiere \u2013 still, sch\u00fctzenswert und absolut faszinierend\u201c stellt Benedikt Terzer, der Gesch\u00e4ftsf\u00fchrer des S\u00fcdtiroler Jagdverbandes, den H\u00f6rern jeden Monat ein Wildtier vor: Wo und wie lebt es? Wie sieht es aus und wie h\u00f6rt es sich an? Was kann jeder Einzelne zum Schutz dieser Art unternehmen? Welche Besonderheiten zeichnen das jeweilige Wildtier aus?<\/p>\n<p>Ausgestrahlt werden die Beitr\u00e4ge immer am zweiten Donnerstag im Monat auf \u201eRadio 2000\u201c zwischen 11:00 und 12:00 Uhr und auf \u201eDie Antenne\u201c zwischen 7:40 und 08:40 Uhr. Eine Wiederholung l\u00e4uft auf \u201eRadio 2000\u201c jeweils am zweiten Samstag im Monat im \u201eMuntermacher\u201c.<\/p>\n<p>Nachh\u00f6ren kann man die Beitr\u00e4ge hier unten oder auf der <strong><a href=\"https:\/\/www.radio2000.it\/category\/podcast\/suedtirols-wildtiere\/\" target=\"_blank\" rel=\"noopener\">Website von Radio 2000<\/a><\/strong>.<\/p>\n<p>[\/et_pb_text][et_pb_image src=&#8221;https:\/\/jagdverband.it\/wp-content\/uploads\/2022\/09\/Radio2000Logo.jpg&#8221; title_text=&#8221;Radio2000Logo&#8221; show_bottom_space=&#8221;off&#8221; _builder_version=&#8221;4.18.0&#8243; custom_margin=&#8221;||7px||false|false&#8221; hover_enabled=&#8221;0&#8243; global_colors_info=&#8221;{}&#8221; url=&#8221;https:\/\/www.radio2000.it\/category\/podcast\/suedtirols-wildtiere\/&#8221; url_new_window=&#8221;on&#8221; sticky_enabled=&#8221;0&#8243;][\/et_pb_image][\/et_pb_column_inner][\/et_pb_row_inner][et_pb_row_inner _builder_version=&#8221;4.16&#8243; global_colors_info=&#8221;{}&#8221;][et_pb_column_inner saved_specialty_column_type=&#8221;3_4&#8243; _builder_version=&#8221;4.16&#8243; global_colors_info=&#8221;{}&#8221;][et_pb_divider color=&#8221;rgba(0,0,0,0.13)&#8221; _builder_version=&#8221;4.16&#8243; custom_margin=&#8221;||||false|false&#8221; global_colors_info=&#8221;{}&#8221;][\/et_pb_divider][et_pb_audio audio=&#8221;https:\/\/jagdverband.it\/wp-content\/uploads\/2022\/09\/Suedtirols-Wildtiere-Teil-1-Juni-Rehwild.mp3&#8243; title=&#8221;S\u00fcdtirols Wildtiere \u2013 still, sch\u00fctzenswert und absolut faszinierend&#8221; album_name=&#8221;Teil 1 &#8211; Das Rehwild&#8221; image_url=&#8221;https:\/\/jagdverband.it\/wp-content\/uploads\/2021\/12\/Reh-Sommer.jpg&#8221; _builder_version=&#8221;4.18.0&#8243; _module_preset=&#8221;default&#8221; caption_font=&#8221;|700|||||||&#8221; caption_font_size=&#8221;19px&#8221; global_colors_info=&#8221;{}&#8221;][\/et_pb_audio][et_pb_audio audio=&#8221;https:\/\/jagdverband.it\/wp-content\/uploads\/2022\/09\/Suedtirols-Wildtiere-Teil-2-Juli-Steinmarder.mp3&#8243; title=&#8221;S\u00fcdtirols Wildtiere \u2013 still, sch\u00fctzenswert und absolut faszinierend&#8221; album_name=&#8221;Teil 2 &#8211; Der Steinmarder&#8221; disabled_on=&#8221;off|off|off&#8221; _builder_version=&#8221;4.18.0&#8243; _module_preset=&#8221;default&#8221; caption_font=&#8221;|700|||||||&#8221; caption_font_size=&#8221;19px&#8221; min_height=&#8221;0px&#8221; height=&#8221;0px&#8221; max_height=&#8221;100px&#8221; custom_margin=&#8221;0px||0px||false|false&#8221; global_colors_info=&#8221;{}&#8221;][\/et_pb_audio][et_pb_audio audio=&#8221;https:\/\/jagdverband.it\/wp-content\/uploads\/2022\/09\/Suedtirols-Wildtiere-Teil-2-Juli-Steinmarder.mp3&#8243; title=&#8221;S\u00fcdtirols Wildtiere \u2013 still, sch\u00fctzenswert und absolut faszinierend&#8221; album_name=&#8221;Teil 2 &#8211; Der Steinmarder&#8221; image_url=&#8221;https:\/\/jagdverband.it\/wp-content\/uploads\/2021\/12\/Steinmarder-Burkhard-Kaser.jpg&#8221; _builder_version=&#8221;4.18.0&#8243; _module_preset=&#8221;default&#8221; caption_font=&#8221;|700|||||||&#8221; caption_font_size=&#8221;19px&#8221; global_colors_info=&#8221;{}&#8221;][\/et_pb_audio][et_pb_audio audio=&#8221;https:\/\/jagdverband.it\/wp-content\/uploads\/2022\/09\/Suedtirols-Wildtiere-Teil-3-August-Fuchs.mp3&#8243; title=&#8221;S\u00fcdtirols Wildtiere \u2013 still, sch\u00fctzenswert und absolut faszinierend&#8221; album_name=&#8221;Teil 3 &#8211; Der Fuchs&#8221; image_url=&#8221;https:\/\/jagdverband.it\/wp-content\/uploads\/2019\/08\/fuchs_grassi-6.jpg&#8221; _builder_version=&#8221;4.18.0&#8243; _module_preset=&#8221;default&#8221; caption_font=&#8221;|700|||||||&#8221; caption_font_size=&#8221;19px&#8221; global_colors_info=&#8221;{}&#8221;][\/et_pb_audio][et_pb_audio audio=&#8221;https:\/\/jagdverband.it\/wp-content\/uploads\/2022\/09\/Suedtirols-Wildtiere-Teil-4-September-Rotwild.mp3&#8243; title=&#8221;S\u00fcdtirols Wildtiere \u2013 still, sch\u00fctzenswert und absolut faszinierend&#8221; album_name=&#8221;Teil 4 &#8211; Das Rotwild&#8221; image_url=&#8221;https:\/\/jagdverband.it\/wp-content\/uploads\/2018\/09\/Rotwild-DSC_0848-Grassi-Renato.jpg&#8221; _builder_version=&#8221;4.18.0&#8243; _module_preset=&#8221;default&#8221; caption_font=&#8221;|700|||||||&#8221; caption_font_size=&#8221;19px&#8221; global_colors_info=&#8221;{}&#8221;][\/et_pb_audio][\/et_pb_column_inner][\/et_pb_row_inner][et_pb_row_inner column_structure=&#8221;undefined&#8221; _builder_version=&#8221;4.16&#8243; custom_padding=&#8221;||||false|false&#8221; global_colors_info=&#8221;{}&#8221;][et_pb_column_inner type=&#8221;undefined&#8221; saved_specialty_column_type=&#8221;3_4&#8243; _builder_version=&#8221;4.16&#8243; global_colors_info=&#8221;{}&#8221;][et_pb_divider color=&#8221;rgba(0,0,0,0.13)&#8221; _builder_version=&#8221;4.16&#8243; custom_margin=&#8221;||||false|false&#8221; global_colors_info=&#8221;{}&#8221;][\/et_pb_divider][et_pb_button button_url=&#8221;https:\/\/jagdverband.it\/mitteilungen\/&#8221; button_text=&#8221;Zur\u00fcck zur \u00dcbersicht&#8221; button_alignment=&#8221;center&#8221; _builder_version=&#8221;4.16&#8243; global_colors_info=&#8221;{}&#8221;][\/et_pb_button][et_pb_divider color=&#8221;rgba(0,0,0,0.13)&#8221; _builder_version=&#8221;4.16&#8243; custom_margin=&#8221;25px||||false|false&#8221; global_colors_info=&#8221;{}&#8221;][\/et_pb_divider][\/et_pb_column_inner][\/et_pb_row_inner][\/et_pb_column][et_pb_column type=&#8221;1_4&#8243; _builder_version=&#8221;4.16&#8243; custom_padding=&#8221;|||&#8221; global_colors_info=&#8221;{}&#8221; custom_padding__hover=&#8221;|||&#8221;][et_pb_sidebar orientation=&#8221;right&#8221; _builder_version=&#8221;4.16&#8243; global_colors_info=&#8221;{}&#8221;][\/et_pb_sidebar][\/et_pb_column][\/et_pb_section]<\/p>\n","protected":false},"excerpt":{"rendered":"<p>15.09.2022 &#8211; Neue Radioreihe mit Benedikt Terzer<\/p>\n","protected":false},"author":1,"featured_media":71362,"comment_status":"closed","ping_status":"closed","sticky":false,"template":"","format":"standard","meta":{"_et_pb_use_builder":"on","_et_pb_old_content":"","_et_gb_content_width":""},"categories":[80],"tags":[],"featured_image_src":"https:\/\/jagdverband.it\/wp-content\/uploads\/2022\/09\/Rehbock-in-der-Wiese-1024x683.jpg","blog_images":{"medium":"https:\/\/jagdverband.it\/wp-content\/uploads\/2022\/09\/Rehbock-in-der-Wiese-300x200.jpg","large":"https:\/\/jagdverband.it\/wp-content\/uploads\/2022\/09\/Rehbock-in-der-Wiese-1024x683.jpg"},"ams_acf":[],"yoast_head":"<!-- This site is optimized with the Yoast SEO plugin v19.6 - https:\/\/yoast.com\/wordpress\/plugins\/seo\/ -->\n<title>S\u00fcdtirols Wildtiere im Radio - S\u00fcdtiroler Jagdverband<\/title>\n<meta name=\"robots\" content=\"index, follow, max-snippet:-1, max-image-preview:large, max-video-preview:-1\" \/>\n<link rel=\"canonical\" href=\"https:\/\/jagdverband.it\/it\/suedtirols-wildtiere-im-radio\/\" \/>\n<meta property=\"og:locale\" content=\"it_IT\" \/>\n<meta property=\"og:type\" content=\"article\" \/>\n<meta property=\"og:title\" content=\"S\u00fcdtirols Wildtiere im Radio - S\u00fcdtiroler Jagdverband\" \/>\n<meta property=\"og:description\" content=\"15.09.2022 - Neue Radioreihe mit Benedikt Terzer\" \/>\n<meta property=\"og:url\" content=\"https:\/\/jagdverband.it\/it\/suedtirols-wildtiere-im-radio\/\" \/>\n<meta property=\"og:site_name\" content=\"S\u00fcdtiroler Jagdverband\" \/>\n<meta property=\"article:published_time\" content=\"2022-09-15T12:00:50+00:00\" \/>\n<meta property=\"article:modified_time\" content=\"2022-09-26T05:49:47+00:00\" \/>\n<meta property=\"og:image\" content=\"https:\/\/jagdverband.it\/wp-content\/uploads\/2022\/09\/Rehbock-in-der-Wiese.jpg\" \/>\n\t<meta property=\"og:image:width\" content=\"1920\" \/>\n\t<meta property=\"og:image:height\" content=\"1280\" \/>\n\t<meta property=\"og:image:type\" content=\"image\/jpeg\" \/>\n<meta name=\"author\" content=\"admin\" \/>\n<meta name=\"twitter:card\" content=\"summary\" \/>\n<meta name=\"twitter:label1\" content=\"Scritto da\" \/>\n\t<meta name=\"twitter:data1\" content=\"admin\" \/>\n\t<meta name=\"twitter:label2\" content=\"Tempo di lettura stimato\" \/>\n\t<meta name=\"twitter:data2\" content=\"2 minuti\" \/>\n<script type=\"application\/ld+json\" class=\"yoast-schema-graph\">{\"@context\":\"https:\/\/schema.org\",\"@graph\":[{\"@type\":\"Article\",\"@id\":\"https:\/\/jagdverband.it\/it\/suedtirols-wildtiere-im-radio\/#article\",\"isPartOf\":{\"@id\":\"https:\/\/jagdverband.it\/it\/suedtirols-wildtiere-im-radio\/\"},\"author\":{\"name\":\"admin\",\"@id\":\"https:\/\/jagdverband.it\/it\/#\/schema\/person\/3e030b3a4aa7c391e09cd551afd6dc73\"},\"headline\":\"S\u00fcdtirols Wildtiere im Radio\",\"datePublished\":\"2022-09-15T12:00:50+00:00\",\"dateModified\":\"2022-09-26T05:49:47+00:00\",\"mainEntityOfPage\":{\"@id\":\"https:\/\/jagdverband.it\/it\/suedtirols-wildtiere-im-radio\/\"},\"wordCount\":832,\"publisher\":{\"@id\":\"https:\/\/jagdverband.it\/it\/#organization\"},\"articleSection\":[\"Mitteilungen\"],\"inLanguage\":\"it-IT\"},{\"@type\":\"WebPage\",\"@id\":\"https:\/\/jagdverband.it\/it\/suedtirols-wildtiere-im-radio\/\",\"url\":\"https:\/\/jagdverband.it\/it\/suedtirols-wildtiere-im-radio\/\",\"name\":\"S\u00fcdtirols Wildtiere im Radio - S\u00fcdtiroler Jagdverband\",\"isPartOf\":{\"@id\":\"https:\/\/jagdverband.it\/it\/#website\"},\"datePublished\":\"2022-09-15T12:00:50+00:00\",\"dateModified\":\"2022-09-26T05:49:47+00:00\",\"breadcrumb\":{\"@id\":\"https:\/\/jagdverband.it\/it\/suedtirols-wildtiere-im-radio\/#breadcrumb\"},\"inLanguage\":\"it-IT\",\"potentialAction\":[{\"@type\":\"ReadAction\",\"target\":[\"https:\/\/jagdverband.it\/it\/suedtirols-wildtiere-im-radio\/\"]}]},{\"@type\":\"BreadcrumbList\",\"@id\":\"https:\/\/jagdverband.it\/it\/suedtirols-wildtiere-im-radio\/#breadcrumb\",\"itemListElement\":[{\"@type\":\"ListItem\",\"position\":1,\"name\":\"Home\",\"item\":\"https:\/\/jagdverband.it\/it\/\"},{\"@type\":\"ListItem\",\"position\":2,\"name\":\"Mitteilungen\",\"item\":\"https:\/\/jagdverband.it\/c\/mitteilungen\/\"},{\"@type\":\"ListItem\",\"position\":3,\"name\":\"S\u00fcdtirols Wildtiere im Radio\"}]},{\"@type\":\"WebSite\",\"@id\":\"https:\/\/jagdverband.it\/it\/#website\",\"url\":\"https:\/\/jagdverband.it\/it\/\",\"name\":\"S\u00fcdtiroler Jagdverband\",\"description\":\"S\u00fcdtiroler Jagdverband\",\"publisher\":{\"@id\":\"https:\/\/jagdverband.it\/it\/#organization\"},\"potentialAction\":[{\"@type\":\"SearchAction\",\"target\":{\"@type\":\"EntryPoint\",\"urlTemplate\":\"https:\/\/jagdverband.it\/it\/?s={search_term_string}\"},\"query-input\":\"required name=search_term_string\"}],\"inLanguage\":\"it-IT\"},{\"@type\":\"Organization\",\"@id\":\"https:\/\/jagdverband.it\/it\/#organization\",\"name\":\"S\u00fcdtiroler Jagdverband\",\"url\":\"https:\/\/jagdverband.it\/it\/\",\"sameAs\":[],\"logo\":{\"@type\":\"ImageObject\",\"inLanguage\":\"it-IT\",\"@id\":\"https:\/\/jagdverband.it\/it\/#\/schema\/logo\/image\/\",\"url\":\"\",\"contentUrl\":\"\",\"caption\":\"S\u00fcdtiroler Jagdverband\"},\"image\":{\"@id\":\"https:\/\/jagdverband.it\/it\/#\/schema\/logo\/image\/\"}},{\"@type\":\"Person\",\"@id\":\"https:\/\/jagdverband.it\/it\/#\/schema\/person\/3e030b3a4aa7c391e09cd551afd6dc73\",\"name\":\"admin\",\"image\":{\"@type\":\"ImageObject\",\"inLanguage\":\"it-IT\",\"@id\":\"https:\/\/jagdverband.it\/it\/#\/schema\/person\/image\/\",\"url\":\"https:\/\/secure.gravatar.com\/avatar\/badbf5eaa88657062fdcacb31218cc5c?s=96&d=blank&r=g\",\"contentUrl\":\"https:\/\/secure.gravatar.com\/avatar\/badbf5eaa88657062fdcacb31218cc5c?s=96&d=blank&r=g\",\"caption\":\"admin\"},\"url\":\"https:\/\/jagdverband.it\/it\/author\/admin\/\"}]}<\/script>\n<!-- \/ Yoast SEO plugin. -->","yoast_head_json":{"title":"S\u00fcdtirols Wildtiere im Radio - S\u00fcdtiroler Jagdverband","robots":{"index":"index","follow":"follow","max-snippet":"max-snippet:-1","max-image-preview":"max-image-preview:large","max-video-preview":"max-video-preview:-1"},"canonical":"https:\/\/jagdverband.it\/it\/suedtirols-wildtiere-im-radio\/","og_locale":"it_IT","og_type":"article","og_title":"S\u00fcdtirols Wildtiere im Radio - S\u00fcdtiroler Jagdverband","og_description":"15.09.2022 - Neue Radioreihe mit Benedikt Terzer","og_url":"https:\/\/jagdverband.it\/it\/suedtirols-wildtiere-im-radio\/","og_site_name":"S\u00fcdtiroler Jagdverband","article_published_time":"2022-09-15T12:00:50+00:00","article_modified_time":"2022-09-26T05:49:47+00:00","og_image":[{"width":1920,"height":1280,"url":"https:\/\/jagdverband.it\/wp-content\/uploads\/2022\/09\/Rehbock-in-der-Wiese.jpg","type":"image\/jpeg"}],"author":"admin","twitter_card":"summary","twitter_misc":{"Scritto da":"admin","Tempo di lettura stimato":"2 minuti"},"schema":{"@context":"https:\/\/schema.org","@graph":[{"@type":"Article","@id":"https:\/\/jagdverband.it\/it\/suedtirols-wildtiere-im-radio\/#article","isPartOf":{"@id":"https:\/\/jagdverband.it\/it\/suedtirols-wildtiere-im-radio\/"},"author":{"name":"admin","@id":"https:\/\/jagdverband.it\/it\/#\/schema\/person\/3e030b3a4aa7c391e09cd551afd6dc73"},"headline":"S\u00fcdtirols Wildtiere im Radio","datePublished":"2022-09-15T12:00:50+00:00","dateModified":"2022-09-26T05:49:47+00:00","mainEntityOfPage":{"@id":"https:\/\/jagdverband.it\/it\/suedtirols-wildtiere-im-radio\/"},"wordCount":832,"publisher":{"@id":"https:\/\/jagdverband.it\/it\/#organization"},"articleSection":["Mitteilungen"],"inLanguage":"it-IT"},{"@type":"WebPage","@id":"https:\/\/jagdverband.it\/it\/suedtirols-wildtiere-im-radio\/","url":"https:\/\/jagdverband.it\/it\/suedtirols-wildtiere-im-radio\/","name":"S\u00fcdtirols Wildtiere im Radio - S\u00fcdtiroler Jagdverband","isPartOf":{"@id":"https:\/\/jagdverband.it\/it\/#website"},"datePublished":"2022-09-15T12:00:50+00:00","dateModified":"2022-09-26T05:49:47+00:00","breadcrumb":{"@id":"https:\/\/jagdverband.it\/it\/suedtirols-wildtiere-im-radio\/#breadcrumb"},"inLanguage":"it-IT","potentialAction":[{"@type":"ReadAction","target":["https:\/\/jagdverband.it\/it\/suedtirols-wildtiere-im-radio\/"]}]},{"@type":"BreadcrumbList","@id":"https:\/\/jagdverband.it\/it\/suedtirols-wildtiere-im-radio\/#breadcrumb","itemListElement":[{"@type":"ListItem","position":1,"name":"Home","item":"https:\/\/jagdverband.it\/it\/"},{"@type":"ListItem","position":2,"name":"Mitteilungen","item":"https:\/\/jagdverband.it\/c\/mitteilungen\/"},{"@type":"ListItem","position":3,"name":"S\u00fcdtirols Wildtiere im Radio"}]},{"@type":"WebSite","@id":"https:\/\/jagdverband.it\/it\/#website","url":"https:\/\/jagdverband.it\/it\/","name":"S\u00fcdtiroler Jagdverband","description":"S\u00fcdtiroler Jagdverband","publisher":{"@id":"https:\/\/jagdverband.it\/it\/#organization"},"potentialAction":[{"@type":"SearchAction","target":{"@type":"EntryPoint","urlTemplate":"https:\/\/jagdverband.it\/it\/?s={search_term_string}"},"query-input":"required name=search_term_string"}],"inLanguage":"it-IT"},{"@type":"Organization","@id":"https:\/\/jagdverband.it\/it\/#organization","name":"S\u00fcdtiroler Jagdverband","url":"https:\/\/jagdverband.it\/it\/","sameAs":[],"logo":{"@type":"ImageObject","inLanguage":"it-IT","@id":"https:\/\/jagdverband.it\/it\/#\/schema\/logo\/image\/","url":"","contentUrl":"","caption":"S\u00fcdtiroler Jagdverband"},"image":{"@id":"https:\/\/jagdverband.it\/it\/#\/schema\/logo\/image\/"}},{"@type":"Person","@id":"https:\/\/jagdverband.it\/it\/#\/schema\/person\/3e030b3a4aa7c391e09cd551afd6dc73","name":"admin","image":{"@type":"ImageObject","inLanguage":"it-IT","@id":"https:\/\/jagdverband.it\/it\/#\/schema\/person\/image\/","url":"https:\/\/secure.gravatar.com\/avatar\/badbf5eaa88657062fdcacb31218cc5c?s=96&d=blank&r=g","contentUrl":"https:\/\/secure.gravatar.com\/avatar\/badbf5eaa88657062fdcacb31218cc5c?s=96&d=blank&r=g","caption":"admin"},"url":"https:\/\/jagdverband.it\/it\/author\/admin\/"}]}},"_links":{"self":[{"href":"https:\/\/jagdverband.it\/it\/wp-json\/wp\/v2\/posts\/71358"}],"collection":[{"href":"https:\/\/jagdverband.it\/it\/wp-json\/wp\/v2\/posts"}],"about":[{"href":"https:\/\/jagdverband.it\/it\/wp-json\/wp\/v2\/types\/post"}],"author":[{"embeddable":true,"href":"https:\/\/jagdverband.it\/it\/wp-json\/wp\/v2\/users\/1"}],"replies":[{"embeddable":true,"href":"https:\/\/jagdverband.it\/it\/wp-json\/wp\/v2\/comments?post=71358"}],"version-history":[{"count":0,"href":"https:\/\/jagdverband.it\/it\/wp-json\/wp\/v2\/posts\/71358\/revisions"}],"wp:featuredmedia":[{"embeddable":true,"href":"https:\/\/jagdverband.it\/it\/wp-json\/wp\/v2\/media\/71362"}],"wp:attachment":[{"href":"https:\/\/jagdverband.it\/it\/wp-json\/wp\/v2\/media?parent=71358"}],"wp:term":[{"taxonomy":"category","embeddable":true,"href":"https:\/\/jagdverband.it\/it\/wp-json\/wp\/v2\/categories?post=71358"},{"taxonomy":"post_tag","embeddable":true,"href":"https:\/\/jagdverband.it\/it\/wp-json\/wp\/v2\/tags?post=71358"}],"curies":[{"name":"wp","href":"https:\/\/api.w.org\/{rel}","templated":true}]}}