{"id":70611,"date":"2022-06-23T14:46:33","date_gmt":"2022-06-23T12:46:33","guid":{"rendered":"https:\/\/jagdverband.it\/jungtiere-nicht-beruehren-copy\/"},"modified":"2022-06-24T10:11:15","modified_gmt":"2022-06-24T08:11:15","slug":"jaegervertreter-italiens-bilden-sich-fort-vorbildmodell-suedtirol","status":"publish","type":"post","link":"https:\/\/jagdverband.it\/it\/jaegervertreter-italiens-bilden-sich-fort-vorbildmodell-suedtirol\/","title":{"rendered":"J\u00e4gervertreter Italiens bilden sich fort &#8211; Vorbildmodell S\u00fcdtirol"},"content":{"rendered":"<p>[et_pb_section fb_built=&#8221;1&#8243; specialty=&#8221;on&#8221; _builder_version=&#8221;3.27.3&#8243; global_colors_info=&#8221;{}&#8221;][et_pb_column type=&#8221;3_4&#8243; specialty_columns=&#8221;3&#8243; _builder_version=&#8221;3.25&#8243; custom_padding=&#8221;|||&#8221; global_colors_info=&#8221;{}&#8221; custom_padding__hover=&#8221;|||&#8221;][et_pb_row_inner _builder_version=&#8221;3.27.3&#8243; custom_padding=&#8221;||5px||false|false&#8221; global_colors_info=&#8221;{}&#8221;][et_pb_column_inner saved_specialty_column_type=&#8221;3_4&#8243; _builder_version=&#8221;3.27.3&#8243; global_colors_info=&#8221;{}&#8221;][et_pb_text _builder_version=&#8221;4.14.8&#8243; custom_padding=&#8221;||0px|||&#8221; global_colors_info=&#8221;{}&#8221;]<\/p>\n<h1>J\u00e4gervertreter Italiens bilden sich fort &#8211; Vorbildmodell S\u00fcdtirol<\/h1>\n<h3><em>24. Juni 2022<\/em><\/h3>\n<p>[\/et_pb_text][\/et_pb_column_inner][\/et_pb_row_inner][et_pb_row_inner column_structure=&#8221;1_2,1_2&#8243; _builder_version=&#8221;4.14.8&#8243; custom_padding=&#8221;||||false|false&#8221; global_colors_info=&#8221;{}&#8221;][et_pb_column_inner type=&#8221;1_2&#8243; saved_specialty_column_type=&#8221;3_4&#8243; _builder_version=&#8221;3.27.3&#8243; global_colors_info=&#8221;{}&#8221;][et_pb_text _builder_version=&#8221;4.14.8&#8243; _module_preset=&#8221;default&#8221; hover_enabled=&#8221;0&#8243; global_colors_info=&#8221;{}&#8221; sticky_enabled=&#8221;0&#8243;]<\/p>\n<p>Am vergangenen Wochenende fand in Rom ein Seminar f\u00fcr die F\u00fchrungskr\u00e4fte des italienischen Jagdverbandes (FIDC) statt. Im Mittelpunkt dieser Fortbildung stand der S\u00fcdtiroler Jagdverband und wie er die Themen Wild- und Naturschutz, J\u00e4gerausbildung, Kommunikation und Datensammlung angeht.<\/p>\n<p>Auch die Jagdverb\u00e4nde des restlichen Italiens haben erkannt, dass J\u00e4ger glaubw\u00fcrdige Experten sein m\u00fcssen, um ihren Beitrag zum Schutz der Natur leisten zu k\u00f6nnen und dass die Information der \u00d6ffentlichkeit \u00fcber das Tun der J\u00e4ger sehr wichtig ist. Deshalb lugen die J\u00e4gervertreter Italiens gerne nach S\u00fcdtirol, wo der Jagdverband in diesen Bereichen sehr aktiv ist.<\/p>\n<p>Der Direktor des Jagdverbandes Benedikt Terzer und sein Vorg\u00e4nger Heinrich Aukenthaler stellten den Anwesenden und den zum Teil online zugeschalteten Interessierten aus ganz Italien das S\u00fcdtiroler Modell vor. Die beiden berichteten \u00fcber die Vorteile eines datengest\u00fctzten Wildtiermanagements, \u00fcber die Wichtigkeit einer professionellen Jagdaufsicht, \u00fcber den zunehmenden Einsatz der J\u00e4gerschaft f\u00fcr die Lebensraumpflege, \u00fcber die Notwendigkeit fachlich vorbereiteten und motiviert arbeitenden Personals, um die auch im \u00f6ffentlichen Interesse \u00fcbertragenen Aufgaben sinnvoll und fruchtbringend zu bew\u00e4ltigen. Auch die Bem\u00fchungen f\u00fcr eine gute Information wurden vorgestellt.<\/p>\n<p>S\u00fcdtirol erntete am Ende des Seminars viel Zuspruch und Beifall. Die Weiterbildung der J\u00e4gervertreter Italiens soll auch in den n\u00e4chsten Jahren fortgesetzt werden, damit die jagdliche Verwaltung und die Betreuung der Wildtiere weiter verbessert werden.<\/p>\n<p>[\/et_pb_text][\/et_pb_column_inner][et_pb_column_inner type=&#8221;1_2&#8243; saved_specialty_column_type=&#8221;3_4&#8243; _builder_version=&#8221;3.27.3&#8243; global_colors_info=&#8221;{}&#8221;][et_pb_image src=&#8221;https:\/\/jagdverband.it\/wp-content\/uploads\/2022\/06\/FIDC-Roma-Seminar-Juni-2022-scaled.jpg&#8221; title_text=&#8221;FIDC Roma Seminar Juni 2022&#8243; show_in_lightbox=&#8221;on&#8221; show_bottom_space=&#8221;off&#8221; _builder_version=&#8221;4.14.8&#8243; global_colors_info=&#8221;{}&#8221;][\/et_pb_image][et_pb_text _builder_version=&#8221;4.14.8&#8243; custom_margin=&#8221;10px||||false|false&#8221; custom_padding=&#8221;||10px|||&#8221; global_colors_info=&#8221;{}&#8221;]<\/p>\n<h4>Von links: Der ehemalige Gesch\u00e4ftsf\u00fchrer des S\u00fcdtiroler Jagdverbandes Heinrich Aukenthaler, der ehemalige Pr\u00e4sident des italienischen Jagdverbandes Gianluca Dall\u2019Olio, Michele Sorrenti, Leiter der Abteilung Wild- und Naturforschung der FIDC, der Pr\u00e4sident des italienischen Jagdverbandes FIDC Massimo Buconi, Ettore Zanon, Leiter der Akademie f\u00fcr Umwelt, Wald und Fauna der Trienter Edmund-Mach-Stiftung und der Gesch\u00e4ftsf\u00fchrer des S\u00fcdtiroler Jagdverbandes Benedikt Terzer.<\/h4>\n<p>[\/et_pb_text][\/et_pb_column_inner][\/et_pb_row_inner][et_pb_row_inner column_structure=&#8221;undefined&#8221; _builder_version=&#8221;4.14.8&#8243; custom_padding=&#8221;||||false|false&#8221; global_colors_info=&#8221;{}&#8221;][et_pb_column_inner type=&#8221;undefined&#8221; saved_specialty_column_type=&#8221;3_4&#8243; _builder_version=&#8221;3.27.3&#8243; global_colors_info=&#8221;{}&#8221;][et_pb_divider color=&#8221;rgba(0,0,0,0.13)&#8221; _builder_version=&#8221;4.14.8&#8243; custom_margin=&#8221;||||false|false&#8221; global_colors_info=&#8221;{}&#8221;][\/et_pb_divider][et_pb_button button_url=&#8221;https:\/\/jagdverband.it\/mitteilungen\/&#8221; button_text=&#8221;Zur\u00fcck zur \u00dcbersicht&#8221; button_alignment=&#8221;center&#8221; _builder_version=&#8221;3.27.3&#8243; global_colors_info=&#8221;{}&#8221;][\/et_pb_button][et_pb_divider color=&#8221;rgba(0,0,0,0.13)&#8221; _builder_version=&#8221;4.0.9&#8243; custom_margin=&#8221;25px||||false|false&#8221; global_colors_info=&#8221;{}&#8221;][\/et_pb_divider][\/et_pb_column_inner][\/et_pb_row_inner][\/et_pb_column][et_pb_column type=&#8221;1_4&#8243; _builder_version=&#8221;3.25&#8243; custom_padding=&#8221;|||&#8221; global_colors_info=&#8221;{}&#8221; custom_padding__hover=&#8221;|||&#8221;][et_pb_sidebar orientation=&#8221;right&#8221; _builder_version=&#8221;3.27.3&#8243; global_colors_info=&#8221;{}&#8221;][\/et_pb_sidebar][\/et_pb_column][\/et_pb_section]<\/p>\n","protected":false},"excerpt":{"rendered":"<p>24.06.2022 &#8211; S\u00fcdtirol gilt in Italien als Vorzeigebeispiel in Sachen Jagdverwaltung und Wildbewirtschaftung. Bei einem Seminar f\u00fcr Vertreter des italienischen Jagdverbandes \u201eFederazione Italiana della Caccia\u201c (FIDC) in Rom wurde das S\u00fcdtiroler Modell vorgestellt.<\/p>\n","protected":false},"author":1,"featured_media":70614,"comment_status":"closed","ping_status":"closed","sticky":false,"template":"","format":"standard","meta":{"_et_pb_use_builder":"on","_et_pb_old_content":"","_et_gb_content_width":""},"categories":[80],"tags":[],"featured_image_src":"https:\/\/jagdverband.it\/wp-content\/uploads\/2022\/06\/FIDC-Roma-Seminar-Juni-2022-1024x590.jpg","blog_images":{"medium":"https:\/\/jagdverband.it\/wp-content\/uploads\/2022\/06\/FIDC-Roma-Seminar-Juni-2022-300x173.jpg","large":"https:\/\/jagdverband.it\/wp-content\/uploads\/2022\/06\/FIDC-Roma-Seminar-Juni-2022-1024x590.jpg"},"ams_acf":[],"yoast_head":"<!-- This site is optimized with the Yoast SEO plugin v19.6 - https:\/\/yoast.com\/wordpress\/plugins\/seo\/ -->\n<title>J\u00e4gervertreter Italiens bilden sich fort - Vorbildmodell S\u00fcdtirol - S\u00fcdtiroler Jagdverband<\/title>\n<meta name=\"robots\" content=\"index, follow, max-snippet:-1, max-image-preview:large, max-video-preview:-1\" \/>\n<link rel=\"canonical\" href=\"https:\/\/jagdverband.it\/it\/jaegervertreter-italiens-bilden-sich-fort-vorbildmodell-suedtirol\/\" \/>\n<meta property=\"og:locale\" content=\"it_IT\" \/>\n<meta property=\"og:type\" content=\"article\" \/>\n<meta property=\"og:title\" content=\"J\u00e4gervertreter Italiens bilden sich fort - Vorbildmodell S\u00fcdtirol - S\u00fcdtiroler Jagdverband\" \/>\n<meta property=\"og:description\" content=\"24.06.2022 - S\u00fcdtirol gilt in Italien als Vorzeigebeispiel in Sachen Jagdverwaltung und Wildbewirtschaftung. Bei einem Seminar f\u00fcr Vertreter des italienischen Jagdverbandes \u201eFederazione Italiana della Caccia\u201c (FIDC) in Rom wurde das S\u00fcdtiroler Modell vorgestellt.\" \/>\n<meta property=\"og:url\" content=\"https:\/\/jagdverband.it\/it\/jaegervertreter-italiens-bilden-sich-fort-vorbildmodell-suedtirol\/\" \/>\n<meta property=\"og:site_name\" content=\"S\u00fcdtiroler Jagdverband\" \/>\n<meta property=\"article:published_time\" content=\"2022-06-23T12:46:33+00:00\" \/>\n<meta property=\"article:modified_time\" content=\"2022-06-24T08:11:15+00:00\" \/>\n<meta property=\"og:image\" content=\"https:\/\/jagdverband.it\/wp-content\/uploads\/2022\/06\/FIDC-Roma-Seminar-Juni-2022-scaled.jpg\" \/>\n\t<meta property=\"og:image:width\" content=\"2560\" \/>\n\t<meta property=\"og:image:height\" content=\"1474\" \/>\n\t<meta property=\"og:image:type\" content=\"image\/jpeg\" \/>\n<meta name=\"author\" content=\"admin\" \/>\n<meta name=\"twitter:card\" content=\"summary\" \/>\n<meta name=\"twitter:label1\" content=\"Scritto da\" \/>\n\t<meta name=\"twitter:data1\" content=\"admin\" \/>\n\t<meta name=\"twitter:label2\" content=\"Tempo di lettura stimato\" \/>\n\t<meta name=\"twitter:data2\" content=\"1 minuto\" \/>\n<script type=\"application\/ld+json\" class=\"yoast-schema-graph\">{\"@context\":\"https:\/\/schema.org\",\"@graph\":[{\"@type\":\"Article\",\"@id\":\"https:\/\/jagdverband.it\/it\/jaegervertreter-italiens-bilden-sich-fort-vorbildmodell-suedtirol\/#article\",\"isPartOf\":{\"@id\":\"https:\/\/jagdverband.it\/it\/jaegervertreter-italiens-bilden-sich-fort-vorbildmodell-suedtirol\/\"},\"author\":{\"name\":\"admin\",\"@id\":\"https:\/\/jagdverband.it\/it\/#\/schema\/person\/3e030b3a4aa7c391e09cd551afd6dc73\"},\"headline\":\"J\u00e4gervertreter Italiens bilden sich fort &#8211; Vorbildmodell S\u00fcdtirol\",\"datePublished\":\"2022-06-23T12:46:33+00:00\",\"dateModified\":\"2022-06-24T08:11:15+00:00\",\"mainEntityOfPage\":{\"@id\":\"https:\/\/jagdverband.it\/it\/jaegervertreter-italiens-bilden-sich-fort-vorbildmodell-suedtirol\/\"},\"wordCount\":661,\"publisher\":{\"@id\":\"https:\/\/jagdverband.it\/it\/#organization\"},\"articleSection\":[\"Mitteilungen\"],\"inLanguage\":\"it-IT\"},{\"@type\":\"WebPage\",\"@id\":\"https:\/\/jagdverband.it\/it\/jaegervertreter-italiens-bilden-sich-fort-vorbildmodell-suedtirol\/\",\"url\":\"https:\/\/jagdverband.it\/it\/jaegervertreter-italiens-bilden-sich-fort-vorbildmodell-suedtirol\/\",\"name\":\"J\u00e4gervertreter Italiens bilden sich fort - Vorbildmodell S\u00fcdtirol - S\u00fcdtiroler Jagdverband\",\"isPartOf\":{\"@id\":\"https:\/\/jagdverband.it\/it\/#website\"},\"datePublished\":\"2022-06-23T12:46:33+00:00\",\"dateModified\":\"2022-06-24T08:11:15+00:00\",\"breadcrumb\":{\"@id\":\"https:\/\/jagdverband.it\/it\/jaegervertreter-italiens-bilden-sich-fort-vorbildmodell-suedtirol\/#breadcrumb\"},\"inLanguage\":\"it-IT\",\"potentialAction\":[{\"@type\":\"ReadAction\",\"target\":[\"https:\/\/jagdverband.it\/it\/jaegervertreter-italiens-bilden-sich-fort-vorbildmodell-suedtirol\/\"]}]},{\"@type\":\"BreadcrumbList\",\"@id\":\"https:\/\/jagdverband.it\/it\/jaegervertreter-italiens-bilden-sich-fort-vorbildmodell-suedtirol\/#breadcrumb\",\"itemListElement\":[{\"@type\":\"ListItem\",\"position\":1,\"name\":\"Home\",\"item\":\"https:\/\/jagdverband.it\/it\/\"},{\"@type\":\"ListItem\",\"position\":2,\"name\":\"Mitteilungen\",\"item\":\"https:\/\/jagdverband.it\/c\/mitteilungen\/\"},{\"@type\":\"ListItem\",\"position\":3,\"name\":\"J\u00e4gervertreter Italiens bilden sich fort &#8211; Vorbildmodell S\u00fcdtirol\"}]},{\"@type\":\"WebSite\",\"@id\":\"https:\/\/jagdverband.it\/it\/#website\",\"url\":\"https:\/\/jagdverband.it\/it\/\",\"name\":\"S\u00fcdtiroler Jagdverband\",\"description\":\"S\u00fcdtiroler Jagdverband\",\"publisher\":{\"@id\":\"https:\/\/jagdverband.it\/it\/#organization\"},\"potentialAction\":[{\"@type\":\"SearchAction\",\"target\":{\"@type\":\"EntryPoint\",\"urlTemplate\":\"https:\/\/jagdverband.it\/it\/?s={search_term_string}\"},\"query-input\":\"required name=search_term_string\"}],\"inLanguage\":\"it-IT\"},{\"@type\":\"Organization\",\"@id\":\"https:\/\/jagdverband.it\/it\/#organization\",\"name\":\"S\u00fcdtiroler Jagdverband\",\"url\":\"https:\/\/jagdverband.it\/it\/\",\"sameAs\":[],\"logo\":{\"@type\":\"ImageObject\",\"inLanguage\":\"it-IT\",\"@id\":\"https:\/\/jagdverband.it\/it\/#\/schema\/logo\/image\/\",\"url\":\"\",\"contentUrl\":\"\",\"caption\":\"S\u00fcdtiroler Jagdverband\"},\"image\":{\"@id\":\"https:\/\/jagdverband.it\/it\/#\/schema\/logo\/image\/\"}},{\"@type\":\"Person\",\"@id\":\"https:\/\/jagdverband.it\/it\/#\/schema\/person\/3e030b3a4aa7c391e09cd551afd6dc73\",\"name\":\"admin\",\"image\":{\"@type\":\"ImageObject\",\"inLanguage\":\"it-IT\",\"@id\":\"https:\/\/jagdverband.it\/it\/#\/schema\/person\/image\/\",\"url\":\"https:\/\/secure.gravatar.com\/avatar\/badbf5eaa88657062fdcacb31218cc5c?s=96&d=blank&r=g\",\"contentUrl\":\"https:\/\/secure.gravatar.com\/avatar\/badbf5eaa88657062fdcacb31218cc5c?s=96&d=blank&r=g\",\"caption\":\"admin\"},\"url\":\"https:\/\/jagdverband.it\/it\/author\/admin\/\"}]}<\/script>\n<!-- \/ Yoast SEO plugin. -->","yoast_head_json":{"title":"J\u00e4gervertreter Italiens bilden sich fort - Vorbildmodell S\u00fcdtirol - S\u00fcdtiroler Jagdverband","robots":{"index":"index","follow":"follow","max-snippet":"max-snippet:-1","max-image-preview":"max-image-preview:large","max-video-preview":"max-video-preview:-1"},"canonical":"https:\/\/jagdverband.it\/it\/jaegervertreter-italiens-bilden-sich-fort-vorbildmodell-suedtirol\/","og_locale":"it_IT","og_type":"article","og_title":"J\u00e4gervertreter Italiens bilden sich fort - Vorbildmodell S\u00fcdtirol - S\u00fcdtiroler Jagdverband","og_description":"24.06.2022 - S\u00fcdtirol gilt in Italien als Vorzeigebeispiel in Sachen Jagdverwaltung und Wildbewirtschaftung. Bei einem Seminar f\u00fcr Vertreter des italienischen Jagdverbandes \u201eFederazione Italiana della Caccia\u201c (FIDC) in Rom wurde das S\u00fcdtiroler Modell vorgestellt.","og_url":"https:\/\/jagdverband.it\/it\/jaegervertreter-italiens-bilden-sich-fort-vorbildmodell-suedtirol\/","og_site_name":"S\u00fcdtiroler Jagdverband","article_published_time":"2022-06-23T12:46:33+00:00","article_modified_time":"2022-06-24T08:11:15+00:00","og_image":[{"width":2560,"height":1474,"url":"https:\/\/jagdverband.it\/wp-content\/uploads\/2022\/06\/FIDC-Roma-Seminar-Juni-2022-scaled.jpg","type":"image\/jpeg"}],"author":"admin","twitter_card":"summary","twitter_misc":{"Scritto da":"admin","Tempo di lettura stimato":"1 minuto"},"schema":{"@context":"https:\/\/schema.org","@graph":[{"@type":"Article","@id":"https:\/\/jagdverband.it\/it\/jaegervertreter-italiens-bilden-sich-fort-vorbildmodell-suedtirol\/#article","isPartOf":{"@id":"https:\/\/jagdverband.it\/it\/jaegervertreter-italiens-bilden-sich-fort-vorbildmodell-suedtirol\/"},"author":{"name":"admin","@id":"https:\/\/jagdverband.it\/it\/#\/schema\/person\/3e030b3a4aa7c391e09cd551afd6dc73"},"headline":"J\u00e4gervertreter Italiens bilden sich fort &#8211; Vorbildmodell S\u00fcdtirol","datePublished":"2022-06-23T12:46:33+00:00","dateModified":"2022-06-24T08:11:15+00:00","mainEntityOfPage":{"@id":"https:\/\/jagdverband.it\/it\/jaegervertreter-italiens-bilden-sich-fort-vorbildmodell-suedtirol\/"},"wordCount":661,"publisher":{"@id":"https:\/\/jagdverband.it\/it\/#organization"},"articleSection":["Mitteilungen"],"inLanguage":"it-IT"},{"@type":"WebPage","@id":"https:\/\/jagdverband.it\/it\/jaegervertreter-italiens-bilden-sich-fort-vorbildmodell-suedtirol\/","url":"https:\/\/jagdverband.it\/it\/jaegervertreter-italiens-bilden-sich-fort-vorbildmodell-suedtirol\/","name":"J\u00e4gervertreter Italiens bilden sich fort - Vorbildmodell S\u00fcdtirol - S\u00fcdtiroler Jagdverband","isPartOf":{"@id":"https:\/\/jagdverband.it\/it\/#website"},"datePublished":"2022-06-23T12:46:33+00:00","dateModified":"2022-06-24T08:11:15+00:00","breadcrumb":{"@id":"https:\/\/jagdverband.it\/it\/jaegervertreter-italiens-bilden-sich-fort-vorbildmodell-suedtirol\/#breadcrumb"},"inLanguage":"it-IT","potentialAction":[{"@type":"ReadAction","target":["https:\/\/jagdverband.it\/it\/jaegervertreter-italiens-bilden-sich-fort-vorbildmodell-suedtirol\/"]}]},{"@type":"BreadcrumbList","@id":"https:\/\/jagdverband.it\/it\/jaegervertreter-italiens-bilden-sich-fort-vorbildmodell-suedtirol\/#breadcrumb","itemListElement":[{"@type":"ListItem","position":1,"name":"Home","item":"https:\/\/jagdverband.it\/it\/"},{"@type":"ListItem","position":2,"name":"Mitteilungen","item":"https:\/\/jagdverband.it\/c\/mitteilungen\/"},{"@type":"ListItem","position":3,"name":"J\u00e4gervertreter Italiens bilden sich fort &#8211; Vorbildmodell S\u00fcdtirol"}]},{"@type":"WebSite","@id":"https:\/\/jagdverband.it\/it\/#website","url":"https:\/\/jagdverband.it\/it\/","name":"S\u00fcdtiroler Jagdverband","description":"S\u00fcdtiroler Jagdverband","publisher":{"@id":"https:\/\/jagdverband.it\/it\/#organization"},"potentialAction":[{"@type":"SearchAction","target":{"@type":"EntryPoint","urlTemplate":"https:\/\/jagdverband.it\/it\/?s={search_term_string}"},"query-input":"required name=search_term_string"}],"inLanguage":"it-IT"},{"@type":"Organization","@id":"https:\/\/jagdverband.it\/it\/#organization","name":"S\u00fcdtiroler Jagdverband","url":"https:\/\/jagdverband.it\/it\/","sameAs":[],"logo":{"@type":"ImageObject","inLanguage":"it-IT","@id":"https:\/\/jagdverband.it\/it\/#\/schema\/logo\/image\/","url":"","contentUrl":"","caption":"S\u00fcdtiroler Jagdverband"},"image":{"@id":"https:\/\/jagdverband.it\/it\/#\/schema\/logo\/image\/"}},{"@type":"Person","@id":"https:\/\/jagdverband.it\/it\/#\/schema\/person\/3e030b3a4aa7c391e09cd551afd6dc73","name":"admin","image":{"@type":"ImageObject","inLanguage":"it-IT","@id":"https:\/\/jagdverband.it\/it\/#\/schema\/person\/image\/","url":"https:\/\/secure.gravatar.com\/avatar\/badbf5eaa88657062fdcacb31218cc5c?s=96&d=blank&r=g","contentUrl":"https:\/\/secure.gravatar.com\/avatar\/badbf5eaa88657062fdcacb31218cc5c?s=96&d=blank&r=g","caption":"admin"},"url":"https:\/\/jagdverband.it\/it\/author\/admin\/"}]}},"_links":{"self":[{"href":"https:\/\/jagdverband.it\/it\/wp-json\/wp\/v2\/posts\/70611"}],"collection":[{"href":"https:\/\/jagdverband.it\/it\/wp-json\/wp\/v2\/posts"}],"about":[{"href":"https:\/\/jagdverband.it\/it\/wp-json\/wp\/v2\/types\/post"}],"author":[{"embeddable":true,"href":"https:\/\/jagdverband.it\/it\/wp-json\/wp\/v2\/users\/1"}],"replies":[{"embeddable":true,"href":"https:\/\/jagdverband.it\/it\/wp-json\/wp\/v2\/comments?post=70611"}],"version-history":[{"count":0,"href":"https:\/\/jagdverband.it\/it\/wp-json\/wp\/v2\/posts\/70611\/revisions"}],"wp:featuredmedia":[{"embeddable":true,"href":"https:\/\/jagdverband.it\/it\/wp-json\/wp\/v2\/media\/70614"}],"wp:attachment":[{"href":"https:\/\/jagdverband.it\/it\/wp-json\/wp\/v2\/media?parent=70611"}],"wp:term":[{"taxonomy":"category","embeddable":true,"href":"https:\/\/jagdverband.it\/it\/wp-json\/wp\/v2\/categories?post=70611"},{"taxonomy":"post_tag","embeddable":true,"href":"https:\/\/jagdverband.it\/it\/wp-json\/wp\/v2\/tags?post=70611"}],"curies":[{"name":"wp","href":"https:\/\/api.w.org\/{rel}","templated":true}]}}