{"id":66363,"date":"2021-11-29T15:33:11","date_gmt":"2021-11-29T14:33:11","guid":{"rendered":"https:\/\/jagdverband.it\/drohne-hochlandrind-copy\/"},"modified":"2021-12-02T09:15:00","modified_gmt":"2021-12-02T08:15:00","slug":"avs-lawinenvortraege-2021","status":"publish","type":"post","link":"https:\/\/jagdverband.it\/it\/avs-lawinenvortraege-2021\/","title":{"rendered":"AVS \u2013 Online-Lawinenvortr\u00e4ge"},"content":{"rendered":"<p>[et_pb_section fb_built=&#8221;1&#8243; specialty=&#8221;on&#8221; _builder_version=&#8221;3.27.3&#8243; global_colors_info=&#8221;{}&#8221;][et_pb_column type=&#8221;3_4&#8243; specialty_columns=&#8221;3&#8243; _builder_version=&#8221;3.25&#8243; custom_padding=&#8221;|||&#8221; global_colors_info=&#8221;{}&#8221; custom_padding__hover=&#8221;|||&#8221;][et_pb_row_inner _builder_version=&#8221;3.27.3&#8243; custom_padding=&#8221;||5px||false|false&#8221; global_colors_info=&#8221;{}&#8221;][et_pb_column_inner saved_specialty_column_type=&#8221;3_4&#8243; _builder_version=&#8221;3.27.3&#8243; global_colors_info=&#8221;{}&#8221;][et_pb_text _builder_version=&#8221;4.14.1&#8243; custom_padding=&#8221;||0px|||&#8221; global_colors_info=&#8221;{}&#8221;]<\/p>\n<h1><strong>AVS \u2013 Online-Lawinenvortr\u00e4ge<\/strong><\/h1>\n<h3><em>2. Dezember 2021<\/em><\/h3>\n<p>[\/et_pb_text][\/et_pb_column_inner][\/et_pb_row_inner][et_pb_row_inner column_structure=&#8221;1_2,1_2&#8243; _builder_version=&#8221;3.27.3&#8243; custom_padding=&#8221;0px||5px||false|false&#8221; global_colors_info=&#8221;{}&#8221;][et_pb_column_inner type=&#8221;1_2&#8243; saved_specialty_column_type=&#8221;3_4&#8243; _builder_version=&#8221;3.27.3&#8243; global_colors_info=&#8221;{}&#8221;][et_pb_image src=&#8221;https:\/\/jagdverband.it\/wp-content\/uploads\/2021\/11\/SicherdurchdenWinter_2021_Flyer-1.jpg&#8221; title_text=&#8221;SicherdurchdenWinter_2021_Flyer-1&#8243; show_in_lightbox=&#8221;on&#8221; _builder_version=&#8221;4.14.1&#8243; global_colors_info=&#8221;{}&#8221;][\/et_pb_image][\/et_pb_column_inner][et_pb_column_inner type=&#8221;1_2&#8243; saved_specialty_column_type=&#8221;3_4&#8243; _builder_version=&#8221;3.27.3&#8243; global_colors_info=&#8221;{}&#8221;][et_pb_text _builder_version=&#8221;4.14.1&#8243; custom_padding=&#8221;||10px|||&#8221; global_colors_info=&#8221;{}&#8221;]<\/p>\n<p>\u00c4hnlich wie im letzten Jahr organisiert der <strong>AVS<\/strong> zusammen mit dem <strong>Bergrettungsdienst <\/strong>auch heuer wieder zwei Online-Lawinenvortr\u00e4ge. Mit der Aktion \u201eSicher durch den Winter\u201c will der Alpenverein auf alpine Gefahren im Winter aufmerksam machen und Wintersportler auf die kommende Saison vorbereiten. Auch f\u00fcr uns J\u00e4ger kann so manch interessanter Tipp dabei sein!<\/p>\n<p>Die Vortr\u00e4ge k\u00f6nnen via Zoom oder Youtube mitverfolgt werden. F\u00fcr eine Teilnahme \u00fcber <strong>Zoom<\/strong> m\u00fcssen Sie sich anmelden. Auf <strong>Youtube<\/strong> k\u00f6nnen die Vortr\u00e4ge ohne Anmeldung mitverfolgt werden.<\/p>\n<p>&nbsp;<\/p>\n<p><span style=\"color: #ff9900;\"><strong>TERMINE<\/strong><\/span><\/p>\n<p><strong>Donnerstag, 9. Dezember 2021 &#8211; Wichtiges f\u00fcr die Tourenplanung<\/strong><\/p>\n<ul>\n<li>Im Energiesparmodus \u2013 Wildtiere im Winter<\/li>\n<li>Der Lawinenreport und seine (Lawinen-)Probleme<\/li>\n<li>Gest\u00f6rte Lebensretter: Wie elektronische Ger\u00e4te dein LVS-Ger\u00e4t st\u00f6ren k\u00f6nnen<\/li>\n<\/ul>\n<p><strong>Donnerstag, 16. Dezember 2021 &#8211; Auf Tour im winterlichen Gel\u00e4nde<\/strong><\/p>\n<ul>\n<li>Unterwegs auf Tour: Alpine Gefahren wahrnehmen, beurteilen und eigenverantwortlich handeln<\/li>\n<li>Das neue Gesetz zur Sicherheit beim Wintersport<\/li>\n<\/ul>\n<p>&nbsp;<\/p>\n<p>Beginn der Vortr\u00e4ge ist jeweils <strong>19:30 Uhr<\/strong>.<\/p>\n<p>\u00a0Alle Informationen zu Programm und Anmeldung finden Sie<span style=\"color: #ff9900;\"> <a style=\"color: #ff9900;\" href=\"https:\/\/alpenverein.it\/sicher-durch-den-winter-online-lawinenvortragsreihe\/\"><strong>hier<\/strong><\/a>.<\/span><\/p>\n<p>[\/et_pb_text][\/et_pb_column_inner][\/et_pb_row_inner][et_pb_row_inner column_structure=&#8221;undefined&#8221; _builder_version=&#8221;4.0.9&#8243; custom_padding=&#8221;0px||0px||false|false&#8221; global_colors_info=&#8221;{}&#8221;][et_pb_column_inner type=&#8221;undefined&#8221; saved_specialty_column_type=&#8221;3_4&#8243; _builder_version=&#8221;3.27.3&#8243; global_colors_info=&#8221;{}&#8221;][et_pb_divider color=&#8221;rgba(0,0,0,0.13)&#8221; _builder_version=&#8221;4.0.9&#8243; custom_margin=&#8221;||0px||false|false&#8221; global_colors_info=&#8221;{}&#8221;][\/et_pb_divider][et_pb_button button_url=&#8221;https:\/\/jagdverband.it\/mitteilungen\/&#8221; button_text=&#8221;Zur\u00fcck zur \u00dcbersicht&#8221; button_alignment=&#8221;center&#8221; _builder_version=&#8221;3.27.3&#8243; global_colors_info=&#8221;{}&#8221;][\/et_pb_button][et_pb_divider color=&#8221;rgba(0,0,0,0.13)&#8221; _builder_version=&#8221;4.0.9&#8243; custom_margin=&#8221;25px||||false|false&#8221; global_colors_info=&#8221;{}&#8221;][\/et_pb_divider][\/et_pb_column_inner][\/et_pb_row_inner][\/et_pb_column][et_pb_column type=&#8221;1_4&#8243; _builder_version=&#8221;3.25&#8243; custom_padding=&#8221;|||&#8221; global_colors_info=&#8221;{}&#8221; custom_padding__hover=&#8221;|||&#8221;][et_pb_sidebar orientation=&#8221;right&#8221; _builder_version=&#8221;3.27.3&#8243; global_colors_info=&#8221;{}&#8221;][\/et_pb_sidebar][\/et_pb_column][\/et_pb_section]<\/p>\n","protected":false},"excerpt":{"rendered":"<p>2.12.2021 &#8211; Vortr\u00e4ge zu den Themen \u201eWichtiges f\u00fcr die Tourenplanung\u201c und \u201eAuf Tour im winterlichen Gel\u00e4nde&#8221;<\/p>\n","protected":false},"author":1,"featured_media":66366,"comment_status":"closed","ping_status":"closed","sticky":false,"template":"","format":"standard","meta":{"_et_pb_use_builder":"on","_et_pb_old_content":"","_et_gb_content_width":""},"categories":[80],"tags":[],"featured_image_src":"https:\/\/jagdverband.it\/wp-content\/uploads\/2021\/11\/SicherdurchdenWinter_2021_Flyer-1-836x1024.jpg","blog_images":{"medium":"https:\/\/jagdverband.it\/wp-content\/uploads\/2021\/11\/SicherdurchdenWinter_2021_Flyer-1-245x300.jpg","large":"https:\/\/jagdverband.it\/wp-content\/uploads\/2021\/11\/SicherdurchdenWinter_2021_Flyer-1-836x1024.jpg"},"ams_acf":[],"yoast_head":"<!-- This site is optimized with the Yoast SEO plugin v19.6 - https:\/\/yoast.com\/wordpress\/plugins\/seo\/ -->\n<title>AVS \u2013 Online-Lawinenvortr\u00e4ge - S\u00fcdtiroler Jagdverband<\/title>\n<meta name=\"robots\" content=\"index, follow, max-snippet:-1, max-image-preview:large, max-video-preview:-1\" \/>\n<link rel=\"canonical\" href=\"https:\/\/jagdverband.it\/it\/avs-lawinenvortraege-2021\/\" \/>\n<meta property=\"og:locale\" content=\"it_IT\" \/>\n<meta property=\"og:type\" content=\"article\" \/>\n<meta property=\"og:title\" content=\"AVS \u2013 Online-Lawinenvortr\u00e4ge - S\u00fcdtiroler Jagdverband\" \/>\n<meta property=\"og:description\" content=\"2.12.2021 - Vortr\u00e4ge zu den Themen \u201eWichtiges f\u00fcr die Tourenplanung\u201c und \u201eAuf Tour im winterlichen Gel\u00e4nde&quot;\" \/>\n<meta property=\"og:url\" content=\"https:\/\/jagdverband.it\/it\/avs-lawinenvortraege-2021\/\" \/>\n<meta property=\"og:site_name\" content=\"S\u00fcdtiroler Jagdverband\" \/>\n<meta property=\"article:published_time\" content=\"2021-11-29T14:33:11+00:00\" \/>\n<meta property=\"article:modified_time\" content=\"2021-12-02T08:15:00+00:00\" \/>\n<meta property=\"og:image\" content=\"https:\/\/jagdverband.it\/wp-content\/uploads\/2021\/11\/SicherdurchdenWinter_2021_Flyer-1.jpg\" \/>\n\t<meta property=\"og:image:width\" content=\"1280\" \/>\n\t<meta property=\"og:image:height\" content=\"1567\" \/>\n\t<meta property=\"og:image:type\" content=\"image\/jpeg\" \/>\n<meta name=\"author\" content=\"admin\" \/>\n<meta name=\"twitter:card\" content=\"summary\" \/>\n<meta name=\"twitter:label1\" content=\"Scritto da\" \/>\n\t<meta name=\"twitter:data1\" content=\"admin\" \/>\n\t<meta name=\"twitter:label2\" content=\"Tempo di lettura stimato\" \/>\n\t<meta name=\"twitter:data2\" content=\"1 minuto\" \/>\n<script type=\"application\/ld+json\" class=\"yoast-schema-graph\">{\"@context\":\"https:\/\/schema.org\",\"@graph\":[{\"@type\":\"Article\",\"@id\":\"https:\/\/jagdverband.it\/it\/avs-lawinenvortraege-2021\/#article\",\"isPartOf\":{\"@id\":\"https:\/\/jagdverband.it\/it\/avs-lawinenvortraege-2021\/\"},\"author\":{\"name\":\"admin\",\"@id\":\"https:\/\/jagdverband.it\/it\/#\/schema\/person\/3e030b3a4aa7c391e09cd551afd6dc73\"},\"headline\":\"AVS \u2013 Online-Lawinenvortr\u00e4ge\",\"datePublished\":\"2021-11-29T14:33:11+00:00\",\"dateModified\":\"2021-12-02T08:15:00+00:00\",\"mainEntityOfPage\":{\"@id\":\"https:\/\/jagdverband.it\/it\/avs-lawinenvortraege-2021\/\"},\"wordCount\":488,\"publisher\":{\"@id\":\"https:\/\/jagdverband.it\/it\/#organization\"},\"articleSection\":[\"Mitteilungen\"],\"inLanguage\":\"it-IT\"},{\"@type\":\"WebPage\",\"@id\":\"https:\/\/jagdverband.it\/it\/avs-lawinenvortraege-2021\/\",\"url\":\"https:\/\/jagdverband.it\/it\/avs-lawinenvortraege-2021\/\",\"name\":\"AVS \u2013 Online-Lawinenvortr\u00e4ge - S\u00fcdtiroler Jagdverband\",\"isPartOf\":{\"@id\":\"https:\/\/jagdverband.it\/it\/#website\"},\"datePublished\":\"2021-11-29T14:33:11+00:00\",\"dateModified\":\"2021-12-02T08:15:00+00:00\",\"breadcrumb\":{\"@id\":\"https:\/\/jagdverband.it\/it\/avs-lawinenvortraege-2021\/#breadcrumb\"},\"inLanguage\":\"it-IT\",\"potentialAction\":[{\"@type\":\"ReadAction\",\"target\":[\"https:\/\/jagdverband.it\/it\/avs-lawinenvortraege-2021\/\"]}]},{\"@type\":\"BreadcrumbList\",\"@id\":\"https:\/\/jagdverband.it\/it\/avs-lawinenvortraege-2021\/#breadcrumb\",\"itemListElement\":[{\"@type\":\"ListItem\",\"position\":1,\"name\":\"Home\",\"item\":\"https:\/\/jagdverband.it\/it\/\"},{\"@type\":\"ListItem\",\"position\":2,\"name\":\"Mitteilungen\",\"item\":\"https:\/\/jagdverband.it\/c\/mitteilungen\/\"},{\"@type\":\"ListItem\",\"position\":3,\"name\":\"AVS \u2013 Online-Lawinenvortr\u00e4ge\"}]},{\"@type\":\"WebSite\",\"@id\":\"https:\/\/jagdverband.it\/it\/#website\",\"url\":\"https:\/\/jagdverband.it\/it\/\",\"name\":\"S\u00fcdtiroler Jagdverband\",\"description\":\"S\u00fcdtiroler Jagdverband\",\"publisher\":{\"@id\":\"https:\/\/jagdverband.it\/it\/#organization\"},\"potentialAction\":[{\"@type\":\"SearchAction\",\"target\":{\"@type\":\"EntryPoint\",\"urlTemplate\":\"https:\/\/jagdverband.it\/it\/?s={search_term_string}\"},\"query-input\":\"required name=search_term_string\"}],\"inLanguage\":\"it-IT\"},{\"@type\":\"Organization\",\"@id\":\"https:\/\/jagdverband.it\/it\/#organization\",\"name\":\"S\u00fcdtiroler Jagdverband\",\"url\":\"https:\/\/jagdverband.it\/it\/\",\"sameAs\":[],\"logo\":{\"@type\":\"ImageObject\",\"inLanguage\":\"it-IT\",\"@id\":\"https:\/\/jagdverband.it\/it\/#\/schema\/logo\/image\/\",\"url\":\"\",\"contentUrl\":\"\",\"caption\":\"S\u00fcdtiroler Jagdverband\"},\"image\":{\"@id\":\"https:\/\/jagdverband.it\/it\/#\/schema\/logo\/image\/\"}},{\"@type\":\"Person\",\"@id\":\"https:\/\/jagdverband.it\/it\/#\/schema\/person\/3e030b3a4aa7c391e09cd551afd6dc73\",\"name\":\"admin\",\"image\":{\"@type\":\"ImageObject\",\"inLanguage\":\"it-IT\",\"@id\":\"https:\/\/jagdverband.it\/it\/#\/schema\/person\/image\/\",\"url\":\"https:\/\/secure.gravatar.com\/avatar\/badbf5eaa88657062fdcacb31218cc5c?s=96&d=blank&r=g\",\"contentUrl\":\"https:\/\/secure.gravatar.com\/avatar\/badbf5eaa88657062fdcacb31218cc5c?s=96&d=blank&r=g\",\"caption\":\"admin\"},\"url\":\"https:\/\/jagdverband.it\/it\/author\/admin\/\"}]}<\/script>\n<!-- \/ Yoast SEO plugin. -->","yoast_head_json":{"title":"AVS \u2013 Online-Lawinenvortr\u00e4ge - S\u00fcdtiroler Jagdverband","robots":{"index":"index","follow":"follow","max-snippet":"max-snippet:-1","max-image-preview":"max-image-preview:large","max-video-preview":"max-video-preview:-1"},"canonical":"https:\/\/jagdverband.it\/it\/avs-lawinenvortraege-2021\/","og_locale":"it_IT","og_type":"article","og_title":"AVS \u2013 Online-Lawinenvortr\u00e4ge - S\u00fcdtiroler Jagdverband","og_description":"2.12.2021 - Vortr\u00e4ge zu den Themen \u201eWichtiges f\u00fcr die Tourenplanung\u201c und \u201eAuf Tour im winterlichen Gel\u00e4nde\"","og_url":"https:\/\/jagdverband.it\/it\/avs-lawinenvortraege-2021\/","og_site_name":"S\u00fcdtiroler Jagdverband","article_published_time":"2021-11-29T14:33:11+00:00","article_modified_time":"2021-12-02T08:15:00+00:00","og_image":[{"width":1280,"height":1567,"url":"https:\/\/jagdverband.it\/wp-content\/uploads\/2021\/11\/SicherdurchdenWinter_2021_Flyer-1.jpg","type":"image\/jpeg"}],"author":"admin","twitter_card":"summary","twitter_misc":{"Scritto da":"admin","Tempo di lettura stimato":"1 minuto"},"schema":{"@context":"https:\/\/schema.org","@graph":[{"@type":"Article","@id":"https:\/\/jagdverband.it\/it\/avs-lawinenvortraege-2021\/#article","isPartOf":{"@id":"https:\/\/jagdverband.it\/it\/avs-lawinenvortraege-2021\/"},"author":{"name":"admin","@id":"https:\/\/jagdverband.it\/it\/#\/schema\/person\/3e030b3a4aa7c391e09cd551afd6dc73"},"headline":"AVS \u2013 Online-Lawinenvortr\u00e4ge","datePublished":"2021-11-29T14:33:11+00:00","dateModified":"2021-12-02T08:15:00+00:00","mainEntityOfPage":{"@id":"https:\/\/jagdverband.it\/it\/avs-lawinenvortraege-2021\/"},"wordCount":488,"publisher":{"@id":"https:\/\/jagdverband.it\/it\/#organization"},"articleSection":["Mitteilungen"],"inLanguage":"it-IT"},{"@type":"WebPage","@id":"https:\/\/jagdverband.it\/it\/avs-lawinenvortraege-2021\/","url":"https:\/\/jagdverband.it\/it\/avs-lawinenvortraege-2021\/","name":"AVS \u2013 Online-Lawinenvortr\u00e4ge - S\u00fcdtiroler Jagdverband","isPartOf":{"@id":"https:\/\/jagdverband.it\/it\/#website"},"datePublished":"2021-11-29T14:33:11+00:00","dateModified":"2021-12-02T08:15:00+00:00","breadcrumb":{"@id":"https:\/\/jagdverband.it\/it\/avs-lawinenvortraege-2021\/#breadcrumb"},"inLanguage":"it-IT","potentialAction":[{"@type":"ReadAction","target":["https:\/\/jagdverband.it\/it\/avs-lawinenvortraege-2021\/"]}]},{"@type":"BreadcrumbList","@id":"https:\/\/jagdverband.it\/it\/avs-lawinenvortraege-2021\/#breadcrumb","itemListElement":[{"@type":"ListItem","position":1,"name":"Home","item":"https:\/\/jagdverband.it\/it\/"},{"@type":"ListItem","position":2,"name":"Mitteilungen","item":"https:\/\/jagdverband.it\/c\/mitteilungen\/"},{"@type":"ListItem","position":3,"name":"AVS \u2013 Online-Lawinenvortr\u00e4ge"}]},{"@type":"WebSite","@id":"https:\/\/jagdverband.it\/it\/#website","url":"https:\/\/jagdverband.it\/it\/","name":"S\u00fcdtiroler Jagdverband","description":"S\u00fcdtiroler Jagdverband","publisher":{"@id":"https:\/\/jagdverband.it\/it\/#organization"},"potentialAction":[{"@type":"SearchAction","target":{"@type":"EntryPoint","urlTemplate":"https:\/\/jagdverband.it\/it\/?s={search_term_string}"},"query-input":"required name=search_term_string"}],"inLanguage":"it-IT"},{"@type":"Organization","@id":"https:\/\/jagdverband.it\/it\/#organization","name":"S\u00fcdtiroler Jagdverband","url":"https:\/\/jagdverband.it\/it\/","sameAs":[],"logo":{"@type":"ImageObject","inLanguage":"it-IT","@id":"https:\/\/jagdverband.it\/it\/#\/schema\/logo\/image\/","url":"","contentUrl":"","caption":"S\u00fcdtiroler Jagdverband"},"image":{"@id":"https:\/\/jagdverband.it\/it\/#\/schema\/logo\/image\/"}},{"@type":"Person","@id":"https:\/\/jagdverband.it\/it\/#\/schema\/person\/3e030b3a4aa7c391e09cd551afd6dc73","name":"admin","image":{"@type":"ImageObject","inLanguage":"it-IT","@id":"https:\/\/jagdverband.it\/it\/#\/schema\/person\/image\/","url":"https:\/\/secure.gravatar.com\/avatar\/badbf5eaa88657062fdcacb31218cc5c?s=96&d=blank&r=g","contentUrl":"https:\/\/secure.gravatar.com\/avatar\/badbf5eaa88657062fdcacb31218cc5c?s=96&d=blank&r=g","caption":"admin"},"url":"https:\/\/jagdverband.it\/it\/author\/admin\/"}]}},"_links":{"self":[{"href":"https:\/\/jagdverband.it\/it\/wp-json\/wp\/v2\/posts\/66363"}],"collection":[{"href":"https:\/\/jagdverband.it\/it\/wp-json\/wp\/v2\/posts"}],"about":[{"href":"https:\/\/jagdverband.it\/it\/wp-json\/wp\/v2\/types\/post"}],"author":[{"embeddable":true,"href":"https:\/\/jagdverband.it\/it\/wp-json\/wp\/v2\/users\/1"}],"replies":[{"embeddable":true,"href":"https:\/\/jagdverband.it\/it\/wp-json\/wp\/v2\/comments?post=66363"}],"version-history":[{"count":0,"href":"https:\/\/jagdverband.it\/it\/wp-json\/wp\/v2\/posts\/66363\/revisions"}],"wp:featuredmedia":[{"embeddable":true,"href":"https:\/\/jagdverband.it\/it\/wp-json\/wp\/v2\/media\/66366"}],"wp:attachment":[{"href":"https:\/\/jagdverband.it\/it\/wp-json\/wp\/v2\/media?parent=66363"}],"wp:term":[{"taxonomy":"category","embeddable":true,"href":"https:\/\/jagdverband.it\/it\/wp-json\/wp\/v2\/categories?post=66363"},{"taxonomy":"post_tag","embeddable":true,"href":"https:\/\/jagdverband.it\/it\/wp-json\/wp\/v2\/tags?post=66363"}],"curies":[{"name":"wp","href":"https:\/\/api.w.org\/{rel}","templated":true}]}}