{"id":66110,"date":"2021-11-05T08:00:18","date_gmt":"2021-11-05T07:00:18","guid":{"rendered":"https:\/\/jagdverband.it\/hubertus-geschichte-copy\/"},"modified":"2021-11-08T15:05:05","modified_gmt":"2021-11-08T14:05:05","slug":"webinar-wildtiere-freizeitstress","status":"publish","type":"post","link":"https:\/\/jagdverband.it\/it\/webinar-wildtiere-freizeitstress\/","title":{"rendered":"Webinar &#8211; Wildtiere im Freizeitstress"},"content":{"rendered":"<p>[et_pb_section fb_built=&#8221;1&#8243; specialty=&#8221;on&#8221; _builder_version=&#8221;3.27.3&#8243;][et_pb_column type=&#8221;3_4&#8243; specialty_columns=&#8221;3&#8243; _builder_version=&#8221;3.25&#8243; custom_padding=&#8221;|||&#8221; custom_padding__hover=&#8221;|||&#8221;][et_pb_row_inner _builder_version=&#8221;3.27.3&#8243; custom_padding=&#8221;||5px||false|false&#8221;][et_pb_column_inner saved_specialty_column_type=&#8221;3_4&#8243; _builder_version=&#8221;3.27.3&#8243;][et_pb_text _builder_version=&#8221;4.0.9&#8243; custom_padding=&#8221;||0px|||&#8221;]<\/p>\n<h1><strong>Webinar &#8211; Wildtiere im Freizeitstress<\/strong><\/h1>\n<h3><em>5. November 2021<\/em><\/h3>\n<p>[\/et_pb_text][\/et_pb_column_inner][\/et_pb_row_inner][et_pb_row_inner column_structure=&#8221;1_2,1_2&#8243; _builder_version=&#8221;3.27.3&#8243; custom_padding=&#8221;0px||5px||false|false&#8221;][et_pb_column_inner type=&#8221;1_2&#8243; saved_specialty_column_type=&#8221;3_4&#8243; _builder_version=&#8221;3.27.3&#8243;][et_pb_image src=&#8221;https:\/\/jagdverband.it\/wp-content\/uploads\/2021\/11\/IMG_7947_Peer-Herbert.jpg&#8221; show_in_lightbox=&#8221;on&#8221; _builder_version=&#8221;4.0.9&#8243;][\/et_pb_image][\/et_pb_column_inner][et_pb_column_inner type=&#8221;1_2&#8243; saved_specialty_column_type=&#8221;3_4&#8243; _builder_version=&#8221;3.27.3&#8243;][et_pb_text _builder_version=&#8221;4.0.9&#8243; custom_padding=&#8221;||10px|||&#8221; hover_enabled=&#8221;0&#8243;]<\/p>\n<p>Der Tiroler J\u00e4gerverband organisiert am 16. November ein Webinar zum Thema <strong>\u201eWildtiere im Freizeitstress\u201c.<\/strong><\/p>\n<p>Neue Radwege, Skitouren und Nachtwanderungen &#8211; und dies mitten im Lebensraum der Wildtiere. Haben Wildtiere \u00fcberhaupt noch einen Platz? K\u00f6nnen sie sich an St\u00f6rungen gew\u00f6hnen, wenn ja an welche?<\/p>\n<p>Wildbiologin DDr. Veronika Gr\u00fcnschachner-Berger erl\u00e4utert die Grundlagen der St\u00f6rungsbiologie und geht auf Ma\u00dfnahmen ein, die St\u00f6rungen minimieren k\u00f6nnen.<\/p>\n<p><strong>Datum: 16. November 2021<\/strong><\/p>\n<p><strong>Uhrzeit: 18 bis 20 Uhr<\/strong><\/p>\n<p><strong>Anmeldung erforderlich! <\/strong><\/p>\n<p>Die Anmeldung erfolgt \u00fcber die <strong><a href=\"https:\/\/www.tjv.at\/veranstaltung\/wildtiere-im-freizeitstress\/\">Website des Tiroler J\u00e4gerverbandes<\/a><\/strong> oder direkt \u00fcber <a href=\"https:\/\/us06web.zoom.us\/meeting\/register\/tZ0ofumgqjkiE9astbbVoRQuYV3DpqqqNHPU\"><strong>diesen Link<\/strong><\/a>.<\/p>\n<p>[\/et_pb_text][\/et_pb_column_inner][\/et_pb_row_inner][et_pb_row_inner column_structure=&#8221;undefined&#8221; _builder_version=&#8221;4.0.9&#8243; custom_padding=&#8221;0px||0px||false|false&#8221;][et_pb_column_inner type=&#8221;undefined&#8221; saved_specialty_column_type=&#8221;3_4&#8243; _builder_version=&#8221;3.27.3&#8243;][et_pb_divider color=&#8221;rgba(0,0,0,0.13)&#8221; _builder_version=&#8221;4.0.9&#8243; custom_margin=&#8221;||0px||false|false&#8221;][\/et_pb_divider][et_pb_button button_url=&#8221;https:\/\/jagdverband.it\/mitteilungen\/&#8221; button_text=&#8221;Zur\u00fcck zur \u00dcbersicht&#8221; button_alignment=&#8221;center&#8221; _builder_version=&#8221;3.27.3&#8243;][\/et_pb_button][et_pb_divider color=&#8221;rgba(0,0,0,0.13)&#8221; _builder_version=&#8221;4.0.9&#8243; custom_margin=&#8221;25px||||false|false&#8221;][\/et_pb_divider][\/et_pb_column_inner][\/et_pb_row_inner][\/et_pb_column][et_pb_column type=&#8221;1_4&#8243; _builder_version=&#8221;3.25&#8243; custom_padding=&#8221;|||&#8221; custom_padding__hover=&#8221;|||&#8221;][et_pb_sidebar orientation=&#8221;right&#8221; _builder_version=&#8221;3.27.3&#8243;][\/et_pb_sidebar][\/et_pb_column][\/et_pb_section]<\/p>\n","protected":false},"excerpt":{"rendered":"<p>5.11.2021 &#8211; Der Tiroler J\u00e4gerverband organisiert am 16. November das Webinar \u201eWildtiere im Freizeitstress\u201c. Es geht um St\u00f6rungsbiologie bei Wildtieren und welche praktischen Ma\u00dfnahmen ergriffen werden k\u00f6nnen, um St\u00f6rungen zu minimieren. Die Teilnahme ist kostenlos. Hier geht es zur Anmeldung.<\/p>\n","protected":false},"author":1,"featured_media":66113,"comment_status":"closed","ping_status":"closed","sticky":false,"template":"","format":"standard","meta":{"_et_pb_use_builder":"on","_et_pb_old_content":"","_et_gb_content_width":""},"categories":[80],"tags":[],"featured_image_src":"https:\/\/jagdverband.it\/wp-content\/uploads\/2021\/11\/IMG_7947_Peer-Herbert-1024x682.jpg","blog_images":{"medium":"https:\/\/jagdverband.it\/wp-content\/uploads\/2021\/11\/IMG_7947_Peer-Herbert-300x200.jpg","large":"https:\/\/jagdverband.it\/wp-content\/uploads\/2021\/11\/IMG_7947_Peer-Herbert-1024x682.jpg"},"ams_acf":[],"yoast_head":"<!-- This site is optimized with the Yoast SEO plugin v19.6 - https:\/\/yoast.com\/wordpress\/plugins\/seo\/ -->\n<title>Webinar - Wildtiere im Freizeitstress - S\u00fcdtiroler Jagdverband<\/title>\n<meta name=\"robots\" content=\"index, follow, max-snippet:-1, max-image-preview:large, max-video-preview:-1\" \/>\n<link rel=\"canonical\" href=\"https:\/\/jagdverband.it\/it\/webinar-wildtiere-freizeitstress\/\" \/>\n<meta property=\"og:locale\" content=\"it_IT\" \/>\n<meta property=\"og:type\" content=\"article\" \/>\n<meta property=\"og:title\" content=\"Webinar - Wildtiere im Freizeitstress - S\u00fcdtiroler Jagdverband\" \/>\n<meta property=\"og:description\" content=\"5.11.2021 - Der Tiroler J\u00e4gerverband organisiert am 16. November das Webinar \u201eWildtiere im Freizeitstress\u201c. Es geht um St\u00f6rungsbiologie bei Wildtieren und welche praktischen Ma\u00dfnahmen ergriffen werden k\u00f6nnen, um St\u00f6rungen zu minimieren. Die Teilnahme ist kostenlos. Hier geht es zur Anmeldung.\" \/>\n<meta property=\"og:url\" content=\"https:\/\/jagdverband.it\/it\/webinar-wildtiere-freizeitstress\/\" \/>\n<meta property=\"og:site_name\" content=\"S\u00fcdtiroler Jagdverband\" \/>\n<meta property=\"article:published_time\" content=\"2021-11-05T07:00:18+00:00\" \/>\n<meta property=\"article:modified_time\" content=\"2021-11-08T14:05:05+00:00\" \/>\n<meta property=\"og:image\" content=\"https:\/\/jagdverband.it\/wp-content\/uploads\/2021\/11\/IMG_7947_Peer-Herbert.jpg\" \/>\n\t<meta property=\"og:image:width\" content=\"1280\" \/>\n\t<meta property=\"og:image:height\" content=\"853\" \/>\n\t<meta property=\"og:image:type\" content=\"image\/jpeg\" \/>\n<meta name=\"author\" content=\"admin\" \/>\n<meta name=\"twitter:card\" content=\"summary\" \/>\n<meta name=\"twitter:label1\" content=\"Scritto da\" \/>\n\t<meta name=\"twitter:data1\" content=\"admin\" \/>\n\t<meta name=\"twitter:label2\" content=\"Tempo di lettura stimato\" \/>\n\t<meta name=\"twitter:data2\" content=\"1 minuto\" \/>\n<script type=\"application\/ld+json\" class=\"yoast-schema-graph\">{\"@context\":\"https:\/\/schema.org\",\"@graph\":[{\"@type\":\"Article\",\"@id\":\"https:\/\/jagdverband.it\/it\/webinar-wildtiere-freizeitstress\/#article\",\"isPartOf\":{\"@id\":\"https:\/\/jagdverband.it\/it\/webinar-wildtiere-freizeitstress\/\"},\"author\":{\"name\":\"admin\",\"@id\":\"https:\/\/jagdverband.it\/it\/#\/schema\/person\/3e030b3a4aa7c391e09cd551afd6dc73\"},\"headline\":\"Webinar &#8211; Wildtiere im Freizeitstress\",\"datePublished\":\"2021-11-05T07:00:18+00:00\",\"dateModified\":\"2021-11-08T14:05:05+00:00\",\"mainEntityOfPage\":{\"@id\":\"https:\/\/jagdverband.it\/it\/webinar-wildtiere-freizeitstress\/\"},\"wordCount\":365,\"publisher\":{\"@id\":\"https:\/\/jagdverband.it\/it\/#organization\"},\"articleSection\":[\"Mitteilungen\"],\"inLanguage\":\"it-IT\"},{\"@type\":\"WebPage\",\"@id\":\"https:\/\/jagdverband.it\/it\/webinar-wildtiere-freizeitstress\/\",\"url\":\"https:\/\/jagdverband.it\/it\/webinar-wildtiere-freizeitstress\/\",\"name\":\"Webinar - Wildtiere im Freizeitstress - S\u00fcdtiroler Jagdverband\",\"isPartOf\":{\"@id\":\"https:\/\/jagdverband.it\/it\/#website\"},\"datePublished\":\"2021-11-05T07:00:18+00:00\",\"dateModified\":\"2021-11-08T14:05:05+00:00\",\"breadcrumb\":{\"@id\":\"https:\/\/jagdverband.it\/it\/webinar-wildtiere-freizeitstress\/#breadcrumb\"},\"inLanguage\":\"it-IT\",\"potentialAction\":[{\"@type\":\"ReadAction\",\"target\":[\"https:\/\/jagdverband.it\/it\/webinar-wildtiere-freizeitstress\/\"]}]},{\"@type\":\"BreadcrumbList\",\"@id\":\"https:\/\/jagdverband.it\/it\/webinar-wildtiere-freizeitstress\/#breadcrumb\",\"itemListElement\":[{\"@type\":\"ListItem\",\"position\":1,\"name\":\"Home\",\"item\":\"https:\/\/jagdverband.it\/it\/\"},{\"@type\":\"ListItem\",\"position\":2,\"name\":\"Mitteilungen\",\"item\":\"https:\/\/jagdverband.it\/c\/mitteilungen\/\"},{\"@type\":\"ListItem\",\"position\":3,\"name\":\"Webinar &#8211; Wildtiere im Freizeitstress\"}]},{\"@type\":\"WebSite\",\"@id\":\"https:\/\/jagdverband.it\/it\/#website\",\"url\":\"https:\/\/jagdverband.it\/it\/\",\"name\":\"S\u00fcdtiroler Jagdverband\",\"description\":\"S\u00fcdtiroler Jagdverband\",\"publisher\":{\"@id\":\"https:\/\/jagdverband.it\/it\/#organization\"},\"potentialAction\":[{\"@type\":\"SearchAction\",\"target\":{\"@type\":\"EntryPoint\",\"urlTemplate\":\"https:\/\/jagdverband.it\/it\/?s={search_term_string}\"},\"query-input\":\"required name=search_term_string\"}],\"inLanguage\":\"it-IT\"},{\"@type\":\"Organization\",\"@id\":\"https:\/\/jagdverband.it\/it\/#organization\",\"name\":\"S\u00fcdtiroler Jagdverband\",\"url\":\"https:\/\/jagdverband.it\/it\/\",\"sameAs\":[],\"logo\":{\"@type\":\"ImageObject\",\"inLanguage\":\"it-IT\",\"@id\":\"https:\/\/jagdverband.it\/it\/#\/schema\/logo\/image\/\",\"url\":\"\",\"contentUrl\":\"\",\"caption\":\"S\u00fcdtiroler Jagdverband\"},\"image\":{\"@id\":\"https:\/\/jagdverband.it\/it\/#\/schema\/logo\/image\/\"}},{\"@type\":\"Person\",\"@id\":\"https:\/\/jagdverband.it\/it\/#\/schema\/person\/3e030b3a4aa7c391e09cd551afd6dc73\",\"name\":\"admin\",\"image\":{\"@type\":\"ImageObject\",\"inLanguage\":\"it-IT\",\"@id\":\"https:\/\/jagdverband.it\/it\/#\/schema\/person\/image\/\",\"url\":\"https:\/\/secure.gravatar.com\/avatar\/badbf5eaa88657062fdcacb31218cc5c?s=96&d=blank&r=g\",\"contentUrl\":\"https:\/\/secure.gravatar.com\/avatar\/badbf5eaa88657062fdcacb31218cc5c?s=96&d=blank&r=g\",\"caption\":\"admin\"},\"url\":\"https:\/\/jagdverband.it\/it\/author\/admin\/\"}]}<\/script>\n<!-- \/ Yoast SEO plugin. -->","yoast_head_json":{"title":"Webinar - Wildtiere im Freizeitstress - S\u00fcdtiroler Jagdverband","robots":{"index":"index","follow":"follow","max-snippet":"max-snippet:-1","max-image-preview":"max-image-preview:large","max-video-preview":"max-video-preview:-1"},"canonical":"https:\/\/jagdverband.it\/it\/webinar-wildtiere-freizeitstress\/","og_locale":"it_IT","og_type":"article","og_title":"Webinar - Wildtiere im Freizeitstress - S\u00fcdtiroler Jagdverband","og_description":"5.11.2021 - Der Tiroler J\u00e4gerverband organisiert am 16. November das Webinar \u201eWildtiere im Freizeitstress\u201c. Es geht um St\u00f6rungsbiologie bei Wildtieren und welche praktischen Ma\u00dfnahmen ergriffen werden k\u00f6nnen, um St\u00f6rungen zu minimieren. Die Teilnahme ist kostenlos. Hier geht es zur Anmeldung.","og_url":"https:\/\/jagdverband.it\/it\/webinar-wildtiere-freizeitstress\/","og_site_name":"S\u00fcdtiroler Jagdverband","article_published_time":"2021-11-05T07:00:18+00:00","article_modified_time":"2021-11-08T14:05:05+00:00","og_image":[{"width":1280,"height":853,"url":"https:\/\/jagdverband.it\/wp-content\/uploads\/2021\/11\/IMG_7947_Peer-Herbert.jpg","type":"image\/jpeg"}],"author":"admin","twitter_card":"summary","twitter_misc":{"Scritto da":"admin","Tempo di lettura stimato":"1 minuto"},"schema":{"@context":"https:\/\/schema.org","@graph":[{"@type":"Article","@id":"https:\/\/jagdverband.it\/it\/webinar-wildtiere-freizeitstress\/#article","isPartOf":{"@id":"https:\/\/jagdverband.it\/it\/webinar-wildtiere-freizeitstress\/"},"author":{"name":"admin","@id":"https:\/\/jagdverband.it\/it\/#\/schema\/person\/3e030b3a4aa7c391e09cd551afd6dc73"},"headline":"Webinar &#8211; Wildtiere im Freizeitstress","datePublished":"2021-11-05T07:00:18+00:00","dateModified":"2021-11-08T14:05:05+00:00","mainEntityOfPage":{"@id":"https:\/\/jagdverband.it\/it\/webinar-wildtiere-freizeitstress\/"},"wordCount":365,"publisher":{"@id":"https:\/\/jagdverband.it\/it\/#organization"},"articleSection":["Mitteilungen"],"inLanguage":"it-IT"},{"@type":"WebPage","@id":"https:\/\/jagdverband.it\/it\/webinar-wildtiere-freizeitstress\/","url":"https:\/\/jagdverband.it\/it\/webinar-wildtiere-freizeitstress\/","name":"Webinar - Wildtiere im Freizeitstress - S\u00fcdtiroler Jagdverband","isPartOf":{"@id":"https:\/\/jagdverband.it\/it\/#website"},"datePublished":"2021-11-05T07:00:18+00:00","dateModified":"2021-11-08T14:05:05+00:00","breadcrumb":{"@id":"https:\/\/jagdverband.it\/it\/webinar-wildtiere-freizeitstress\/#breadcrumb"},"inLanguage":"it-IT","potentialAction":[{"@type":"ReadAction","target":["https:\/\/jagdverband.it\/it\/webinar-wildtiere-freizeitstress\/"]}]},{"@type":"BreadcrumbList","@id":"https:\/\/jagdverband.it\/it\/webinar-wildtiere-freizeitstress\/#breadcrumb","itemListElement":[{"@type":"ListItem","position":1,"name":"Home","item":"https:\/\/jagdverband.it\/it\/"},{"@type":"ListItem","position":2,"name":"Mitteilungen","item":"https:\/\/jagdverband.it\/c\/mitteilungen\/"},{"@type":"ListItem","position":3,"name":"Webinar &#8211; Wildtiere im Freizeitstress"}]},{"@type":"WebSite","@id":"https:\/\/jagdverband.it\/it\/#website","url":"https:\/\/jagdverband.it\/it\/","name":"S\u00fcdtiroler Jagdverband","description":"S\u00fcdtiroler Jagdverband","publisher":{"@id":"https:\/\/jagdverband.it\/it\/#organization"},"potentialAction":[{"@type":"SearchAction","target":{"@type":"EntryPoint","urlTemplate":"https:\/\/jagdverband.it\/it\/?s={search_term_string}"},"query-input":"required name=search_term_string"}],"inLanguage":"it-IT"},{"@type":"Organization","@id":"https:\/\/jagdverband.it\/it\/#organization","name":"S\u00fcdtiroler Jagdverband","url":"https:\/\/jagdverband.it\/it\/","sameAs":[],"logo":{"@type":"ImageObject","inLanguage":"it-IT","@id":"https:\/\/jagdverband.it\/it\/#\/schema\/logo\/image\/","url":"","contentUrl":"","caption":"S\u00fcdtiroler Jagdverband"},"image":{"@id":"https:\/\/jagdverband.it\/it\/#\/schema\/logo\/image\/"}},{"@type":"Person","@id":"https:\/\/jagdverband.it\/it\/#\/schema\/person\/3e030b3a4aa7c391e09cd551afd6dc73","name":"admin","image":{"@type":"ImageObject","inLanguage":"it-IT","@id":"https:\/\/jagdverband.it\/it\/#\/schema\/person\/image\/","url":"https:\/\/secure.gravatar.com\/avatar\/badbf5eaa88657062fdcacb31218cc5c?s=96&d=blank&r=g","contentUrl":"https:\/\/secure.gravatar.com\/avatar\/badbf5eaa88657062fdcacb31218cc5c?s=96&d=blank&r=g","caption":"admin"},"url":"https:\/\/jagdverband.it\/it\/author\/admin\/"}]}},"_links":{"self":[{"href":"https:\/\/jagdverband.it\/it\/wp-json\/wp\/v2\/posts\/66110"}],"collection":[{"href":"https:\/\/jagdverband.it\/it\/wp-json\/wp\/v2\/posts"}],"about":[{"href":"https:\/\/jagdverband.it\/it\/wp-json\/wp\/v2\/types\/post"}],"author":[{"embeddable":true,"href":"https:\/\/jagdverband.it\/it\/wp-json\/wp\/v2\/users\/1"}],"replies":[{"embeddable":true,"href":"https:\/\/jagdverband.it\/it\/wp-json\/wp\/v2\/comments?post=66110"}],"version-history":[{"count":0,"href":"https:\/\/jagdverband.it\/it\/wp-json\/wp\/v2\/posts\/66110\/revisions"}],"wp:featuredmedia":[{"embeddable":true,"href":"https:\/\/jagdverband.it\/it\/wp-json\/wp\/v2\/media\/66113"}],"wp:attachment":[{"href":"https:\/\/jagdverband.it\/it\/wp-json\/wp\/v2\/media?parent=66110"}],"wp:term":[{"taxonomy":"category","embeddable":true,"href":"https:\/\/jagdverband.it\/it\/wp-json\/wp\/v2\/categories?post=66110"},{"taxonomy":"post_tag","embeddable":true,"href":"https:\/\/jagdverband.it\/it\/wp-json\/wp\/v2\/tags?post=66110"}],"curies":[{"name":"wp","href":"https:\/\/api.w.org\/{rel}","templated":true}]}}