{"id":65753,"date":"2021-09-15T12:13:22","date_gmt":"2021-09-15T10:13:22","guid":{"rendered":"https:\/\/jagdverband.it\/?p=65753"},"modified":"2021-09-15T15:33:48","modified_gmt":"2021-09-15T13:33:48","slug":"webinar-gestione-lupo","status":"publish","type":"post","link":"https:\/\/jagdverband.it\/it\/webinar-gestione-lupo\/","title":{"rendered":"Webinar sulla gestione del lupo altoatesino: tra Autonomia, Roma e Bruxelles"},"content":{"rendered":"<p>[et_pb_section fb_built=&#8221;1&#8243; specialty=&#8221;on&#8221; _builder_version=&#8221;3.27.3&#8243;][et_pb_column type=&#8221;3_4&#8243; specialty_columns=&#8221;3&#8243; _builder_version=&#8221;3.25&#8243; custom_padding=&#8221;|||&#8221; custom_padding__hover=&#8221;|||&#8221;][et_pb_row_inner _builder_version=&#8221;3.27.3&#8243; custom_padding=&#8221;||5px||false|false&#8221;][et_pb_column_inner saved_specialty_column_type=&#8221;3_4&#8243; _builder_version=&#8221;3.27.3&#8243;][et_pb_text _builder_version=&#8221;4.0.9&#8243; custom_padding=&#8221;||0px|||&#8221;]<\/p>\n<h1><strong>Webinar sulla gestione del lupo altoatesino: tra Autonomia, Roma e Bruxelles<\/strong><\/h1>\n<h1><em style=\"font-size: 16px;\">15 settembre 2021<\/em><\/h1>\n<p>[\/et_pb_text][\/et_pb_column_inner][\/et_pb_row_inner][et_pb_row_inner column_structure=&#8221;1_2,1_2&#8243; _builder_version=&#8221;3.27.3&#8243; custom_padding=&#8221;0px||5px||false|false&#8221;][et_pb_column_inner type=&#8221;1_2&#8243; saved_specialty_column_type=&#8221;3_4&#8243; _builder_version=&#8221;3.27.3&#8243;][et_pb_image src=&#8221;https:\/\/jagdverband.it\/wp-content\/uploads\/2018\/09\/Wolf-Jagdverband-310016498.jpg&#8221; show_in_lightbox=&#8221;on&#8221; _builder_version=&#8221;4.0.9&#8243; hover_enabled=&#8221;0&#8243;][\/et_pb_image][\/et_pb_column_inner][et_pb_column_inner type=&#8221;1_2&#8243; saved_specialty_column_type=&#8221;3_4&#8243; _builder_version=&#8221;3.27.3&#8243;][et_pb_text _builder_version=&#8221;4.0.9&#8243; custom_padding=&#8221;||10px|||&#8221;]<\/p>\n<p>Nell&#8217;ambito di una serie di conferenze organizzate dalla facolt\u00e0 di diritto dell&#8217;Universit\u00e0 di Lucerna, gioved\u00ec 16 settembre 2021 avr\u00e0 luogo una conferenza online. Il direttore ACAA Benedikt Terzer, user\u00e0 l&#8217;esempio dell&#8217;Alto Adige per illustrare i vari ambiti legali da considerare quando si parla di gestione del lupo.<\/p>\n<p>L&#8217;evento si svolger\u00e0 via Zoom. Dopo il webinar ci sar\u00e0 tempo per discussioni e confronti fra l\u2019ambito scientifico e quello pratico. Tutti gli interessati sono cordialmente invitati a partecipare.<\/p>\n<p><strong>Data: Gioved\u00ec 16 settembre 2021, ore 18.15-19.30<\/strong><\/p>\n<p>La conferenza si terr\u00e0 in lingua tedesca<\/p>\n<p>Maggiori informazioni <a href=\"https:\/\/www.unilu.ch\/fakultaeten\/rf\/professuren\/norer-roland\/veranstaltungen\/suedtiroler-wolfsmanagement-zwischen-autonomie-rom-und-bruessel-6085\/\">qui<\/a>.<\/p>\n<p>Live streaming su: unilu.zoom.us\/j\/69055661012<\/p>\n<p>ID riunione: 690 5566 1012<\/p>\n<p>Codice di identificazione: 456560<\/p>\n<p>[\/et_pb_text][\/et_pb_column_inner][\/et_pb_row_inner][et_pb_row_inner column_structure=&#8221;undefined&#8221; _builder_version=&#8221;4.0.9&#8243; custom_padding=&#8221;0px||0px||false|false&#8221;][et_pb_column_inner type=&#8221;undefined&#8221; saved_specialty_column_type=&#8221;3_4&#8243; _builder_version=&#8221;3.27.3&#8243;][et_pb_divider color=&#8221;rgba(0,0,0,0.13)&#8221; _builder_version=&#8221;4.0.9&#8243; custom_margin=&#8221;||0px||false|false&#8221;][\/et_pb_divider][et_pb_button button_url=&#8221;https:\/\/jagdverband.it\/mitteilungen\/&#8221; button_text=&#8221;torna indietro&#8221; button_alignment=&#8221;center&#8221; _builder_version=&#8221;4.0.9&#8243;][\/et_pb_button][et_pb_divider color=&#8221;rgba(0,0,0,0.13)&#8221; _builder_version=&#8221;4.0.9&#8243; custom_margin=&#8221;25px||||false|false&#8221;][\/et_pb_divider][\/et_pb_column_inner][\/et_pb_row_inner][\/et_pb_column][et_pb_column type=&#8221;1_4&#8243; _builder_version=&#8221;3.25&#8243; custom_padding=&#8221;|||&#8221; custom_padding__hover=&#8221;|||&#8221;][et_pb_sidebar orientation=&#8221;right&#8221; _builder_version=&#8221;3.27.3&#8243;][\/et_pb_sidebar][\/et_pb_column][\/et_pb_section]<\/p>\n","protected":false},"excerpt":{"rendered":"<p>15.9.2021 &#8211; Il direttore ACAA Benedikt Terzer, user\u00e0 l\u2019esempio dell\u2019Alto Adige per illustrare i vari ambiti legali da considerare quando si parla di gestione del lupo.    <\/p>\n","protected":false},"author":1,"featured_media":65784,"comment_status":"closed","ping_status":"closed","sticky":false,"template":"","format":"standard","meta":{"_et_pb_use_builder":"on","_et_pb_old_content":"","_et_gb_content_width":""},"categories":[163],"tags":[],"featured_image_src":"https:\/\/jagdverband.it\/wp-content\/uploads\/2018\/09\/Wolf-Jagdverband-310016498.jpg","blog_images":{"medium":"https:\/\/jagdverband.it\/wp-content\/uploads\/2018\/09\/Wolf-Jagdverband-310016498-300x200.jpg","large":"https:\/\/jagdverband.it\/wp-content\/uploads\/2018\/09\/Wolf-Jagdverband-310016498.jpg"},"ams_acf":[],"yoast_head":"<!-- This site is optimized with the Yoast SEO plugin v19.6 - https:\/\/yoast.com\/wordpress\/plugins\/seo\/ -->\n<title>Webinar sulla gestione del lupo altoatesino: tra Autonomia, Roma e Bruxelles - S\u00fcdtiroler Jagdverband<\/title>\n<meta name=\"robots\" content=\"index, follow, max-snippet:-1, max-image-preview:large, max-video-preview:-1\" \/>\n<link rel=\"canonical\" href=\"https:\/\/jagdverband.it\/it\/webinar-gestione-lupo\/\" \/>\n<meta property=\"og:locale\" content=\"it_IT\" \/>\n<meta property=\"og:type\" content=\"article\" \/>\n<meta property=\"og:title\" content=\"Webinar sulla gestione del lupo altoatesino: tra Autonomia, Roma e Bruxelles - S\u00fcdtiroler Jagdverband\" \/>\n<meta property=\"og:description\" content=\"15.9.2021 - Il direttore ACAA Benedikt Terzer, user\u00e0 l\u2019esempio dell\u2019Alto Adige per illustrare i vari ambiti legali da considerare quando si parla di gestione del lupo.\" \/>\n<meta property=\"og:url\" content=\"https:\/\/jagdverband.it\/it\/webinar-gestione-lupo\/\" \/>\n<meta property=\"og:site_name\" content=\"S\u00fcdtiroler Jagdverband\" \/>\n<meta property=\"article:published_time\" content=\"2021-09-15T10:13:22+00:00\" \/>\n<meta property=\"article:modified_time\" content=\"2021-09-15T13:33:48+00:00\" \/>\n<meta property=\"og:image\" content=\"https:\/\/jagdverband.it\/wp-content\/uploads\/2018\/09\/Wolf-Jagdverband-310016498.jpg\" \/>\n\t<meta property=\"og:image:width\" content=\"1024\" \/>\n\t<meta property=\"og:image:height\" content=\"683\" \/>\n\t<meta property=\"og:image:type\" content=\"image\/jpeg\" \/>\n<meta name=\"author\" content=\"admin\" \/>\n<meta name=\"twitter:card\" content=\"summary\" \/>\n<meta name=\"twitter:label1\" content=\"Scritto da\" \/>\n\t<meta name=\"twitter:data1\" content=\"admin\" \/>\n\t<meta name=\"twitter:label2\" content=\"Tempo di lettura stimato\" \/>\n\t<meta name=\"twitter:data2\" content=\"2 minuti\" \/>\n<script type=\"application\/ld+json\" class=\"yoast-schema-graph\">{\"@context\":\"https:\/\/schema.org\",\"@graph\":[{\"@type\":\"Article\",\"@id\":\"https:\/\/jagdverband.it\/it\/webinar-gestione-lupo\/#article\",\"isPartOf\":{\"@id\":\"https:\/\/jagdverband.it\/it\/webinar-gestione-lupo\/\"},\"author\":{\"name\":\"admin\",\"@id\":\"https:\/\/jagdverband.it\/it\/#\/schema\/person\/3e030b3a4aa7c391e09cd551afd6dc73\"},\"headline\":\"Webinar sulla gestione del lupo altoatesino: tra Autonomia, Roma e Bruxelles\",\"datePublished\":\"2021-09-15T10:13:22+00:00\",\"dateModified\":\"2021-09-15T13:33:48+00:00\",\"mainEntityOfPage\":{\"@id\":\"https:\/\/jagdverband.it\/it\/webinar-gestione-lupo\/\"},\"wordCount\":384,\"publisher\":{\"@id\":\"https:\/\/jagdverband.it\/it\/#organization\"},\"articleSection\":[\"comunicazioni_it\"],\"inLanguage\":\"it-IT\"},{\"@type\":\"WebPage\",\"@id\":\"https:\/\/jagdverband.it\/it\/webinar-gestione-lupo\/\",\"url\":\"https:\/\/jagdverband.it\/it\/webinar-gestione-lupo\/\",\"name\":\"Webinar sulla gestione del lupo altoatesino: tra Autonomia, Roma e Bruxelles - S\u00fcdtiroler Jagdverband\",\"isPartOf\":{\"@id\":\"https:\/\/jagdverband.it\/it\/#website\"},\"datePublished\":\"2021-09-15T10:13:22+00:00\",\"dateModified\":\"2021-09-15T13:33:48+00:00\",\"breadcrumb\":{\"@id\":\"https:\/\/jagdverband.it\/it\/webinar-gestione-lupo\/#breadcrumb\"},\"inLanguage\":\"it-IT\",\"potentialAction\":[{\"@type\":\"ReadAction\",\"target\":[\"https:\/\/jagdverband.it\/it\/webinar-gestione-lupo\/\"]}]},{\"@type\":\"BreadcrumbList\",\"@id\":\"https:\/\/jagdverband.it\/it\/webinar-gestione-lupo\/#breadcrumb\",\"itemListElement\":[{\"@type\":\"ListItem\",\"position\":1,\"name\":\"Home\",\"item\":\"https:\/\/jagdverband.it\/it\/\"},{\"@type\":\"ListItem\",\"position\":2,\"name\":\"comunicazioni_it\",\"item\":\"https:\/\/jagdverband.it\/it\/c\/comunicazioni-it\/\"},{\"@type\":\"ListItem\",\"position\":3,\"name\":\"Webinar sulla gestione del lupo altoatesino: tra Autonomia, Roma e Bruxelles\"}]},{\"@type\":\"WebSite\",\"@id\":\"https:\/\/jagdverband.it\/it\/#website\",\"url\":\"https:\/\/jagdverband.it\/it\/\",\"name\":\"S\u00fcdtiroler Jagdverband\",\"description\":\"S\u00fcdtiroler Jagdverband\",\"publisher\":{\"@id\":\"https:\/\/jagdverband.it\/it\/#organization\"},\"potentialAction\":[{\"@type\":\"SearchAction\",\"target\":{\"@type\":\"EntryPoint\",\"urlTemplate\":\"https:\/\/jagdverband.it\/it\/?s={search_term_string}\"},\"query-input\":\"required name=search_term_string\"}],\"inLanguage\":\"it-IT\"},{\"@type\":\"Organization\",\"@id\":\"https:\/\/jagdverband.it\/it\/#organization\",\"name\":\"S\u00fcdtiroler Jagdverband\",\"url\":\"https:\/\/jagdverband.it\/it\/\",\"sameAs\":[],\"logo\":{\"@type\":\"ImageObject\",\"inLanguage\":\"it-IT\",\"@id\":\"https:\/\/jagdverband.it\/it\/#\/schema\/logo\/image\/\",\"url\":\"\",\"contentUrl\":\"\",\"caption\":\"S\u00fcdtiroler Jagdverband\"},\"image\":{\"@id\":\"https:\/\/jagdverband.it\/it\/#\/schema\/logo\/image\/\"}},{\"@type\":\"Person\",\"@id\":\"https:\/\/jagdverband.it\/it\/#\/schema\/person\/3e030b3a4aa7c391e09cd551afd6dc73\",\"name\":\"admin\",\"image\":{\"@type\":\"ImageObject\",\"inLanguage\":\"it-IT\",\"@id\":\"https:\/\/jagdverband.it\/it\/#\/schema\/person\/image\/\",\"url\":\"https:\/\/secure.gravatar.com\/avatar\/badbf5eaa88657062fdcacb31218cc5c?s=96&d=blank&r=g\",\"contentUrl\":\"https:\/\/secure.gravatar.com\/avatar\/badbf5eaa88657062fdcacb31218cc5c?s=96&d=blank&r=g\",\"caption\":\"admin\"},\"url\":\"https:\/\/jagdverband.it\/it\/author\/admin\/\"}]}<\/script>\n<!-- \/ Yoast SEO plugin. -->","yoast_head_json":{"title":"Webinar sulla gestione del lupo altoatesino: tra Autonomia, Roma e Bruxelles - S\u00fcdtiroler Jagdverband","robots":{"index":"index","follow":"follow","max-snippet":"max-snippet:-1","max-image-preview":"max-image-preview:large","max-video-preview":"max-video-preview:-1"},"canonical":"https:\/\/jagdverband.it\/it\/webinar-gestione-lupo\/","og_locale":"it_IT","og_type":"article","og_title":"Webinar sulla gestione del lupo altoatesino: tra Autonomia, Roma e Bruxelles - S\u00fcdtiroler Jagdverband","og_description":"15.9.2021 - Il direttore ACAA Benedikt Terzer, user\u00e0 l\u2019esempio dell\u2019Alto Adige per illustrare i vari ambiti legali da considerare quando si parla di gestione del lupo.","og_url":"https:\/\/jagdverband.it\/it\/webinar-gestione-lupo\/","og_site_name":"S\u00fcdtiroler Jagdverband","article_published_time":"2021-09-15T10:13:22+00:00","article_modified_time":"2021-09-15T13:33:48+00:00","og_image":[{"width":1024,"height":683,"url":"https:\/\/jagdverband.it\/wp-content\/uploads\/2018\/09\/Wolf-Jagdverband-310016498.jpg","type":"image\/jpeg"}],"author":"admin","twitter_card":"summary","twitter_misc":{"Scritto da":"admin","Tempo di lettura stimato":"2 minuti"},"schema":{"@context":"https:\/\/schema.org","@graph":[{"@type":"Article","@id":"https:\/\/jagdverband.it\/it\/webinar-gestione-lupo\/#article","isPartOf":{"@id":"https:\/\/jagdverband.it\/it\/webinar-gestione-lupo\/"},"author":{"name":"admin","@id":"https:\/\/jagdverband.it\/it\/#\/schema\/person\/3e030b3a4aa7c391e09cd551afd6dc73"},"headline":"Webinar sulla gestione del lupo altoatesino: tra Autonomia, Roma e Bruxelles","datePublished":"2021-09-15T10:13:22+00:00","dateModified":"2021-09-15T13:33:48+00:00","mainEntityOfPage":{"@id":"https:\/\/jagdverband.it\/it\/webinar-gestione-lupo\/"},"wordCount":384,"publisher":{"@id":"https:\/\/jagdverband.it\/it\/#organization"},"articleSection":["comunicazioni_it"],"inLanguage":"it-IT"},{"@type":"WebPage","@id":"https:\/\/jagdverband.it\/it\/webinar-gestione-lupo\/","url":"https:\/\/jagdverband.it\/it\/webinar-gestione-lupo\/","name":"Webinar sulla gestione del lupo altoatesino: tra Autonomia, Roma e Bruxelles - S\u00fcdtiroler Jagdverband","isPartOf":{"@id":"https:\/\/jagdverband.it\/it\/#website"},"datePublished":"2021-09-15T10:13:22+00:00","dateModified":"2021-09-15T13:33:48+00:00","breadcrumb":{"@id":"https:\/\/jagdverband.it\/it\/webinar-gestione-lupo\/#breadcrumb"},"inLanguage":"it-IT","potentialAction":[{"@type":"ReadAction","target":["https:\/\/jagdverband.it\/it\/webinar-gestione-lupo\/"]}]},{"@type":"BreadcrumbList","@id":"https:\/\/jagdverband.it\/it\/webinar-gestione-lupo\/#breadcrumb","itemListElement":[{"@type":"ListItem","position":1,"name":"Home","item":"https:\/\/jagdverband.it\/it\/"},{"@type":"ListItem","position":2,"name":"comunicazioni_it","item":"https:\/\/jagdverband.it\/it\/c\/comunicazioni-it\/"},{"@type":"ListItem","position":3,"name":"Webinar sulla gestione del lupo altoatesino: tra Autonomia, Roma e Bruxelles"}]},{"@type":"WebSite","@id":"https:\/\/jagdverband.it\/it\/#website","url":"https:\/\/jagdverband.it\/it\/","name":"S\u00fcdtiroler Jagdverband","description":"S\u00fcdtiroler Jagdverband","publisher":{"@id":"https:\/\/jagdverband.it\/it\/#organization"},"potentialAction":[{"@type":"SearchAction","target":{"@type":"EntryPoint","urlTemplate":"https:\/\/jagdverband.it\/it\/?s={search_term_string}"},"query-input":"required name=search_term_string"}],"inLanguage":"it-IT"},{"@type":"Organization","@id":"https:\/\/jagdverband.it\/it\/#organization","name":"S\u00fcdtiroler Jagdverband","url":"https:\/\/jagdverband.it\/it\/","sameAs":[],"logo":{"@type":"ImageObject","inLanguage":"it-IT","@id":"https:\/\/jagdverband.it\/it\/#\/schema\/logo\/image\/","url":"","contentUrl":"","caption":"S\u00fcdtiroler Jagdverband"},"image":{"@id":"https:\/\/jagdverband.it\/it\/#\/schema\/logo\/image\/"}},{"@type":"Person","@id":"https:\/\/jagdverband.it\/it\/#\/schema\/person\/3e030b3a4aa7c391e09cd551afd6dc73","name":"admin","image":{"@type":"ImageObject","inLanguage":"it-IT","@id":"https:\/\/jagdverband.it\/it\/#\/schema\/person\/image\/","url":"https:\/\/secure.gravatar.com\/avatar\/badbf5eaa88657062fdcacb31218cc5c?s=96&d=blank&r=g","contentUrl":"https:\/\/secure.gravatar.com\/avatar\/badbf5eaa88657062fdcacb31218cc5c?s=96&d=blank&r=g","caption":"admin"},"url":"https:\/\/jagdverband.it\/it\/author\/admin\/"}]}},"_links":{"self":[{"href":"https:\/\/jagdverband.it\/it\/wp-json\/wp\/v2\/posts\/65753"}],"collection":[{"href":"https:\/\/jagdverband.it\/it\/wp-json\/wp\/v2\/posts"}],"about":[{"href":"https:\/\/jagdverband.it\/it\/wp-json\/wp\/v2\/types\/post"}],"author":[{"embeddable":true,"href":"https:\/\/jagdverband.it\/it\/wp-json\/wp\/v2\/users\/1"}],"replies":[{"embeddable":true,"href":"https:\/\/jagdverband.it\/it\/wp-json\/wp\/v2\/comments?post=65753"}],"version-history":[{"count":0,"href":"https:\/\/jagdverband.it\/it\/wp-json\/wp\/v2\/posts\/65753\/revisions"}],"wp:featuredmedia":[{"embeddable":true,"href":"https:\/\/jagdverband.it\/it\/wp-json\/wp\/v2\/media\/65784"}],"wp:attachment":[{"href":"https:\/\/jagdverband.it\/it\/wp-json\/wp\/v2\/media?parent=65753"}],"wp:term":[{"taxonomy":"category","embeddable":true,"href":"https:\/\/jagdverband.it\/it\/wp-json\/wp\/v2\/categories?post=65753"},{"taxonomy":"post_tag","embeddable":true,"href":"https:\/\/jagdverband.it\/it\/wp-json\/wp\/v2\/tags?post=65753"}],"curies":[{"name":"wp","href":"https:\/\/api.w.org\/{rel}","templated":true}]}}