{"id":62668,"date":"2020-12-11T10:21:08","date_gmt":"2020-12-11T09:21:08","guid":{"rendered":"https:\/\/jagdverband.it\/?p=62668"},"modified":"2020-12-14T11:24:01","modified_gmt":"2020-12-14T10:24:01","slug":"aiutiamo-la-nostra-selvaggina","status":"publish","type":"post","link":"https:\/\/jagdverband.it\/it\/aiutiamo-la-nostra-selvaggina\/","title":{"rendered":"Aiutiamo anche ora la nostra selvaggina"},"content":{"rendered":"<p>[et_pb_section fb_built=&#8221;1&#8243; specialty=&#8221;on&#8221; _builder_version=&#8221;3.27.3&#8243;][et_pb_column type=&#8221;3_4&#8243; specialty_columns=&#8221;3&#8243; _builder_version=&#8221;3.25&#8243; custom_padding=&#8221;|||&#8221; custom_padding__hover=&#8221;|||&#8221;][et_pb_row_inner _builder_version=&#8221;3.27.3&#8243; custom_padding=&#8221;||5px||false|false&#8221;][et_pb_column_inner saved_specialty_column_type=&#8221;3_4&#8243; _builder_version=&#8221;3.27.3&#8243;][et_pb_text _builder_version=&#8221;4.0.9&#8243; custom_padding=&#8221;||0px|||&#8221;]<\/p>\n<h1><strong>Aiutiamo anche ora la nostra selvaggina<\/strong><\/h1>\n<h1><em style=\"font-size: 16px;\">11 dicembre 2020<\/em><\/h1>\n<p>[\/et_pb_text][\/et_pb_column_inner][\/et_pb_row_inner][et_pb_row_inner column_structure=&#8221;1_2,1_2&#8243; _builder_version=&#8221;3.27.3&#8243; custom_padding=&#8221;0px||5px||false|false&#8221;][et_pb_column_inner type=&#8221;1_2&#8243; saved_specialty_column_type=&#8221;3_4&#8243; _builder_version=&#8221;3.27.3&#8243;][et_pb_image src=&#8221;https:\/\/jagdverband.it\/wp-content\/uploads\/2020\/12\/Gams.jpg&#8221; show_in_lightbox=&#8221;on&#8221; _builder_version=&#8221;4.0.9&#8243;][\/et_pb_image][\/et_pb_column_inner][et_pb_column_inner type=&#8221;1_2&#8243; saved_specialty_column_type=&#8221;3_4&#8243; _builder_version=&#8221;3.27.3&#8243;][et_pb_text _builder_version=&#8221;4.0.9&#8243; custom_padding=&#8221;||10px|||&#8221; hover_enabled=&#8221;0&#8243;]<\/p>\n<p><!-- [if gte mso 9]><xml><\/p>\n\n\n\n\n<p><o:OfficeDocumentSettings><\/p>\n\n\n\n\n<p><o:AllowPNG\/><\/p>\n\n\n\n\n<p><\/o:OfficeDocumentSettings><\/p>\n\n\n\n\n<p><\/xml><![endif]--><\/p>\n<p>Gli animali selvatici affrontano importanti sfide in inverno. Chi fra loro non riuscir\u00e0 a gestire bene le proprie riserve energetiche rischia di non sopravvivere fino alla primavera.<\/p>\n<p><strong>Gli ungulati selvatici in \u201cmodalit\u00e0 risparmio\u201d<\/strong><\/p>\n<p>Il metabolismo di cervi, caprioli, camosci e stambecchi in inverno si riduce, il fabbisogno energetico diminuisce. Rispetto all&#8217;estate, i cervi e gli altri ruminanti selvatici che abitano le nostre montagne abbisognano di solo circa la met\u00e0 della quantit\u00e0 di cibo. Il loro tratto digestivo, il fegato e gli altri organi si restringono. Le <strong>riserve di grasso<\/strong> accumulate in estate e in autunno diventano essenziali per la sopravvivenza. I lunghi e rigidi inverni portano a perdite di selvaggina elevate. Nel 2009, ad esempio, in Alto Adige sono stati rinvenuti morti oltre 2.200 caprioli e 450 cervi.<\/p>\n<p><span style=\"color: #ff9900;\"><strong>Buono a sapersi:<\/strong> osservando il grasso del rene del capo abbattuto si pu\u00f2 capire se l&#8217;animale era ben o male nutrito. Il grasso del rene viene infatti intaccato solo quando tutti gli altri depositi sono stati utilizzati.<\/span><\/p>\n<p>[\/et_pb_text][\/et_pb_column_inner][\/et_pb_row_inner][et_pb_row_inner column_structure=&#8221;1_2,1_2&#8243; _builder_version=&#8221;3.27.3&#8243; custom_padding=&#8221;0px||5px||false|false&#8221;][et_pb_column_inner type=&#8221;1_2&#8243; saved_specialty_column_type=&#8221;3_4&#8243; _builder_version=&#8221;3.27.3&#8243;][et_pb_image src=&#8221;https:\/\/jagdverband.it\/wp-content\/uploads\/2020\/12\/Auerhahn.jpg&#8221; show_in_lightbox=&#8221;on&#8221; _builder_version=&#8221;4.0.9&#8243;][\/et_pb_image][\/et_pb_column_inner][et_pb_column_inner type=&#8221;1_2&#8243; saved_specialty_column_type=&#8221;3_4&#8243; _builder_version=&#8221;3.27.3&#8243;][et_pb_text _builder_version=&#8221;4.0.9&#8243; custom_padding=&#8221;||10px|||&#8221;]<\/p>\n<p><strong>Anche gli specialisti dell&#8217;inverno hanno difficolt\u00e0<\/strong><\/p>\n<p>I tetraonidi si adattano perfettamente all&#8217;inverno. Il loro fitto piumaggio, i \u201cpettini\u201d cornei laterali alle dita dei piedi, i lunghi ciechi intestinali per assimilare gemme e aghi, tutto ci\u00f2 aiuta i galliformi a superare la stagione pi\u00f9 fredda. Quando c&#8217;\u00e8 abbastanza neve, questi uccelli scavano delle buche nella neve e vi cercano riparo dal freddo. Tuttavia sono animali sensibili, soprattutto reagiscono fortemente ai <strong>disturbi<\/strong> causati, ad esempio, da parte degli scialpinisti. Il gallo cedrone \u00e8 considerato particolarmente sensibile. Non riesce ad abituarsi ai disturbi, perci\u00f2 evita del tutto le zone molto frequentate e perde cos\u00ec porzioni di prezioso habitat.<\/p>\n<p><strong>Evitare lo stress<\/strong><\/p>\n<p>Tutti gli animali selvatici reagiscono a eventi insoliti e improvvisi con lo stress. Il battito cardiaco e la frequenza respiratoria aumentano, l\u2019organismo rilascia ormoni dello stress. Il <strong>dispendio energetico<\/strong> \u00e8 elevato. Se non hanno la possibilit\u00e0 di compensare questo deficit con il riposo e l&#8217;assunzione di cibo supplementare, i selvatici perdono la loro condizione fisica. Diventano meno resistenti alle malattie e anche il loro successo riproduttivo pu\u00f2 risentirne negativamente.<\/p>\n<p>La selvaggina ha bisogno soprattutto di una cosa in inverno: <strong>tranquillit\u00e0<\/strong>. \u00c8 in questo che dovremmo aiutarla, disturbando e spaventando gli animali il meno possibile, anche tenendo i cani costantemente al guinzaglio quando siamo per i boschi. Cerchiamo di essere rispettosi, ove necessario, e di aiutare la nostra fauna a superare questo difficile momento.<\/p>\n<p>[\/et_pb_text][\/et_pb_column_inner][\/et_pb_row_inner][et_pb_row_inner column_structure=&#8221;undefined&#8221; _builder_version=&#8221;4.0.9&#8243; custom_padding=&#8221;0px||0px||false|false&#8221;][et_pb_column_inner type=&#8221;undefined&#8221; saved_specialty_column_type=&#8221;3_4&#8243; _builder_version=&#8221;3.27.3&#8243;][et_pb_divider color=&#8221;rgba(0,0,0,0.13)&#8221; _builder_version=&#8221;4.0.9&#8243; custom_margin=&#8221;||0px||false|false&#8221;][\/et_pb_divider][et_pb_button button_url=&#8221;https:\/\/jagdverband.it\/mitteilungen\/&#8221; button_text=&#8221;torna indietro&#8221; button_alignment=&#8221;center&#8221; _builder_version=&#8221;4.0.9&#8243;][\/et_pb_button][et_pb_divider color=&#8221;rgba(0,0,0,0.13)&#8221; _builder_version=&#8221;4.0.9&#8243; custom_margin=&#8221;25px||||false|false&#8221;][\/et_pb_divider][\/et_pb_column_inner][\/et_pb_row_inner][\/et_pb_column][et_pb_column type=&#8221;1_4&#8243; _builder_version=&#8221;3.25&#8243; custom_padding=&#8221;|||&#8221; custom_padding__hover=&#8221;|||&#8221;][et_pb_sidebar orientation=&#8221;right&#8221; _builder_version=&#8221;3.27.3&#8243;][\/et_pb_sidebar][\/et_pb_column][\/et_pb_section]<\/p>\n","protected":false},"excerpt":{"rendered":"<p>In Alto Adige \u00e8 arrivato l&#8217;inverno. Le forti nevicate degli ultimi giorni non rendono la vita facile nemmeno alla fauna selvatica. In questo periodo bisognerebbe evitare assolutamente di disturbarla &#8230;<\/p>\n","protected":false},"author":1,"featured_media":62663,"comment_status":"closed","ping_status":"closed","sticky":false,"template":"","format":"standard","meta":{"_et_pb_use_builder":"on","_et_pb_old_content":"","_et_gb_content_width":""},"categories":[163],"tags":[],"featured_image_src":"https:\/\/jagdverband.it\/wp-content\/uploads\/2020\/12\/Gams-1024x684.jpg","blog_images":{"medium":"https:\/\/jagdverband.it\/wp-content\/uploads\/2020\/12\/Gams-300x200.jpg","large":"https:\/\/jagdverband.it\/wp-content\/uploads\/2020\/12\/Gams-1024x684.jpg"},"ams_acf":[],"yoast_head":"<!-- This site is optimized with the Yoast SEO plugin v19.6 - https:\/\/yoast.com\/wordpress\/plugins\/seo\/ -->\n<title>Aiutiamo anche ora la nostra selvaggina - S\u00fcdtiroler Jagdverband<\/title>\n<meta name=\"robots\" content=\"index, follow, max-snippet:-1, max-image-preview:large, max-video-preview:-1\" \/>\n<link rel=\"canonical\" href=\"https:\/\/jagdverband.it\/it\/aiutiamo-la-nostra-selvaggina\/\" \/>\n<meta property=\"og:locale\" content=\"it_IT\" \/>\n<meta property=\"og:type\" content=\"article\" \/>\n<meta property=\"og:title\" content=\"Aiutiamo anche ora la nostra selvaggina - S\u00fcdtiroler Jagdverband\" \/>\n<meta property=\"og:description\" content=\"In Alto Adige \u00e8 arrivato l&#039;inverno. Le forti nevicate degli ultimi giorni non rendono la vita facile nemmeno alla fauna selvatica. In questo periodo bisognerebbe evitare assolutamente di disturbarla ...\" \/>\n<meta property=\"og:url\" content=\"https:\/\/jagdverband.it\/it\/aiutiamo-la-nostra-selvaggina\/\" \/>\n<meta property=\"og:site_name\" content=\"S\u00fcdtiroler Jagdverband\" \/>\n<meta property=\"article:published_time\" content=\"2020-12-11T09:21:08+00:00\" \/>\n<meta property=\"article:modified_time\" content=\"2020-12-14T10:24:01+00:00\" \/>\n<meta property=\"og:image\" content=\"https:\/\/jagdverband.it\/wp-content\/uploads\/2020\/12\/Gams.jpg\" \/>\n\t<meta property=\"og:image:width\" content=\"1280\" \/>\n\t<meta property=\"og:image:height\" content=\"855\" \/>\n\t<meta property=\"og:image:type\" content=\"image\/jpeg\" \/>\n<meta name=\"author\" content=\"admin\" \/>\n<meta name=\"twitter:card\" content=\"summary\" \/>\n<meta name=\"twitter:label1\" content=\"Scritto da\" \/>\n\t<meta name=\"twitter:data1\" content=\"admin\" \/>\n\t<meta name=\"twitter:label2\" content=\"Tempo di lettura stimato\" \/>\n\t<meta name=\"twitter:data2\" content=\"4 minuti\" \/>\n<script type=\"application\/ld+json\" class=\"yoast-schema-graph\">{\"@context\":\"https:\/\/schema.org\",\"@graph\":[{\"@type\":\"Article\",\"@id\":\"https:\/\/jagdverband.it\/it\/aiutiamo-la-nostra-selvaggina\/#article\",\"isPartOf\":{\"@id\":\"https:\/\/jagdverband.it\/it\/aiutiamo-la-nostra-selvaggina\/\"},\"author\":{\"name\":\"admin\",\"@id\":\"https:\/\/jagdverband.it\/it\/#\/schema\/person\/3e030b3a4aa7c391e09cd551afd6dc73\"},\"headline\":\"Aiutiamo anche ora la nostra selvaggina\",\"datePublished\":\"2020-12-11T09:21:08+00:00\",\"dateModified\":\"2020-12-14T10:24:01+00:00\",\"mainEntityOfPage\":{\"@id\":\"https:\/\/jagdverband.it\/it\/aiutiamo-la-nostra-selvaggina\/\"},\"wordCount\":742,\"publisher\":{\"@id\":\"https:\/\/jagdverband.it\/it\/#organization\"},\"articleSection\":[\"comunicazioni_it\"],\"inLanguage\":\"it-IT\"},{\"@type\":\"WebPage\",\"@id\":\"https:\/\/jagdverband.it\/it\/aiutiamo-la-nostra-selvaggina\/\",\"url\":\"https:\/\/jagdverband.it\/it\/aiutiamo-la-nostra-selvaggina\/\",\"name\":\"Aiutiamo anche ora la nostra selvaggina - S\u00fcdtiroler Jagdverband\",\"isPartOf\":{\"@id\":\"https:\/\/jagdverband.it\/it\/#website\"},\"datePublished\":\"2020-12-11T09:21:08+00:00\",\"dateModified\":\"2020-12-14T10:24:01+00:00\",\"breadcrumb\":{\"@id\":\"https:\/\/jagdverband.it\/it\/aiutiamo-la-nostra-selvaggina\/#breadcrumb\"},\"inLanguage\":\"it-IT\",\"potentialAction\":[{\"@type\":\"ReadAction\",\"target\":[\"https:\/\/jagdverband.it\/it\/aiutiamo-la-nostra-selvaggina\/\"]}]},{\"@type\":\"BreadcrumbList\",\"@id\":\"https:\/\/jagdverband.it\/it\/aiutiamo-la-nostra-selvaggina\/#breadcrumb\",\"itemListElement\":[{\"@type\":\"ListItem\",\"position\":1,\"name\":\"Home\",\"item\":\"https:\/\/jagdverband.it\/it\/\"},{\"@type\":\"ListItem\",\"position\":2,\"name\":\"Mitteilungen\",\"item\":\"https:\/\/jagdverband.it\/c\/mitteilungen\/\"},{\"@type\":\"ListItem\",\"position\":3,\"name\":\"Aiutiamo anche ora la nostra selvaggina\"}]},{\"@type\":\"WebSite\",\"@id\":\"https:\/\/jagdverband.it\/it\/#website\",\"url\":\"https:\/\/jagdverband.it\/it\/\",\"name\":\"S\u00fcdtiroler Jagdverband\",\"description\":\"S\u00fcdtiroler Jagdverband\",\"publisher\":{\"@id\":\"https:\/\/jagdverband.it\/it\/#organization\"},\"potentialAction\":[{\"@type\":\"SearchAction\",\"target\":{\"@type\":\"EntryPoint\",\"urlTemplate\":\"https:\/\/jagdverband.it\/it\/?s={search_term_string}\"},\"query-input\":\"required name=search_term_string\"}],\"inLanguage\":\"it-IT\"},{\"@type\":\"Organization\",\"@id\":\"https:\/\/jagdverband.it\/it\/#organization\",\"name\":\"S\u00fcdtiroler Jagdverband\",\"url\":\"https:\/\/jagdverband.it\/it\/\",\"sameAs\":[],\"logo\":{\"@type\":\"ImageObject\",\"inLanguage\":\"it-IT\",\"@id\":\"https:\/\/jagdverband.it\/it\/#\/schema\/logo\/image\/\",\"url\":\"\",\"contentUrl\":\"\",\"caption\":\"S\u00fcdtiroler Jagdverband\"},\"image\":{\"@id\":\"https:\/\/jagdverband.it\/it\/#\/schema\/logo\/image\/\"}},{\"@type\":\"Person\",\"@id\":\"https:\/\/jagdverband.it\/it\/#\/schema\/person\/3e030b3a4aa7c391e09cd551afd6dc73\",\"name\":\"admin\",\"image\":{\"@type\":\"ImageObject\",\"inLanguage\":\"it-IT\",\"@id\":\"https:\/\/jagdverband.it\/it\/#\/schema\/person\/image\/\",\"url\":\"https:\/\/secure.gravatar.com\/avatar\/badbf5eaa88657062fdcacb31218cc5c?s=96&d=blank&r=g\",\"contentUrl\":\"https:\/\/secure.gravatar.com\/avatar\/badbf5eaa88657062fdcacb31218cc5c?s=96&d=blank&r=g\",\"caption\":\"admin\"},\"url\":\"https:\/\/jagdverband.it\/it\/author\/admin\/\"}]}<\/script>\n<!-- \/ Yoast SEO plugin. -->","yoast_head_json":{"title":"Aiutiamo anche ora la nostra selvaggina - S\u00fcdtiroler Jagdverband","robots":{"index":"index","follow":"follow","max-snippet":"max-snippet:-1","max-image-preview":"max-image-preview:large","max-video-preview":"max-video-preview:-1"},"canonical":"https:\/\/jagdverband.it\/it\/aiutiamo-la-nostra-selvaggina\/","og_locale":"it_IT","og_type":"article","og_title":"Aiutiamo anche ora la nostra selvaggina - S\u00fcdtiroler Jagdverband","og_description":"In Alto Adige \u00e8 arrivato l'inverno. Le forti nevicate degli ultimi giorni non rendono la vita facile nemmeno alla fauna selvatica. In questo periodo bisognerebbe evitare assolutamente di disturbarla ...","og_url":"https:\/\/jagdverband.it\/it\/aiutiamo-la-nostra-selvaggina\/","og_site_name":"S\u00fcdtiroler Jagdverband","article_published_time":"2020-12-11T09:21:08+00:00","article_modified_time":"2020-12-14T10:24:01+00:00","og_image":[{"width":1280,"height":855,"url":"https:\/\/jagdverband.it\/wp-content\/uploads\/2020\/12\/Gams.jpg","type":"image\/jpeg"}],"author":"admin","twitter_card":"summary","twitter_misc":{"Scritto da":"admin","Tempo di lettura stimato":"4 minuti"},"schema":{"@context":"https:\/\/schema.org","@graph":[{"@type":"Article","@id":"https:\/\/jagdverband.it\/it\/aiutiamo-la-nostra-selvaggina\/#article","isPartOf":{"@id":"https:\/\/jagdverband.it\/it\/aiutiamo-la-nostra-selvaggina\/"},"author":{"name":"admin","@id":"https:\/\/jagdverband.it\/it\/#\/schema\/person\/3e030b3a4aa7c391e09cd551afd6dc73"},"headline":"Aiutiamo anche ora la nostra selvaggina","datePublished":"2020-12-11T09:21:08+00:00","dateModified":"2020-12-14T10:24:01+00:00","mainEntityOfPage":{"@id":"https:\/\/jagdverband.it\/it\/aiutiamo-la-nostra-selvaggina\/"},"wordCount":742,"publisher":{"@id":"https:\/\/jagdverband.it\/it\/#organization"},"articleSection":["comunicazioni_it"],"inLanguage":"it-IT"},{"@type":"WebPage","@id":"https:\/\/jagdverband.it\/it\/aiutiamo-la-nostra-selvaggina\/","url":"https:\/\/jagdverband.it\/it\/aiutiamo-la-nostra-selvaggina\/","name":"Aiutiamo anche ora la nostra selvaggina - S\u00fcdtiroler Jagdverband","isPartOf":{"@id":"https:\/\/jagdverband.it\/it\/#website"},"datePublished":"2020-12-11T09:21:08+00:00","dateModified":"2020-12-14T10:24:01+00:00","breadcrumb":{"@id":"https:\/\/jagdverband.it\/it\/aiutiamo-la-nostra-selvaggina\/#breadcrumb"},"inLanguage":"it-IT","potentialAction":[{"@type":"ReadAction","target":["https:\/\/jagdverband.it\/it\/aiutiamo-la-nostra-selvaggina\/"]}]},{"@type":"BreadcrumbList","@id":"https:\/\/jagdverband.it\/it\/aiutiamo-la-nostra-selvaggina\/#breadcrumb","itemListElement":[{"@type":"ListItem","position":1,"name":"Home","item":"https:\/\/jagdverband.it\/it\/"},{"@type":"ListItem","position":2,"name":"Mitteilungen","item":"https:\/\/jagdverband.it\/c\/mitteilungen\/"},{"@type":"ListItem","position":3,"name":"Aiutiamo anche ora la nostra selvaggina"}]},{"@type":"WebSite","@id":"https:\/\/jagdverband.it\/it\/#website","url":"https:\/\/jagdverband.it\/it\/","name":"S\u00fcdtiroler Jagdverband","description":"S\u00fcdtiroler Jagdverband","publisher":{"@id":"https:\/\/jagdverband.it\/it\/#organization"},"potentialAction":[{"@type":"SearchAction","target":{"@type":"EntryPoint","urlTemplate":"https:\/\/jagdverband.it\/it\/?s={search_term_string}"},"query-input":"required name=search_term_string"}],"inLanguage":"it-IT"},{"@type":"Organization","@id":"https:\/\/jagdverband.it\/it\/#organization","name":"S\u00fcdtiroler Jagdverband","url":"https:\/\/jagdverband.it\/it\/","sameAs":[],"logo":{"@type":"ImageObject","inLanguage":"it-IT","@id":"https:\/\/jagdverband.it\/it\/#\/schema\/logo\/image\/","url":"","contentUrl":"","caption":"S\u00fcdtiroler Jagdverband"},"image":{"@id":"https:\/\/jagdverband.it\/it\/#\/schema\/logo\/image\/"}},{"@type":"Person","@id":"https:\/\/jagdverband.it\/it\/#\/schema\/person\/3e030b3a4aa7c391e09cd551afd6dc73","name":"admin","image":{"@type":"ImageObject","inLanguage":"it-IT","@id":"https:\/\/jagdverband.it\/it\/#\/schema\/person\/image\/","url":"https:\/\/secure.gravatar.com\/avatar\/badbf5eaa88657062fdcacb31218cc5c?s=96&d=blank&r=g","contentUrl":"https:\/\/secure.gravatar.com\/avatar\/badbf5eaa88657062fdcacb31218cc5c?s=96&d=blank&r=g","caption":"admin"},"url":"https:\/\/jagdverband.it\/it\/author\/admin\/"}]}},"_links":{"self":[{"href":"https:\/\/jagdverband.it\/it\/wp-json\/wp\/v2\/posts\/62668"}],"collection":[{"href":"https:\/\/jagdverband.it\/it\/wp-json\/wp\/v2\/posts"}],"about":[{"href":"https:\/\/jagdverband.it\/it\/wp-json\/wp\/v2\/types\/post"}],"author":[{"embeddable":true,"href":"https:\/\/jagdverband.it\/it\/wp-json\/wp\/v2\/users\/1"}],"replies":[{"embeddable":true,"href":"https:\/\/jagdverband.it\/it\/wp-json\/wp\/v2\/comments?post=62668"}],"version-history":[{"count":0,"href":"https:\/\/jagdverband.it\/it\/wp-json\/wp\/v2\/posts\/62668\/revisions"}],"wp:featuredmedia":[{"embeddable":true,"href":"https:\/\/jagdverband.it\/it\/wp-json\/wp\/v2\/media\/62663"}],"wp:attachment":[{"href":"https:\/\/jagdverband.it\/it\/wp-json\/wp\/v2\/media?parent=62668"}],"wp:term":[{"taxonomy":"category","embeddable":true,"href":"https:\/\/jagdverband.it\/it\/wp-json\/wp\/v2\/categories?post=62668"},{"taxonomy":"post_tag","embeddable":true,"href":"https:\/\/jagdverband.it\/it\/wp-json\/wp\/v2\/tags?post=62668"}],"curies":[{"name":"wp","href":"https:\/\/api.w.org\/{rel}","templated":true}]}}