{"id":62257,"date":"2020-11-09T11:00:42","date_gmt":"2020-11-09T10:00:42","guid":{"rendered":"https:\/\/jagdverband.it\/?p=62257"},"modified":"2020-11-12T15:24:42","modified_gmt":"2020-11-12T14:24:42","slug":"caccia-agli-ungulati-ancora-permessa","status":"publish","type":"post","link":"https:\/\/jagdverband.it\/it\/caccia-agli-ungulati-ancora-permessa\/","title":{"rendered":"La caccia agli ungulati \u00e8 ancora permessa"},"content":{"rendered":"<p>[et_pb_section fb_built=&#8221;1&#8243; specialty=&#8221;on&#8221; _builder_version=&#8221;3.27.3&#8243;][et_pb_column type=&#8221;3_4&#8243; specialty_columns=&#8221;3&#8243; _builder_version=&#8221;3.25&#8243; custom_padding=&#8221;|||&#8221; custom_padding__hover=&#8221;|||&#8221;][et_pb_row_inner _builder_version=&#8221;3.27.3&#8243; custom_padding=&#8221;||5px||false|false&#8221;][et_pb_column_inner saved_specialty_column_type=&#8221;3_4&#8243; _builder_version=&#8221;3.27.3&#8243;][et_pb_text _builder_version=&#8221;4.0.9&#8243; custom_padding=&#8221;||0px|||&#8221;]<\/p>\n<h1><strong>La caccia agli ungulati \u00e8 ancora permessa <\/strong><\/h1>\n<h1><em style=\"font-size: 16px;\">9 novembre 2020<\/em><\/h1>\n<p>[\/et_pb_text][\/et_pb_column_inner][\/et_pb_row_inner][et_pb_row_inner column_structure=&#8221;1_2,1_2&#8243; _builder_version=&#8221;3.27.3&#8243; custom_padding=&#8221;0px||5px||false|false&#8221;][et_pb_column_inner type=&#8221;1_2&#8243; saved_specialty_column_type=&#8221;3_4&#8243; _builder_version=&#8221;3.27.3&#8243;][et_pb_image src=&#8221;https:\/\/jagdverband.it\/wp-content\/uploads\/2020\/11\/Gams_Grassi-Renato.jpg&#8221; show_in_lightbox=&#8221;on&#8221; _builder_version=&#8221;4.0.9&#8243;][\/et_pb_image][\/et_pb_column_inner][et_pb_column_inner type=&#8221;1_2&#8243; saved_specialty_column_type=&#8221;3_4&#8243; _builder_version=&#8221;3.27.3&#8243;][et_pb_text _builder_version=&#8221;4.0.9&#8243; custom_padding=&#8221;||10px|||&#8221; hover_enabled=&#8221;0&#8243;]<\/p>\n<p>Dalla mezzanotte scorsa \u00e8 entrata in vigore l\u2019ordinanza contingibile e urgente del Presidente della Provincia autonoma di Bolzano con la quale tutto l\u2019Alto Adige \u00e8 stato dichiarato zona rossa.<br \/> Questo comporta per la cittadinanza nuove restrizioni.<\/p>\n<p>Nell\u2019ordinanza sono contenuti, fra gli altri, i seguenti principi base:<\/p>\n<p><strong>a) Spostamenti in entrata o uscita dal territorio comunale<\/strong><br \/> \u00e8 vietato ogni spostamento in entrata e in uscita dai territori comunali, salvo per comprovate esigenze lavorative, per motivi di salute o per situazioni di necessit\u00e0 o urgenza;<br \/> <strong>b) Spostamenti all\u2019interno del territorio comunale<\/strong><br \/> all\u2019interno del territorio comunale sono consentiti solo gli spostamenti motivati da comprovate esigenze lavorative, motivi di salute o situazioni di necessit\u00e0 o d\u2019urgenza.<\/p>\n<p><strong>Cosa significa per l\u2019attivit\u00e0 venatoria?<\/strong><\/p>\n<p>Rimane consentito spostarsi <strong>solo per esercitare la caccia agli ungulati<\/strong>. Il prelievo di ungulati, come esplicitato da una lettera dell\u2019Amministrazione provinciale, costituisce situazione di necessit\u00e0 ai sensi delle misure anti Covid-19. L\u2019attuazione dei piani di prelievo degli ungulati \u00e8, come noto, obbligatoria, motivo per cui, nell\u2019interesse pubblico, questa attivit\u00e0 rimane consentita.<\/p>\n<p>Permesse sono anche le ricerche autorizzate di selvaggina malata o ferita.<\/p>\n<p>La caccia alla selvaggina bassa, invece, non rientrando fra le situazioni di necessit\u00e0, non \u00e8 attivit\u00e0 permessa ai sensi dell\u2019ordinanza contingibile e urgente del Presidente provinciale.<\/p>\n<p><strong>Come comportarsi in caso di controllo?<\/strong><\/p>\n<p>In caso di controllo, bisogna essere in grado di dimostrare che lo spostamento \u00e8 finalizzato a raggiungere la propria riserva dove, in quanto titolari di un permesso venatorio annuale o d\u2019ospite, si \u00e8 abilitati alla caccia agli ungulati. I titolari di permessi settimanali o giornalieri non sono in questo contesto autorizzati all\u2019attivit\u00e0 venatoria.<\/p>\n<p>In caso di controllo \u00e8 necessario avere con s\u00e9 e poter esibire i seguenti documenti:<\/p>\n<ul>\n<li>i propri documenti di caccia in corso di validit\u00e0 (permesso annuale o d\u2019ospite, porto d\u2019armi per uso caccia);<\/li>\n<li>la lettera dell\u2019Amministrazione provinciale riguardante la caccia agli ungulati<\/li>\n<li>un&#8217;autodichiarazione.<\/li>\n<\/ul>\n<p>Lo scritto dell\u2019Amministrazione provinciale \u00e8 scaricabile <a href=\"https:\/\/jagdverband.it\/wp-content\/uploads\/2018\/09\/FAQ-Domande-e-risposte-_-Protezione-civile-provincia-autonoma-di-Bolzano.pdf\">qui<\/a> e il modulo per l\u2019autocertificazione \u00e8 scaricabile\u00a0<a href=\"https:\/\/jagdverband.it\/wp-content\/uploads\/2018\/09\/Autodichiarazione_Caccia_10.11.2020.pdf\">qui<\/a>.<\/p>\n<p>Oltre a questa prima informativa generale, stiamo preparando una raccolta aggiornata delle domande pi\u00f9 frequenti e delle relative risposte.<\/p>\n<p>Siamo responsabili e diamo per primi il buon esempio!<\/p>\n<p>Vi teniamo aggiornati.<\/p>\n<p>&nbsp;<\/p>\n<p>Con un caloroso Weidmannsheil!<\/p>\n<p><strong>G\u00fcnther Rabensteiner<br \/> <\/strong><em>Presidente provinciale ACAA<\/em><strong><br \/> <\/strong><\/p>\n<p>[\/et_pb_text][\/et_pb_column_inner][\/et_pb_row_inner][et_pb_row_inner column_structure=&#8221;undefined&#8221; _builder_version=&#8221;4.0.9&#8243; custom_padding=&#8221;0px||0px||false|false&#8221;][et_pb_column_inner type=&#8221;undefined&#8221; saved_specialty_column_type=&#8221;3_4&#8243; _builder_version=&#8221;3.27.3&#8243;][et_pb_divider color=&#8221;rgba(0,0,0,0.13)&#8221; _builder_version=&#8221;4.0.9&#8243; custom_margin=&#8221;||0px||false|false&#8221;][\/et_pb_divider][et_pb_button button_url=&#8221;https:\/\/jagdverband.it\/mitteilungen\/&#8221; button_text=&#8221;torna indietro&#8221; button_alignment=&#8221;center&#8221; _builder_version=&#8221;4.0.9&#8243;][\/et_pb_button][et_pb_divider color=&#8221;rgba(0,0,0,0.13)&#8221; _builder_version=&#8221;4.0.9&#8243; custom_margin=&#8221;25px||||false|false&#8221;][\/et_pb_divider][\/et_pb_column_inner][\/et_pb_row_inner][\/et_pb_column][et_pb_column type=&#8221;1_4&#8243; _builder_version=&#8221;3.25&#8243; custom_padding=&#8221;|||&#8221; custom_padding__hover=&#8221;|||&#8221;][et_pb_sidebar orientation=&#8221;right&#8221; _builder_version=&#8221;3.27.3&#8243;][\/et_pb_sidebar][\/et_pb_column][\/et_pb_section]<\/p>\n","protected":false},"excerpt":{"rendered":"<p>Dalla mezzanotte scorsa \u00e8 entrata in vigore l\u2019ordinanza contingibile e urgente del Presidente della Provincia autonoma di Bolzano con la quale tutto l\u2019Alto Adige \u00e8 stato dichiarato zona rossa.<br \/>\nQuesto comporta per la cittadinanza nuove restrizioni.<\/p>\n<p>Nell\u2019ordinanza sono contenuti, fra gli altri, i seguenti principi base:<\/p>\n<p>a) Spostamenti in entrata o uscita dal territorio comunale<br \/>\n\u00e8 vietato ogni spostamento   &#8230;<\/p>\n","protected":false},"author":1,"featured_media":62247,"comment_status":"closed","ping_status":"closed","sticky":false,"template":"","format":"standard","meta":{"_et_pb_use_builder":"on","_et_pb_old_content":"","_et_gb_content_width":""},"categories":[163],"tags":[],"featured_image_src":"https:\/\/jagdverband.it\/wp-content\/uploads\/2020\/11\/Gams_Grassi-Renato-1024x683.jpg","blog_images":{"medium":"https:\/\/jagdverband.it\/wp-content\/uploads\/2020\/11\/Gams_Grassi-Renato-300x200.jpg","large":"https:\/\/jagdverband.it\/wp-content\/uploads\/2020\/11\/Gams_Grassi-Renato-1024x683.jpg"},"ams_acf":[],"yoast_head":"<!-- This site is optimized with the Yoast SEO plugin v19.6 - https:\/\/yoast.com\/wordpress\/plugins\/seo\/ -->\n<title>La caccia agli ungulati \u00e8 ancora permessa - S\u00fcdtiroler Jagdverband<\/title>\n<meta name=\"robots\" content=\"index, follow, max-snippet:-1, max-image-preview:large, max-video-preview:-1\" \/>\n<link rel=\"canonical\" href=\"https:\/\/jagdverband.it\/it\/caccia-agli-ungulati-ancora-permessa\/\" \/>\n<meta property=\"og:locale\" content=\"it_IT\" \/>\n<meta property=\"og:type\" content=\"article\" \/>\n<meta property=\"og:title\" content=\"La caccia agli ungulati \u00e8 ancora permessa - S\u00fcdtiroler Jagdverband\" \/>\n<meta property=\"og:description\" content=\"Dalla mezzanotte scorsa \u00e8 entrata in vigore l\u2019ordinanza contingibile e urgente del Presidente della Provincia autonoma di Bolzano con la quale tutto l\u2019Alto Adige \u00e8 stato dichiarato zona rossa. Questo comporta per la cittadinanza nuove restrizioni. Nell\u2019ordinanza sono contenuti, fra gli altri, i seguenti principi base: a) Spostamenti in entrata o uscita dal territorio comunale \u00e8 vietato ogni spostamento  ...\" \/>\n<meta property=\"og:url\" content=\"https:\/\/jagdverband.it\/it\/caccia-agli-ungulati-ancora-permessa\/\" \/>\n<meta property=\"og:site_name\" content=\"S\u00fcdtiroler Jagdverband\" \/>\n<meta property=\"article:published_time\" content=\"2020-11-09T10:00:42+00:00\" \/>\n<meta property=\"article:modified_time\" content=\"2020-11-12T14:24:42+00:00\" \/>\n<meta property=\"og:image\" content=\"https:\/\/jagdverband.it\/wp-content\/uploads\/2020\/11\/Gams_Grassi-Renato.jpg\" \/>\n\t<meta property=\"og:image:width\" content=\"2048\" \/>\n\t<meta property=\"og:image:height\" content=\"1365\" \/>\n\t<meta property=\"og:image:type\" content=\"image\/jpeg\" \/>\n<meta name=\"author\" content=\"admin\" \/>\n<meta name=\"twitter:card\" content=\"summary\" \/>\n<meta name=\"twitter:label1\" content=\"Scritto da\" \/>\n\t<meta name=\"twitter:data1\" content=\"admin\" \/>\n\t<meta name=\"twitter:label2\" content=\"Tempo di lettura stimato\" \/>\n\t<meta name=\"twitter:data2\" content=\"3 minuti\" \/>\n<script type=\"application\/ld+json\" class=\"yoast-schema-graph\">{\"@context\":\"https:\/\/schema.org\",\"@graph\":[{\"@type\":\"Article\",\"@id\":\"https:\/\/jagdverband.it\/it\/caccia-agli-ungulati-ancora-permessa\/#article\",\"isPartOf\":{\"@id\":\"https:\/\/jagdverband.it\/it\/caccia-agli-ungulati-ancora-permessa\/\"},\"author\":{\"name\":\"admin\",\"@id\":\"https:\/\/jagdverband.it\/it\/#\/schema\/person\/3e030b3a4aa7c391e09cd551afd6dc73\"},\"headline\":\"La caccia agli ungulati \u00e8 ancora permessa\",\"datePublished\":\"2020-11-09T10:00:42+00:00\",\"dateModified\":\"2020-11-12T14:24:42+00:00\",\"mainEntityOfPage\":{\"@id\":\"https:\/\/jagdverband.it\/it\/caccia-agli-ungulati-ancora-permessa\/\"},\"wordCount\":645,\"publisher\":{\"@id\":\"https:\/\/jagdverband.it\/it\/#organization\"},\"articleSection\":[\"comunicazioni_it\"],\"inLanguage\":\"it-IT\"},{\"@type\":\"WebPage\",\"@id\":\"https:\/\/jagdverband.it\/it\/caccia-agli-ungulati-ancora-permessa\/\",\"url\":\"https:\/\/jagdverband.it\/it\/caccia-agli-ungulati-ancora-permessa\/\",\"name\":\"La caccia agli ungulati \u00e8 ancora permessa - S\u00fcdtiroler Jagdverband\",\"isPartOf\":{\"@id\":\"https:\/\/jagdverband.it\/it\/#website\"},\"datePublished\":\"2020-11-09T10:00:42+00:00\",\"dateModified\":\"2020-11-12T14:24:42+00:00\",\"breadcrumb\":{\"@id\":\"https:\/\/jagdverband.it\/it\/caccia-agli-ungulati-ancora-permessa\/#breadcrumb\"},\"inLanguage\":\"it-IT\",\"potentialAction\":[{\"@type\":\"ReadAction\",\"target\":[\"https:\/\/jagdverband.it\/it\/caccia-agli-ungulati-ancora-permessa\/\"]}]},{\"@type\":\"BreadcrumbList\",\"@id\":\"https:\/\/jagdverband.it\/it\/caccia-agli-ungulati-ancora-permessa\/#breadcrumb\",\"itemListElement\":[{\"@type\":\"ListItem\",\"position\":1,\"name\":\"Home\",\"item\":\"https:\/\/jagdverband.it\/it\/\"},{\"@type\":\"ListItem\",\"position\":2,\"name\":\"comunicazioni_it\",\"item\":\"https:\/\/jagdverband.it\/it\/c\/comunicazioni-it\/\"},{\"@type\":\"ListItem\",\"position\":3,\"name\":\"La caccia agli ungulati \u00e8 ancora permessa\"}]},{\"@type\":\"WebSite\",\"@id\":\"https:\/\/jagdverband.it\/it\/#website\",\"url\":\"https:\/\/jagdverband.it\/it\/\",\"name\":\"S\u00fcdtiroler Jagdverband\",\"description\":\"S\u00fcdtiroler Jagdverband\",\"publisher\":{\"@id\":\"https:\/\/jagdverband.it\/it\/#organization\"},\"potentialAction\":[{\"@type\":\"SearchAction\",\"target\":{\"@type\":\"EntryPoint\",\"urlTemplate\":\"https:\/\/jagdverband.it\/it\/?s={search_term_string}\"},\"query-input\":\"required name=search_term_string\"}],\"inLanguage\":\"it-IT\"},{\"@type\":\"Organization\",\"@id\":\"https:\/\/jagdverband.it\/it\/#organization\",\"name\":\"S\u00fcdtiroler Jagdverband\",\"url\":\"https:\/\/jagdverband.it\/it\/\",\"sameAs\":[],\"logo\":{\"@type\":\"ImageObject\",\"inLanguage\":\"it-IT\",\"@id\":\"https:\/\/jagdverband.it\/it\/#\/schema\/logo\/image\/\",\"url\":\"\",\"contentUrl\":\"\",\"caption\":\"S\u00fcdtiroler Jagdverband\"},\"image\":{\"@id\":\"https:\/\/jagdverband.it\/it\/#\/schema\/logo\/image\/\"}},{\"@type\":\"Person\",\"@id\":\"https:\/\/jagdverband.it\/it\/#\/schema\/person\/3e030b3a4aa7c391e09cd551afd6dc73\",\"name\":\"admin\",\"image\":{\"@type\":\"ImageObject\",\"inLanguage\":\"it-IT\",\"@id\":\"https:\/\/jagdverband.it\/it\/#\/schema\/person\/image\/\",\"url\":\"https:\/\/secure.gravatar.com\/avatar\/badbf5eaa88657062fdcacb31218cc5c?s=96&d=blank&r=g\",\"contentUrl\":\"https:\/\/secure.gravatar.com\/avatar\/badbf5eaa88657062fdcacb31218cc5c?s=96&d=blank&r=g\",\"caption\":\"admin\"},\"url\":\"https:\/\/jagdverband.it\/it\/author\/admin\/\"}]}<\/script>\n<!-- \/ Yoast SEO plugin. -->","yoast_head_json":{"title":"La caccia agli ungulati \u00e8 ancora permessa - S\u00fcdtiroler Jagdverband","robots":{"index":"index","follow":"follow","max-snippet":"max-snippet:-1","max-image-preview":"max-image-preview:large","max-video-preview":"max-video-preview:-1"},"canonical":"https:\/\/jagdverband.it\/it\/caccia-agli-ungulati-ancora-permessa\/","og_locale":"it_IT","og_type":"article","og_title":"La caccia agli ungulati \u00e8 ancora permessa - S\u00fcdtiroler Jagdverband","og_description":"Dalla mezzanotte scorsa \u00e8 entrata in vigore l\u2019ordinanza contingibile e urgente del Presidente della Provincia autonoma di Bolzano con la quale tutto l\u2019Alto Adige \u00e8 stato dichiarato zona rossa. Questo comporta per la cittadinanza nuove restrizioni. Nell\u2019ordinanza sono contenuti, fra gli altri, i seguenti principi base: a) Spostamenti in entrata o uscita dal territorio comunale \u00e8 vietato ogni spostamento  ...","og_url":"https:\/\/jagdverband.it\/it\/caccia-agli-ungulati-ancora-permessa\/","og_site_name":"S\u00fcdtiroler Jagdverband","article_published_time":"2020-11-09T10:00:42+00:00","article_modified_time":"2020-11-12T14:24:42+00:00","og_image":[{"width":2048,"height":1365,"url":"https:\/\/jagdverband.it\/wp-content\/uploads\/2020\/11\/Gams_Grassi-Renato.jpg","type":"image\/jpeg"}],"author":"admin","twitter_card":"summary","twitter_misc":{"Scritto da":"admin","Tempo di lettura stimato":"3 minuti"},"schema":{"@context":"https:\/\/schema.org","@graph":[{"@type":"Article","@id":"https:\/\/jagdverband.it\/it\/caccia-agli-ungulati-ancora-permessa\/#article","isPartOf":{"@id":"https:\/\/jagdverband.it\/it\/caccia-agli-ungulati-ancora-permessa\/"},"author":{"name":"admin","@id":"https:\/\/jagdverband.it\/it\/#\/schema\/person\/3e030b3a4aa7c391e09cd551afd6dc73"},"headline":"La caccia agli ungulati \u00e8 ancora permessa","datePublished":"2020-11-09T10:00:42+00:00","dateModified":"2020-11-12T14:24:42+00:00","mainEntityOfPage":{"@id":"https:\/\/jagdverband.it\/it\/caccia-agli-ungulati-ancora-permessa\/"},"wordCount":645,"publisher":{"@id":"https:\/\/jagdverband.it\/it\/#organization"},"articleSection":["comunicazioni_it"],"inLanguage":"it-IT"},{"@type":"WebPage","@id":"https:\/\/jagdverband.it\/it\/caccia-agli-ungulati-ancora-permessa\/","url":"https:\/\/jagdverband.it\/it\/caccia-agli-ungulati-ancora-permessa\/","name":"La caccia agli ungulati \u00e8 ancora permessa - S\u00fcdtiroler Jagdverband","isPartOf":{"@id":"https:\/\/jagdverband.it\/it\/#website"},"datePublished":"2020-11-09T10:00:42+00:00","dateModified":"2020-11-12T14:24:42+00:00","breadcrumb":{"@id":"https:\/\/jagdverband.it\/it\/caccia-agli-ungulati-ancora-permessa\/#breadcrumb"},"inLanguage":"it-IT","potentialAction":[{"@type":"ReadAction","target":["https:\/\/jagdverband.it\/it\/caccia-agli-ungulati-ancora-permessa\/"]}]},{"@type":"BreadcrumbList","@id":"https:\/\/jagdverband.it\/it\/caccia-agli-ungulati-ancora-permessa\/#breadcrumb","itemListElement":[{"@type":"ListItem","position":1,"name":"Home","item":"https:\/\/jagdverband.it\/it\/"},{"@type":"ListItem","position":2,"name":"comunicazioni_it","item":"https:\/\/jagdverband.it\/it\/c\/comunicazioni-it\/"},{"@type":"ListItem","position":3,"name":"La caccia agli ungulati \u00e8 ancora permessa"}]},{"@type":"WebSite","@id":"https:\/\/jagdverband.it\/it\/#website","url":"https:\/\/jagdverband.it\/it\/","name":"S\u00fcdtiroler Jagdverband","description":"S\u00fcdtiroler Jagdverband","publisher":{"@id":"https:\/\/jagdverband.it\/it\/#organization"},"potentialAction":[{"@type":"SearchAction","target":{"@type":"EntryPoint","urlTemplate":"https:\/\/jagdverband.it\/it\/?s={search_term_string}"},"query-input":"required name=search_term_string"}],"inLanguage":"it-IT"},{"@type":"Organization","@id":"https:\/\/jagdverband.it\/it\/#organization","name":"S\u00fcdtiroler Jagdverband","url":"https:\/\/jagdverband.it\/it\/","sameAs":[],"logo":{"@type":"ImageObject","inLanguage":"it-IT","@id":"https:\/\/jagdverband.it\/it\/#\/schema\/logo\/image\/","url":"","contentUrl":"","caption":"S\u00fcdtiroler Jagdverband"},"image":{"@id":"https:\/\/jagdverband.it\/it\/#\/schema\/logo\/image\/"}},{"@type":"Person","@id":"https:\/\/jagdverband.it\/it\/#\/schema\/person\/3e030b3a4aa7c391e09cd551afd6dc73","name":"admin","image":{"@type":"ImageObject","inLanguage":"it-IT","@id":"https:\/\/jagdverband.it\/it\/#\/schema\/person\/image\/","url":"https:\/\/secure.gravatar.com\/avatar\/badbf5eaa88657062fdcacb31218cc5c?s=96&d=blank&r=g","contentUrl":"https:\/\/secure.gravatar.com\/avatar\/badbf5eaa88657062fdcacb31218cc5c?s=96&d=blank&r=g","caption":"admin"},"url":"https:\/\/jagdverband.it\/it\/author\/admin\/"}]}},"_links":{"self":[{"href":"https:\/\/jagdverband.it\/it\/wp-json\/wp\/v2\/posts\/62257"}],"collection":[{"href":"https:\/\/jagdverband.it\/it\/wp-json\/wp\/v2\/posts"}],"about":[{"href":"https:\/\/jagdverband.it\/it\/wp-json\/wp\/v2\/types\/post"}],"author":[{"embeddable":true,"href":"https:\/\/jagdverband.it\/it\/wp-json\/wp\/v2\/users\/1"}],"replies":[{"embeddable":true,"href":"https:\/\/jagdverband.it\/it\/wp-json\/wp\/v2\/comments?post=62257"}],"version-history":[{"count":0,"href":"https:\/\/jagdverband.it\/it\/wp-json\/wp\/v2\/posts\/62257\/revisions"}],"wp:featuredmedia":[{"embeddable":true,"href":"https:\/\/jagdverband.it\/it\/wp-json\/wp\/v2\/media\/62247"}],"wp:attachment":[{"href":"https:\/\/jagdverband.it\/it\/wp-json\/wp\/v2\/media?parent=62257"}],"wp:term":[{"taxonomy":"category","embeddable":true,"href":"https:\/\/jagdverband.it\/it\/wp-json\/wp\/v2\/categories?post=62257"},{"taxonomy":"post_tag","embeddable":true,"href":"https:\/\/jagdverband.it\/it\/wp-json\/wp\/v2\/tags?post=62257"}],"curies":[{"name":"wp","href":"https:\/\/api.w.org\/{rel}","templated":true}]}}