{"id":62001,"date":"2020-10-07T14:40:48","date_gmt":"2020-10-07T12:40:48","guid":{"rendered":"https:\/\/jagdverband.it\/?p=62001"},"modified":"2020-10-07T16:03:50","modified_gmt":"2020-10-07T14:03:50","slug":"tempo-di-bramiti","status":"publish","type":"post","link":"https:\/\/jagdverband.it\/it\/tempo-di-bramiti\/","title":{"rendered":"Tempo di bramiti \u2013 periodo concitato per i nostri cervi"},"content":{"rendered":"<p>[et_pb_section fb_built=&#8221;1&#8243; specialty=&#8221;on&#8221; _builder_version=&#8221;3.27.3&#8243;][et_pb_column type=&#8221;3_4&#8243; specialty_columns=&#8221;3&#8243; _builder_version=&#8221;3.25&#8243; custom_padding=&#8221;|||&#8221; custom_padding__hover=&#8221;|||&#8221;][et_pb_row_inner _builder_version=&#8221;3.27.3&#8243; custom_padding=&#8221;||5px||false|false&#8221;][et_pb_column_inner saved_specialty_column_type=&#8221;3_4&#8243; _builder_version=&#8221;3.27.3&#8243;][et_pb_text _builder_version=&#8221;4.0.9&#8243; custom_padding=&#8221;||0px|||&#8221;]<\/p>\n<h1><strong>Tempo di bramiti \u2013 periodo concitato per i nostri cervi<\/strong><\/h1>\n<h1><em style=\"font-size: 16px;\">7 ottobre 2020<\/em><\/h1>\n<p>[\/et_pb_text][\/et_pb_column_inner][\/et_pb_row_inner][et_pb_row_inner column_structure=&#8221;1_2,1_2&#8243; _builder_version=&#8221;3.27.3&#8243; custom_padding=&#8221;0px||5px||false|false&#8221;][et_pb_column_inner type=&#8221;1_2&#8243; saved_specialty_column_type=&#8221;3_4&#8243; _builder_version=&#8221;3.27.3&#8243;][et_pb_image src=&#8221;https:\/\/jagdverband.it\/wp-content\/uploads\/2020\/10\/brunfthirsch_giulianocrameri.jpg&#8221; show_in_lightbox=&#8221;on&#8221; _builder_version=&#8221;4.0.9&#8243;][\/et_pb_image][\/et_pb_column_inner][et_pb_column_inner type=&#8221;1_2&#8243; saved_specialty_column_type=&#8221;3_4&#8243; _builder_version=&#8221;3.27.3&#8243;][et_pb_text _builder_version=&#8221;4.0.9&#8243; custom_padding=&#8221;||10px|||&#8221;]<\/p>\n<p><strong>L\u2019orologio biologico in montagna ha un proprio ritmo <\/strong><\/p>\n<p>Nelle pianure dell&#8217;Europa dell&#8217;Est, i primi cervi si fanno sentire gi\u00e0 all&#8217;inizio di settembre. Qui da noi, in montagna, il segnale di partenza viene dato solo a met\u00e0 settembre e la stagione degli amori termina lentamente a met\u00e0 ottobre.\u00a0 Dal punto di vista ecologico questo ritardo ha senso. I nostri cervi guadagnano tempo per accumulare ulteriori riserve di grasso in vista dell\u2019estenuante periodo degli accoppiamenti e per l&#8217;inverno che li aspetta. Poich\u00e9 durante gli amori perdono circa il 20% del loro peso corporeo, questo bonus temporale \u00e8 molto vantaggioso per i nostri cervi. Il vantaggio \u00e8 anche a favore delle cerve e della prole futura: le femmine vengono coperte dopo e quindi partoriscono pi\u00f9 tardi nel tempo. I cerbiatti nascono cos\u00ec in un momento in cui finalmente inizia la primavera, anche in montagna, e quindi \u00e8 disponibile un&#8217;alimentazione di alta qualit\u00e0 sia per le cerve che per i loro piccoli.<\/p>\n<p>[\/et_pb_text][\/et_pb_column_inner][\/et_pb_row_inner][et_pb_row_inner column_structure=&#8221;1_2,1_2&#8243; _builder_version=&#8221;3.27.3&#8243; custom_padding=&#8221;0px||5px||false|false&#8221;][et_pb_column_inner type=&#8221;1_2&#8243; saved_specialty_column_type=&#8221;3_4&#8243; _builder_version=&#8221;3.27.3&#8243;][et_pb_image src=&#8221;https:\/\/jagdverband.it\/wp-content\/uploads\/2018\/09\/Elisabetta-Grassi-2.jpg&#8221; show_in_lightbox=&#8221;on&#8221; _builder_version=&#8221;4.0.9&#8243; hover_enabled=&#8221;0&#8243;][\/et_pb_image][\/et_pb_column_inner][et_pb_column_inner type=&#8221;1_2&#8243; saved_specialty_column_type=&#8221;3_4&#8243; _builder_version=&#8221;3.27.3&#8243;][et_pb_text _builder_version=&#8221;4.0.9&#8243; custom_padding=&#8221;||10px|||&#8221; hover_enabled=&#8221;0&#8243;]<\/p>\n<p><strong>Gli ormoni fanno la differenza<\/strong><\/p>\n<p>La predisposizione agli amori \u00e8 dettata nei cervi dal cambiamento della durata del giorno. Gli ormoni specifici sono attivati dall&#8217;alternarsi fra la notte e il giorno. Nel maschio questo accade un po&#8217; prima che nella cerva, cio\u00e8 alla fine di agosto. Il livello ormonale in aumento influenza il comportamento e l&#8217;odore emanato dal cervo. I testicoli iniziano a produrre lo sperma. Il cervo ora mostra i modelli di comportamento tipici, come il bramito o gli schizzi di urina.<\/p>\n<p>Nelle femmine, gli ormoni innescano la maturazione degli ovuli. Si presume che le femmine siano in grado di coordinare fra di loro i tempi in modo da mantenere il periodo degli amori il pi\u00f9 breve possibile. Il trucco: le femmine in calore espellono piccole quantit\u00e0 di feromoni che incoraggiano le altre cerve non ancora in calore a seguirle.<\/p>\n<p>[\/et_pb_text][\/et_pb_column_inner][\/et_pb_row_inner][et_pb_row_inner column_structure=&#8221;1_2,1_2&#8243; _builder_version=&#8221;3.27.3&#8243; custom_padding=&#8221;0px||5px||false|false&#8221;][et_pb_column_inner type=&#8221;1_2&#8243; saved_specialty_column_type=&#8221;3_4&#8243; _builder_version=&#8221;3.27.3&#8243;][et_pb_image src=&#8221;https:\/\/jagdverband.it\/wp-content\/uploads\/2018\/09\/Rothirsch_Guadagnini.jpg&#8221; show_in_lightbox=&#8221;on&#8221; _builder_version=&#8221;4.0.9&#8243; hover_enabled=&#8221;0&#8243;][\/et_pb_image][\/et_pb_column_inner][et_pb_column_inner type=&#8221;1_2&#8243; saved_specialty_column_type=&#8221;3_4&#8243; _builder_version=&#8221;3.27.3&#8243;][et_pb_text _builder_version=&#8221;4.0.9&#8243; custom_padding=&#8221;||10px|||&#8221; hover_enabled=&#8221;0&#8243;]<\/p>\n<p><em><span style=\"color: #ff9900;\"><strong>Buono a sapersi:<\/strong> l&#8217;urina di cervo contiene profumi durante il periodo degli amori che influenzano la predisposizione all\u2019accoppiamento delle femmine. \u00c8 solo attraverso un complesso corteggiamento dei maschi che anche le femmine entrano finalmente nell&#8217;umore giusto.<\/span> <\/em><\/p>\n<p><strong>L&#8217;esperienza fa la differenza<\/strong><\/p>\n<p>I cervi maturi sono particolarmente importanti per il successo del periodo degli amori, che deve essere breve e coordinato, in modo che i parti in primavera siano possibilmente precoci e uniformi. Se nella popolazione mancano i cervi pi\u00f9 esperti, saranno i giovani a dare il ritmo. A causa della loro inesperienza, per\u00f2, il periodo degli amori spesso si protrae notevolmente. I cerbiatti partoriti pi\u00f9 tardi trovano di solito condizioni peggiori nel loro habitat rispetto ai cerbiatti partoriti precocemente.<\/p>\n<p>[\/et_pb_text][\/et_pb_column_inner][\/et_pb_row_inner][et_pb_row_inner column_structure=&#8221;undefined&#8221; _builder_version=&#8221;4.0.9&#8243; custom_padding=&#8221;0px||0px||false|false&#8221;][et_pb_column_inner type=&#8221;undefined&#8221; saved_specialty_column_type=&#8221;3_4&#8243; _builder_version=&#8221;3.27.3&#8243;][et_pb_divider color=&#8221;rgba(0,0,0,0.13)&#8221; _builder_version=&#8221;4.0.9&#8243; custom_margin=&#8221;||0px||false|false&#8221;][\/et_pb_divider][et_pb_button button_url=&#8221;https:\/\/jagdverband.it\/mitteilungen\/&#8221; button_text=&#8221;torna indietro&#8221; button_alignment=&#8221;center&#8221; _builder_version=&#8221;4.0.9&#8243;][\/et_pb_button][et_pb_divider color=&#8221;rgba(0,0,0,0.13)&#8221; _builder_version=&#8221;4.0.9&#8243; custom_margin=&#8221;25px||||false|false&#8221;][\/et_pb_divider][\/et_pb_column_inner][\/et_pb_row_inner][\/et_pb_column][et_pb_column type=&#8221;1_4&#8243; _builder_version=&#8221;3.25&#8243; custom_padding=&#8221;|||&#8221; custom_padding__hover=&#8221;|||&#8221;][et_pb_sidebar orientation=&#8221;right&#8221; _builder_version=&#8221;3.27.3&#8243;][\/et_pb_sidebar][\/et_pb_column][\/et_pb_section]<\/p>\n","protected":false},"excerpt":{"rendered":"<p>La predisposizione agli amori \u00e8 dettata nei cervi dal cambiamento della durata del giorno. Il livello ormonale in aumento influenza il comportamento e l&#8217;odore emanato dal cervo &#8230;<\/p>\n","protected":false},"author":1,"featured_media":61995,"comment_status":"closed","ping_status":"closed","sticky":false,"template":"","format":"standard","meta":{"_et_pb_use_builder":"on","_et_pb_old_content":"","_et_gb_content_width":""},"categories":[163],"tags":[],"featured_image_src":"https:\/\/jagdverband.it\/wp-content\/uploads\/2020\/10\/brunfthirsch_giulianocrameri-1024x683.jpg","blog_images":{"medium":"https:\/\/jagdverband.it\/wp-content\/uploads\/2020\/10\/brunfthirsch_giulianocrameri-300x200.jpg","large":"https:\/\/jagdverband.it\/wp-content\/uploads\/2020\/10\/brunfthirsch_giulianocrameri-1024x683.jpg"},"ams_acf":[],"yoast_head":"<!-- This site is optimized with the Yoast SEO plugin v19.6 - https:\/\/yoast.com\/wordpress\/plugins\/seo\/ -->\n<title>Tempo di bramiti \u2013 periodo concitato per i nostri cervi - S\u00fcdtiroler Jagdverband<\/title>\n<meta name=\"robots\" content=\"index, follow, max-snippet:-1, max-image-preview:large, max-video-preview:-1\" \/>\n<link rel=\"canonical\" href=\"https:\/\/jagdverband.it\/it\/tempo-di-bramiti\/\" \/>\n<meta property=\"og:locale\" content=\"it_IT\" \/>\n<meta property=\"og:type\" content=\"article\" \/>\n<meta property=\"og:title\" content=\"Tempo di bramiti \u2013 periodo concitato per i nostri cervi - S\u00fcdtiroler Jagdverband\" \/>\n<meta property=\"og:description\" content=\"La predisposizione agli amori \u00e8 dettata nei cervi dal cambiamento della durata del giorno. Il livello ormonale in aumento influenza il comportamento e l&#039;odore emanato dal cervo ...\" \/>\n<meta property=\"og:url\" content=\"https:\/\/jagdverband.it\/it\/tempo-di-bramiti\/\" \/>\n<meta property=\"og:site_name\" content=\"S\u00fcdtiroler Jagdverband\" \/>\n<meta property=\"article:published_time\" content=\"2020-10-07T12:40:48+00:00\" \/>\n<meta property=\"article:modified_time\" content=\"2020-10-07T14:03:50+00:00\" \/>\n<meta property=\"og:image\" content=\"https:\/\/jagdverband.it\/wp-content\/uploads\/2020\/10\/brunfthirsch_giulianocrameri.jpg\" \/>\n\t<meta property=\"og:image:width\" content=\"1280\" \/>\n\t<meta property=\"og:image:height\" content=\"854\" \/>\n\t<meta property=\"og:image:type\" content=\"image\/jpeg\" \/>\n<meta name=\"author\" content=\"admin\" \/>\n<meta name=\"twitter:card\" content=\"summary\" \/>\n<meta name=\"twitter:label1\" content=\"Scritto da\" \/>\n\t<meta name=\"twitter:data1\" content=\"admin\" \/>\n\t<meta name=\"twitter:label2\" content=\"Tempo di lettura stimato\" \/>\n\t<meta name=\"twitter:data2\" content=\"4 minuti\" \/>\n<script type=\"application\/ld+json\" class=\"yoast-schema-graph\">{\"@context\":\"https:\/\/schema.org\",\"@graph\":[{\"@type\":\"Article\",\"@id\":\"https:\/\/jagdverband.it\/it\/tempo-di-bramiti\/#article\",\"isPartOf\":{\"@id\":\"https:\/\/jagdverband.it\/it\/tempo-di-bramiti\/\"},\"author\":{\"name\":\"admin\",\"@id\":\"https:\/\/jagdverband.it\/it\/#\/schema\/person\/3e030b3a4aa7c391e09cd551afd6dc73\"},\"headline\":\"Tempo di bramiti \u2013 periodo concitato per i nostri cervi\",\"datePublished\":\"2020-10-07T12:40:48+00:00\",\"dateModified\":\"2020-10-07T14:03:50+00:00\",\"mainEntityOfPage\":{\"@id\":\"https:\/\/jagdverband.it\/it\/tempo-di-bramiti\/\"},\"wordCount\":858,\"publisher\":{\"@id\":\"https:\/\/jagdverband.it\/it\/#organization\"},\"articleSection\":[\"comunicazioni_it\"],\"inLanguage\":\"it-IT\"},{\"@type\":\"WebPage\",\"@id\":\"https:\/\/jagdverband.it\/it\/tempo-di-bramiti\/\",\"url\":\"https:\/\/jagdverband.it\/it\/tempo-di-bramiti\/\",\"name\":\"Tempo di bramiti \u2013 periodo concitato per i nostri cervi - S\u00fcdtiroler Jagdverband\",\"isPartOf\":{\"@id\":\"https:\/\/jagdverband.it\/it\/#website\"},\"datePublished\":\"2020-10-07T12:40:48+00:00\",\"dateModified\":\"2020-10-07T14:03:50+00:00\",\"breadcrumb\":{\"@id\":\"https:\/\/jagdverband.it\/it\/tempo-di-bramiti\/#breadcrumb\"},\"inLanguage\":\"it-IT\",\"potentialAction\":[{\"@type\":\"ReadAction\",\"target\":[\"https:\/\/jagdverband.it\/it\/tempo-di-bramiti\/\"]}]},{\"@type\":\"BreadcrumbList\",\"@id\":\"https:\/\/jagdverband.it\/it\/tempo-di-bramiti\/#breadcrumb\",\"itemListElement\":[{\"@type\":\"ListItem\",\"position\":1,\"name\":\"Home\",\"item\":\"https:\/\/jagdverband.it\/it\/\"},{\"@type\":\"ListItem\",\"position\":2,\"name\":\"Mitteilungen\",\"item\":\"https:\/\/jagdverband.it\/c\/mitteilungen\/\"},{\"@type\":\"ListItem\",\"position\":3,\"name\":\"Tempo di bramiti \u2013 periodo concitato per i nostri cervi\"}]},{\"@type\":\"WebSite\",\"@id\":\"https:\/\/jagdverband.it\/it\/#website\",\"url\":\"https:\/\/jagdverband.it\/it\/\",\"name\":\"S\u00fcdtiroler Jagdverband\",\"description\":\"S\u00fcdtiroler Jagdverband\",\"publisher\":{\"@id\":\"https:\/\/jagdverband.it\/it\/#organization\"},\"potentialAction\":[{\"@type\":\"SearchAction\",\"target\":{\"@type\":\"EntryPoint\",\"urlTemplate\":\"https:\/\/jagdverband.it\/it\/?s={search_term_string}\"},\"query-input\":\"required name=search_term_string\"}],\"inLanguage\":\"it-IT\"},{\"@type\":\"Organization\",\"@id\":\"https:\/\/jagdverband.it\/it\/#organization\",\"name\":\"S\u00fcdtiroler Jagdverband\",\"url\":\"https:\/\/jagdverband.it\/it\/\",\"sameAs\":[],\"logo\":{\"@type\":\"ImageObject\",\"inLanguage\":\"it-IT\",\"@id\":\"https:\/\/jagdverband.it\/it\/#\/schema\/logo\/image\/\",\"url\":\"\",\"contentUrl\":\"\",\"caption\":\"S\u00fcdtiroler Jagdverband\"},\"image\":{\"@id\":\"https:\/\/jagdverband.it\/it\/#\/schema\/logo\/image\/\"}},{\"@type\":\"Person\",\"@id\":\"https:\/\/jagdverband.it\/it\/#\/schema\/person\/3e030b3a4aa7c391e09cd551afd6dc73\",\"name\":\"admin\",\"image\":{\"@type\":\"ImageObject\",\"inLanguage\":\"it-IT\",\"@id\":\"https:\/\/jagdverband.it\/it\/#\/schema\/person\/image\/\",\"url\":\"https:\/\/secure.gravatar.com\/avatar\/badbf5eaa88657062fdcacb31218cc5c?s=96&d=blank&r=g\",\"contentUrl\":\"https:\/\/secure.gravatar.com\/avatar\/badbf5eaa88657062fdcacb31218cc5c?s=96&d=blank&r=g\",\"caption\":\"admin\"},\"url\":\"https:\/\/jagdverband.it\/it\/author\/admin\/\"}]}<\/script>\n<!-- \/ Yoast SEO plugin. -->","yoast_head_json":{"title":"Tempo di bramiti \u2013 periodo concitato per i nostri cervi - S\u00fcdtiroler Jagdverband","robots":{"index":"index","follow":"follow","max-snippet":"max-snippet:-1","max-image-preview":"max-image-preview:large","max-video-preview":"max-video-preview:-1"},"canonical":"https:\/\/jagdverband.it\/it\/tempo-di-bramiti\/","og_locale":"it_IT","og_type":"article","og_title":"Tempo di bramiti \u2013 periodo concitato per i nostri cervi - S\u00fcdtiroler Jagdverband","og_description":"La predisposizione agli amori \u00e8 dettata nei cervi dal cambiamento della durata del giorno. Il livello ormonale in aumento influenza il comportamento e l'odore emanato dal cervo ...","og_url":"https:\/\/jagdverband.it\/it\/tempo-di-bramiti\/","og_site_name":"S\u00fcdtiroler Jagdverband","article_published_time":"2020-10-07T12:40:48+00:00","article_modified_time":"2020-10-07T14:03:50+00:00","og_image":[{"width":1280,"height":854,"url":"https:\/\/jagdverband.it\/wp-content\/uploads\/2020\/10\/brunfthirsch_giulianocrameri.jpg","type":"image\/jpeg"}],"author":"admin","twitter_card":"summary","twitter_misc":{"Scritto da":"admin","Tempo di lettura stimato":"4 minuti"},"schema":{"@context":"https:\/\/schema.org","@graph":[{"@type":"Article","@id":"https:\/\/jagdverband.it\/it\/tempo-di-bramiti\/#article","isPartOf":{"@id":"https:\/\/jagdverband.it\/it\/tempo-di-bramiti\/"},"author":{"name":"admin","@id":"https:\/\/jagdverband.it\/it\/#\/schema\/person\/3e030b3a4aa7c391e09cd551afd6dc73"},"headline":"Tempo di bramiti \u2013 periodo concitato per i nostri cervi","datePublished":"2020-10-07T12:40:48+00:00","dateModified":"2020-10-07T14:03:50+00:00","mainEntityOfPage":{"@id":"https:\/\/jagdverband.it\/it\/tempo-di-bramiti\/"},"wordCount":858,"publisher":{"@id":"https:\/\/jagdverband.it\/it\/#organization"},"articleSection":["comunicazioni_it"],"inLanguage":"it-IT"},{"@type":"WebPage","@id":"https:\/\/jagdverband.it\/it\/tempo-di-bramiti\/","url":"https:\/\/jagdverband.it\/it\/tempo-di-bramiti\/","name":"Tempo di bramiti \u2013 periodo concitato per i nostri cervi - S\u00fcdtiroler Jagdverband","isPartOf":{"@id":"https:\/\/jagdverband.it\/it\/#website"},"datePublished":"2020-10-07T12:40:48+00:00","dateModified":"2020-10-07T14:03:50+00:00","breadcrumb":{"@id":"https:\/\/jagdverband.it\/it\/tempo-di-bramiti\/#breadcrumb"},"inLanguage":"it-IT","potentialAction":[{"@type":"ReadAction","target":["https:\/\/jagdverband.it\/it\/tempo-di-bramiti\/"]}]},{"@type":"BreadcrumbList","@id":"https:\/\/jagdverband.it\/it\/tempo-di-bramiti\/#breadcrumb","itemListElement":[{"@type":"ListItem","position":1,"name":"Home","item":"https:\/\/jagdverband.it\/it\/"},{"@type":"ListItem","position":2,"name":"Mitteilungen","item":"https:\/\/jagdverband.it\/c\/mitteilungen\/"},{"@type":"ListItem","position":3,"name":"Tempo di bramiti \u2013 periodo concitato per i nostri cervi"}]},{"@type":"WebSite","@id":"https:\/\/jagdverband.it\/it\/#website","url":"https:\/\/jagdverband.it\/it\/","name":"S\u00fcdtiroler Jagdverband","description":"S\u00fcdtiroler Jagdverband","publisher":{"@id":"https:\/\/jagdverband.it\/it\/#organization"},"potentialAction":[{"@type":"SearchAction","target":{"@type":"EntryPoint","urlTemplate":"https:\/\/jagdverband.it\/it\/?s={search_term_string}"},"query-input":"required name=search_term_string"}],"inLanguage":"it-IT"},{"@type":"Organization","@id":"https:\/\/jagdverband.it\/it\/#organization","name":"S\u00fcdtiroler Jagdverband","url":"https:\/\/jagdverband.it\/it\/","sameAs":[],"logo":{"@type":"ImageObject","inLanguage":"it-IT","@id":"https:\/\/jagdverband.it\/it\/#\/schema\/logo\/image\/","url":"","contentUrl":"","caption":"S\u00fcdtiroler Jagdverband"},"image":{"@id":"https:\/\/jagdverband.it\/it\/#\/schema\/logo\/image\/"}},{"@type":"Person","@id":"https:\/\/jagdverband.it\/it\/#\/schema\/person\/3e030b3a4aa7c391e09cd551afd6dc73","name":"admin","image":{"@type":"ImageObject","inLanguage":"it-IT","@id":"https:\/\/jagdverband.it\/it\/#\/schema\/person\/image\/","url":"https:\/\/secure.gravatar.com\/avatar\/badbf5eaa88657062fdcacb31218cc5c?s=96&d=blank&r=g","contentUrl":"https:\/\/secure.gravatar.com\/avatar\/badbf5eaa88657062fdcacb31218cc5c?s=96&d=blank&r=g","caption":"admin"},"url":"https:\/\/jagdverband.it\/it\/author\/admin\/"}]}},"_links":{"self":[{"href":"https:\/\/jagdverband.it\/it\/wp-json\/wp\/v2\/posts\/62001"}],"collection":[{"href":"https:\/\/jagdverband.it\/it\/wp-json\/wp\/v2\/posts"}],"about":[{"href":"https:\/\/jagdverband.it\/it\/wp-json\/wp\/v2\/types\/post"}],"author":[{"embeddable":true,"href":"https:\/\/jagdverband.it\/it\/wp-json\/wp\/v2\/users\/1"}],"replies":[{"embeddable":true,"href":"https:\/\/jagdverband.it\/it\/wp-json\/wp\/v2\/comments?post=62001"}],"version-history":[{"count":0,"href":"https:\/\/jagdverband.it\/it\/wp-json\/wp\/v2\/posts\/62001\/revisions"}],"wp:featuredmedia":[{"embeddable":true,"href":"https:\/\/jagdverband.it\/it\/wp-json\/wp\/v2\/media\/61995"}],"wp:attachment":[{"href":"https:\/\/jagdverband.it\/it\/wp-json\/wp\/v2\/media?parent=62001"}],"wp:term":[{"taxonomy":"category","embeddable":true,"href":"https:\/\/jagdverband.it\/it\/wp-json\/wp\/v2\/categories?post=62001"},{"taxonomy":"post_tag","embeddable":true,"href":"https:\/\/jagdverband.it\/it\/wp-json\/wp\/v2\/tags?post=62001"}],"curies":[{"name":"wp","href":"https:\/\/api.w.org\/{rel}","templated":true}]}}