{"id":61977,"date":"2020-10-01T09:00:10","date_gmt":"2020-10-01T07:00:10","guid":{"rendered":"https:\/\/jagdverband.it\/?p=61977"},"modified":"2020-10-01T15:49:01","modified_gmt":"2020-10-01T13:49:01","slug":"sorbo-degli-uccelatori-inverno","status":"publish","type":"post","link":"https:\/\/jagdverband.it\/it\/sorbo-degli-uccelatori-inverno\/","title":{"rendered":"Le nostre piante &#8211; Il sorbo degli uccellatori"},"content":{"rendered":"<p>[et_pb_section fb_built=&#8221;1&#8243; specialty=&#8221;on&#8221; _builder_version=&#8221;3.27.3&#8243;][et_pb_column type=&#8221;3_4&#8243; specialty_columns=&#8221;3&#8243; _builder_version=&#8221;3.25&#8243; custom_padding=&#8221;|||&#8221; custom_padding__hover=&#8221;|||&#8221;][et_pb_row_inner _builder_version=&#8221;3.27.3&#8243; custom_padding=&#8221;||5px||false|false&#8221;][et_pb_column_inner saved_specialty_column_type=&#8221;3_4&#8243; _builder_version=&#8221;3.27.3&#8243;][et_pb_text _builder_version=&#8221;4.0.9&#8243; custom_padding=&#8221;||0px|||&#8221;]<\/p>\n<h1><strong>Le nostre piante &#8211; Il sorbo degli uccellatori<\/strong><\/h1>\n<h1><em style=\"font-size: 16px;\">1 ottobre 2020<\/em><\/h1>\n<p>[\/et_pb_text][\/et_pb_column_inner][\/et_pb_row_inner][et_pb_row_inner column_structure=&#8221;1_2,1_2&#8243; _builder_version=&#8221;3.27.3&#8243; custom_padding=&#8221;0px||5px||false|false&#8221;][et_pb_column_inner type=&#8221;1_2&#8243; saved_specialty_column_type=&#8221;3_4&#8243; _builder_version=&#8221;3.27.3&#8243;][et_pb_image src=&#8221;https:\/\/jagdverband.it\/wp-content\/uploads\/2020\/10\/Vogelbeere.jpg&#8221; show_in_lightbox=&#8221;on&#8221; _builder_version=&#8221;4.0.9&#8243;][\/et_pb_image][\/et_pb_column_inner][et_pb_column_inner type=&#8221;1_2&#8243; saved_specialty_column_type=&#8221;3_4&#8243; _builder_version=&#8221;3.27.3&#8243;][et_pb_text _builder_version=&#8221;4.0.9&#8243; custom_padding=&#8221;||10px|||&#8221;]<\/p>\n<p>In questo periodo di fine estate e in autunno, l&#8217;albero del sorbo degli uccellatori, con i suoi grappoli di frutti rosso corallo brillante, cattura immediatamente la nostra attenzione. Lo si rinviene persino ai margini del bosco. Non solo agli uccelli piace nutrirsi delle sue bacche grandi circa quanto un pisello. Anche per noi questi piccoli frutti si rivelano piacevoli e preziosi, contengono molta vitamina C e hanno effetti curativi. Si dice che le bacche di sorbo siano velenose, ma questo \u00e8 solo un eccesso di prudenza, infatti il sorbo pu\u00f2 comportare qualche disagio solo se consumato in grandi quantit\u00e0.<\/p>\n<p><strong>Dolceamaro e molto salutare<\/strong><\/p>\n<p>Le bacche crude contengono molta provitamina A e molta vitamina C (200-250 mg per 100 g), il doppio rispetto al limone. Anche dopo la loro preparazione in cucina i frutti conservano molte delle loro propriet\u00e0 salutari. Le bacche acquisiscono il massimo dell\u2019aroma dopo la prima gelata che riduce un po\u2019 il sapore amaro, ma anche il contenuto di vitamina C. Inoltre, se il raccolto \u00e8 troppo tardivo, pu\u00f2 accadere che gli uccelli siano stati pi\u00f9 veloci di noi e abbiano gi\u00e0 ripulito l&#8217;albero. Quindi, se non volete aspettare l\u2019arrivo della prima gelata, potete raccogliere le bacche prima, e conservale nel freezer, dopo averle lavate, per lavorarle poi in un secondo momento.<\/p>\n<p>[\/et_pb_text][\/et_pb_column_inner][\/et_pb_row_inner][et_pb_row_inner column_structure=&#8221;1_2,1_2&#8243; _builder_version=&#8221;3.27.3&#8243; custom_padding=&#8221;0px||5px||false|false&#8221;][et_pb_column_inner type=&#8221;1_2&#8243; saved_specialty_column_type=&#8221;3_4&#8243; _builder_version=&#8221;3.27.3&#8243;][et_pb_image src=&#8221;https:\/\/jagdverband.it\/wp-content\/uploads\/2020\/10\/Vogelbeere-Marmelade-Michael-Jarmoluk.jpg&#8221; show_in_lightbox=&#8221;on&#8221; _builder_version=&#8221;4.0.9&#8243;][\/et_pb_image][\/et_pb_column_inner][et_pb_column_inner type=&#8221;1_2&#8243; saved_specialty_column_type=&#8221;3_4&#8243; _builder_version=&#8221;3.27.3&#8243;][et_pb_text _builder_version=&#8221;4.0.9&#8243; custom_padding=&#8221;||10px|||&#8221;]<\/p>\n<p><strong>Marmellata di sorbo<\/strong><\/p>\n<p>Per due o tre barattoli:<br \/>200 g di bacche di sorbo<br \/>200 g di pere o mele a fette, preferibilmente Gravensteiner<br \/>200 g di zucchero<br \/>\u00bd stecca di cannella e 2 chiodi di garofano<\/p>\n<p>Lasciate riposare per una notte le bacche di sorbo lavate e sgocciolate insieme alla frutta tagliata a fette, lo zucchero e le spezie. Cuocere a fuoco dolce per circa mezz&#8217;ora, fino a quando il tutto non si ammorbidisce, e passare al setaccio. Riportate la polpa della frutta ad ebollizione, condite con rum, Cointreau o Grand Marnier, e versate nei bicchieri ancora caldi. Si abbina bene a piatti di selvaggina, al posto dei mirtilli rossi.<\/p>\n<p>[\/et_pb_text][\/et_pb_column_inner][\/et_pb_row_inner][et_pb_row_inner column_structure=&#8221;1_2,1_2&#8243; _builder_version=&#8221;3.27.3&#8243; custom_padding=&#8221;0px||5px||false|false&#8221;][et_pb_column_inner type=&#8221;1_2&#8243; saved_specialty_column_type=&#8221;3_4&#8243; _builder_version=&#8221;3.27.3&#8243;][et_pb_image src=&#8221;https:\/\/jagdverband.it\/wp-content\/uploads\/2020\/10\/Vogelbeere-Tee-Myriam-Zilles.jpg&#8221; show_in_lightbox=&#8221;on&#8221; _builder_version=&#8221;4.0.9&#8243;][\/et_pb_image][\/et_pb_column_inner][et_pb_column_inner type=&#8221;1_2&#8243; saved_specialty_column_type=&#8221;3_4&#8243; _builder_version=&#8221;3.27.3&#8243;][et_pb_text _builder_version=&#8221;4.0.9&#8243; custom_padding=&#8221;||10px|||&#8221;]<\/p>\n<p><strong>Liquore di sorbo<\/strong><\/p>\n<p>Aggiungere a 750 g di bacche di sorbo lavate, 350 g di zucchero, 1 litro di vodka e una stecca di cannella. Lasciare macerare il composto al caldo per 6 settimane. Poi filtrare, per esempio con un filtro per caff\u00e8, e imbottigliare.<\/p>\n<p><strong>T\u00e8 di sorbo<br \/><\/strong><\/p>\n<p>Le bacche di sorbo essiccate mantengono in salute le corde vocali e si dice che aiutino contro la raucedine. Masticare 2-3 bacche secche lentamente, o fare i gargarismi con del t\u00e8 di sorbo tiepido.<\/p>\n<p>T\u00e8 di sorbo: versare 250 ml di acqua bollente su 1 cucchiaio di bacche secche e tritate, lasciare in infusione per 10 minuti e addolcire con miele. Aiuta anche contro la dissenteria.<\/p>\n<p>[\/et_pb_text][\/et_pb_column_inner][\/et_pb_row_inner][et_pb_row_inner column_structure=&#8221;undefined&#8221; _builder_version=&#8221;4.0.9&#8243; custom_padding=&#8221;0px||0px||false|false&#8221;][et_pb_column_inner type=&#8221;undefined&#8221; saved_specialty_column_type=&#8221;3_4&#8243; _builder_version=&#8221;3.27.3&#8243;][et_pb_divider color=&#8221;rgba(0,0,0,0.13)&#8221; _builder_version=&#8221;4.0.9&#8243; custom_margin=&#8221;||0px||false|false&#8221;][\/et_pb_divider][et_pb_button button_url=&#8221;https:\/\/jagdverband.it\/mitteilungen\/&#8221; button_text=&#8221;torna indietro&#8221; button_alignment=&#8221;center&#8221; _builder_version=&#8221;4.0.9&#8243; hover_enabled=&#8221;0&#8243;][\/et_pb_button][et_pb_divider color=&#8221;rgba(0,0,0,0.13)&#8221; _builder_version=&#8221;4.0.9&#8243; custom_margin=&#8221;25px||||false|false&#8221;][\/et_pb_divider][\/et_pb_column_inner][\/et_pb_row_inner][\/et_pb_column][et_pb_column type=&#8221;1_4&#8243; _builder_version=&#8221;3.25&#8243; custom_padding=&#8221;|||&#8221; custom_padding__hover=&#8221;|||&#8221;][et_pb_sidebar orientation=&#8221;right&#8221; _builder_version=&#8221;3.27.3&#8243;][\/et_pb_sidebar][\/et_pb_column][\/et_pb_section]<\/p>\n","protected":false},"excerpt":{"rendered":"<p>In questo periodo di fine estate e in autunno, l&#8217;albero del sorbo degli uccellatori, con i suoi grappoli di frutti rosso corallo brillante, cattura immediatamente la nostra attenzione. Anche per noi questi piccoli frutti si rivelano piacevoli e preziosi, contengono molta vitamina C e hanno effetti curativi &#8230;<\/p>\n","protected":false},"author":1,"featured_media":61966,"comment_status":"closed","ping_status":"closed","sticky":false,"template":"","format":"standard","meta":{"_et_pb_use_builder":"on","_et_pb_old_content":"","_et_gb_content_width":""},"categories":[163],"tags":[],"featured_image_src":"https:\/\/jagdverband.it\/wp-content\/uploads\/2020\/10\/Vogelbeere-1024x682.jpg","blog_images":{"medium":"https:\/\/jagdverband.it\/wp-content\/uploads\/2020\/10\/Vogelbeere-300x200.jpg","large":"https:\/\/jagdverband.it\/wp-content\/uploads\/2020\/10\/Vogelbeere-1024x682.jpg"},"ams_acf":[],"yoast_head":"<!-- This site is optimized with the Yoast SEO plugin v19.6 - https:\/\/yoast.com\/wordpress\/plugins\/seo\/ -->\n<title>Le nostre piante - Il sorbo degli uccellatori - S\u00fcdtiroler Jagdverband<\/title>\n<meta name=\"robots\" content=\"index, follow, max-snippet:-1, max-image-preview:large, max-video-preview:-1\" \/>\n<link rel=\"canonical\" href=\"https:\/\/jagdverband.it\/it\/sorbo-degli-uccelatori-inverno\/\" \/>\n<meta property=\"og:locale\" content=\"it_IT\" \/>\n<meta property=\"og:type\" content=\"article\" \/>\n<meta property=\"og:title\" content=\"Le nostre piante - Il sorbo degli uccellatori - S\u00fcdtiroler Jagdverband\" \/>\n<meta property=\"og:description\" content=\"In questo periodo di fine estate e in autunno, l&#039;albero del sorbo degli uccellatori, con i suoi grappoli di frutti rosso corallo brillante, cattura immediatamente la nostra attenzione. Anche per noi questi piccoli frutti si rivelano piacevoli e preziosi, contengono molta vitamina C e hanno effetti curativi ...\" \/>\n<meta property=\"og:url\" content=\"https:\/\/jagdverband.it\/it\/sorbo-degli-uccelatori-inverno\/\" \/>\n<meta property=\"og:site_name\" content=\"S\u00fcdtiroler Jagdverband\" \/>\n<meta property=\"article:published_time\" content=\"2020-10-01T07:00:10+00:00\" \/>\n<meta property=\"article:modified_time\" content=\"2020-10-01T13:49:01+00:00\" \/>\n<meta property=\"og:image\" content=\"https:\/\/jagdverband.it\/wp-content\/uploads\/2020\/10\/Vogelbeere.jpg\" \/>\n\t<meta property=\"og:image:width\" content=\"1280\" \/>\n\t<meta property=\"og:image:height\" content=\"852\" \/>\n\t<meta property=\"og:image:type\" content=\"image\/jpeg\" \/>\n<meta name=\"author\" content=\"admin\" \/>\n<meta name=\"twitter:card\" content=\"summary\" \/>\n<meta name=\"twitter:label1\" content=\"Scritto da\" \/>\n\t<meta name=\"twitter:data1\" content=\"admin\" \/>\n\t<meta name=\"twitter:label2\" content=\"Tempo di lettura stimato\" \/>\n\t<meta name=\"twitter:data2\" content=\"4 minuti\" \/>\n<script type=\"application\/ld+json\" class=\"yoast-schema-graph\">{\"@context\":\"https:\/\/schema.org\",\"@graph\":[{\"@type\":\"Article\",\"@id\":\"https:\/\/jagdverband.it\/it\/sorbo-degli-uccelatori-inverno\/#article\",\"isPartOf\":{\"@id\":\"https:\/\/jagdverband.it\/it\/sorbo-degli-uccelatori-inverno\/\"},\"author\":{\"name\":\"admin\",\"@id\":\"https:\/\/jagdverband.it\/it\/#\/schema\/person\/3e030b3a4aa7c391e09cd551afd6dc73\"},\"headline\":\"Le nostre piante &#8211; Il sorbo degli uccellatori\",\"datePublished\":\"2020-10-01T07:00:10+00:00\",\"dateModified\":\"2020-10-01T13:49:01+00:00\",\"mainEntityOfPage\":{\"@id\":\"https:\/\/jagdverband.it\/it\/sorbo-degli-uccelatori-inverno\/\"},\"wordCount\":860,\"publisher\":{\"@id\":\"https:\/\/jagdverband.it\/it\/#organization\"},\"articleSection\":[\"comunicazioni_it\"],\"inLanguage\":\"it-IT\"},{\"@type\":\"WebPage\",\"@id\":\"https:\/\/jagdverband.it\/it\/sorbo-degli-uccelatori-inverno\/\",\"url\":\"https:\/\/jagdverband.it\/it\/sorbo-degli-uccelatori-inverno\/\",\"name\":\"Le nostre piante - Il sorbo degli uccellatori - S\u00fcdtiroler Jagdverband\",\"isPartOf\":{\"@id\":\"https:\/\/jagdverband.it\/it\/#website\"},\"datePublished\":\"2020-10-01T07:00:10+00:00\",\"dateModified\":\"2020-10-01T13:49:01+00:00\",\"breadcrumb\":{\"@id\":\"https:\/\/jagdverband.it\/it\/sorbo-degli-uccelatori-inverno\/#breadcrumb\"},\"inLanguage\":\"it-IT\",\"potentialAction\":[{\"@type\":\"ReadAction\",\"target\":[\"https:\/\/jagdverband.it\/it\/sorbo-degli-uccelatori-inverno\/\"]}]},{\"@type\":\"BreadcrumbList\",\"@id\":\"https:\/\/jagdverband.it\/it\/sorbo-degli-uccelatori-inverno\/#breadcrumb\",\"itemListElement\":[{\"@type\":\"ListItem\",\"position\":1,\"name\":\"Home\",\"item\":\"https:\/\/jagdverband.it\/it\/\"},{\"@type\":\"ListItem\",\"position\":2,\"name\":\"comunicazioni_it\",\"item\":\"https:\/\/jagdverband.it\/it\/c\/comunicazioni-it\/\"},{\"@type\":\"ListItem\",\"position\":3,\"name\":\"Le nostre piante &#8211; Il sorbo degli uccellatori\"}]},{\"@type\":\"WebSite\",\"@id\":\"https:\/\/jagdverband.it\/it\/#website\",\"url\":\"https:\/\/jagdverband.it\/it\/\",\"name\":\"S\u00fcdtiroler Jagdverband\",\"description\":\"S\u00fcdtiroler Jagdverband\",\"publisher\":{\"@id\":\"https:\/\/jagdverband.it\/it\/#organization\"},\"potentialAction\":[{\"@type\":\"SearchAction\",\"target\":{\"@type\":\"EntryPoint\",\"urlTemplate\":\"https:\/\/jagdverband.it\/it\/?s={search_term_string}\"},\"query-input\":\"required name=search_term_string\"}],\"inLanguage\":\"it-IT\"},{\"@type\":\"Organization\",\"@id\":\"https:\/\/jagdverband.it\/it\/#organization\",\"name\":\"S\u00fcdtiroler Jagdverband\",\"url\":\"https:\/\/jagdverband.it\/it\/\",\"sameAs\":[],\"logo\":{\"@type\":\"ImageObject\",\"inLanguage\":\"it-IT\",\"@id\":\"https:\/\/jagdverband.it\/it\/#\/schema\/logo\/image\/\",\"url\":\"\",\"contentUrl\":\"\",\"caption\":\"S\u00fcdtiroler Jagdverband\"},\"image\":{\"@id\":\"https:\/\/jagdverband.it\/it\/#\/schema\/logo\/image\/\"}},{\"@type\":\"Person\",\"@id\":\"https:\/\/jagdverband.it\/it\/#\/schema\/person\/3e030b3a4aa7c391e09cd551afd6dc73\",\"name\":\"admin\",\"image\":{\"@type\":\"ImageObject\",\"inLanguage\":\"it-IT\",\"@id\":\"https:\/\/jagdverband.it\/it\/#\/schema\/person\/image\/\",\"url\":\"https:\/\/secure.gravatar.com\/avatar\/badbf5eaa88657062fdcacb31218cc5c?s=96&d=blank&r=g\",\"contentUrl\":\"https:\/\/secure.gravatar.com\/avatar\/badbf5eaa88657062fdcacb31218cc5c?s=96&d=blank&r=g\",\"caption\":\"admin\"},\"url\":\"https:\/\/jagdverband.it\/it\/author\/admin\/\"}]}<\/script>\n<!-- \/ Yoast SEO plugin. -->","yoast_head_json":{"title":"Le nostre piante - Il sorbo degli uccellatori - S\u00fcdtiroler Jagdverband","robots":{"index":"index","follow":"follow","max-snippet":"max-snippet:-1","max-image-preview":"max-image-preview:large","max-video-preview":"max-video-preview:-1"},"canonical":"https:\/\/jagdverband.it\/it\/sorbo-degli-uccelatori-inverno\/","og_locale":"it_IT","og_type":"article","og_title":"Le nostre piante - Il sorbo degli uccellatori - S\u00fcdtiroler Jagdverband","og_description":"In questo periodo di fine estate e in autunno, l'albero del sorbo degli uccellatori, con i suoi grappoli di frutti rosso corallo brillante, cattura immediatamente la nostra attenzione. Anche per noi questi piccoli frutti si rivelano piacevoli e preziosi, contengono molta vitamina C e hanno effetti curativi ...","og_url":"https:\/\/jagdverband.it\/it\/sorbo-degli-uccelatori-inverno\/","og_site_name":"S\u00fcdtiroler Jagdverband","article_published_time":"2020-10-01T07:00:10+00:00","article_modified_time":"2020-10-01T13:49:01+00:00","og_image":[{"width":1280,"height":852,"url":"https:\/\/jagdverband.it\/wp-content\/uploads\/2020\/10\/Vogelbeere.jpg","type":"image\/jpeg"}],"author":"admin","twitter_card":"summary","twitter_misc":{"Scritto da":"admin","Tempo di lettura stimato":"4 minuti"},"schema":{"@context":"https:\/\/schema.org","@graph":[{"@type":"Article","@id":"https:\/\/jagdverband.it\/it\/sorbo-degli-uccelatori-inverno\/#article","isPartOf":{"@id":"https:\/\/jagdverband.it\/it\/sorbo-degli-uccelatori-inverno\/"},"author":{"name":"admin","@id":"https:\/\/jagdverband.it\/it\/#\/schema\/person\/3e030b3a4aa7c391e09cd551afd6dc73"},"headline":"Le nostre piante &#8211; Il sorbo degli uccellatori","datePublished":"2020-10-01T07:00:10+00:00","dateModified":"2020-10-01T13:49:01+00:00","mainEntityOfPage":{"@id":"https:\/\/jagdverband.it\/it\/sorbo-degli-uccelatori-inverno\/"},"wordCount":860,"publisher":{"@id":"https:\/\/jagdverband.it\/it\/#organization"},"articleSection":["comunicazioni_it"],"inLanguage":"it-IT"},{"@type":"WebPage","@id":"https:\/\/jagdverband.it\/it\/sorbo-degli-uccelatori-inverno\/","url":"https:\/\/jagdverband.it\/it\/sorbo-degli-uccelatori-inverno\/","name":"Le nostre piante - Il sorbo degli uccellatori - S\u00fcdtiroler Jagdverband","isPartOf":{"@id":"https:\/\/jagdverband.it\/it\/#website"},"datePublished":"2020-10-01T07:00:10+00:00","dateModified":"2020-10-01T13:49:01+00:00","breadcrumb":{"@id":"https:\/\/jagdverband.it\/it\/sorbo-degli-uccelatori-inverno\/#breadcrumb"},"inLanguage":"it-IT","potentialAction":[{"@type":"ReadAction","target":["https:\/\/jagdverband.it\/it\/sorbo-degli-uccelatori-inverno\/"]}]},{"@type":"BreadcrumbList","@id":"https:\/\/jagdverband.it\/it\/sorbo-degli-uccelatori-inverno\/#breadcrumb","itemListElement":[{"@type":"ListItem","position":1,"name":"Home","item":"https:\/\/jagdverband.it\/it\/"},{"@type":"ListItem","position":2,"name":"comunicazioni_it","item":"https:\/\/jagdverband.it\/it\/c\/comunicazioni-it\/"},{"@type":"ListItem","position":3,"name":"Le nostre piante &#8211; Il sorbo degli uccellatori"}]},{"@type":"WebSite","@id":"https:\/\/jagdverband.it\/it\/#website","url":"https:\/\/jagdverband.it\/it\/","name":"S\u00fcdtiroler Jagdverband","description":"S\u00fcdtiroler Jagdverband","publisher":{"@id":"https:\/\/jagdverband.it\/it\/#organization"},"potentialAction":[{"@type":"SearchAction","target":{"@type":"EntryPoint","urlTemplate":"https:\/\/jagdverband.it\/it\/?s={search_term_string}"},"query-input":"required name=search_term_string"}],"inLanguage":"it-IT"},{"@type":"Organization","@id":"https:\/\/jagdverband.it\/it\/#organization","name":"S\u00fcdtiroler Jagdverband","url":"https:\/\/jagdverband.it\/it\/","sameAs":[],"logo":{"@type":"ImageObject","inLanguage":"it-IT","@id":"https:\/\/jagdverband.it\/it\/#\/schema\/logo\/image\/","url":"","contentUrl":"","caption":"S\u00fcdtiroler Jagdverband"},"image":{"@id":"https:\/\/jagdverband.it\/it\/#\/schema\/logo\/image\/"}},{"@type":"Person","@id":"https:\/\/jagdverband.it\/it\/#\/schema\/person\/3e030b3a4aa7c391e09cd551afd6dc73","name":"admin","image":{"@type":"ImageObject","inLanguage":"it-IT","@id":"https:\/\/jagdverband.it\/it\/#\/schema\/person\/image\/","url":"https:\/\/secure.gravatar.com\/avatar\/badbf5eaa88657062fdcacb31218cc5c?s=96&d=blank&r=g","contentUrl":"https:\/\/secure.gravatar.com\/avatar\/badbf5eaa88657062fdcacb31218cc5c?s=96&d=blank&r=g","caption":"admin"},"url":"https:\/\/jagdverband.it\/it\/author\/admin\/"}]}},"_links":{"self":[{"href":"https:\/\/jagdverband.it\/it\/wp-json\/wp\/v2\/posts\/61977"}],"collection":[{"href":"https:\/\/jagdverband.it\/it\/wp-json\/wp\/v2\/posts"}],"about":[{"href":"https:\/\/jagdverband.it\/it\/wp-json\/wp\/v2\/types\/post"}],"author":[{"embeddable":true,"href":"https:\/\/jagdverband.it\/it\/wp-json\/wp\/v2\/users\/1"}],"replies":[{"embeddable":true,"href":"https:\/\/jagdverband.it\/it\/wp-json\/wp\/v2\/comments?post=61977"}],"version-history":[{"count":0,"href":"https:\/\/jagdverband.it\/it\/wp-json\/wp\/v2\/posts\/61977\/revisions"}],"wp:featuredmedia":[{"embeddable":true,"href":"https:\/\/jagdverband.it\/it\/wp-json\/wp\/v2\/media\/61966"}],"wp:attachment":[{"href":"https:\/\/jagdverband.it\/it\/wp-json\/wp\/v2\/media?parent=61977"}],"wp:term":[{"taxonomy":"category","embeddable":true,"href":"https:\/\/jagdverband.it\/it\/wp-json\/wp\/v2\/categories?post=61977"},{"taxonomy":"post_tag","embeddable":true,"href":"https:\/\/jagdverband.it\/it\/wp-json\/wp\/v2\/tags?post=61977"}],"curies":[{"name":"wp","href":"https:\/\/api.w.org\/{rel}","templated":true}]}}