{"id":61417,"date":"2020-12-18T08:00:34","date_gmt":"2020-12-18T07:00:34","guid":{"rendered":"https:\/\/jagdverband.it\/?p=61417"},"modified":"2020-12-18T08:37:03","modified_gmt":"2020-12-18T07:37:03","slug":"crociere","status":"publish","type":"post","link":"https:\/\/jagdverband.it\/it\/crociere\/","title":{"rendered":"I nostri uccelli &#8211; il crociere"},"content":{"rendered":"<p>[et_pb_section fb_built=&#8221;1&#8243; specialty=&#8221;on&#8221; _builder_version=&#8221;3.27.3&#8243;][et_pb_column type=&#8221;3_4&#8243; specialty_columns=&#8221;3&#8243; _builder_version=&#8221;3.25&#8243; custom_padding=&#8221;|||&#8221; custom_padding__hover=&#8221;|||&#8221;][et_pb_row_inner _builder_version=&#8221;3.27.3&#8243; custom_padding=&#8221;||5px||false|false&#8221;][et_pb_column_inner saved_specialty_column_type=&#8221;3_4&#8243; _builder_version=&#8221;3.27.3&#8243;][et_pb_text _builder_version=&#8221;4.0.9&#8243; custom_padding=&#8221;||0px|||&#8221;]<\/p>\n<h1><strong>I nostri uccelli &#8211; il crociere<\/strong><\/h1>\n<h1><em style=\"font-size: 16px;\">18 dicembre 2020<\/em><\/h1>\n<p>[\/et_pb_text][\/et_pb_column_inner][\/et_pb_row_inner][et_pb_row_inner column_structure=&#8221;1_2,1_2&#8243; _builder_version=&#8221;3.27.3&#8243; custom_padding=&#8221;0px||5px||false|false&#8221;][et_pb_column_inner type=&#8221;1_2&#8243; saved_specialty_column_type=&#8221;3_4&#8243; _builder_version=&#8221;3.27.3&#8243;][et_pb_image src=&#8221;https:\/\/jagdverband.it\/wp-content\/uploads\/2020\/08\/Fichtenkreuzschnabel_5794309754_e5d5eda9df_o_Frank-Vassen-1.jpg&#8221; show_in_lightbox=&#8221;on&#8221; _builder_version=&#8221;4.0.9&#8243;][\/et_pb_image][\/et_pb_column_inner][et_pb_column_inner type=&#8221;1_2&#8243; saved_specialty_column_type=&#8221;3_4&#8243; _builder_version=&#8221;3.27.3&#8243;][et_pb_text _builder_version=&#8221;4.0.9&#8243; custom_padding=&#8221;||10px|||&#8221;]<\/p>\n<p>Le sue punte del becco incrociate rendono il crociere inconfondibile. Il piccolo uccello, delle dimensioni di un fringuello, \u00e8 un tipico abitante dei b<strong>oschi di conifere <\/strong>e da noi, in Alto Adige, lo si pu\u00f2 avvistare tutto l&#8217;anno. Tuttavia, la sua popolazione pu\u00f2 fluttuare notevolmente. Questo perch\u00e9 il crociere mangia principalmente semi, la cui disponibilit\u00e0 varia di anno in anno.<\/p>\n<p>Le stagioni con una ricca produzione di semi, cio\u00e8 le <strong>annate di pasciona<\/strong>, si verificano in ogni regione solo ogni due-tre anni. Il crociere seleziona con cura luoghi dove riprodursi e allevare la prole in base all&#8217;offerta di cibo e migra all\u2019interno delle diverse aree di distribuzione secondo la necessit\u00e0. Pu\u00f2 quindi succedere che un parente scandinavo si sposti fino a raggiungere l&#8217;arco alpino.<\/p>\n<p><span style=\"color: #ff9900;\"><strong>Buono a sapersi:<\/strong> maschi e femmine mostrano un debole <strong>dimorfismo sessuale<\/strong>. I maschi sono prevalentemente di colore rosso mattone e hanno la groppa rossa, mentre le femmine sono di colore verde oliva e hanno la groppa gialla.<\/span><\/p>\n<p>Il piccolo volatile preferisce in particolare i semi di abete rosso. Ma gusta volentieri anche i semi di abete bianco, pini, larici o betulle. Di tanto in tanto compaiono sul suo menu germogli, aghi, frutta e bacche e, in estate, questi uccellini integrano la loro alimentazione con piccoli insetti.<\/p>\n<p>Il crociere \u00e8 tranquillo quando si tratta di mangiare. Saltella tra i rami e sceglie un cono adatto. Con il <strong>becco incrociato<\/strong> allarga le squame del cono, libera il seme e lo estrae con la lingua. Poich\u00e9 la punta inferiore del becco \u00e8 sempre rivolta verso lo stesso lato, il crociere deve posizionale la testa in modo che il becco possa fare presa. Questo porta inevitabilmente al fatto che, con il tempo, i muscoli della mascella e del collo si sviluppano unilateralmente.<\/p>\n<p><span style=\"color: #ff9900;\"><strong>Interessante:<\/strong> mangiando i molti semi oleosi, il crociere <strong>ha bisogno di bere molto<\/strong>. In inverno consuma a tal scopo ghiaccio e neve. Per coprire il suo fabbisogno di minerali, ha escogitato un metodo molto particolare: si nutre di terra intrisa di urina o di neve.<\/span><\/p>\n<p>A differenza della maggior parte degli altri uccelli, il crociere <strong>si riproduce in inverno<\/strong>, tra dicembre e maggio. Il nido invernale \u00e8 fittamente imbottito di erbe, licheni e piume. Ogni giorno la femmina depone nel nido un uovo, fino ad averne quattro. In caso di freddo, la femmina si siede immediatamente sull&#8217;uovo deposto per tenerlo al calduccio. Rimane a covare per due settimane e nel frattempo viene nutrita dal maschio. In questo modo le uova possono sopravvivere a temperature fino a <strong>-35 gradi Celsius<\/strong>.<\/p>\n<p>Due settimane dopo la schiusa, la femmina lascia di nuovo il nido e va in cerca di cibo insieme al maschio. I giovani uccelli, normalmente, sono in grado di sopportare bene il freddo. Tuttavia, \u00e8 possibile che i genitori, al loro ritorno, li trovino in uno stato di <strong>intorpidimento<\/strong>. Dopo qualche minuto di scambio di calore con gli adulti, i piccoli si svegliano dal torpore. Quando la prima covata lascia grossomodo il nido, la femmina prepara gi\u00e0 tutto per una seconda covata. I fratelli maggiori spesso aiutano i genitori ad allevare i nuovi arrivati.<\/p>\n<p><span style=\"color: #ff9900;\"><strong>Curiosit\u00e0:<\/strong> nei nidiacei, i becchi non sono ancora incrociati. La caratteristica si forma nei primi 45 giorni dopo la schiusa. Fino ad allora i giovani uccelli vengono sfamati con insetti e semi dai loro genitori. Una covata consuma fino a <strong>85.000 semi<\/strong>, prima di essere pronta a lasciare il nido.<\/span><\/p>\n<p>[\/et_pb_text][\/et_pb_column_inner][\/et_pb_row_inner][et_pb_row_inner column_structure=&#8221;undefined&#8221; _builder_version=&#8221;4.0.9&#8243; custom_padding=&#8221;0px||0px||false|false&#8221;][et_pb_column_inner type=&#8221;undefined&#8221; saved_specialty_column_type=&#8221;3_4&#8243; _builder_version=&#8221;3.27.3&#8243;][et_pb_divider color=&#8221;rgba(0,0,0,0.13)&#8221; _builder_version=&#8221;4.0.9&#8243; custom_margin=&#8221;||0px||false|false&#8221;][\/et_pb_divider][et_pb_button button_url=&#8221;https:\/\/jagdverband.it\/mitteilungen\/&#8221; button_text=&#8221;torna indietro&#8221; button_alignment=&#8221;center&#8221; _builder_version=&#8221;4.0.9&#8243;][\/et_pb_button][et_pb_divider color=&#8221;rgba(0,0,0,0.13)&#8221; _builder_version=&#8221;4.0.9&#8243; custom_margin=&#8221;25px||||false|false&#8221;][\/et_pb_divider][\/et_pb_column_inner][\/et_pb_row_inner][\/et_pb_column][et_pb_column type=&#8221;1_4&#8243; _builder_version=&#8221;3.25&#8243; custom_padding=&#8221;|||&#8221; custom_padding__hover=&#8221;|||&#8221;][et_pb_sidebar orientation=&#8221;right&#8221; _builder_version=&#8221;3.27.3&#8243;][\/et_pb_sidebar][\/et_pb_column][\/et_pb_section]<\/p>\n","protected":false},"excerpt":{"rendered":"<p>Le sue punte del becco incrociate rendono il crociere inconfondibile. Il piccolo uccello, delle dimensioni di un fringuello, \u00e8 un tipico abitante dei boschi di conifere &#8230;<\/p>\n","protected":false},"author":1,"featured_media":61293,"comment_status":"closed","ping_status":"closed","sticky":false,"template":"","format":"standard","meta":{"_et_pb_use_builder":"on","_et_pb_old_content":"","_et_gb_content_width":""},"categories":[163],"tags":[],"featured_image_src":"https:\/\/jagdverband.it\/wp-content\/uploads\/2020\/08\/Fichtenkreuzschnabel_5794309754_e5d5eda9df_o_Frank-Vassen-1-1024x768.jpg","blog_images":{"medium":"https:\/\/jagdverband.it\/wp-content\/uploads\/2020\/08\/Fichtenkreuzschnabel_5794309754_e5d5eda9df_o_Frank-Vassen-1-300x225.jpg","large":"https:\/\/jagdverband.it\/wp-content\/uploads\/2020\/08\/Fichtenkreuzschnabel_5794309754_e5d5eda9df_o_Frank-Vassen-1-1024x768.jpg"},"ams_acf":[],"yoast_head":"<!-- This site is optimized with the Yoast SEO plugin v19.6 - https:\/\/yoast.com\/wordpress\/plugins\/seo\/ -->\n<title>I nostri uccelli - il crociere - S\u00fcdtiroler Jagdverband<\/title>\n<meta name=\"robots\" content=\"index, follow, max-snippet:-1, max-image-preview:large, max-video-preview:-1\" \/>\n<link rel=\"canonical\" href=\"https:\/\/jagdverband.it\/it\/crociere\/\" \/>\n<meta property=\"og:locale\" content=\"it_IT\" \/>\n<meta property=\"og:type\" content=\"article\" \/>\n<meta property=\"og:title\" content=\"I nostri uccelli - il crociere - S\u00fcdtiroler Jagdverband\" \/>\n<meta property=\"og:description\" content=\"Le sue punte del becco incrociate rendono il crociere inconfondibile. Il piccolo uccello, delle dimensioni di un fringuello, \u00e8 un tipico abitante dei boschi di conifere ...\" \/>\n<meta property=\"og:url\" content=\"https:\/\/jagdverband.it\/it\/crociere\/\" \/>\n<meta property=\"og:site_name\" content=\"S\u00fcdtiroler Jagdverband\" \/>\n<meta property=\"article:published_time\" content=\"2020-12-18T07:00:34+00:00\" \/>\n<meta property=\"article:modified_time\" content=\"2020-12-18T07:37:03+00:00\" \/>\n<meta property=\"og:image\" content=\"https:\/\/jagdverband.it\/wp-content\/uploads\/2020\/08\/Fichtenkreuzschnabel_5794309754_e5d5eda9df_o_Frank-Vassen-1.jpg\" \/>\n\t<meta property=\"og:image:width\" content=\"1280\" \/>\n\t<meta property=\"og:image:height\" content=\"960\" \/>\n\t<meta property=\"og:image:type\" content=\"image\/jpeg\" \/>\n<meta name=\"author\" content=\"admin\" \/>\n<meta name=\"twitter:card\" content=\"summary\" \/>\n<meta name=\"twitter:label1\" content=\"Scritto da\" \/>\n\t<meta name=\"twitter:data1\" content=\"admin\" \/>\n\t<meta name=\"twitter:label2\" content=\"Tempo di lettura stimato\" \/>\n\t<meta name=\"twitter:data2\" content=\"4 minuti\" \/>\n<script type=\"application\/ld+json\" class=\"yoast-schema-graph\">{\"@context\":\"https:\/\/schema.org\",\"@graph\":[{\"@type\":\"Article\",\"@id\":\"https:\/\/jagdverband.it\/it\/crociere\/#article\",\"isPartOf\":{\"@id\":\"https:\/\/jagdverband.it\/it\/crociere\/\"},\"author\":{\"name\":\"admin\",\"@id\":\"https:\/\/jagdverband.it\/it\/#\/schema\/person\/3e030b3a4aa7c391e09cd551afd6dc73\"},\"headline\":\"I nostri uccelli &#8211; il crociere\",\"datePublished\":\"2020-12-18T07:00:34+00:00\",\"dateModified\":\"2020-12-18T07:37:03+00:00\",\"mainEntityOfPage\":{\"@id\":\"https:\/\/jagdverband.it\/it\/crociere\/\"},\"wordCount\":835,\"publisher\":{\"@id\":\"https:\/\/jagdverband.it\/it\/#organization\"},\"articleSection\":[\"comunicazioni_it\"],\"inLanguage\":\"it-IT\"},{\"@type\":\"WebPage\",\"@id\":\"https:\/\/jagdverband.it\/it\/crociere\/\",\"url\":\"https:\/\/jagdverband.it\/it\/crociere\/\",\"name\":\"I nostri uccelli - il crociere - S\u00fcdtiroler Jagdverband\",\"isPartOf\":{\"@id\":\"https:\/\/jagdverband.it\/it\/#website\"},\"datePublished\":\"2020-12-18T07:00:34+00:00\",\"dateModified\":\"2020-12-18T07:37:03+00:00\",\"breadcrumb\":{\"@id\":\"https:\/\/jagdverband.it\/it\/crociere\/#breadcrumb\"},\"inLanguage\":\"it-IT\",\"potentialAction\":[{\"@type\":\"ReadAction\",\"target\":[\"https:\/\/jagdverband.it\/it\/crociere\/\"]}]},{\"@type\":\"BreadcrumbList\",\"@id\":\"https:\/\/jagdverband.it\/it\/crociere\/#breadcrumb\",\"itemListElement\":[{\"@type\":\"ListItem\",\"position\":1,\"name\":\"Home\",\"item\":\"https:\/\/jagdverband.it\/it\/\"},{\"@type\":\"ListItem\",\"position\":2,\"name\":\"Mitteilungen\",\"item\":\"https:\/\/jagdverband.it\/c\/mitteilungen\/\"},{\"@type\":\"ListItem\",\"position\":3,\"name\":\"I nostri uccelli &#8211; il crociere\"}]},{\"@type\":\"WebSite\",\"@id\":\"https:\/\/jagdverband.it\/it\/#website\",\"url\":\"https:\/\/jagdverband.it\/it\/\",\"name\":\"S\u00fcdtiroler Jagdverband\",\"description\":\"S\u00fcdtiroler Jagdverband\",\"publisher\":{\"@id\":\"https:\/\/jagdverband.it\/it\/#organization\"},\"potentialAction\":[{\"@type\":\"SearchAction\",\"target\":{\"@type\":\"EntryPoint\",\"urlTemplate\":\"https:\/\/jagdverband.it\/it\/?s={search_term_string}\"},\"query-input\":\"required name=search_term_string\"}],\"inLanguage\":\"it-IT\"},{\"@type\":\"Organization\",\"@id\":\"https:\/\/jagdverband.it\/it\/#organization\",\"name\":\"S\u00fcdtiroler Jagdverband\",\"url\":\"https:\/\/jagdverband.it\/it\/\",\"sameAs\":[],\"logo\":{\"@type\":\"ImageObject\",\"inLanguage\":\"it-IT\",\"@id\":\"https:\/\/jagdverband.it\/it\/#\/schema\/logo\/image\/\",\"url\":\"\",\"contentUrl\":\"\",\"caption\":\"S\u00fcdtiroler Jagdverband\"},\"image\":{\"@id\":\"https:\/\/jagdverband.it\/it\/#\/schema\/logo\/image\/\"}},{\"@type\":\"Person\",\"@id\":\"https:\/\/jagdverband.it\/it\/#\/schema\/person\/3e030b3a4aa7c391e09cd551afd6dc73\",\"name\":\"admin\",\"image\":{\"@type\":\"ImageObject\",\"inLanguage\":\"it-IT\",\"@id\":\"https:\/\/jagdverband.it\/it\/#\/schema\/person\/image\/\",\"url\":\"https:\/\/secure.gravatar.com\/avatar\/badbf5eaa88657062fdcacb31218cc5c?s=96&d=blank&r=g\",\"contentUrl\":\"https:\/\/secure.gravatar.com\/avatar\/badbf5eaa88657062fdcacb31218cc5c?s=96&d=blank&r=g\",\"caption\":\"admin\"},\"url\":\"https:\/\/jagdverband.it\/it\/author\/admin\/\"}]}<\/script>\n<!-- \/ Yoast SEO plugin. -->","yoast_head_json":{"title":"I nostri uccelli - il crociere - S\u00fcdtiroler Jagdverband","robots":{"index":"index","follow":"follow","max-snippet":"max-snippet:-1","max-image-preview":"max-image-preview:large","max-video-preview":"max-video-preview:-1"},"canonical":"https:\/\/jagdverband.it\/it\/crociere\/","og_locale":"it_IT","og_type":"article","og_title":"I nostri uccelli - il crociere - S\u00fcdtiroler Jagdverband","og_description":"Le sue punte del becco incrociate rendono il crociere inconfondibile. Il piccolo uccello, delle dimensioni di un fringuello, \u00e8 un tipico abitante dei boschi di conifere ...","og_url":"https:\/\/jagdverband.it\/it\/crociere\/","og_site_name":"S\u00fcdtiroler Jagdverband","article_published_time":"2020-12-18T07:00:34+00:00","article_modified_time":"2020-12-18T07:37:03+00:00","og_image":[{"width":1280,"height":960,"url":"https:\/\/jagdverband.it\/wp-content\/uploads\/2020\/08\/Fichtenkreuzschnabel_5794309754_e5d5eda9df_o_Frank-Vassen-1.jpg","type":"image\/jpeg"}],"author":"admin","twitter_card":"summary","twitter_misc":{"Scritto da":"admin","Tempo di lettura stimato":"4 minuti"},"schema":{"@context":"https:\/\/schema.org","@graph":[{"@type":"Article","@id":"https:\/\/jagdverband.it\/it\/crociere\/#article","isPartOf":{"@id":"https:\/\/jagdverband.it\/it\/crociere\/"},"author":{"name":"admin","@id":"https:\/\/jagdverband.it\/it\/#\/schema\/person\/3e030b3a4aa7c391e09cd551afd6dc73"},"headline":"I nostri uccelli &#8211; il crociere","datePublished":"2020-12-18T07:00:34+00:00","dateModified":"2020-12-18T07:37:03+00:00","mainEntityOfPage":{"@id":"https:\/\/jagdverband.it\/it\/crociere\/"},"wordCount":835,"publisher":{"@id":"https:\/\/jagdverband.it\/it\/#organization"},"articleSection":["comunicazioni_it"],"inLanguage":"it-IT"},{"@type":"WebPage","@id":"https:\/\/jagdverband.it\/it\/crociere\/","url":"https:\/\/jagdverband.it\/it\/crociere\/","name":"I nostri uccelli - il crociere - S\u00fcdtiroler Jagdverband","isPartOf":{"@id":"https:\/\/jagdverband.it\/it\/#website"},"datePublished":"2020-12-18T07:00:34+00:00","dateModified":"2020-12-18T07:37:03+00:00","breadcrumb":{"@id":"https:\/\/jagdverband.it\/it\/crociere\/#breadcrumb"},"inLanguage":"it-IT","potentialAction":[{"@type":"ReadAction","target":["https:\/\/jagdverband.it\/it\/crociere\/"]}]},{"@type":"BreadcrumbList","@id":"https:\/\/jagdverband.it\/it\/crociere\/#breadcrumb","itemListElement":[{"@type":"ListItem","position":1,"name":"Home","item":"https:\/\/jagdverband.it\/it\/"},{"@type":"ListItem","position":2,"name":"Mitteilungen","item":"https:\/\/jagdverband.it\/c\/mitteilungen\/"},{"@type":"ListItem","position":3,"name":"I nostri uccelli &#8211; il crociere"}]},{"@type":"WebSite","@id":"https:\/\/jagdverband.it\/it\/#website","url":"https:\/\/jagdverband.it\/it\/","name":"S\u00fcdtiroler Jagdverband","description":"S\u00fcdtiroler Jagdverband","publisher":{"@id":"https:\/\/jagdverband.it\/it\/#organization"},"potentialAction":[{"@type":"SearchAction","target":{"@type":"EntryPoint","urlTemplate":"https:\/\/jagdverband.it\/it\/?s={search_term_string}"},"query-input":"required name=search_term_string"}],"inLanguage":"it-IT"},{"@type":"Organization","@id":"https:\/\/jagdverband.it\/it\/#organization","name":"S\u00fcdtiroler Jagdverband","url":"https:\/\/jagdverband.it\/it\/","sameAs":[],"logo":{"@type":"ImageObject","inLanguage":"it-IT","@id":"https:\/\/jagdverband.it\/it\/#\/schema\/logo\/image\/","url":"","contentUrl":"","caption":"S\u00fcdtiroler Jagdverband"},"image":{"@id":"https:\/\/jagdverband.it\/it\/#\/schema\/logo\/image\/"}},{"@type":"Person","@id":"https:\/\/jagdverband.it\/it\/#\/schema\/person\/3e030b3a4aa7c391e09cd551afd6dc73","name":"admin","image":{"@type":"ImageObject","inLanguage":"it-IT","@id":"https:\/\/jagdverband.it\/it\/#\/schema\/person\/image\/","url":"https:\/\/secure.gravatar.com\/avatar\/badbf5eaa88657062fdcacb31218cc5c?s=96&d=blank&r=g","contentUrl":"https:\/\/secure.gravatar.com\/avatar\/badbf5eaa88657062fdcacb31218cc5c?s=96&d=blank&r=g","caption":"admin"},"url":"https:\/\/jagdverband.it\/it\/author\/admin\/"}]}},"_links":{"self":[{"href":"https:\/\/jagdverband.it\/it\/wp-json\/wp\/v2\/posts\/61417"}],"collection":[{"href":"https:\/\/jagdverband.it\/it\/wp-json\/wp\/v2\/posts"}],"about":[{"href":"https:\/\/jagdverband.it\/it\/wp-json\/wp\/v2\/types\/post"}],"author":[{"embeddable":true,"href":"https:\/\/jagdverband.it\/it\/wp-json\/wp\/v2\/users\/1"}],"replies":[{"embeddable":true,"href":"https:\/\/jagdverband.it\/it\/wp-json\/wp\/v2\/comments?post=61417"}],"version-history":[{"count":0,"href":"https:\/\/jagdverband.it\/it\/wp-json\/wp\/v2\/posts\/61417\/revisions"}],"wp:featuredmedia":[{"embeddable":true,"href":"https:\/\/jagdverband.it\/it\/wp-json\/wp\/v2\/media\/61293"}],"wp:attachment":[{"href":"https:\/\/jagdverband.it\/it\/wp-json\/wp\/v2\/media?parent=61417"}],"wp:term":[{"taxonomy":"category","embeddable":true,"href":"https:\/\/jagdverband.it\/it\/wp-json\/wp\/v2\/categories?post=61417"},{"taxonomy":"post_tag","embeddable":true,"href":"https:\/\/jagdverband.it\/it\/wp-json\/wp\/v2\/tags?post=61417"}],"curies":[{"name":"wp","href":"https:\/\/api.w.org\/{rel}","templated":true}]}}