{"id":61313,"date":"2020-07-30T08:00:43","date_gmt":"2020-07-30T06:00:43","guid":{"rendered":"https:\/\/jagdverband.it\/?p=61313"},"modified":"2020-07-30T08:18:15","modified_gmt":"2020-07-30T06:18:15","slug":"ricci","status":"publish","type":"post","link":"https:\/\/jagdverband.it\/it\/ricci\/","title":{"rendered":"I nostri ricci"},"content":{"rendered":"<p>[et_pb_section fb_built=&#8221;1&#8243; specialty=&#8221;on&#8221; _builder_version=&#8221;3.27.3&#8243;][et_pb_column type=&#8221;3_4&#8243; specialty_columns=&#8221;3&#8243; _builder_version=&#8221;3.25&#8243; custom_padding=&#8221;|||&#8221; custom_padding__hover=&#8221;|||&#8221;][et_pb_row_inner _builder_version=&#8221;3.27.3&#8243; custom_padding=&#8221;||5px||false|false&#8221;][et_pb_column_inner saved_specialty_column_type=&#8221;3_4&#8243; _builder_version=&#8221;3.27.3&#8243;][et_pb_text _builder_version=&#8221;4.0.9&#8243; custom_padding=&#8221;||0px|||&#8221; hover_enabled=&#8221;0&#8243;]<\/p>\n<h1><strong>I nostri ricci<br \/> <\/strong><\/h1>\n<h1><em style=\"font-size: 16px;\">30 luglio 2020<\/em><\/h1>\n<p>[\/et_pb_text][\/et_pb_column_inner][\/et_pb_row_inner][et_pb_row_inner column_structure=&#8221;1_2,1_2&#8243; _builder_version=&#8221;3.27.3&#8243; custom_padding=&#8221;0px||5px||false|false&#8221;][et_pb_column_inner type=&#8221;1_2&#8243; saved_specialty_column_type=&#8221;3_4&#8243; _builder_version=&#8221;3.27.3&#8243;][et_pb_image src=&#8221;https:\/\/jagdverband.it\/wp-content\/uploads\/2020\/07\/Igel-1630030_1920_Alexas-Fotos.jpg&#8221; show_in_lightbox=&#8221;on&#8221; _builder_version=&#8221;4.0.9&#8243;][\/et_pb_image][\/et_pb_column_inner][et_pb_column_inner type=&#8221;1_2&#8243; saved_specialty_column_type=&#8221;3_4&#8243; _builder_version=&#8221;3.27.3&#8243;][et_pb_text _builder_version=&#8221;4.0.9&#8243; custom_padding=&#8221;||10px|||&#8221; hover_enabled=&#8221;0&#8243;]<\/p>\n<p>Ogni bambino conosce lo spinoso animale, ma pochissime persone sono veramente informate sulle caratteristiche e abitudini del riccio. In Trentino-Alto Adige ne esistono due diverse specie: il riccio comune o europeo, dal petto bruno, e il riccio orientale, dal petto bianco. Quest&#8217;ultimo \u00e8 tuttavia piuttosto raro, perch\u00e9 l&#8217;Alto Adige si trova all&#8217;estremo limite occidentale della sua area di distribuzione. Il tipico ospite che incontriamo nei nostri giardini \u00e8 quindi il <strong>riccio europeo<\/strong>.<\/p>\n<p>I ricci sono animali sinantropici, ma non si trovano solo nei pressi degli insediamenti umani. Il loro habitat tipico \u00e8 costituito da campi riccamente strutturati e variegati, con siepi e altri luoghi dove nascondersi e nidificare. Si trovano anche nelle foreste di latifoglie. I ricci sono animali notturni. Di giorno si ritirano nei loro nidi, di notte vagano in cerca di cibo. La loro dieta \u00e8 composta principalmente da <strong>insetti<\/strong> come coleotteri, vermi e bruchi. Non disdegnano nemmeno i topi, ma, con le loro gambette corte, come cacciatori sono un po\u2019 pigri e si accontentano delle carogne o di giovani animali indifesi, facili da catturare durante le incursioni notturne.<\/p>\n<p><span style=\"color: #ff9900;\"><strong>Da sapere:<\/strong> ci sono molti miti da sfatare sulle <strong>abitudini alimentari<\/strong> dei ricci. Non sono sterminatori n\u00e9 di lumache, n\u00e9 di serpenti, raramente mangiano frutta e non amano molto il latte. <br \/> <\/span><\/p>\n<p>Probabilmente la caratteristica che colpisce di pi\u00f9 dei nostri ricci \u00e8 il loro <strong>manto spinoso<\/strong>. Inizia dalla testa e si estende lungo tutta la schiena. Un riccio adulto porta sul groppone fino a 7.500 spine dorsali. Queste vengono regolarmente rinnovate. Una spina dorsale rimane ancorata alla pelle del riccio per un anno, o un anno e mezzo, prima di cadere, per poi ricrescere. Cos\u00ec le spine dorsali sono sempre in buona forma e proteggono il riccio dai predatori e da altri pericoli.<\/p>\n<p><span style=\"color: #ff9900;\"><strong>Sorprendente:<\/strong> i ricci neonati hanno gi\u00e0 circa 100 spine dorsali. Quando i piccoli lasciano il nido, il numero delle spine sar\u00e0 gi\u00e0 cresciuto fino a 3.000!<\/span><\/p>\n<p>I ricci non hanno le spine sul ventre, ma hanno un apparato muscolare sofisticato. Il riccio ha muscoli molto complessi in generale. Alcuni sono responsabili unicamente dell&#8217;innalzamento delle spine dorsali, altri fanno rientrare la loro testa e il muscolo ad anello sul ventre rende possibile il ben noto <strong>arricciarsi <\/strong>dei ricci, per proteggersi dai predatori. In molti casi questo funziona anche. Non nel caso dei gufi reali e dei tassi che sono cos\u00ec forti da papparseli comunque.<\/p>\n<p><span style=\"color: #ff9900;\"><strong>Purtroppo:<\/strong> anche l\u2019arricciarsi ha i suoi svantaggi, soprattutto nel <strong>traffico<\/strong>. In Germania si stima che ogni anno vengano investiti circa 500.000 ricci.\u00a0<\/span><\/p>\n<p>C\u2019\u00e8 un gran trambusto durante la fase di accoppiamento dei ricci. Se la femmina non \u00e8 pronta ad accoppiarsi, alza le spine della testa, si mette di fronte al maschio, sbuffa e gli sibila violentemente contro. Questo gioco pu\u00f2 andare avanti per ore, con vistosi movimenti chiamati &#8220;<strong>la giostra del riccio<\/strong>&#8220;. Quando la femmina \u00e8 pronta ad accoppiarsi, si schiaccia a terra e appiattisce le spine dorsali in modo che il maschio possa salire.<\/p>\n<p><span style=\"color: #ff9900;\"><strong>Buono a sapersi:<\/strong> le femmine di riccio sono estremamente <strong>sensibili al disturbo<\/strong> durante o poco il parto. A volte accade che la femmina abbandoni la cucciolata immediatamente, o che addirittura se la mangi.<\/span><\/p>\n<p>Dopo una stagione molto movimentata, il riccio si ritira in autunno e rimane a lungo in <strong>letargo<\/strong>, fino a sei mesi. I processi metabolici sono notevolmente ridotti in questo periodo. La temperatura corporea scende a 8 gradi e il cuore pulsa solo cinque volte al minuto. Le riserve di grasso sono dunque molto importanti. I ricci indeboliti possono svegliarsi prima dal letargo per andare in cerca di cibo.<\/p>\n<p><span style=\"color: #ff9900;\"><strong>Un consiglio:<\/strong> se volete <strong>aiutare un riccio nel vostro giardino durante l&#8217;inverno<\/strong>, prima informatevi molto bene sulle sue esigenze alimentari, per non rischiare di danneggiarlo con del cibo sbagliato!<\/span><\/p>\n<p><span style=\"color: #ff9900;\">\u00a0<\/span><\/p>\n<p>[\/et_pb_text][\/et_pb_column_inner][\/et_pb_row_inner][et_pb_row_inner column_structure=&#8221;undefined&#8221; _builder_version=&#8221;4.0.9&#8243; custom_padding=&#8221;0px||0px||false|false&#8221;][et_pb_column_inner type=&#8221;undefined&#8221; saved_specialty_column_type=&#8221;3_4&#8243; _builder_version=&#8221;3.27.3&#8243;][et_pb_divider color=&#8221;rgba(0,0,0,0.13)&#8221; _builder_version=&#8221;4.0.9&#8243; custom_margin=&#8221;||0px||false|false&#8221;][\/et_pb_divider][et_pb_button button_url=&#8221;https:\/\/jagdverband.it\/mitteilungen\/&#8221; button_text=&#8221;torna indietro&#8221; button_alignment=&#8221;center&#8221; _builder_version=&#8221;4.0.9&#8243; hover_enabled=&#8221;0&#8243;][\/et_pb_button][et_pb_divider color=&#8221;rgba(0,0,0,0.13)&#8221; _builder_version=&#8221;4.0.9&#8243; custom_margin=&#8221;25px||||false|false&#8221;][\/et_pb_divider][\/et_pb_column_inner][\/et_pb_row_inner][\/et_pb_column][et_pb_column type=&#8221;1_4&#8243; _builder_version=&#8221;3.25&#8243; custom_padding=&#8221;|||&#8221; custom_padding__hover=&#8221;|||&#8221;][et_pb_sidebar orientation=&#8221;right&#8221; _builder_version=&#8221;3.27.3&#8243;][\/et_pb_sidebar][\/et_pb_column][\/et_pb_section]<\/p>\n","protected":false},"excerpt":{"rendered":"<p>Ogni bambino conosce lo spinoso animale, ma pochissime persone sono veramente informate sulle caratteristiche e abitudini del riccio &#8230;<\/p>\n","protected":false},"author":1,"featured_media":61284,"comment_status":"closed","ping_status":"closed","sticky":false,"template":"","format":"standard","meta":{"_et_pb_use_builder":"on","_et_pb_old_content":"","_et_gb_content_width":""},"categories":[163],"tags":[],"featured_image_src":"https:\/\/jagdverband.it\/wp-content\/uploads\/2020\/07\/Igel-1630030_1920_Alexas-Fotos-1024x662.jpg","blog_images":{"medium":"https:\/\/jagdverband.it\/wp-content\/uploads\/2020\/07\/Igel-1630030_1920_Alexas-Fotos-300x194.jpg","large":"https:\/\/jagdverband.it\/wp-content\/uploads\/2020\/07\/Igel-1630030_1920_Alexas-Fotos-1024x662.jpg"},"ams_acf":[],"yoast_head":"<!-- This site is optimized with the Yoast SEO plugin v19.6 - https:\/\/yoast.com\/wordpress\/plugins\/seo\/ -->\n<title>I nostri ricci - S\u00fcdtiroler Jagdverband<\/title>\n<meta name=\"robots\" content=\"index, follow, max-snippet:-1, max-image-preview:large, max-video-preview:-1\" \/>\n<link rel=\"canonical\" href=\"https:\/\/jagdverband.it\/it\/ricci\/\" \/>\n<meta property=\"og:locale\" content=\"it_IT\" \/>\n<meta property=\"og:type\" content=\"article\" \/>\n<meta property=\"og:title\" content=\"I nostri ricci - S\u00fcdtiroler Jagdverband\" \/>\n<meta property=\"og:description\" content=\"Ogni bambino conosce lo spinoso animale, ma pochissime persone sono veramente informate sulle caratteristiche e abitudini del riccio ...\" \/>\n<meta property=\"og:url\" content=\"https:\/\/jagdverband.it\/it\/ricci\/\" \/>\n<meta property=\"og:site_name\" content=\"S\u00fcdtiroler Jagdverband\" \/>\n<meta property=\"article:published_time\" content=\"2020-07-30T06:00:43+00:00\" \/>\n<meta property=\"article:modified_time\" content=\"2020-07-30T06:18:15+00:00\" \/>\n<meta property=\"og:image\" content=\"https:\/\/jagdverband.it\/wp-content\/uploads\/2020\/07\/Igel-1630030_1920_Alexas-Fotos.jpg\" \/>\n\t<meta property=\"og:image:width\" content=\"1280\" \/>\n\t<meta property=\"og:image:height\" content=\"827\" \/>\n\t<meta property=\"og:image:type\" content=\"image\/jpeg\" \/>\n<meta name=\"author\" content=\"admin\" \/>\n<meta name=\"twitter:card\" content=\"summary\" \/>\n<meta name=\"twitter:label1\" content=\"Scritto da\" \/>\n\t<meta name=\"twitter:data1\" content=\"admin\" \/>\n\t<meta name=\"twitter:label2\" content=\"Tempo di lettura stimato\" \/>\n\t<meta name=\"twitter:data2\" content=\"4 minuti\" \/>\n<script type=\"application\/ld+json\" class=\"yoast-schema-graph\">{\"@context\":\"https:\/\/schema.org\",\"@graph\":[{\"@type\":\"Article\",\"@id\":\"https:\/\/jagdverband.it\/it\/ricci\/#article\",\"isPartOf\":{\"@id\":\"https:\/\/jagdverband.it\/it\/ricci\/\"},\"author\":{\"name\":\"admin\",\"@id\":\"https:\/\/jagdverband.it\/it\/#\/schema\/person\/3e030b3a4aa7c391e09cd551afd6dc73\"},\"headline\":\"I nostri ricci\",\"datePublished\":\"2020-07-30T06:00:43+00:00\",\"dateModified\":\"2020-07-30T06:18:15+00:00\",\"mainEntityOfPage\":{\"@id\":\"https:\/\/jagdverband.it\/it\/ricci\/\"},\"wordCount\":883,\"publisher\":{\"@id\":\"https:\/\/jagdverband.it\/it\/#organization\"},\"articleSection\":[\"comunicazioni_it\"],\"inLanguage\":\"it-IT\"},{\"@type\":\"WebPage\",\"@id\":\"https:\/\/jagdverband.it\/it\/ricci\/\",\"url\":\"https:\/\/jagdverband.it\/it\/ricci\/\",\"name\":\"I nostri ricci - S\u00fcdtiroler Jagdverband\",\"isPartOf\":{\"@id\":\"https:\/\/jagdverband.it\/it\/#website\"},\"datePublished\":\"2020-07-30T06:00:43+00:00\",\"dateModified\":\"2020-07-30T06:18:15+00:00\",\"breadcrumb\":{\"@id\":\"https:\/\/jagdverband.it\/it\/ricci\/#breadcrumb\"},\"inLanguage\":\"it-IT\",\"potentialAction\":[{\"@type\":\"ReadAction\",\"target\":[\"https:\/\/jagdverband.it\/it\/ricci\/\"]}]},{\"@type\":\"BreadcrumbList\",\"@id\":\"https:\/\/jagdverband.it\/it\/ricci\/#breadcrumb\",\"itemListElement\":[{\"@type\":\"ListItem\",\"position\":1,\"name\":\"Home\",\"item\":\"https:\/\/jagdverband.it\/it\/\"},{\"@type\":\"ListItem\",\"position\":2,\"name\":\"Mitteilungen\",\"item\":\"https:\/\/jagdverband.it\/c\/mitteilungen\/\"},{\"@type\":\"ListItem\",\"position\":3,\"name\":\"I nostri ricci\"}]},{\"@type\":\"WebSite\",\"@id\":\"https:\/\/jagdverband.it\/it\/#website\",\"url\":\"https:\/\/jagdverband.it\/it\/\",\"name\":\"S\u00fcdtiroler Jagdverband\",\"description\":\"S\u00fcdtiroler Jagdverband\",\"publisher\":{\"@id\":\"https:\/\/jagdverband.it\/it\/#organization\"},\"potentialAction\":[{\"@type\":\"SearchAction\",\"target\":{\"@type\":\"EntryPoint\",\"urlTemplate\":\"https:\/\/jagdverband.it\/it\/?s={search_term_string}\"},\"query-input\":\"required name=search_term_string\"}],\"inLanguage\":\"it-IT\"},{\"@type\":\"Organization\",\"@id\":\"https:\/\/jagdverband.it\/it\/#organization\",\"name\":\"S\u00fcdtiroler Jagdverband\",\"url\":\"https:\/\/jagdverband.it\/it\/\",\"sameAs\":[],\"logo\":{\"@type\":\"ImageObject\",\"inLanguage\":\"it-IT\",\"@id\":\"https:\/\/jagdverband.it\/it\/#\/schema\/logo\/image\/\",\"url\":\"\",\"contentUrl\":\"\",\"caption\":\"S\u00fcdtiroler Jagdverband\"},\"image\":{\"@id\":\"https:\/\/jagdverband.it\/it\/#\/schema\/logo\/image\/\"}},{\"@type\":\"Person\",\"@id\":\"https:\/\/jagdverband.it\/it\/#\/schema\/person\/3e030b3a4aa7c391e09cd551afd6dc73\",\"name\":\"admin\",\"image\":{\"@type\":\"ImageObject\",\"inLanguage\":\"it-IT\",\"@id\":\"https:\/\/jagdverband.it\/it\/#\/schema\/person\/image\/\",\"url\":\"https:\/\/secure.gravatar.com\/avatar\/badbf5eaa88657062fdcacb31218cc5c?s=96&d=blank&r=g\",\"contentUrl\":\"https:\/\/secure.gravatar.com\/avatar\/badbf5eaa88657062fdcacb31218cc5c?s=96&d=blank&r=g\",\"caption\":\"admin\"},\"url\":\"https:\/\/jagdverband.it\/it\/author\/admin\/\"}]}<\/script>\n<!-- \/ Yoast SEO plugin. -->","yoast_head_json":{"title":"I nostri ricci - S\u00fcdtiroler Jagdverband","robots":{"index":"index","follow":"follow","max-snippet":"max-snippet:-1","max-image-preview":"max-image-preview:large","max-video-preview":"max-video-preview:-1"},"canonical":"https:\/\/jagdverband.it\/it\/ricci\/","og_locale":"it_IT","og_type":"article","og_title":"I nostri ricci - S\u00fcdtiroler Jagdverband","og_description":"Ogni bambino conosce lo spinoso animale, ma pochissime persone sono veramente informate sulle caratteristiche e abitudini del riccio ...","og_url":"https:\/\/jagdverband.it\/it\/ricci\/","og_site_name":"S\u00fcdtiroler Jagdverband","article_published_time":"2020-07-30T06:00:43+00:00","article_modified_time":"2020-07-30T06:18:15+00:00","og_image":[{"width":1280,"height":827,"url":"https:\/\/jagdverband.it\/wp-content\/uploads\/2020\/07\/Igel-1630030_1920_Alexas-Fotos.jpg","type":"image\/jpeg"}],"author":"admin","twitter_card":"summary","twitter_misc":{"Scritto da":"admin","Tempo di lettura stimato":"4 minuti"},"schema":{"@context":"https:\/\/schema.org","@graph":[{"@type":"Article","@id":"https:\/\/jagdverband.it\/it\/ricci\/#article","isPartOf":{"@id":"https:\/\/jagdverband.it\/it\/ricci\/"},"author":{"name":"admin","@id":"https:\/\/jagdverband.it\/it\/#\/schema\/person\/3e030b3a4aa7c391e09cd551afd6dc73"},"headline":"I nostri ricci","datePublished":"2020-07-30T06:00:43+00:00","dateModified":"2020-07-30T06:18:15+00:00","mainEntityOfPage":{"@id":"https:\/\/jagdverband.it\/it\/ricci\/"},"wordCount":883,"publisher":{"@id":"https:\/\/jagdverband.it\/it\/#organization"},"articleSection":["comunicazioni_it"],"inLanguage":"it-IT"},{"@type":"WebPage","@id":"https:\/\/jagdverband.it\/it\/ricci\/","url":"https:\/\/jagdverband.it\/it\/ricci\/","name":"I nostri ricci - S\u00fcdtiroler Jagdverband","isPartOf":{"@id":"https:\/\/jagdverband.it\/it\/#website"},"datePublished":"2020-07-30T06:00:43+00:00","dateModified":"2020-07-30T06:18:15+00:00","breadcrumb":{"@id":"https:\/\/jagdverband.it\/it\/ricci\/#breadcrumb"},"inLanguage":"it-IT","potentialAction":[{"@type":"ReadAction","target":["https:\/\/jagdverband.it\/it\/ricci\/"]}]},{"@type":"BreadcrumbList","@id":"https:\/\/jagdverband.it\/it\/ricci\/#breadcrumb","itemListElement":[{"@type":"ListItem","position":1,"name":"Home","item":"https:\/\/jagdverband.it\/it\/"},{"@type":"ListItem","position":2,"name":"Mitteilungen","item":"https:\/\/jagdverband.it\/c\/mitteilungen\/"},{"@type":"ListItem","position":3,"name":"I nostri ricci"}]},{"@type":"WebSite","@id":"https:\/\/jagdverband.it\/it\/#website","url":"https:\/\/jagdverband.it\/it\/","name":"S\u00fcdtiroler Jagdverband","description":"S\u00fcdtiroler Jagdverband","publisher":{"@id":"https:\/\/jagdverband.it\/it\/#organization"},"potentialAction":[{"@type":"SearchAction","target":{"@type":"EntryPoint","urlTemplate":"https:\/\/jagdverband.it\/it\/?s={search_term_string}"},"query-input":"required name=search_term_string"}],"inLanguage":"it-IT"},{"@type":"Organization","@id":"https:\/\/jagdverband.it\/it\/#organization","name":"S\u00fcdtiroler Jagdverband","url":"https:\/\/jagdverband.it\/it\/","sameAs":[],"logo":{"@type":"ImageObject","inLanguage":"it-IT","@id":"https:\/\/jagdverband.it\/it\/#\/schema\/logo\/image\/","url":"","contentUrl":"","caption":"S\u00fcdtiroler Jagdverband"},"image":{"@id":"https:\/\/jagdverband.it\/it\/#\/schema\/logo\/image\/"}},{"@type":"Person","@id":"https:\/\/jagdverband.it\/it\/#\/schema\/person\/3e030b3a4aa7c391e09cd551afd6dc73","name":"admin","image":{"@type":"ImageObject","inLanguage":"it-IT","@id":"https:\/\/jagdverband.it\/it\/#\/schema\/person\/image\/","url":"https:\/\/secure.gravatar.com\/avatar\/badbf5eaa88657062fdcacb31218cc5c?s=96&d=blank&r=g","contentUrl":"https:\/\/secure.gravatar.com\/avatar\/badbf5eaa88657062fdcacb31218cc5c?s=96&d=blank&r=g","caption":"admin"},"url":"https:\/\/jagdverband.it\/it\/author\/admin\/"}]}},"_links":{"self":[{"href":"https:\/\/jagdverband.it\/it\/wp-json\/wp\/v2\/posts\/61313"}],"collection":[{"href":"https:\/\/jagdverband.it\/it\/wp-json\/wp\/v2\/posts"}],"about":[{"href":"https:\/\/jagdverband.it\/it\/wp-json\/wp\/v2\/types\/post"}],"author":[{"embeddable":true,"href":"https:\/\/jagdverband.it\/it\/wp-json\/wp\/v2\/users\/1"}],"replies":[{"embeddable":true,"href":"https:\/\/jagdverband.it\/it\/wp-json\/wp\/v2\/comments?post=61313"}],"version-history":[{"count":0,"href":"https:\/\/jagdverband.it\/it\/wp-json\/wp\/v2\/posts\/61313\/revisions"}],"wp:featuredmedia":[{"embeddable":true,"href":"https:\/\/jagdverband.it\/it\/wp-json\/wp\/v2\/media\/61284"}],"wp:attachment":[{"href":"https:\/\/jagdverband.it\/it\/wp-json\/wp\/v2\/media?parent=61313"}],"wp:term":[{"taxonomy":"category","embeddable":true,"href":"https:\/\/jagdverband.it\/it\/wp-json\/wp\/v2\/categories?post=61313"},{"taxonomy":"post_tag","embeddable":true,"href":"https:\/\/jagdverband.it\/it\/wp-json\/wp\/v2\/tags?post=61313"}],"curies":[{"name":"wp","href":"https:\/\/api.w.org\/{rel}","templated":true}]}}