{"id":61308,"date":"2020-07-23T08:47:03","date_gmt":"2020-07-23T06:47:03","guid":{"rendered":"https:\/\/jagdverband.it\/?p=61308"},"modified":"2020-07-23T14:22:58","modified_gmt":"2020-07-23T12:22:58","slug":"vipera","status":"publish","type":"post","link":"https:\/\/jagdverband.it\/it\/vipera\/","title":{"rendered":"I nostri serpenti &#8211; La vipera"},"content":{"rendered":"<p>[et_pb_section fb_built=&#8221;1&#8243; specialty=&#8221;on&#8221; _builder_version=&#8221;3.27.3&#8243;][et_pb_column type=&#8221;3_4&#8243; specialty_columns=&#8221;3&#8243; _builder_version=&#8221;3.25&#8243; custom_padding=&#8221;|||&#8221; custom_padding__hover=&#8221;|||&#8221;][et_pb_row_inner _builder_version=&#8221;3.27.3&#8243; custom_padding=&#8221;||5px||false|false&#8221;][et_pb_column_inner saved_specialty_column_type=&#8221;3_4&#8243; _builder_version=&#8221;3.27.3&#8243;][et_pb_text _builder_version=&#8221;4.0.9&#8243; custom_padding=&#8221;||0px|||&#8221; hover_enabled=&#8221;0&#8243;]<\/p>\n<h1><strong>I nostri serpenti &#8211; La vipera<\/strong><\/h1>\n<h1><em style=\"font-size: 16px;\">23 luglio 2020<\/em><\/h1>\n<p>[\/et_pb_text][\/et_pb_column_inner][\/et_pb_row_inner][et_pb_row_inner column_structure=&#8221;1_2,1_2&#8243; _builder_version=&#8221;3.27.3&#8243; custom_padding=&#8221;0px||5px||false|false&#8221;][et_pb_column_inner type=&#8221;1_2&#8243; saved_specialty_column_type=&#8221;3_4&#8243; _builder_version=&#8221;3.27.3&#8243;][et_pb_image src=&#8221;https:\/\/jagdverband.it\/wp-content\/uploads\/2020\/07\/Kreuzotter_7567053890_3e88563078_Franz-Vassen.jpg&#8221; show_in_lightbox=&#8221;on&#8221; _builder_version=&#8221;4.0.9&#8243;][\/et_pb_image][\/et_pb_column_inner][et_pb_column_inner type=&#8221;1_2&#8243; saved_specialty_column_type=&#8221;3_4&#8243; _builder_version=&#8221;3.27.3&#8243;][et_pb_text _builder_version=&#8221;4.0.9&#8243; custom_padding=&#8221;||10px|||&#8221; hover_enabled=&#8221;0&#8243;]<\/p>\n<p>Fascino e paura, la vipera scatena ogni tipo di emozione. La sua vista \u00e8 familiare a molti di noi, in quanto \u00e8 il serpente pi\u00f9 comune dell\u2019Alto Adige e probabilmente anche uno dei pi\u00f9 belli, per l\u2019inconfondibile striscia a zig-zag sul dorso. Ciononostante, preferiamo tenercene alla larga, tanto per stare tranquilli. Dopo tutto, la vipera \u00e8 velenosa.<\/p>\n<p><span style=\"color: #ff9900;\"><strong>Buono a sapersi:<\/strong> In Alto Adige ci sono tre serpenti velenosi: il marasso, la vipera comune e la vipera del corno. Li si riconosce facilmente dalla<strong> testa triangolare<\/strong> e dalle<strong> pupille ellittiche verticali<\/strong>. I serpenti non velenosi, invece, hanno le pupille rotonde e la testa non \u00e8 ben distinta, ma tende a confondersi con il corpo.<\/span><\/p>\n<p>Non bisogna per\u00f2 pensare che la vipera morda e inietti veleno in ogni occasione. Al contrario, usa il suo veleno in modo molto parsimonioso e selettivo. In caso di pericolo, la vipera cerca di attirare l&#8217;attenzione sibilando per scacciare l&#8217;intruso. Solo quando non ci riesce, e il nemico si avvicina troppo, la vipera si difende con un morso. Molti di questi morsi sono cosiddetti \u201c<strong>morsi secchi<\/strong>\u201d e contengono pochissimo veleno. Tuttavia, dopo un morso, \u00e8 necessario consultare un medico.<\/p>\n<p><span style=\"color: #ff9900;\"><strong>Interessante:<\/strong> i serpenti generano il caratteristico sibilo tramite il naso, non tramite la bocca.<br \/> <\/span><\/p>\n<p>Quando si tratta di cacciare, la vipera \u00e8 meno parsimoniosa con il suo veleno. Si apposta pazientemente fino a quando la sua preda non si avvicina abbastanza, poi si getta in avanti, morde e inietta il veleno che, alla fine, uccide la sua preda.<\/p>\n<p><span style=\"color: #ff9900;\"><strong>Buono a sapersi:<\/strong> il veleno di serpente \u00e8 composto per il 90% di acqua e per il 10% di proteine. Queste <strong>proteine causano la paralisi<\/strong>, scompongono il sangue e alla fine portano alla morte della preda. Per una persona sana, la quantit\u00e0 di veleno iniettata \u00e8 troppo piccola per esercitare il suo effetto letale.<\/span><\/p>\n<p>La vipera afferra la sua preda immediatamente o, dopo un certo tempo, segue l&#8217;odore dell&#8217;animale morto. Per fare questo, usa la sua<strong> lingua come sistema di orientamento<\/strong>.<\/p>\n<p>Anche la pelle del serpente \u00e8 molto speciale. \u00c8 costituita da squame cornee che proteggono il corpo dalla perdita di umidit\u00e0. Sul ventre le squame sono modificate in modo da facilitare la locomozione. Poich\u00e9 la pelle non cresce insieme al serpente, questo deve liberarsi regolarmente dal suo involucro diventato troppo piccolo. Ci\u00f2 che rimane \u00e8 l\u2019esuvia, ovvero la <strong>\u201cbuccia\u201d di pelle vuota<\/strong>.<\/p>\n<p><span style=\"color: #ff9900;\"><strong>Interessante:<\/strong> un serpente nasce con un <strong>numero fisso di squame<\/strong>. A mano a mano che il serpente cresce, questo numero rimane costante. Le squame crescono di dimensione insieme al serpente.<br \/><\/span><\/p>\n<p>[\/et_pb_text][\/et_pb_column_inner][\/et_pb_row_inner][et_pb_row_inner column_structure=&#8221;undefined&#8221; _builder_version=&#8221;4.0.9&#8243; custom_padding=&#8221;0px||0px||false|false&#8221;][et_pb_column_inner type=&#8221;undefined&#8221; saved_specialty_column_type=&#8221;3_4&#8243; _builder_version=&#8221;3.27.3&#8243;][et_pb_divider color=&#8221;rgba(0,0,0,0.13)&#8221; _builder_version=&#8221;4.0.9&#8243; custom_margin=&#8221;||0px||false|false&#8221;][\/et_pb_divider][et_pb_button button_url=&#8221;https:\/\/jagdverband.it\/mitteilungen\/&#8221; button_text=&#8221;torna indietro&#8221; button_alignment=&#8221;center&#8221; _builder_version=&#8221;4.0.9&#8243; hover_enabled=&#8221;0&#8243;][\/et_pb_button][et_pb_divider color=&#8221;rgba(0,0,0,0.13)&#8221; _builder_version=&#8221;4.0.9&#8243; custom_margin=&#8221;25px||||false|false&#8221;][\/et_pb_divider][\/et_pb_column_inner][\/et_pb_row_inner][\/et_pb_column][et_pb_column type=&#8221;1_4&#8243; _builder_version=&#8221;3.25&#8243; custom_padding=&#8221;|||&#8221; custom_padding__hover=&#8221;|||&#8221;][et_pb_sidebar orientation=&#8221;right&#8221; _builder_version=&#8221;3.27.3&#8243;][\/et_pb_sidebar][\/et_pb_column][\/et_pb_section]<\/p>\n","protected":false},"excerpt":{"rendered":"<p>Fascino e paura, la vipera scatena ogni tipo di emozione. Il veleno di serpente \u00e8 composto per il 90% di acqua e per il 10% di proteine. Queste proteine causano la paralisi, &#8230;<\/p>\n","protected":false},"author":1,"featured_media":61277,"comment_status":"closed","ping_status":"closed","sticky":false,"template":"","format":"standard","meta":{"_et_pb_use_builder":"on","_et_pb_old_content":"","_et_gb_content_width":""},"categories":[163],"tags":[],"featured_image_src":"https:\/\/jagdverband.it\/wp-content\/uploads\/2020\/07\/Kreuzotter_7567053890_3e88563078_Franz-Vassen-1024x768.jpg","blog_images":{"medium":"https:\/\/jagdverband.it\/wp-content\/uploads\/2020\/07\/Kreuzotter_7567053890_3e88563078_Franz-Vassen-300x225.jpg","large":"https:\/\/jagdverband.it\/wp-content\/uploads\/2020\/07\/Kreuzotter_7567053890_3e88563078_Franz-Vassen-1024x768.jpg"},"ams_acf":[],"yoast_head":"<!-- This site is optimized with the Yoast SEO plugin v19.6 - https:\/\/yoast.com\/wordpress\/plugins\/seo\/ -->\n<title>I nostri serpenti - La vipera - S\u00fcdtiroler Jagdverband<\/title>\n<meta name=\"robots\" content=\"index, follow, max-snippet:-1, max-image-preview:large, max-video-preview:-1\" \/>\n<link rel=\"canonical\" href=\"https:\/\/jagdverband.it\/it\/vipera\/\" \/>\n<meta property=\"og:locale\" content=\"it_IT\" \/>\n<meta property=\"og:type\" content=\"article\" \/>\n<meta property=\"og:title\" content=\"I nostri serpenti - La vipera - S\u00fcdtiroler Jagdverband\" \/>\n<meta property=\"og:description\" content=\"Fascino e paura, la vipera scatena ogni tipo di emozione. Il veleno di serpente \u00e8 composto per il 90% di acqua e per il 10% di proteine. Queste proteine causano la paralisi, ...\" \/>\n<meta property=\"og:url\" content=\"https:\/\/jagdverband.it\/it\/vipera\/\" \/>\n<meta property=\"og:site_name\" content=\"S\u00fcdtiroler Jagdverband\" \/>\n<meta property=\"article:published_time\" content=\"2020-07-23T06:47:03+00:00\" \/>\n<meta property=\"article:modified_time\" content=\"2020-07-23T12:22:58+00:00\" \/>\n<meta property=\"og:image\" content=\"https:\/\/jagdverband.it\/wp-content\/uploads\/2020\/07\/Kreuzotter_7567053890_3e88563078_Franz-Vassen.jpg\" \/>\n\t<meta property=\"og:image:width\" content=\"1280\" \/>\n\t<meta property=\"og:image:height\" content=\"960\" \/>\n\t<meta property=\"og:image:type\" content=\"image\/jpeg\" \/>\n<meta name=\"author\" content=\"admin\" \/>\n<meta name=\"twitter:card\" content=\"summary\" \/>\n<meta name=\"twitter:label1\" content=\"Scritto da\" \/>\n\t<meta name=\"twitter:data1\" content=\"admin\" \/>\n\t<meta name=\"twitter:label2\" content=\"Tempo di lettura stimato\" \/>\n\t<meta name=\"twitter:data2\" content=\"3 minuti\" \/>\n<script type=\"application\/ld+json\" class=\"yoast-schema-graph\">{\"@context\":\"https:\/\/schema.org\",\"@graph\":[{\"@type\":\"Article\",\"@id\":\"https:\/\/jagdverband.it\/it\/vipera\/#article\",\"isPartOf\":{\"@id\":\"https:\/\/jagdverband.it\/it\/vipera\/\"},\"author\":{\"name\":\"admin\",\"@id\":\"https:\/\/jagdverband.it\/it\/#\/schema\/person\/3e030b3a4aa7c391e09cd551afd6dc73\"},\"headline\":\"I nostri serpenti &#8211; La vipera\",\"datePublished\":\"2020-07-23T06:47:03+00:00\",\"dateModified\":\"2020-07-23T12:22:58+00:00\",\"mainEntityOfPage\":{\"@id\":\"https:\/\/jagdverband.it\/it\/vipera\/\"},\"wordCount\":691,\"publisher\":{\"@id\":\"https:\/\/jagdverband.it\/it\/#organization\"},\"articleSection\":[\"comunicazioni_it\"],\"inLanguage\":\"it-IT\"},{\"@type\":\"WebPage\",\"@id\":\"https:\/\/jagdverband.it\/it\/vipera\/\",\"url\":\"https:\/\/jagdverband.it\/it\/vipera\/\",\"name\":\"I nostri serpenti - La vipera - S\u00fcdtiroler Jagdverband\",\"isPartOf\":{\"@id\":\"https:\/\/jagdverband.it\/it\/#website\"},\"datePublished\":\"2020-07-23T06:47:03+00:00\",\"dateModified\":\"2020-07-23T12:22:58+00:00\",\"breadcrumb\":{\"@id\":\"https:\/\/jagdverband.it\/it\/vipera\/#breadcrumb\"},\"inLanguage\":\"it-IT\",\"potentialAction\":[{\"@type\":\"ReadAction\",\"target\":[\"https:\/\/jagdverband.it\/it\/vipera\/\"]}]},{\"@type\":\"BreadcrumbList\",\"@id\":\"https:\/\/jagdverband.it\/it\/vipera\/#breadcrumb\",\"itemListElement\":[{\"@type\":\"ListItem\",\"position\":1,\"name\":\"Home\",\"item\":\"https:\/\/jagdverband.it\/it\/\"},{\"@type\":\"ListItem\",\"position\":2,\"name\":\"Mitteilungen\",\"item\":\"https:\/\/jagdverband.it\/c\/mitteilungen\/\"},{\"@type\":\"ListItem\",\"position\":3,\"name\":\"I nostri serpenti &#8211; La vipera\"}]},{\"@type\":\"WebSite\",\"@id\":\"https:\/\/jagdverband.it\/it\/#website\",\"url\":\"https:\/\/jagdverband.it\/it\/\",\"name\":\"S\u00fcdtiroler Jagdverband\",\"description\":\"S\u00fcdtiroler Jagdverband\",\"publisher\":{\"@id\":\"https:\/\/jagdverband.it\/it\/#organization\"},\"potentialAction\":[{\"@type\":\"SearchAction\",\"target\":{\"@type\":\"EntryPoint\",\"urlTemplate\":\"https:\/\/jagdverband.it\/it\/?s={search_term_string}\"},\"query-input\":\"required name=search_term_string\"}],\"inLanguage\":\"it-IT\"},{\"@type\":\"Organization\",\"@id\":\"https:\/\/jagdverband.it\/it\/#organization\",\"name\":\"S\u00fcdtiroler Jagdverband\",\"url\":\"https:\/\/jagdverband.it\/it\/\",\"sameAs\":[],\"logo\":{\"@type\":\"ImageObject\",\"inLanguage\":\"it-IT\",\"@id\":\"https:\/\/jagdverband.it\/it\/#\/schema\/logo\/image\/\",\"url\":\"\",\"contentUrl\":\"\",\"caption\":\"S\u00fcdtiroler Jagdverband\"},\"image\":{\"@id\":\"https:\/\/jagdverband.it\/it\/#\/schema\/logo\/image\/\"}},{\"@type\":\"Person\",\"@id\":\"https:\/\/jagdverband.it\/it\/#\/schema\/person\/3e030b3a4aa7c391e09cd551afd6dc73\",\"name\":\"admin\",\"image\":{\"@type\":\"ImageObject\",\"inLanguage\":\"it-IT\",\"@id\":\"https:\/\/jagdverband.it\/it\/#\/schema\/person\/image\/\",\"url\":\"https:\/\/secure.gravatar.com\/avatar\/badbf5eaa88657062fdcacb31218cc5c?s=96&d=blank&r=g\",\"contentUrl\":\"https:\/\/secure.gravatar.com\/avatar\/badbf5eaa88657062fdcacb31218cc5c?s=96&d=blank&r=g\",\"caption\":\"admin\"},\"url\":\"https:\/\/jagdverband.it\/it\/author\/admin\/\"}]}<\/script>\n<!-- \/ Yoast SEO plugin. -->","yoast_head_json":{"title":"I nostri serpenti - La vipera - S\u00fcdtiroler Jagdverband","robots":{"index":"index","follow":"follow","max-snippet":"max-snippet:-1","max-image-preview":"max-image-preview:large","max-video-preview":"max-video-preview:-1"},"canonical":"https:\/\/jagdverband.it\/it\/vipera\/","og_locale":"it_IT","og_type":"article","og_title":"I nostri serpenti - La vipera - S\u00fcdtiroler Jagdverband","og_description":"Fascino e paura, la vipera scatena ogni tipo di emozione. Il veleno di serpente \u00e8 composto per il 90% di acqua e per il 10% di proteine. Queste proteine causano la paralisi, ...","og_url":"https:\/\/jagdverband.it\/it\/vipera\/","og_site_name":"S\u00fcdtiroler Jagdverband","article_published_time":"2020-07-23T06:47:03+00:00","article_modified_time":"2020-07-23T12:22:58+00:00","og_image":[{"width":1280,"height":960,"url":"https:\/\/jagdverband.it\/wp-content\/uploads\/2020\/07\/Kreuzotter_7567053890_3e88563078_Franz-Vassen.jpg","type":"image\/jpeg"}],"author":"admin","twitter_card":"summary","twitter_misc":{"Scritto da":"admin","Tempo di lettura stimato":"3 minuti"},"schema":{"@context":"https:\/\/schema.org","@graph":[{"@type":"Article","@id":"https:\/\/jagdverband.it\/it\/vipera\/#article","isPartOf":{"@id":"https:\/\/jagdverband.it\/it\/vipera\/"},"author":{"name":"admin","@id":"https:\/\/jagdverband.it\/it\/#\/schema\/person\/3e030b3a4aa7c391e09cd551afd6dc73"},"headline":"I nostri serpenti &#8211; La vipera","datePublished":"2020-07-23T06:47:03+00:00","dateModified":"2020-07-23T12:22:58+00:00","mainEntityOfPage":{"@id":"https:\/\/jagdverband.it\/it\/vipera\/"},"wordCount":691,"publisher":{"@id":"https:\/\/jagdverband.it\/it\/#organization"},"articleSection":["comunicazioni_it"],"inLanguage":"it-IT"},{"@type":"WebPage","@id":"https:\/\/jagdverband.it\/it\/vipera\/","url":"https:\/\/jagdverband.it\/it\/vipera\/","name":"I nostri serpenti - La vipera - S\u00fcdtiroler Jagdverband","isPartOf":{"@id":"https:\/\/jagdverband.it\/it\/#website"},"datePublished":"2020-07-23T06:47:03+00:00","dateModified":"2020-07-23T12:22:58+00:00","breadcrumb":{"@id":"https:\/\/jagdverband.it\/it\/vipera\/#breadcrumb"},"inLanguage":"it-IT","potentialAction":[{"@type":"ReadAction","target":["https:\/\/jagdverband.it\/it\/vipera\/"]}]},{"@type":"BreadcrumbList","@id":"https:\/\/jagdverband.it\/it\/vipera\/#breadcrumb","itemListElement":[{"@type":"ListItem","position":1,"name":"Home","item":"https:\/\/jagdverband.it\/it\/"},{"@type":"ListItem","position":2,"name":"Mitteilungen","item":"https:\/\/jagdverband.it\/c\/mitteilungen\/"},{"@type":"ListItem","position":3,"name":"I nostri serpenti &#8211; La vipera"}]},{"@type":"WebSite","@id":"https:\/\/jagdverband.it\/it\/#website","url":"https:\/\/jagdverband.it\/it\/","name":"S\u00fcdtiroler Jagdverband","description":"S\u00fcdtiroler Jagdverband","publisher":{"@id":"https:\/\/jagdverband.it\/it\/#organization"},"potentialAction":[{"@type":"SearchAction","target":{"@type":"EntryPoint","urlTemplate":"https:\/\/jagdverband.it\/it\/?s={search_term_string}"},"query-input":"required name=search_term_string"}],"inLanguage":"it-IT"},{"@type":"Organization","@id":"https:\/\/jagdverband.it\/it\/#organization","name":"S\u00fcdtiroler Jagdverband","url":"https:\/\/jagdverband.it\/it\/","sameAs":[],"logo":{"@type":"ImageObject","inLanguage":"it-IT","@id":"https:\/\/jagdverband.it\/it\/#\/schema\/logo\/image\/","url":"","contentUrl":"","caption":"S\u00fcdtiroler Jagdverband"},"image":{"@id":"https:\/\/jagdverband.it\/it\/#\/schema\/logo\/image\/"}},{"@type":"Person","@id":"https:\/\/jagdverband.it\/it\/#\/schema\/person\/3e030b3a4aa7c391e09cd551afd6dc73","name":"admin","image":{"@type":"ImageObject","inLanguage":"it-IT","@id":"https:\/\/jagdverband.it\/it\/#\/schema\/person\/image\/","url":"https:\/\/secure.gravatar.com\/avatar\/badbf5eaa88657062fdcacb31218cc5c?s=96&d=blank&r=g","contentUrl":"https:\/\/secure.gravatar.com\/avatar\/badbf5eaa88657062fdcacb31218cc5c?s=96&d=blank&r=g","caption":"admin"},"url":"https:\/\/jagdverband.it\/it\/author\/admin\/"}]}},"_links":{"self":[{"href":"https:\/\/jagdverband.it\/it\/wp-json\/wp\/v2\/posts\/61308"}],"collection":[{"href":"https:\/\/jagdverband.it\/it\/wp-json\/wp\/v2\/posts"}],"about":[{"href":"https:\/\/jagdverband.it\/it\/wp-json\/wp\/v2\/types\/post"}],"author":[{"embeddable":true,"href":"https:\/\/jagdverband.it\/it\/wp-json\/wp\/v2\/users\/1"}],"replies":[{"embeddable":true,"href":"https:\/\/jagdverband.it\/it\/wp-json\/wp\/v2\/comments?post=61308"}],"version-history":[{"count":0,"href":"https:\/\/jagdverband.it\/it\/wp-json\/wp\/v2\/posts\/61308\/revisions"}],"wp:featuredmedia":[{"embeddable":true,"href":"https:\/\/jagdverband.it\/it\/wp-json\/wp\/v2\/media\/61277"}],"wp:attachment":[{"href":"https:\/\/jagdverband.it\/it\/wp-json\/wp\/v2\/media?parent=61308"}],"wp:term":[{"taxonomy":"category","embeddable":true,"href":"https:\/\/jagdverband.it\/it\/wp-json\/wp\/v2\/categories?post=61308"},{"taxonomy":"post_tag","embeddable":true,"href":"https:\/\/jagdverband.it\/it\/wp-json\/wp\/v2\/tags?post=61308"}],"curies":[{"name":"wp","href":"https:\/\/api.w.org\/{rel}","templated":true}]}}