{"id":61246,"date":"2020-07-09T08:00:19","date_gmt":"2020-07-09T06:00:19","guid":{"rendered":"https:\/\/jagdverband.it\/?p=61246"},"modified":"2020-07-09T08:34:44","modified_gmt":"2020-07-09T06:34:44","slug":"mustelidi-ermellino","status":"publish","type":"post","link":"https:\/\/jagdverband.it\/it\/mustelidi-ermellino\/","title":{"rendered":"I nostri mustelidi \u2013 L\u2019ermellino"},"content":{"rendered":"<p>[et_pb_section fb_built=&#8221;1&#8243; specialty=&#8221;on&#8221; _builder_version=&#8221;3.27.3&#8243;][et_pb_column type=&#8221;3_4&#8243; specialty_columns=&#8221;3&#8243; _builder_version=&#8221;3.25&#8243; custom_padding=&#8221;|||&#8221; custom_padding__hover=&#8221;|||&#8221;][et_pb_row_inner _builder_version=&#8221;3.27.3&#8243; custom_padding=&#8221;||5px||false|false&#8221;][et_pb_column_inner saved_specialty_column_type=&#8221;3_4&#8243; _builder_version=&#8221;3.27.3&#8243;][et_pb_text _builder_version=&#8221;4.0.9&#8243; custom_padding=&#8221;||0px|||&#8221; hover_enabled=&#8221;0&#8243;]<\/p>\n<h1><strong>I nostri mustelidi \u2013 L\u2019ermellino<\/strong><\/h1>\n<h1><em style=\"font-size: 16px;\">9 luglio 2020<\/em><\/h1>\n<p>[\/et_pb_text][\/et_pb_column_inner][\/et_pb_row_inner][et_pb_row_inner column_structure=&#8221;1_2,1_2&#8243; _builder_version=&#8221;3.27.3&#8243; custom_padding=&#8221;0px||5px||false|false&#8221;][et_pb_column_inner type=&#8221;1_2&#8243; saved_specialty_column_type=&#8221;3_4&#8243; _builder_version=&#8221;3.27.3&#8243;][et_pb_image src=&#8221;https:\/\/jagdverband.it\/wp-content\/uploads\/2020\/07\/Hermelin-4312983_TessLuna.jpg&#8221; show_in_lightbox=&#8221;on&#8221; _builder_version=&#8221;4.0.9&#8243;][\/et_pb_image][\/et_pb_column_inner][et_pb_column_inner type=&#8221;1_2&#8243; saved_specialty_column_type=&#8221;3_4&#8243; _builder_version=&#8221;3.27.3&#8243;][et_pb_text _builder_version=&#8221;4.0.9&#8243; custom_padding=&#8221;||10px|||&#8221; hover_enabled=&#8221;0&#8243;]<\/p>\n<p>Un ermellino \u00e8 grande il doppio di una donnola, ma \u00e8 comunque molto piccolo. Per le sue dimensioni, l&#8217;agile cacciatore \u00e8 sorprendentemente veloce. Su brevi distanze, gli ermellini possono raggiungere i <strong>35 km\/h<\/strong>. Se avanzano ancora un po\u2019 di energia, potete osservare questi snodati animaletti esibirsi in divertenti capriole.<\/p>\n<p>Come la donnola, anche gli ermellini preferiscono cibarsi di topi. In realt\u00e0 c&#8217;\u00e8 anche un <strong>collegamento<\/strong> tra l\u2019abbondanza di topi e la consistenza di ermellini. Se la popolazione di topi fluttua, anche quella di ermellini ne segue l\u2019andamento.<\/p>\n<p>In estate, questi animaletti, altrimenti solitari, si riuniscono per la stagione degli amori. A causa del fenomeno della <strong>dormienza<\/strong>, ovvero della sospensione della gravidanza, presente anche in altre specie di mustelidi, la prole non nasce fino al maggio dell&#8217;anno successivo.<\/p>\n<p><span style=\"color: #ff9900;\"><strong>Interessante<\/strong>: le femmine di ermellino possono accoppiarsi gi\u00e0 nella <strong>prima infanzia<\/strong>! I maschi, invece, hanno bisogno di un buon anno prima di essere sessualmente maturi.<br \/> <\/span><\/p>\n<p>Dall&#8217;autunno in poi, l&#8217;ermellino scambia il suo mantello marrone estivo con uno bianco puro invernale. Solo la punta resiste a questo cambiamento di colore e rimane nera tutto l&#8217;anno. La <strong>pelliccia bianca<\/strong> di ermellino era una volta molto popolare tra i reali e i nobili. Il mantello di ermellino era considerato un simbolo di purezza e di potere.<\/p>\n<p><span style=\"color: #ff9900;\"><strong>Da notare:<\/strong> i &#8220;punti&#8221; neri sulle pellicce bianche di ermellino derivano dalle estremit\u00e0 scure della coda degli animali che sono stati utilizzati per fabbricare il mantello. Questo rende facile contare quanti di questi animali sono stati sacrificati per realizzare una sola pelliccia.<br \/> <\/span><\/p>\n<p>[\/et_pb_text][\/et_pb_column_inner][\/et_pb_row_inner][et_pb_row_inner column_structure=&#8221;undefined&#8221; _builder_version=&#8221;4.0.9&#8243; custom_padding=&#8221;0px||0px||false|false&#8221;][et_pb_column_inner type=&#8221;undefined&#8221; saved_specialty_column_type=&#8221;3_4&#8243; _builder_version=&#8221;3.27.3&#8243;][et_pb_divider color=&#8221;rgba(0,0,0,0.13)&#8221; _builder_version=&#8221;4.0.9&#8243; custom_margin=&#8221;||0px||false|false&#8221;][\/et_pb_divider][et_pb_button button_url=&#8221;https:\/\/jagdverband.it\/mitteilungen\/&#8221; button_text=&#8221;torna indietro&#8221; button_alignment=&#8221;center&#8221; _builder_version=&#8221;4.0.9&#8243; hover_enabled=&#8221;0&#8243;][\/et_pb_button][et_pb_divider color=&#8221;rgba(0,0,0,0.13)&#8221; _builder_version=&#8221;4.0.9&#8243; custom_margin=&#8221;25px||||false|false&#8221;][\/et_pb_divider][\/et_pb_column_inner][\/et_pb_row_inner][\/et_pb_column][et_pb_column type=&#8221;1_4&#8243; _builder_version=&#8221;3.25&#8243; custom_padding=&#8221;|||&#8221; custom_padding__hover=&#8221;|||&#8221;][et_pb_sidebar orientation=&#8221;right&#8221; _builder_version=&#8221;3.27.3&#8243;][\/et_pb_sidebar][\/et_pb_column][\/et_pb_section]<\/p>\n","protected":false},"excerpt":{"rendered":"<p>Un ermellino \u00e8 grande il doppio di una donnola, ma \u00e8 comunque molto piccolo. Per le sue dimensioni, l&#8217;agile cacciatore \u00e8 sorprendentemente veloce. Su brevi distanze, gli ermellini possono raggiungere i 35 km\/h &#8230;<\/p>\n","protected":false},"author":1,"featured_media":61239,"comment_status":"closed","ping_status":"closed","sticky":false,"template":"","format":"standard","meta":{"_et_pb_use_builder":"on","_et_pb_old_content":"","_et_gb_content_width":""},"categories":[163],"tags":[],"featured_image_src":"https:\/\/jagdverband.it\/wp-content\/uploads\/2020\/07\/Hermelin-4312983_TessLuna-1024x592.jpg","blog_images":{"medium":"https:\/\/jagdverband.it\/wp-content\/uploads\/2020\/07\/Hermelin-4312983_TessLuna-300x173.jpg","large":"https:\/\/jagdverband.it\/wp-content\/uploads\/2020\/07\/Hermelin-4312983_TessLuna-1024x592.jpg"},"ams_acf":[],"yoast_head":"<!-- This site is optimized with the Yoast SEO plugin v19.6 - https:\/\/yoast.com\/wordpress\/plugins\/seo\/ -->\n<title>I nostri mustelidi \u2013 L\u2019ermellino - S\u00fcdtiroler Jagdverband<\/title>\n<meta name=\"robots\" content=\"index, follow, max-snippet:-1, max-image-preview:large, max-video-preview:-1\" \/>\n<link rel=\"canonical\" href=\"https:\/\/jagdverband.it\/it\/mustelidi-ermellino\/\" \/>\n<meta property=\"og:locale\" content=\"it_IT\" \/>\n<meta property=\"og:type\" content=\"article\" \/>\n<meta property=\"og:title\" content=\"I nostri mustelidi \u2013 L\u2019ermellino - S\u00fcdtiroler Jagdverband\" \/>\n<meta property=\"og:description\" content=\"Un ermellino \u00e8 grande il doppio di una donnola, ma \u00e8 comunque molto piccolo. Per le sue dimensioni, l&#039;agile cacciatore \u00e8 sorprendentemente veloce. Su brevi distanze, gli ermellini possono raggiungere i 35 km\/h ...\" \/>\n<meta property=\"og:url\" content=\"https:\/\/jagdverband.it\/it\/mustelidi-ermellino\/\" \/>\n<meta property=\"og:site_name\" content=\"S\u00fcdtiroler Jagdverband\" \/>\n<meta property=\"article:published_time\" content=\"2020-07-09T06:00:19+00:00\" \/>\n<meta property=\"article:modified_time\" content=\"2020-07-09T06:34:44+00:00\" \/>\n<meta property=\"og:image\" content=\"https:\/\/jagdverband.it\/wp-content\/uploads\/2020\/07\/Hermelin-4312983_TessLuna.jpg\" \/>\n\t<meta property=\"og:image:width\" content=\"1280\" \/>\n\t<meta property=\"og:image:height\" content=\"740\" \/>\n\t<meta property=\"og:image:type\" content=\"image\/jpeg\" \/>\n<meta name=\"author\" content=\"admin\" \/>\n<meta name=\"twitter:card\" content=\"summary\" \/>\n<meta name=\"twitter:label1\" content=\"Scritto da\" \/>\n\t<meta name=\"twitter:data1\" content=\"admin\" \/>\n\t<meta name=\"twitter:label2\" content=\"Tempo di lettura stimato\" \/>\n\t<meta name=\"twitter:data2\" content=\"3 minuti\" \/>\n<script type=\"application\/ld+json\" class=\"yoast-schema-graph\">{\"@context\":\"https:\/\/schema.org\",\"@graph\":[{\"@type\":\"Article\",\"@id\":\"https:\/\/jagdverband.it\/it\/mustelidi-ermellino\/#article\",\"isPartOf\":{\"@id\":\"https:\/\/jagdverband.it\/it\/mustelidi-ermellino\/\"},\"author\":{\"name\":\"admin\",\"@id\":\"https:\/\/jagdverband.it\/it\/#\/schema\/person\/3e030b3a4aa7c391e09cd551afd6dc73\"},\"headline\":\"I nostri mustelidi \u2013 L\u2019ermellino\",\"datePublished\":\"2020-07-09T06:00:19+00:00\",\"dateModified\":\"2020-07-09T06:34:44+00:00\",\"mainEntityOfPage\":{\"@id\":\"https:\/\/jagdverband.it\/it\/mustelidi-ermellino\/\"},\"wordCount\":526,\"publisher\":{\"@id\":\"https:\/\/jagdverband.it\/it\/#organization\"},\"articleSection\":[\"comunicazioni_it\"],\"inLanguage\":\"it-IT\"},{\"@type\":\"WebPage\",\"@id\":\"https:\/\/jagdverband.it\/it\/mustelidi-ermellino\/\",\"url\":\"https:\/\/jagdverband.it\/it\/mustelidi-ermellino\/\",\"name\":\"I nostri mustelidi \u2013 L\u2019ermellino - S\u00fcdtiroler Jagdverband\",\"isPartOf\":{\"@id\":\"https:\/\/jagdverband.it\/it\/#website\"},\"datePublished\":\"2020-07-09T06:00:19+00:00\",\"dateModified\":\"2020-07-09T06:34:44+00:00\",\"breadcrumb\":{\"@id\":\"https:\/\/jagdverband.it\/it\/mustelidi-ermellino\/#breadcrumb\"},\"inLanguage\":\"it-IT\",\"potentialAction\":[{\"@type\":\"ReadAction\",\"target\":[\"https:\/\/jagdverband.it\/it\/mustelidi-ermellino\/\"]}]},{\"@type\":\"BreadcrumbList\",\"@id\":\"https:\/\/jagdverband.it\/it\/mustelidi-ermellino\/#breadcrumb\",\"itemListElement\":[{\"@type\":\"ListItem\",\"position\":1,\"name\":\"Home\",\"item\":\"https:\/\/jagdverband.it\/it\/\"},{\"@type\":\"ListItem\",\"position\":2,\"name\":\"Mitteilungen\",\"item\":\"https:\/\/jagdverband.it\/c\/mitteilungen\/\"},{\"@type\":\"ListItem\",\"position\":3,\"name\":\"I nostri mustelidi \u2013 L\u2019ermellino\"}]},{\"@type\":\"WebSite\",\"@id\":\"https:\/\/jagdverband.it\/it\/#website\",\"url\":\"https:\/\/jagdverband.it\/it\/\",\"name\":\"S\u00fcdtiroler Jagdverband\",\"description\":\"S\u00fcdtiroler Jagdverband\",\"publisher\":{\"@id\":\"https:\/\/jagdverband.it\/it\/#organization\"},\"potentialAction\":[{\"@type\":\"SearchAction\",\"target\":{\"@type\":\"EntryPoint\",\"urlTemplate\":\"https:\/\/jagdverband.it\/it\/?s={search_term_string}\"},\"query-input\":\"required name=search_term_string\"}],\"inLanguage\":\"it-IT\"},{\"@type\":\"Organization\",\"@id\":\"https:\/\/jagdverband.it\/it\/#organization\",\"name\":\"S\u00fcdtiroler Jagdverband\",\"url\":\"https:\/\/jagdverband.it\/it\/\",\"sameAs\":[],\"logo\":{\"@type\":\"ImageObject\",\"inLanguage\":\"it-IT\",\"@id\":\"https:\/\/jagdverband.it\/it\/#\/schema\/logo\/image\/\",\"url\":\"\",\"contentUrl\":\"\",\"caption\":\"S\u00fcdtiroler Jagdverband\"},\"image\":{\"@id\":\"https:\/\/jagdverband.it\/it\/#\/schema\/logo\/image\/\"}},{\"@type\":\"Person\",\"@id\":\"https:\/\/jagdverband.it\/it\/#\/schema\/person\/3e030b3a4aa7c391e09cd551afd6dc73\",\"name\":\"admin\",\"image\":{\"@type\":\"ImageObject\",\"inLanguage\":\"it-IT\",\"@id\":\"https:\/\/jagdverband.it\/it\/#\/schema\/person\/image\/\",\"url\":\"https:\/\/secure.gravatar.com\/avatar\/badbf5eaa88657062fdcacb31218cc5c?s=96&d=blank&r=g\",\"contentUrl\":\"https:\/\/secure.gravatar.com\/avatar\/badbf5eaa88657062fdcacb31218cc5c?s=96&d=blank&r=g\",\"caption\":\"admin\"},\"url\":\"https:\/\/jagdverband.it\/it\/author\/admin\/\"}]}<\/script>\n<!-- \/ Yoast SEO plugin. -->","yoast_head_json":{"title":"I nostri mustelidi \u2013 L\u2019ermellino - S\u00fcdtiroler Jagdverband","robots":{"index":"index","follow":"follow","max-snippet":"max-snippet:-1","max-image-preview":"max-image-preview:large","max-video-preview":"max-video-preview:-1"},"canonical":"https:\/\/jagdverband.it\/it\/mustelidi-ermellino\/","og_locale":"it_IT","og_type":"article","og_title":"I nostri mustelidi \u2013 L\u2019ermellino - S\u00fcdtiroler Jagdverband","og_description":"Un ermellino \u00e8 grande il doppio di una donnola, ma \u00e8 comunque molto piccolo. Per le sue dimensioni, l'agile cacciatore \u00e8 sorprendentemente veloce. Su brevi distanze, gli ermellini possono raggiungere i 35 km\/h ...","og_url":"https:\/\/jagdverband.it\/it\/mustelidi-ermellino\/","og_site_name":"S\u00fcdtiroler Jagdverband","article_published_time":"2020-07-09T06:00:19+00:00","article_modified_time":"2020-07-09T06:34:44+00:00","og_image":[{"width":1280,"height":740,"url":"https:\/\/jagdverband.it\/wp-content\/uploads\/2020\/07\/Hermelin-4312983_TessLuna.jpg","type":"image\/jpeg"}],"author":"admin","twitter_card":"summary","twitter_misc":{"Scritto da":"admin","Tempo di lettura stimato":"3 minuti"},"schema":{"@context":"https:\/\/schema.org","@graph":[{"@type":"Article","@id":"https:\/\/jagdverband.it\/it\/mustelidi-ermellino\/#article","isPartOf":{"@id":"https:\/\/jagdverband.it\/it\/mustelidi-ermellino\/"},"author":{"name":"admin","@id":"https:\/\/jagdverband.it\/it\/#\/schema\/person\/3e030b3a4aa7c391e09cd551afd6dc73"},"headline":"I nostri mustelidi \u2013 L\u2019ermellino","datePublished":"2020-07-09T06:00:19+00:00","dateModified":"2020-07-09T06:34:44+00:00","mainEntityOfPage":{"@id":"https:\/\/jagdverband.it\/it\/mustelidi-ermellino\/"},"wordCount":526,"publisher":{"@id":"https:\/\/jagdverband.it\/it\/#organization"},"articleSection":["comunicazioni_it"],"inLanguage":"it-IT"},{"@type":"WebPage","@id":"https:\/\/jagdverband.it\/it\/mustelidi-ermellino\/","url":"https:\/\/jagdverband.it\/it\/mustelidi-ermellino\/","name":"I nostri mustelidi \u2013 L\u2019ermellino - S\u00fcdtiroler Jagdverband","isPartOf":{"@id":"https:\/\/jagdverband.it\/it\/#website"},"datePublished":"2020-07-09T06:00:19+00:00","dateModified":"2020-07-09T06:34:44+00:00","breadcrumb":{"@id":"https:\/\/jagdverband.it\/it\/mustelidi-ermellino\/#breadcrumb"},"inLanguage":"it-IT","potentialAction":[{"@type":"ReadAction","target":["https:\/\/jagdverband.it\/it\/mustelidi-ermellino\/"]}]},{"@type":"BreadcrumbList","@id":"https:\/\/jagdverband.it\/it\/mustelidi-ermellino\/#breadcrumb","itemListElement":[{"@type":"ListItem","position":1,"name":"Home","item":"https:\/\/jagdverband.it\/it\/"},{"@type":"ListItem","position":2,"name":"Mitteilungen","item":"https:\/\/jagdverband.it\/c\/mitteilungen\/"},{"@type":"ListItem","position":3,"name":"I nostri mustelidi \u2013 L\u2019ermellino"}]},{"@type":"WebSite","@id":"https:\/\/jagdverband.it\/it\/#website","url":"https:\/\/jagdverband.it\/it\/","name":"S\u00fcdtiroler Jagdverband","description":"S\u00fcdtiroler Jagdverband","publisher":{"@id":"https:\/\/jagdverband.it\/it\/#organization"},"potentialAction":[{"@type":"SearchAction","target":{"@type":"EntryPoint","urlTemplate":"https:\/\/jagdverband.it\/it\/?s={search_term_string}"},"query-input":"required name=search_term_string"}],"inLanguage":"it-IT"},{"@type":"Organization","@id":"https:\/\/jagdverband.it\/it\/#organization","name":"S\u00fcdtiroler Jagdverband","url":"https:\/\/jagdverband.it\/it\/","sameAs":[],"logo":{"@type":"ImageObject","inLanguage":"it-IT","@id":"https:\/\/jagdverband.it\/it\/#\/schema\/logo\/image\/","url":"","contentUrl":"","caption":"S\u00fcdtiroler Jagdverband"},"image":{"@id":"https:\/\/jagdverband.it\/it\/#\/schema\/logo\/image\/"}},{"@type":"Person","@id":"https:\/\/jagdverband.it\/it\/#\/schema\/person\/3e030b3a4aa7c391e09cd551afd6dc73","name":"admin","image":{"@type":"ImageObject","inLanguage":"it-IT","@id":"https:\/\/jagdverband.it\/it\/#\/schema\/person\/image\/","url":"https:\/\/secure.gravatar.com\/avatar\/badbf5eaa88657062fdcacb31218cc5c?s=96&d=blank&r=g","contentUrl":"https:\/\/secure.gravatar.com\/avatar\/badbf5eaa88657062fdcacb31218cc5c?s=96&d=blank&r=g","caption":"admin"},"url":"https:\/\/jagdverband.it\/it\/author\/admin\/"}]}},"_links":{"self":[{"href":"https:\/\/jagdverband.it\/it\/wp-json\/wp\/v2\/posts\/61246"}],"collection":[{"href":"https:\/\/jagdverband.it\/it\/wp-json\/wp\/v2\/posts"}],"about":[{"href":"https:\/\/jagdverband.it\/it\/wp-json\/wp\/v2\/types\/post"}],"author":[{"embeddable":true,"href":"https:\/\/jagdverband.it\/it\/wp-json\/wp\/v2\/users\/1"}],"replies":[{"embeddable":true,"href":"https:\/\/jagdverband.it\/it\/wp-json\/wp\/v2\/comments?post=61246"}],"version-history":[{"count":0,"href":"https:\/\/jagdverband.it\/it\/wp-json\/wp\/v2\/posts\/61246\/revisions"}],"wp:featuredmedia":[{"embeddable":true,"href":"https:\/\/jagdverband.it\/it\/wp-json\/wp\/v2\/media\/61239"}],"wp:attachment":[{"href":"https:\/\/jagdverband.it\/it\/wp-json\/wp\/v2\/media?parent=61246"}],"wp:term":[{"taxonomy":"category","embeddable":true,"href":"https:\/\/jagdverband.it\/it\/wp-json\/wp\/v2\/categories?post=61246"},{"taxonomy":"post_tag","embeddable":true,"href":"https:\/\/jagdverband.it\/it\/wp-json\/wp\/v2\/tags?post=61246"}],"curies":[{"name":"wp","href":"https:\/\/api.w.org\/{rel}","templated":true}]}}