{"id":60505,"date":"2020-05-04T10:27:41","date_gmt":"2020-05-04T08:27:41","guid":{"rendered":"https:\/\/jagdverband.it\/?p=60505"},"modified":"2020-05-04T19:18:38","modified_gmt":"2020-05-04T17:18:38","slug":"inizio-previsto-anno-venatorio-8-maggio-2020","status":"publish","type":"post","link":"https:\/\/jagdverband.it\/it\/inizio-previsto-anno-venatorio-8-maggio-2020\/","title":{"rendered":"Inizio previsto della stagione venatoria l\u20188 maggio 2020"},"content":{"rendered":"<p>[et_pb_section fb_built=&#8221;1&#8243; specialty=&#8221;on&#8221; _builder_version=&#8221;3.27.3&#8243;][et_pb_column type=&#8221;3_4&#8243; specialty_columns=&#8221;3&#8243; _builder_version=&#8221;3.25&#8243; custom_padding=&#8221;|||&#8221; custom_padding__hover=&#8221;|||&#8221;][et_pb_row_inner _builder_version=&#8221;3.27.3&#8243; custom_padding=&#8221;||5px||false|false&#8221;][et_pb_column_inner saved_specialty_column_type=&#8221;3_4&#8243; _builder_version=&#8221;3.27.3&#8243;][et_pb_text _builder_version=&#8221;4.0.9&#8243; custom_padding=&#8221;||0px|||&#8221; hover_enabled=&#8221;0&#8243;]<\/p>\n<h1>Inizio previsto della stagione venatoria l\u20188 maggio 2020<\/h1>\n<h1><em style=\"font-size: 16px;\">4 maggio 2020<\/em><\/h1>\n<p>[\/et_pb_text][\/et_pb_column_inner][\/et_pb_row_inner][et_pb_row_inner column_structure=&#8221;1_2,1_2&#8243; _builder_version=&#8221;3.27.3&#8243; custom_padding=&#8221;0px||5px||false|false&#8221;][et_pb_column_inner type=&#8221;1_2&#8243; saved_specialty_column_type=&#8221;3_4&#8243; _builder_version=&#8221;3.27.3&#8243;][et_pb_image src=&#8221;https:\/\/jagdverband.it\/wp-content\/uploads\/2020\/05\/Jagdbeginn.jpg&#8221; show_in_lightbox=&#8221;on&#8221; _builder_version=&#8221;4.0.9&#8243;][\/et_pb_image][\/et_pb_column_inner][et_pb_column_inner type=&#8221;1_2&#8243; saved_specialty_column_type=&#8221;3_4&#8243; _builder_version=&#8221;3.27.3&#8243;][et_pb_text _builder_version=&#8221;4.0.9&#8243; custom_padding=&#8221;||10px|||&#8221; hover_enabled=&#8221;0&#8243;]<\/p>\n<p>Sabato pomeriggio scorso, il Presidente della Giunta provinciale Arno Kompatscher ha firmato una nuova ordinanza urgente per la regolamentazione Covid-19, entrata in vigore oggi, luned\u00ec 4 maggio, in attesa della prossima Legge provinciale. Poich\u00e9 tale ordinanza non menzionava tra le attivit\u00e0 regolamentate quella venatoria, abbiamo immediatamente chiesto chiarimenti all\u2019assessore provinciale competente per materia Arnold Schuler. Ci ha assicurato che si potr\u00e0 iniziare ad andare a caccia a partire dall\u20198 maggio prossimo. Entro quella data, infatti, o entrer\u00e0 in vigore la nuova Legge provinciale che conterr\u00e0 questo passaggio, oppure sar\u00e0 emessa dal Presidente provinciale un\u2019apposita ordinanza.<\/p>\n<p>[\/et_pb_text][\/et_pb_column_inner][\/et_pb_row_inner][et_pb_row_inner _builder_version=&#8221;3.27.3&#8243; custom_padding=&#8221;0px||5px||false|false&#8221;][et_pb_column_inner saved_specialty_column_type=&#8221;3_4&#8243; _builder_version=&#8221;3.27.3&#8243;][et_pb_text _builder_version=&#8221;4.0.9&#8243; custom_padding=&#8221;||10px|||&#8221; hover_enabled=&#8221;0&#8243;]<\/p>\n<p>Peccato solo che l&#8217;Alto Adige, a differenza di altre regioni (Emilia Romagna, Trentino o Friuli Venezia Giulia), non abbia gi\u00e0 sfruttato il margine di manovra esistente in materia di caccia.<\/p>\n<p>In ogni caso, quel che conta \u00e8 che finalmente abbiamo una data d\u2019inizio della stagione venatoria e che possiamo iniziare a programmarci. Nei prossimi giorni le riserve inizieranno a distribuire i permessi annuali e d\u2019ospite.<\/p>\n<p>[\/et_pb_text][et_pb_divider color=&#8221;rgba(0,0,0,0.13)&#8221; _builder_version=&#8221;4.0.9&#8243; custom_margin=&#8221;25px||||false|false&#8221;][\/et_pb_divider][et_pb_text _builder_version=&#8221;4.0.9&#8243; custom_padding=&#8221;||10px|||&#8221; hover_enabled=&#8221;0&#8243;]<\/p>\n<h1>Avete un indizio?<\/h1>\n<p>Poco fa girava in Internet un video che mostrava due maschi di capriolo che si sfidavano in mezzo ad una strada di montagna. Non conosciamo per\u00f2 n\u00e9 il luogo esatto, n\u00e9 l&#8217;autore del video. Qualcuno pu\u00f2 aiutarci? Grazie per ogni vostro contributo.<\/p>\n<p>[\/et_pb_text][\/et_pb_column_inner][\/et_pb_row_inner][et_pb_row_inner column_structure=&#8221;undefined&#8221; _builder_version=&#8221;4.0.9&#8243; custom_padding=&#8221;0px||0px||false|false&#8221;][et_pb_column_inner type=&#8221;undefined&#8221; saved_specialty_column_type=&#8221;3_4&#8243; _builder_version=&#8221;3.27.3&#8243;][et_pb_divider color=&#8221;rgba(0,0,0,0.13)&#8221; _builder_version=&#8221;4.0.9&#8243; custom_margin=&#8221;||0px||false|false&#8221;][\/et_pb_divider][et_pb_button button_url=&#8221;https:\/\/jagdverband.it\/mitteilungen\/&#8221; button_text=&#8221;torna indietro&#8221; button_alignment=&#8221;center&#8221; _builder_version=&#8221;4.0.9&#8243;][\/et_pb_button][et_pb_divider color=&#8221;rgba(0,0,0,0.13)&#8221; _builder_version=&#8221;4.0.9&#8243; custom_margin=&#8221;25px||||false|false&#8221;][\/et_pb_divider][\/et_pb_column_inner][\/et_pb_row_inner][\/et_pb_column][et_pb_column type=&#8221;1_4&#8243; _builder_version=&#8221;3.25&#8243; custom_padding=&#8221;|||&#8221; custom_padding__hover=&#8221;|||&#8221;][et_pb_sidebar orientation=&#8221;right&#8221; _builder_version=&#8221;3.27.3&#8243;][\/et_pb_sidebar][\/et_pb_column][\/et_pb_section]<\/p>\n","protected":false},"excerpt":{"rendered":"<p>Sabato pomeriggio scorso, il Presidente della Giunta provinciale Arno Kompatscher ha firmato una nuova ordinanza urgente per la regolamentazione Covid-19, entrata in vigore oggi, luned\u00ec 4 maggio, in attesa della prossima Legge provinciale. Poich\u00e9 tale ordinanza non menzionava tra le attivit\u00e0 regolamentate quella venatoria &#8230;<\/p>\n","protected":false},"author":1,"featured_media":60501,"comment_status":"closed","ping_status":"closed","sticky":false,"template":"","format":"standard","meta":{"_et_pb_use_builder":"on","_et_pb_old_content":"","_et_gb_content_width":""},"categories":[163],"tags":[],"featured_image_src":"https:\/\/jagdverband.it\/wp-content\/uploads\/2020\/05\/Jagdbeginn-1024x768.jpg","blog_images":{"medium":"https:\/\/jagdverband.it\/wp-content\/uploads\/2020\/05\/Jagdbeginn-300x225.jpg","large":"https:\/\/jagdverband.it\/wp-content\/uploads\/2020\/05\/Jagdbeginn-1024x768.jpg"},"ams_acf":[],"yoast_head":"<!-- This site is optimized with the Yoast SEO plugin v19.6 - https:\/\/yoast.com\/wordpress\/plugins\/seo\/ -->\n<title>Inizio previsto della stagione venatoria l\u20188 maggio 2020 - S\u00fcdtiroler Jagdverband<\/title>\n<meta name=\"robots\" content=\"index, follow, max-snippet:-1, max-image-preview:large, max-video-preview:-1\" \/>\n<link rel=\"canonical\" href=\"https:\/\/jagdverband.it\/it\/inizio-previsto-anno-venatorio-8-maggio-2020\/\" \/>\n<meta property=\"og:locale\" content=\"it_IT\" \/>\n<meta property=\"og:type\" content=\"article\" \/>\n<meta property=\"og:title\" content=\"Inizio previsto della stagione venatoria l\u20188 maggio 2020 - S\u00fcdtiroler Jagdverband\" \/>\n<meta property=\"og:description\" content=\"Sabato pomeriggio scorso, il Presidente della Giunta provinciale Arno Kompatscher ha firmato una nuova ordinanza urgente per la regolamentazione Covid-19, entrata in vigore oggi, luned\u00ec 4 maggio, in attesa della prossima Legge provinciale. Poich\u00e9 tale ordinanza non menzionava tra le attivit\u00e0 regolamentate quella venatoria ...\" \/>\n<meta property=\"og:url\" content=\"https:\/\/jagdverband.it\/it\/inizio-previsto-anno-venatorio-8-maggio-2020\/\" \/>\n<meta property=\"og:site_name\" content=\"S\u00fcdtiroler Jagdverband\" \/>\n<meta property=\"article:published_time\" content=\"2020-05-04T08:27:41+00:00\" \/>\n<meta property=\"article:modified_time\" content=\"2020-05-04T17:18:38+00:00\" \/>\n<meta property=\"og:image\" content=\"https:\/\/jagdverband.it\/wp-content\/uploads\/2020\/05\/Jagdbeginn.jpg\" \/>\n\t<meta property=\"og:image:width\" content=\"1920\" \/>\n\t<meta property=\"og:image:height\" content=\"1440\" \/>\n\t<meta property=\"og:image:type\" content=\"image\/jpeg\" \/>\n<meta name=\"author\" content=\"admin\" \/>\n<meta name=\"twitter:card\" content=\"summary\" \/>\n<meta name=\"twitter:label1\" content=\"Scritto da\" \/>\n\t<meta name=\"twitter:data1\" content=\"admin\" \/>\n\t<meta name=\"twitter:label2\" content=\"Tempo di lettura stimato\" \/>\n\t<meta name=\"twitter:data2\" content=\"3 minuti\" \/>\n<script type=\"application\/ld+json\" class=\"yoast-schema-graph\">{\"@context\":\"https:\/\/schema.org\",\"@graph\":[{\"@type\":\"Article\",\"@id\":\"https:\/\/jagdverband.it\/it\/inizio-previsto-anno-venatorio-8-maggio-2020\/#article\",\"isPartOf\":{\"@id\":\"https:\/\/jagdverband.it\/it\/inizio-previsto-anno-venatorio-8-maggio-2020\/\"},\"author\":{\"name\":\"admin\",\"@id\":\"https:\/\/jagdverband.it\/it\/#\/schema\/person\/3e030b3a4aa7c391e09cd551afd6dc73\"},\"headline\":\"Inizio previsto della stagione venatoria l\u20188 maggio 2020\",\"datePublished\":\"2020-05-04T08:27:41+00:00\",\"dateModified\":\"2020-05-04T17:18:38+00:00\",\"mainEntityOfPage\":{\"@id\":\"https:\/\/jagdverband.it\/it\/inizio-previsto-anno-venatorio-8-maggio-2020\/\"},\"wordCount\":554,\"publisher\":{\"@id\":\"https:\/\/jagdverband.it\/it\/#organization\"},\"articleSection\":[\"comunicazioni_it\"],\"inLanguage\":\"it-IT\"},{\"@type\":\"WebPage\",\"@id\":\"https:\/\/jagdverband.it\/it\/inizio-previsto-anno-venatorio-8-maggio-2020\/\",\"url\":\"https:\/\/jagdverband.it\/it\/inizio-previsto-anno-venatorio-8-maggio-2020\/\",\"name\":\"Inizio previsto della stagione venatoria l\u20188 maggio 2020 - S\u00fcdtiroler Jagdverband\",\"isPartOf\":{\"@id\":\"https:\/\/jagdverband.it\/it\/#website\"},\"datePublished\":\"2020-05-04T08:27:41+00:00\",\"dateModified\":\"2020-05-04T17:18:38+00:00\",\"breadcrumb\":{\"@id\":\"https:\/\/jagdverband.it\/it\/inizio-previsto-anno-venatorio-8-maggio-2020\/#breadcrumb\"},\"inLanguage\":\"it-IT\",\"potentialAction\":[{\"@type\":\"ReadAction\",\"target\":[\"https:\/\/jagdverband.it\/it\/inizio-previsto-anno-venatorio-8-maggio-2020\/\"]}]},{\"@type\":\"BreadcrumbList\",\"@id\":\"https:\/\/jagdverband.it\/it\/inizio-previsto-anno-venatorio-8-maggio-2020\/#breadcrumb\",\"itemListElement\":[{\"@type\":\"ListItem\",\"position\":1,\"name\":\"Home\",\"item\":\"https:\/\/jagdverband.it\/it\/\"},{\"@type\":\"ListItem\",\"position\":2,\"name\":\"comunicazioni_it\",\"item\":\"https:\/\/jagdverband.it\/it\/c\/comunicazioni-it\/\"},{\"@type\":\"ListItem\",\"position\":3,\"name\":\"Inizio previsto della stagione venatoria l\u20188 maggio 2020\"}]},{\"@type\":\"WebSite\",\"@id\":\"https:\/\/jagdverband.it\/it\/#website\",\"url\":\"https:\/\/jagdverband.it\/it\/\",\"name\":\"S\u00fcdtiroler Jagdverband\",\"description\":\"S\u00fcdtiroler Jagdverband\",\"publisher\":{\"@id\":\"https:\/\/jagdverband.it\/it\/#organization\"},\"potentialAction\":[{\"@type\":\"SearchAction\",\"target\":{\"@type\":\"EntryPoint\",\"urlTemplate\":\"https:\/\/jagdverband.it\/it\/?s={search_term_string}\"},\"query-input\":\"required name=search_term_string\"}],\"inLanguage\":\"it-IT\"},{\"@type\":\"Organization\",\"@id\":\"https:\/\/jagdverband.it\/it\/#organization\",\"name\":\"S\u00fcdtiroler Jagdverband\",\"url\":\"https:\/\/jagdverband.it\/it\/\",\"sameAs\":[],\"logo\":{\"@type\":\"ImageObject\",\"inLanguage\":\"it-IT\",\"@id\":\"https:\/\/jagdverband.it\/it\/#\/schema\/logo\/image\/\",\"url\":\"\",\"contentUrl\":\"\",\"caption\":\"S\u00fcdtiroler Jagdverband\"},\"image\":{\"@id\":\"https:\/\/jagdverband.it\/it\/#\/schema\/logo\/image\/\"}},{\"@type\":\"Person\",\"@id\":\"https:\/\/jagdverband.it\/it\/#\/schema\/person\/3e030b3a4aa7c391e09cd551afd6dc73\",\"name\":\"admin\",\"image\":{\"@type\":\"ImageObject\",\"inLanguage\":\"it-IT\",\"@id\":\"https:\/\/jagdverband.it\/it\/#\/schema\/person\/image\/\",\"url\":\"https:\/\/secure.gravatar.com\/avatar\/badbf5eaa88657062fdcacb31218cc5c?s=96&d=blank&r=g\",\"contentUrl\":\"https:\/\/secure.gravatar.com\/avatar\/badbf5eaa88657062fdcacb31218cc5c?s=96&d=blank&r=g\",\"caption\":\"admin\"},\"url\":\"https:\/\/jagdverband.it\/it\/author\/admin\/\"}]}<\/script>\n<!-- \/ Yoast SEO plugin. -->","yoast_head_json":{"title":"Inizio previsto della stagione venatoria l\u20188 maggio 2020 - S\u00fcdtiroler Jagdverband","robots":{"index":"index","follow":"follow","max-snippet":"max-snippet:-1","max-image-preview":"max-image-preview:large","max-video-preview":"max-video-preview:-1"},"canonical":"https:\/\/jagdverband.it\/it\/inizio-previsto-anno-venatorio-8-maggio-2020\/","og_locale":"it_IT","og_type":"article","og_title":"Inizio previsto della stagione venatoria l\u20188 maggio 2020 - S\u00fcdtiroler Jagdverband","og_description":"Sabato pomeriggio scorso, il Presidente della Giunta provinciale Arno Kompatscher ha firmato una nuova ordinanza urgente per la regolamentazione Covid-19, entrata in vigore oggi, luned\u00ec 4 maggio, in attesa della prossima Legge provinciale. Poich\u00e9 tale ordinanza non menzionava tra le attivit\u00e0 regolamentate quella venatoria ...","og_url":"https:\/\/jagdverband.it\/it\/inizio-previsto-anno-venatorio-8-maggio-2020\/","og_site_name":"S\u00fcdtiroler Jagdverband","article_published_time":"2020-05-04T08:27:41+00:00","article_modified_time":"2020-05-04T17:18:38+00:00","og_image":[{"width":1920,"height":1440,"url":"https:\/\/jagdverband.it\/wp-content\/uploads\/2020\/05\/Jagdbeginn.jpg","type":"image\/jpeg"}],"author":"admin","twitter_card":"summary","twitter_misc":{"Scritto da":"admin","Tempo di lettura stimato":"3 minuti"},"schema":{"@context":"https:\/\/schema.org","@graph":[{"@type":"Article","@id":"https:\/\/jagdverband.it\/it\/inizio-previsto-anno-venatorio-8-maggio-2020\/#article","isPartOf":{"@id":"https:\/\/jagdverband.it\/it\/inizio-previsto-anno-venatorio-8-maggio-2020\/"},"author":{"name":"admin","@id":"https:\/\/jagdverband.it\/it\/#\/schema\/person\/3e030b3a4aa7c391e09cd551afd6dc73"},"headline":"Inizio previsto della stagione venatoria l\u20188 maggio 2020","datePublished":"2020-05-04T08:27:41+00:00","dateModified":"2020-05-04T17:18:38+00:00","mainEntityOfPage":{"@id":"https:\/\/jagdverband.it\/it\/inizio-previsto-anno-venatorio-8-maggio-2020\/"},"wordCount":554,"publisher":{"@id":"https:\/\/jagdverband.it\/it\/#organization"},"articleSection":["comunicazioni_it"],"inLanguage":"it-IT"},{"@type":"WebPage","@id":"https:\/\/jagdverband.it\/it\/inizio-previsto-anno-venatorio-8-maggio-2020\/","url":"https:\/\/jagdverband.it\/it\/inizio-previsto-anno-venatorio-8-maggio-2020\/","name":"Inizio previsto della stagione venatoria l\u20188 maggio 2020 - S\u00fcdtiroler Jagdverband","isPartOf":{"@id":"https:\/\/jagdverband.it\/it\/#website"},"datePublished":"2020-05-04T08:27:41+00:00","dateModified":"2020-05-04T17:18:38+00:00","breadcrumb":{"@id":"https:\/\/jagdverband.it\/it\/inizio-previsto-anno-venatorio-8-maggio-2020\/#breadcrumb"},"inLanguage":"it-IT","potentialAction":[{"@type":"ReadAction","target":["https:\/\/jagdverband.it\/it\/inizio-previsto-anno-venatorio-8-maggio-2020\/"]}]},{"@type":"BreadcrumbList","@id":"https:\/\/jagdverband.it\/it\/inizio-previsto-anno-venatorio-8-maggio-2020\/#breadcrumb","itemListElement":[{"@type":"ListItem","position":1,"name":"Home","item":"https:\/\/jagdverband.it\/it\/"},{"@type":"ListItem","position":2,"name":"comunicazioni_it","item":"https:\/\/jagdverband.it\/it\/c\/comunicazioni-it\/"},{"@type":"ListItem","position":3,"name":"Inizio previsto della stagione venatoria l\u20188 maggio 2020"}]},{"@type":"WebSite","@id":"https:\/\/jagdverband.it\/it\/#website","url":"https:\/\/jagdverband.it\/it\/","name":"S\u00fcdtiroler Jagdverband","description":"S\u00fcdtiroler Jagdverband","publisher":{"@id":"https:\/\/jagdverband.it\/it\/#organization"},"potentialAction":[{"@type":"SearchAction","target":{"@type":"EntryPoint","urlTemplate":"https:\/\/jagdverband.it\/it\/?s={search_term_string}"},"query-input":"required name=search_term_string"}],"inLanguage":"it-IT"},{"@type":"Organization","@id":"https:\/\/jagdverband.it\/it\/#organization","name":"S\u00fcdtiroler Jagdverband","url":"https:\/\/jagdverband.it\/it\/","sameAs":[],"logo":{"@type":"ImageObject","inLanguage":"it-IT","@id":"https:\/\/jagdverband.it\/it\/#\/schema\/logo\/image\/","url":"","contentUrl":"","caption":"S\u00fcdtiroler Jagdverband"},"image":{"@id":"https:\/\/jagdverband.it\/it\/#\/schema\/logo\/image\/"}},{"@type":"Person","@id":"https:\/\/jagdverband.it\/it\/#\/schema\/person\/3e030b3a4aa7c391e09cd551afd6dc73","name":"admin","image":{"@type":"ImageObject","inLanguage":"it-IT","@id":"https:\/\/jagdverband.it\/it\/#\/schema\/person\/image\/","url":"https:\/\/secure.gravatar.com\/avatar\/badbf5eaa88657062fdcacb31218cc5c?s=96&d=blank&r=g","contentUrl":"https:\/\/secure.gravatar.com\/avatar\/badbf5eaa88657062fdcacb31218cc5c?s=96&d=blank&r=g","caption":"admin"},"url":"https:\/\/jagdverband.it\/it\/author\/admin\/"}]}},"_links":{"self":[{"href":"https:\/\/jagdverband.it\/it\/wp-json\/wp\/v2\/posts\/60505"}],"collection":[{"href":"https:\/\/jagdverband.it\/it\/wp-json\/wp\/v2\/posts"}],"about":[{"href":"https:\/\/jagdverband.it\/it\/wp-json\/wp\/v2\/types\/post"}],"author":[{"embeddable":true,"href":"https:\/\/jagdverband.it\/it\/wp-json\/wp\/v2\/users\/1"}],"replies":[{"embeddable":true,"href":"https:\/\/jagdverband.it\/it\/wp-json\/wp\/v2\/comments?post=60505"}],"version-history":[{"count":0,"href":"https:\/\/jagdverband.it\/it\/wp-json\/wp\/v2\/posts\/60505\/revisions"}],"wp:featuredmedia":[{"embeddable":true,"href":"https:\/\/jagdverband.it\/it\/wp-json\/wp\/v2\/media\/60501"}],"wp:attachment":[{"href":"https:\/\/jagdverband.it\/it\/wp-json\/wp\/v2\/media?parent=60505"}],"wp:term":[{"taxonomy":"category","embeddable":true,"href":"https:\/\/jagdverband.it\/it\/wp-json\/wp\/v2\/categories?post=60505"},{"taxonomy":"post_tag","embeddable":true,"href":"https:\/\/jagdverband.it\/it\/wp-json\/wp\/v2\/tags?post=60505"}],"curies":[{"name":"wp","href":"https:\/\/api.w.org\/{rel}","templated":true}]}}