{"id":60402,"date":"2020-04-23T16:00:03","date_gmt":"2020-04-23T14:00:03","guid":{"rendered":"https:\/\/jagdverband.it\/newsletter-2020-06-copy\/"},"modified":"2020-04-27T09:14:27","modified_gmt":"2020-04-27T07:14:27","slug":"newsletter-2020-06","status":"publish","type":"post","link":"https:\/\/jagdverband.it\/it\/newsletter-2020-06\/","title":{"rendered":"Newsletter 24.04.2020"},"content":{"rendered":"<p>[et_pb_section fb_built=&#8221;1&#8243; specialty=&#8221;on&#8221; _builder_version=&#8221;3.27.3&#8243;][et_pb_column type=&#8221;3_4&#8243; specialty_columns=&#8221;3&#8243; _builder_version=&#8221;3.25&#8243; custom_padding=&#8221;|||&#8221; custom_padding__hover=&#8221;|||&#8221;][et_pb_row_inner _builder_version=&#8221;3.27.3&#8243; custom_padding=&#8221;||5px||false|false&#8221;][et_pb_column_inner saved_specialty_column_type=&#8221;3_4&#8243; _builder_version=&#8221;3.27.3&#8243;][et_pb_text _builder_version=&#8221;4.0.9&#8243; custom_padding=&#8221;||26px|||&#8221;]<\/p>\n<h1><strong>Newsletter del 24 aprile 2020<br \/> <\/strong><\/h1>\n<p>[\/et_pb_text][\/et_pb_column_inner][\/et_pb_row_inner][et_pb_row_inner column_structure=&#8221;1_2,1_2&#8243; _builder_version=&#8221;4.0.9&#8243;][et_pb_column_inner type=&#8221;1_2&#8243; saved_specialty_column_type=&#8221;3_4&#8243; _builder_version=&#8221;3.27.3&#8243;][et_pb_image src=&#8221;https:\/\/jagdverband.it\/wp-content\/uploads\/2020\/04\/REH_002.jpg&#8221; url=&#8221;https:\/\/jagdverband.it\/it\/inizio-anno-venatorio-2020\/&#8221; align_tablet=&#8221;center&#8221; align_phone=&#8221;&#8221; align_last_edited=&#8221;on|desktop&#8221; _builder_version=&#8221;4.0.9&#8243; custom_margin=&#8221;0px||10px||false|false&#8221; hover_enabled=&#8221;0&#8243;][\/et_pb_image][\/et_pb_column_inner][et_pb_column_inner type=&#8221;1_2&#8243; saved_specialty_column_type=&#8221;3_4&#8243; _builder_version=&#8221;3.27.3&#8243;][et_pb_text _builder_version=&#8221;4.0.9&#8243; custom_padding=&#8221;||10px|||&#8221; link_option_url=&#8221;https:\/\/jagdverband.it\/it\/inizio-anno-venatorio-2020\/&#8221; hover_enabled=&#8221;0&#8243;]<\/p>\n<h2><strong>Inizio dell\u2019anno venatorio 2020<\/strong><\/h2>\n<p>[\/et_pb_text][et_pb_text _builder_version=&#8221;4.0.9&#8243; custom_padding=&#8221;0px||10px|||&#8221;]<\/p>\n<p>Innumerevoli volte, negli ultimi giorni, ci viene posta la domanda su quando potr\u00e0 effettivamente iniziare la prossima stagione venatoria. Molti cacciatori hanno espresso la loro perplessit\u00e0 e temono che quest\u2019anno non sar\u00e0 assolutamente possibile andare a caccia. Queste paure sono del tutto infondate: anche quest\u2019anno &#8230;\u00a0 \u00a0\u00a0<a href=\"https:\/\/jagdverband.it\/it\/inizio-anno-venatorio-2020\/\">leggi di pi\u00f9<\/a><\/p>\n<p>[\/et_pb_text][\/et_pb_column_inner][\/et_pb_row_inner][et_pb_row_inner _builder_version=&#8221;4.0.9&#8243;][et_pb_column_inner saved_specialty_column_type=&#8221;3_4&#8243; _builder_version=&#8221;4.0.9&#8243;][et_pb_divider color=&#8221;#d6d6d6&#8243; _builder_version=&#8221;4.0.9&#8243;][\/et_pb_divider][\/et_pb_column_inner][\/et_pb_row_inner][et_pb_row_inner _builder_version=&#8221;4.0.9&#8243;][et_pb_column_inner saved_specialty_column_type=&#8221;3_4&#8243; _builder_version=&#8221;4.0.9&#8243;][et_pb_text _builder_version=&#8221;4.0.9&#8243; custom_padding=&#8221;||10px|||&#8221; hover_enabled=&#8221;0&#8243;]<\/p>\n<h2><strong>Scadenza del porto d\u2019armi<\/strong><\/h2>\n<p>[\/et_pb_text][et_pb_text _builder_version=&#8221;4.0.9&#8243; width=&#8221;100%&#8221; custom_padding=&#8221;0px||10px|||&#8221;]<\/p>\n<p>Nella nostra ultima newsletter abbiamo riferito che il Governo centrale ha preso un primo provvedimento per estendere la validit\u00e0 del porto d\u2019armi. Questa misura era assolutamente necessaria, poich\u00e9 attualmente \u00e8 quasi impossibile ottenere appuntamenti medici per l\u2019istanza di rinnovo della licenza. Si prevede che il Governo adotter\u00e0 presto una nuova misura per estendere ulteriormente la validit\u00e0 del porto d\u2019armi.<\/p>\n<p>Di seguito ricordiamo quanto finora previsto dal Governo, con la prima proroga:<br \/><strong>tutte le licenze di porto d\u2019arma con scadenza tra il 31 gennaio 2020 e il 15 aprile 2020 restano valide automaticamente fino al 15 giugno 2020.<\/strong><\/p>\n<p>La decisione sulla proroga della validit\u00e0 per le licenze con scadenza successiva al 15 aprile 2020 \u00e8 ancora in fase di definizione. Non appena ci saranno novit\u00e0 al riguardo, sar\u00e0 nostra premura comunicarvelo immediatamente.<\/p>\n<p>[\/et_pb_text][\/et_pb_column_inner][\/et_pb_row_inner][et_pb_row_inner _builder_version=&#8221;4.0.9&#8243;][et_pb_column_inner saved_specialty_column_type=&#8221;3_4&#8243; _builder_version=&#8221;4.0.9&#8243;][et_pb_divider color=&#8221;#d6d6d6&#8243; _builder_version=&#8221;4.0.9&#8243;][\/et_pb_divider][\/et_pb_column_inner][\/et_pb_row_inner][et_pb_row_inner column_structure=&#8221;1_2,1_2&#8243; _builder_version=&#8221;4.0.9&#8243;][et_pb_column_inner type=&#8221;1_2&#8243; saved_specialty_column_type=&#8221;3_4&#8243; _builder_version=&#8221;3.27.3&#8243;][et_pb_image src=&#8221;https:\/\/jagdverband.it\/wp-content\/uploads\/2020\/04\/Rotmilan_Einzeln.jpg&#8221; url=&#8221;https:\/\/jagdverband.it\/it\/il-nibbio-reale\/&#8221; align_tablet=&#8221;center&#8221; align_phone=&#8221;&#8221; align_last_edited=&#8221;on|desktop&#8221; _builder_version=&#8221;4.0.9&#8243; custom_margin=&#8221;0px||10px||false|false&#8221; hover_enabled=&#8221;0&#8243;][\/et_pb_image][\/et_pb_column_inner][et_pb_column_inner type=&#8221;1_2&#8243; saved_specialty_column_type=&#8221;3_4&#8243; _builder_version=&#8221;3.27.3&#8243;][et_pb_text _builder_version=&#8221;4.0.9&#8243; custom_padding=&#8221;||10px|||&#8221; link_option_url=&#8221;https:\/\/jagdverband.it\/it\/il-nibbio-reale\/&#8221; hover_enabled=&#8221;0&#8243;]<\/p>\n<h2><strong>Il nibbio reale e altre rarit\u00e0<\/strong><\/h2>\n<p>[\/et_pb_text][et_pb_text _builder_version=&#8221;4.0.9&#8243; custom_padding=&#8221;0px||10px|||&#8221;]<\/p>\n<p>Nel fondovalle di Vipiteno abbiamo ospiti rari: una coppia di nibbi reali si \u00e8 stabilita nella zona e, secondo gli osservatori, mostra chiari comportamenti di accoppiamento. Dopo il caso di Dobbiaco, due anni fa, questa sarebbe la seconda riproduzione\u00a0 &#8230;\u00a0 \u00a0<a href=\"https:\/\/jagdverband.it\/it\/il-nibbio-reale\/\">leggi di pi\u00f9<\/a><\/p>\n<p>[\/et_pb_text][\/et_pb_column_inner][\/et_pb_row_inner][et_pb_row_inner _builder_version=&#8221;4.0.9&#8243;][et_pb_column_inner saved_specialty_column_type=&#8221;3_4&#8243; _builder_version=&#8221;4.0.9&#8243;][et_pb_divider color=&#8221;#d6d6d6&#8243; _builder_version=&#8221;4.0.9&#8243;][\/et_pb_divider][\/et_pb_column_inner][\/et_pb_row_inner][et_pb_row_inner _builder_version=&#8221;4.0.9&#8243;][et_pb_column_inner saved_specialty_column_type=&#8221;3_4&#8243; _builder_version=&#8221;3.27.3&#8243;][et_pb_text _builder_version=&#8221;4.0.9&#8243; custom_padding=&#8221;||10px|||&#8221; hover_enabled=&#8221;0&#8243;]<\/p>\n<h2>Social Media<\/h2>\n<p>[\/et_pb_text][et_pb_text _builder_version=&#8221;4.0.9&#8243; custom_padding=&#8221;0px||10px|||&#8221;]<\/p>\n<p>Di grande attualit\u00e0 il tema dei &#8220;social media&#8221; che giocano un ruolo sempre pi\u00f9 importante anche per la caccia. L&#8217;Associazione Cacciatori Alto Adige ha instaurato uno scambio attivo con la svizzera Christine Fischer, blogger ed esperta di gestione della fauna selvatica, che ha sviluppato una guida per i cacciatori su come divulgare contenuti venatori attraverso i social network. I punti pi\u00f9 importanti sono riassunti sul nostro sito\u00a0<a href=\"https:\/\/jagdverband.it\/it\/social-media\/\">qui<\/a>.<\/p>\n<p>[\/et_pb_text][\/et_pb_column_inner][\/et_pb_row_inner][et_pb_row_inner _builder_version=&#8221;4.0.9&#8243;][et_pb_column_inner saved_specialty_column_type=&#8221;3_4&#8243; _builder_version=&#8221;4.0.9&#8243;][et_pb_divider color=&#8221;#d6d6d6&#8243; _builder_version=&#8221;4.0.9&#8243;][\/et_pb_divider][\/et_pb_column_inner][\/et_pb_row_inner][et_pb_row_inner _builder_version=&#8221;4.0.9&#8243;][et_pb_column_inner saved_specialty_column_type=&#8221;3_4&#8243; _builder_version=&#8221;3.27.3&#8243;][et_pb_text _builder_version=&#8221;4.0.9&#8243; custom_padding=&#8221;||10px|||&#8221; hover_enabled=&#8221;0&#8243;]<\/p>\n<h2><strong>Nessuna restrizione al commercio, detenzione e al consumo di carne di fauna selvatica a causa della pandemia Covid-19<\/strong><\/h2>\n<p>[\/et_pb_text][et_pb_text _builder_version=&#8221;4.0.9&#8243; custom_padding=&#8221;0px||10px|||&#8221;]<\/p>\n<p>Gli scienziati ipotizzano che il coronavirus che attualmente tiene tutto il mondo sulle spine, abbia avuto origine dai mercati cinesi di fauna selvatica. Si dice che il pericoloso virus sia passato all&#8217;uomo attraverso il consumo di pipistrelli.<\/p>\n<p>A livello europeo, il primo tentativo strumentalizzare politicamente l\u2019emergenza Covid-19 risale a qualche giorno fa. Il gruppo della Sinistra Unitaria Europea ha sottoposto al voto del Parlamento europeo un emendamento che mirava a limitare severamente il commercio, la detenzione e il consumo di animali selvatici nell&#8217;UE. L&#8217;obiettivo dell&#8217;emendamento era quello di ridurre il rischio di future epidemie causate da virus zoonotici, secondo i promotori.<\/p>\n<p>La proposta \u00e8 stata ritenuta del tutto inappropriata dal Parlamento: un simile divieto di commercio e di consumo di animali selvatici, compresa la nostra selvaggina cacciabile e il pesce, avrebbe infatti potuto avere conseguenze di vasta portata per la caccia, la pesca e la conservazione della natura in Europa e nel mondo. Il 16 aprile scorso la maggioranza dei deputati ha votato contro l\u2019emendamento: 186 deputati si sono espressi a favore, 53 si sono astenuti e la grande maggioranza &#8211; con 449 no &#8211; ha respinto l&#8217;emendamento.<\/p>\n<p>La FACE, Federazione europea delle associazioni per la caccia e la conservazione, ha sottolineato in una lettera rivolta a tutti gli eurodeputati che, per quanto riguarda il commercio di animali selvatici, in Europa esistono gi\u00e0 regole severe nel campo della salute degli animali, della sicurezza alimentare e della salute pubblica. Il commercio di animali selvatici \u00e8 ben regolamentato nell&#8217;Ue. Esiste anche un piano d&#8217;azione contro il commercio illegale di animali e piante selvatiche.<\/p>\n<p>Anche l&#8217;Universit\u00e0 di Oxford ha preso posizione. A suo parere, i divieti generalizzati \u201cnon sono fattibili, perch\u00e9 non tengono conto della complessit\u00e0 del commercio internazione di fauna e di carne selvatica &#8220;. L&#8217;ex direttore del &#8220;Centre for Wildlife Management&#8221; dell&#8217;Universit\u00e0 di Pretoria, in Sudafrica, trova parole ancora pi\u00f9 chiare. Il panorama internazionale dei diritti degli animali non distingue tra il commercio legale di prodotti faunistici da un lato e il bracconaggio o il commercio illegale e incontrollato di carne di animali selvatici dall&#8217;altro. Va chiarito che le pericolose malattie zoonotiche non sono trasmesse dalle specie di selvaggina cacciabili, ma da primati, roditori e pipistrelli detenuti e scambiati illegalmente, ribadiscono gli scienziati dell&#8217;Universit\u00e0 di Pretoria.<\/p>\n<p>[\/et_pb_text][\/et_pb_column_inner][\/et_pb_row_inner][\/et_pb_column][et_pb_column type=&#8221;1_4&#8243; _builder_version=&#8221;3.25&#8243; custom_padding=&#8221;|||&#8221; custom_padding__hover=&#8221;|||&#8221;][et_pb_sidebar orientation=&#8221;right&#8221; _builder_version=&#8221;3.27.3&#8243;][\/et_pb_sidebar][\/et_pb_column][\/et_pb_section]<\/p>\n","protected":false},"excerpt":{"rendered":"<p>Newsletter del 24 aprile 2020 Inizio dell\u2019anno venatorio 2020Innumerevoli volte, negli ultimi giorni, ci viene posta la domanda su quando potr\u00e0 effettivamente iniziare la prossima stagione venatoria. Molti cacciatori hanno [&hellip;]<\/p>\n","protected":false},"author":1,"featured_media":0,"comment_status":"closed","ping_status":"closed","sticky":false,"template":"","format":"standard","meta":{"_et_pb_use_builder":"on","_et_pb_old_content":"","_et_gb_content_width":""},"categories":[2],"tags":[],"featured_image_src":"","blog_images":{"medium":"","large":""},"ams_acf":[],"yoast_head":"<!-- This site is optimized with the Yoast SEO plugin v19.6 - https:\/\/yoast.com\/wordpress\/plugins\/seo\/ -->\n<title>Newsletter 24.04.2020 - S\u00fcdtiroler Jagdverband<\/title>\n<meta name=\"robots\" content=\"index, follow, max-snippet:-1, max-image-preview:large, max-video-preview:-1\" \/>\n<link rel=\"canonical\" href=\"https:\/\/jagdverband.it\/it\/newsletter-2020-06\/\" \/>\n<meta property=\"og:locale\" content=\"it_IT\" \/>\n<meta property=\"og:type\" content=\"article\" \/>\n<meta property=\"og:title\" content=\"Newsletter 24.04.2020 - S\u00fcdtiroler Jagdverband\" \/>\n<meta property=\"og:description\" content=\"Newsletter del 24 aprile 2020 Inizio dell\u2019anno venatorio 2020Innumerevoli volte, negli ultimi giorni, ci viene posta la domanda su quando potr\u00e0 effettivamente iniziare la prossima stagione venatoria. Molti cacciatori hanno [&hellip;]\" \/>\n<meta property=\"og:url\" content=\"https:\/\/jagdverband.it\/it\/newsletter-2020-06\/\" \/>\n<meta property=\"og:site_name\" content=\"S\u00fcdtiroler Jagdverband\" \/>\n<meta property=\"article:published_time\" content=\"2020-04-23T14:00:03+00:00\" \/>\n<meta property=\"article:modified_time\" content=\"2020-04-27T07:14:27+00:00\" \/>\n<meta name=\"author\" content=\"admin\" \/>\n<meta name=\"twitter:card\" content=\"summary\" \/>\n<meta name=\"twitter:label1\" content=\"Scritto da\" \/>\n\t<meta name=\"twitter:data1\" content=\"admin\" \/>\n\t<meta name=\"twitter:label2\" content=\"Tempo di lettura stimato\" \/>\n\t<meta name=\"twitter:data2\" content=\"7 minuti\" \/>\n<script type=\"application\/ld+json\" class=\"yoast-schema-graph\">{\"@context\":\"https:\/\/schema.org\",\"@graph\":[{\"@type\":\"Article\",\"@id\":\"https:\/\/jagdverband.it\/it\/newsletter-2020-06\/#article\",\"isPartOf\":{\"@id\":\"https:\/\/jagdverband.it\/it\/newsletter-2020-06\/\"},\"author\":{\"name\":\"admin\",\"@id\":\"https:\/\/jagdverband.it\/it\/#\/schema\/person\/3e030b3a4aa7c391e09cd551afd6dc73\"},\"headline\":\"Newsletter 24.04.2020\",\"datePublished\":\"2020-04-23T14:00:03+00:00\",\"dateModified\":\"2020-04-27T07:14:27+00:00\",\"mainEntityOfPage\":{\"@id\":\"https:\/\/jagdverband.it\/it\/newsletter-2020-06\/\"},\"wordCount\":1308,\"publisher\":{\"@id\":\"https:\/\/jagdverband.it\/it\/#organization\"},\"articleSection\":[\"Unkategorisiert\"],\"inLanguage\":\"it-IT\"},{\"@type\":\"WebPage\",\"@id\":\"https:\/\/jagdverband.it\/it\/newsletter-2020-06\/\",\"url\":\"https:\/\/jagdverband.it\/it\/newsletter-2020-06\/\",\"name\":\"Newsletter 24.04.2020 - S\u00fcdtiroler Jagdverband\",\"isPartOf\":{\"@id\":\"https:\/\/jagdverband.it\/it\/#website\"},\"datePublished\":\"2020-04-23T14:00:03+00:00\",\"dateModified\":\"2020-04-27T07:14:27+00:00\",\"breadcrumb\":{\"@id\":\"https:\/\/jagdverband.it\/it\/newsletter-2020-06\/#breadcrumb\"},\"inLanguage\":\"it-IT\",\"potentialAction\":[{\"@type\":\"ReadAction\",\"target\":[\"https:\/\/jagdverband.it\/it\/newsletter-2020-06\/\"]}]},{\"@type\":\"BreadcrumbList\",\"@id\":\"https:\/\/jagdverband.it\/it\/newsletter-2020-06\/#breadcrumb\",\"itemListElement\":[{\"@type\":\"ListItem\",\"position\":1,\"name\":\"Home\",\"item\":\"https:\/\/jagdverband.it\/it\/\"},{\"@type\":\"ListItem\",\"position\":2,\"name\":\"Unkategorisiert\",\"item\":\"https:\/\/jagdverband.it\/c\/unkategorisiert\/\"},{\"@type\":\"ListItem\",\"position\":3,\"name\":\"Newsletter 24.04.2020\"}]},{\"@type\":\"WebSite\",\"@id\":\"https:\/\/jagdverband.it\/it\/#website\",\"url\":\"https:\/\/jagdverband.it\/it\/\",\"name\":\"S\u00fcdtiroler Jagdverband\",\"description\":\"S\u00fcdtiroler Jagdverband\",\"publisher\":{\"@id\":\"https:\/\/jagdverband.it\/it\/#organization\"},\"potentialAction\":[{\"@type\":\"SearchAction\",\"target\":{\"@type\":\"EntryPoint\",\"urlTemplate\":\"https:\/\/jagdverband.it\/it\/?s={search_term_string}\"},\"query-input\":\"required name=search_term_string\"}],\"inLanguage\":\"it-IT\"},{\"@type\":\"Organization\",\"@id\":\"https:\/\/jagdverband.it\/it\/#organization\",\"name\":\"S\u00fcdtiroler Jagdverband\",\"url\":\"https:\/\/jagdverband.it\/it\/\",\"sameAs\":[],\"logo\":{\"@type\":\"ImageObject\",\"inLanguage\":\"it-IT\",\"@id\":\"https:\/\/jagdverband.it\/it\/#\/schema\/logo\/image\/\",\"url\":\"\",\"contentUrl\":\"\",\"caption\":\"S\u00fcdtiroler Jagdverband\"},\"image\":{\"@id\":\"https:\/\/jagdverband.it\/it\/#\/schema\/logo\/image\/\"}},{\"@type\":\"Person\",\"@id\":\"https:\/\/jagdverband.it\/it\/#\/schema\/person\/3e030b3a4aa7c391e09cd551afd6dc73\",\"name\":\"admin\",\"image\":{\"@type\":\"ImageObject\",\"inLanguage\":\"it-IT\",\"@id\":\"https:\/\/jagdverband.it\/it\/#\/schema\/person\/image\/\",\"url\":\"https:\/\/secure.gravatar.com\/avatar\/badbf5eaa88657062fdcacb31218cc5c?s=96&d=blank&r=g\",\"contentUrl\":\"https:\/\/secure.gravatar.com\/avatar\/badbf5eaa88657062fdcacb31218cc5c?s=96&d=blank&r=g\",\"caption\":\"admin\"},\"url\":\"https:\/\/jagdverband.it\/it\/author\/admin\/\"}]}<\/script>\n<!-- \/ Yoast SEO plugin. -->","yoast_head_json":{"title":"Newsletter 24.04.2020 - S\u00fcdtiroler Jagdverband","robots":{"index":"index","follow":"follow","max-snippet":"max-snippet:-1","max-image-preview":"max-image-preview:large","max-video-preview":"max-video-preview:-1"},"canonical":"https:\/\/jagdverband.it\/it\/newsletter-2020-06\/","og_locale":"it_IT","og_type":"article","og_title":"Newsletter 24.04.2020 - S\u00fcdtiroler Jagdverband","og_description":"Newsletter del 24 aprile 2020 Inizio dell\u2019anno venatorio 2020Innumerevoli volte, negli ultimi giorni, ci viene posta la domanda su quando potr\u00e0 effettivamente iniziare la prossima stagione venatoria. Molti cacciatori hanno [&hellip;]","og_url":"https:\/\/jagdverband.it\/it\/newsletter-2020-06\/","og_site_name":"S\u00fcdtiroler Jagdverband","article_published_time":"2020-04-23T14:00:03+00:00","article_modified_time":"2020-04-27T07:14:27+00:00","author":"admin","twitter_card":"summary","twitter_misc":{"Scritto da":"admin","Tempo di lettura stimato":"7 minuti"},"schema":{"@context":"https:\/\/schema.org","@graph":[{"@type":"Article","@id":"https:\/\/jagdverband.it\/it\/newsletter-2020-06\/#article","isPartOf":{"@id":"https:\/\/jagdverband.it\/it\/newsletter-2020-06\/"},"author":{"name":"admin","@id":"https:\/\/jagdverband.it\/it\/#\/schema\/person\/3e030b3a4aa7c391e09cd551afd6dc73"},"headline":"Newsletter 24.04.2020","datePublished":"2020-04-23T14:00:03+00:00","dateModified":"2020-04-27T07:14:27+00:00","mainEntityOfPage":{"@id":"https:\/\/jagdverband.it\/it\/newsletter-2020-06\/"},"wordCount":1308,"publisher":{"@id":"https:\/\/jagdverband.it\/it\/#organization"},"articleSection":["Unkategorisiert"],"inLanguage":"it-IT"},{"@type":"WebPage","@id":"https:\/\/jagdverband.it\/it\/newsletter-2020-06\/","url":"https:\/\/jagdverband.it\/it\/newsletter-2020-06\/","name":"Newsletter 24.04.2020 - S\u00fcdtiroler Jagdverband","isPartOf":{"@id":"https:\/\/jagdverband.it\/it\/#website"},"datePublished":"2020-04-23T14:00:03+00:00","dateModified":"2020-04-27T07:14:27+00:00","breadcrumb":{"@id":"https:\/\/jagdverband.it\/it\/newsletter-2020-06\/#breadcrumb"},"inLanguage":"it-IT","potentialAction":[{"@type":"ReadAction","target":["https:\/\/jagdverband.it\/it\/newsletter-2020-06\/"]}]},{"@type":"BreadcrumbList","@id":"https:\/\/jagdverband.it\/it\/newsletter-2020-06\/#breadcrumb","itemListElement":[{"@type":"ListItem","position":1,"name":"Home","item":"https:\/\/jagdverband.it\/it\/"},{"@type":"ListItem","position":2,"name":"Unkategorisiert","item":"https:\/\/jagdverband.it\/c\/unkategorisiert\/"},{"@type":"ListItem","position":3,"name":"Newsletter 24.04.2020"}]},{"@type":"WebSite","@id":"https:\/\/jagdverband.it\/it\/#website","url":"https:\/\/jagdverband.it\/it\/","name":"S\u00fcdtiroler Jagdverband","description":"S\u00fcdtiroler Jagdverband","publisher":{"@id":"https:\/\/jagdverband.it\/it\/#organization"},"potentialAction":[{"@type":"SearchAction","target":{"@type":"EntryPoint","urlTemplate":"https:\/\/jagdverband.it\/it\/?s={search_term_string}"},"query-input":"required name=search_term_string"}],"inLanguage":"it-IT"},{"@type":"Organization","@id":"https:\/\/jagdverband.it\/it\/#organization","name":"S\u00fcdtiroler Jagdverband","url":"https:\/\/jagdverband.it\/it\/","sameAs":[],"logo":{"@type":"ImageObject","inLanguage":"it-IT","@id":"https:\/\/jagdverband.it\/it\/#\/schema\/logo\/image\/","url":"","contentUrl":"","caption":"S\u00fcdtiroler Jagdverband"},"image":{"@id":"https:\/\/jagdverband.it\/it\/#\/schema\/logo\/image\/"}},{"@type":"Person","@id":"https:\/\/jagdverband.it\/it\/#\/schema\/person\/3e030b3a4aa7c391e09cd551afd6dc73","name":"admin","image":{"@type":"ImageObject","inLanguage":"it-IT","@id":"https:\/\/jagdverband.it\/it\/#\/schema\/person\/image\/","url":"https:\/\/secure.gravatar.com\/avatar\/badbf5eaa88657062fdcacb31218cc5c?s=96&d=blank&r=g","contentUrl":"https:\/\/secure.gravatar.com\/avatar\/badbf5eaa88657062fdcacb31218cc5c?s=96&d=blank&r=g","caption":"admin"},"url":"https:\/\/jagdverband.it\/it\/author\/admin\/"}]}},"_links":{"self":[{"href":"https:\/\/jagdverband.it\/it\/wp-json\/wp\/v2\/posts\/60402"}],"collection":[{"href":"https:\/\/jagdverband.it\/it\/wp-json\/wp\/v2\/posts"}],"about":[{"href":"https:\/\/jagdverband.it\/it\/wp-json\/wp\/v2\/types\/post"}],"author":[{"embeddable":true,"href":"https:\/\/jagdverband.it\/it\/wp-json\/wp\/v2\/users\/1"}],"replies":[{"embeddable":true,"href":"https:\/\/jagdverband.it\/it\/wp-json\/wp\/v2\/comments?post=60402"}],"version-history":[{"count":0,"href":"https:\/\/jagdverband.it\/it\/wp-json\/wp\/v2\/posts\/60402\/revisions"}],"wp:attachment":[{"href":"https:\/\/jagdverband.it\/it\/wp-json\/wp\/v2\/media?parent=60402"}],"wp:term":[{"taxonomy":"category","embeddable":true,"href":"https:\/\/jagdverband.it\/it\/wp-json\/wp\/v2\/categories?post=60402"},{"taxonomy":"post_tag","embeddable":true,"href":"https:\/\/jagdverband.it\/it\/wp-json\/wp\/v2\/tags?post=60402"}],"curies":[{"name":"wp","href":"https:\/\/api.w.org\/{rel}","templated":true}]}}