{"id":58884,"date":"2020-01-29T08:24:48","date_gmt":"2020-01-29T07:24:48","guid":{"rendered":"https:\/\/jagdverband.it\/?p=58884"},"modified":"2020-01-29T08:56:10","modified_gmt":"2020-01-29T07:56:10","slug":"120-nuovi-cacciatori-e-cacciatrici","status":"publish","type":"post","link":"https:\/\/jagdverband.it\/it\/120-nuovi-cacciatori-e-cacciatrici\/","title":{"rendered":"120 nuovi cacciatori e cacciatrici"},"content":{"rendered":"\n\n[et_pb_section fb_built=&#8221;1&#8243; specialty=&#8221;on&#8221; _builder_version=&#8221;3.27.3&#8243;][et_pb_column type=&#8221;3_4&#8243; specialty_columns=&#8221;3&#8243; _builder_version=&#8221;3.25&#8243; custom_padding=&#8221;|||&#8221; custom_padding__hover=&#8221;|||&#8221;][et_pb_row_inner _builder_version=&#8221;3.27.3&#8243; custom_padding=&#8221;||5px||false|false&#8221;][et_pb_column_inner saved_specialty_column_type=&#8221;3_4&#8243; _builder_version=&#8221;3.27.3&#8243;][et_pb_text _builder_version=&#8221;4.0.9&#8243; custom_padding=&#8221;||0px|||&#8221; hover_enabled=&#8221;0&#8243;]<h1><strong>120 nuovi cacciatori e cacciatrici<\/strong><\/h1>\n<p><strong><\/strong><\/p>\n<h4><em>29 gennaio 2020<\/em><\/h4>\n<p><em><\/em><\/p>\n[\/et_pb_text][\/et_pb_column_inner][\/et_pb_row_inner][et_pb_row_inner column_structure=&#8221;1_2,1_2&#8243; _builder_version=&#8221;3.27.3&#8243; custom_padding=&#8221;0px||5px||false|false&#8221;][et_pb_column_inner type=&#8221;1_2&#8243; saved_specialty_column_type=&#8221;3_4&#8243; _builder_version=&#8221;3.27.3&#8243;][et_pb_text _builder_version=&#8221;4.0.9&#8243; hover_enabled=&#8221;0&#8243; min_height=&#8221;318px&#8221;]<p>Nel 2019 hanno superato l&#8217;esame venatorio un totale di 95 uomini e 25 donne. Recentemente l&#8217;Ufficio Caccia e pesca e l&#8217;Associazione Cacciatori Alto Adige hanno organizzato per loro una piccola festa presso la Scuola forestale Latemar.<\/p>\n<p><strong>Corresponsabili verso l\u2019ecosistema montano<br \/> <\/strong>Il direttore della Ripartizione Foreste Mario Broll fa molto affidamento sui giovani cacciatori e li ha elogiati per il loro grande interesse per la natura. Ha sottolineato l&#8217;importante ruolo e la responsabilit\u00e0 dei cacciatori nel contribuire a preservare l\u2019ecosistema montano. La loro attivit\u00e0, infatti, ha un impatto sullo sviluppo delle foreste e dell&#8217;intera area montana. La gestione sostenibile di questo complesso sistema richiede senso di responsabilit\u00e0 e impegno da parte di tutti, ha detto il direttore della Ripartizione foreste.<\/p>\n[\/et_pb_text][\/et_pb_column_inner][et_pb_column_inner type=&#8221;1_2&#8243; saved_specialty_column_type=&#8221;3_4&#8243; _builder_version=&#8221;3.27.3&#8243;][et_pb_image src=&#8221;https:\/\/jagdverband.it\/wp-content\/uploads\/2020\/01\/Jungjaeger2020.jpg&#8221; show_in_lightbox=&#8221;on&#8221; align_tablet=&#8221;center&#8221; align_phone=&#8221;&#8221; align_last_edited=&#8221;on|desktop&#8221; _builder_version=&#8221;4.0.9&#8243; custom_margin=&#8221;0px||10px||false|false&#8221; custom_padding=&#8221;||27px|||&#8221;][\/et_pb_image][\/et_pb_column_inner][\/et_pb_row_inner][et_pb_row_inner _builder_version=&#8221;3.27.3&#8243; custom_padding=&#8221;0px||5px||false|false&#8221;][et_pb_column_inner saved_specialty_column_type=&#8221;3_4&#8243; _builder_version=&#8221;3.27.3&#8243;][et_pb_text _builder_version=&#8221;4.0.9&#8243; hover_enabled=&#8221;0&#8243;]<p><strong>Informarsi e imparare per tutta la vita<br \/> <\/strong>All\u2019evento a rappresentare l\u2019Associazione Cacciatori Alto Adige c\u2019era il Presidente del Distretto di Bolzano Eduard Weger che ha sottolineato il valore della selvaggina e ha dichiarato: &#8220;Il cacciatore pu\u00f2 godersi bellissimi momenti nella riserva di caccia, anche senza sparare. L&#8217;esame venatorio \u00e8 solo il biglietto d&#8217;ingresso nel mondo della caccia, ora \u00e8 richiesta una formazione continua che dura a vita.\u00a0 La conoscenza trasmessa dai cacciatori esperti \u00e8 una fonte preziosa, ma i moderni studi di biologia della fauna selvatica forniscono nuove prospettive, verso le quali i cacciatori devono essere aperti, ha detto Weger.<\/p>\n<p><strong>I giovani cacciatori ci mettono il cuore e l&#8217;anima<br \/> <\/strong>Andreas Agreiter, vicedirettore dell&#8217;Ufficio Caccia e pesca e presidente della commissione d&#8217;esame venatorio, ha fatto il punto sugli esiti dell&#8217;esame del 2019: &#8220;Secondo i risultati, i candidati cacciatori sono ben preparati. Il 74 per cento dei candidati che hanno partecipato ha superato l&#8217;esame di teoria, il 73 per cento ha superato anche la prova di tiro. 63 abilitati hanno frequentato il corso pratico per giovani cacciatori presso la Scuola forestale Latemar, mentre altri 57 hanno completato la formazione pratica della riserva di caccia con uno dei giovani istruttori di caccia altoatesini certificati.<\/p>\n<p><strong>Il riscaldamento globale influenzer\u00e0 le specie di selvaggina alpina<br \/> <\/strong>Il docente universitario e veterinario austriaco Armin Deutz, in occasione dell\u2019evento, ha presentato un intervento sulla relazione tra fauna selvatica e cambiamento climatico. Deutz ha detto che l\u2019aumento delle temperature metter\u00e0 in difficolt\u00e0 le specie di fauna selvatica alpina, poich\u00e9 gli habitat si stanno restringendo e le malattie e i parassiti saranno pi\u00f9 impattanti.<\/p>\n[\/et_pb_text][\/et_pb_column_inner][\/et_pb_row_inner][et_pb_row_inner column_structure=&#8221;undefined&#8221; _builder_version=&#8221;3.27.3&#8243; custom_margin=&#8221;|auto|-94px|auto||&#8221; custom_padding=&#8221;0px||9px|||&#8221;][et_pb_column_inner type=&#8221;undefined&#8221; _builder_version=&#8221;3.27.3&#8243;][et_pb_divider color=&#8221;rgba(0,0,0,0.13)&#8221; _builder_version=&#8221;3.27.3&#8243;][\/et_pb_divider][et_pb_button button_url=&#8221;https:\/\/jagdverband.it\/mitteilungen\/&#8221; button_text=&#8221;torna indietro&#8221; button_alignment=&#8221;center&#8221; _builder_version=&#8221;4.0.9&#8243; hover_enabled=&#8221;0&#8243;][\/et_pb_button][\/et_pb_column_inner][\/et_pb_row_inner][\/et_pb_column][et_pb_column type=&#8221;1_4&#8243; _builder_version=&#8221;3.25&#8243; custom_padding=&#8221;|||&#8221; custom_padding__hover=&#8221;|||&#8221;][et_pb_sidebar orientation=&#8221;right&#8221; _builder_version=&#8221;3.27.3&#8243;][\/et_pb_sidebar][\/et_pb_column][\/et_pb_section]\n\n","protected":false},"excerpt":{"rendered":"<p>Nel 2019 hanno superato l&#8217;esame venatorio un totale di 95 uomini e 25 donne. Recentemente l&#8217;Ufficio Caccia e pesca e l&#8217;Associazione Cacciatori Alto Adige hanno organizzato per loro una piccola festa presso &#8230;<\/p>\n","protected":false},"author":1,"featured_media":58879,"comment_status":"closed","ping_status":"closed","sticky":false,"template":"","format":"standard","meta":{"_et_pb_use_builder":"on","_et_pb_old_content":"","_et_gb_content_width":""},"categories":[163],"tags":[],"featured_image_src":"https:\/\/jagdverband.it\/wp-content\/uploads\/2020\/01\/Jungjaeger2020-1024x660.jpg","blog_images":{"medium":"https:\/\/jagdverband.it\/wp-content\/uploads\/2020\/01\/Jungjaeger2020-300x193.jpg","large":"https:\/\/jagdverband.it\/wp-content\/uploads\/2020\/01\/Jungjaeger2020-1024x660.jpg"},"ams_acf":[],"yoast_head":"<!-- This site is optimized with the Yoast SEO plugin v19.6 - https:\/\/yoast.com\/wordpress\/plugins\/seo\/ -->\n<title>120 nuovi cacciatori e cacciatrici - S\u00fcdtiroler Jagdverband<\/title>\n<meta name=\"robots\" content=\"index, follow, max-snippet:-1, max-image-preview:large, max-video-preview:-1\" \/>\n<link rel=\"canonical\" href=\"https:\/\/jagdverband.it\/it\/120-nuovi-cacciatori-e-cacciatrici\/\" \/>\n<meta property=\"og:locale\" content=\"it_IT\" \/>\n<meta property=\"og:type\" content=\"article\" \/>\n<meta property=\"og:title\" content=\"120 nuovi cacciatori e cacciatrici - S\u00fcdtiroler Jagdverband\" \/>\n<meta property=\"og:description\" content=\"Nel 2019 hanno superato l&#039;esame venatorio un totale di 95 uomini e 25 donne. Recentemente l&#039;Ufficio Caccia e pesca e l&#039;Associazione Cacciatori Alto Adige hanno organizzato per loro una piccola festa presso ...\" \/>\n<meta property=\"og:url\" content=\"https:\/\/jagdverband.it\/it\/120-nuovi-cacciatori-e-cacciatrici\/\" \/>\n<meta property=\"og:site_name\" content=\"S\u00fcdtiroler Jagdverband\" \/>\n<meta property=\"article:published_time\" content=\"2020-01-29T07:24:48+00:00\" \/>\n<meta property=\"article:modified_time\" content=\"2020-01-29T07:56:10+00:00\" \/>\n<meta property=\"og:image\" content=\"https:\/\/jagdverband.it\/wp-content\/uploads\/2020\/01\/Jungjaeger2020.jpg\" \/>\n\t<meta property=\"og:image:width\" content=\"1223\" \/>\n\t<meta property=\"og:image:height\" content=\"788\" \/>\n\t<meta property=\"og:image:type\" content=\"image\/jpeg\" \/>\n<meta name=\"author\" content=\"admin\" \/>\n<meta name=\"twitter:card\" content=\"summary\" \/>\n<meta name=\"twitter:label1\" content=\"Scritto da\" \/>\n\t<meta name=\"twitter:data1\" content=\"admin\" \/>\n\t<meta name=\"twitter:label2\" content=\"Tempo di lettura stimato\" \/>\n\t<meta name=\"twitter:data2\" content=\"3 minuti\" \/>\n<script type=\"application\/ld+json\" class=\"yoast-schema-graph\">{\"@context\":\"https:\/\/schema.org\",\"@graph\":[{\"@type\":\"Article\",\"@id\":\"https:\/\/jagdverband.it\/it\/120-nuovi-cacciatori-e-cacciatrici\/#article\",\"isPartOf\":{\"@id\":\"https:\/\/jagdverband.it\/it\/120-nuovi-cacciatori-e-cacciatrici\/\"},\"author\":{\"name\":\"admin\",\"@id\":\"https:\/\/jagdverband.it\/it\/#\/schema\/person\/3e030b3a4aa7c391e09cd551afd6dc73\"},\"headline\":\"120 nuovi cacciatori e cacciatrici\",\"datePublished\":\"2020-01-29T07:24:48+00:00\",\"dateModified\":\"2020-01-29T07:56:10+00:00\",\"mainEntityOfPage\":{\"@id\":\"https:\/\/jagdverband.it\/it\/120-nuovi-cacciatori-e-cacciatrici\/\"},\"wordCount\":690,\"publisher\":{\"@id\":\"https:\/\/jagdverband.it\/it\/#organization\"},\"articleSection\":[\"comunicazioni_it\"],\"inLanguage\":\"it-IT\"},{\"@type\":\"WebPage\",\"@id\":\"https:\/\/jagdverband.it\/it\/120-nuovi-cacciatori-e-cacciatrici\/\",\"url\":\"https:\/\/jagdverband.it\/it\/120-nuovi-cacciatori-e-cacciatrici\/\",\"name\":\"120 nuovi cacciatori e cacciatrici - S\u00fcdtiroler Jagdverband\",\"isPartOf\":{\"@id\":\"https:\/\/jagdverband.it\/it\/#website\"},\"datePublished\":\"2020-01-29T07:24:48+00:00\",\"dateModified\":\"2020-01-29T07:56:10+00:00\",\"breadcrumb\":{\"@id\":\"https:\/\/jagdverband.it\/it\/120-nuovi-cacciatori-e-cacciatrici\/#breadcrumb\"},\"inLanguage\":\"it-IT\",\"potentialAction\":[{\"@type\":\"ReadAction\",\"target\":[\"https:\/\/jagdverband.it\/it\/120-nuovi-cacciatori-e-cacciatrici\/\"]}]},{\"@type\":\"BreadcrumbList\",\"@id\":\"https:\/\/jagdverband.it\/it\/120-nuovi-cacciatori-e-cacciatrici\/#breadcrumb\",\"itemListElement\":[{\"@type\":\"ListItem\",\"position\":1,\"name\":\"Home\",\"item\":\"https:\/\/jagdverband.it\/it\/\"},{\"@type\":\"ListItem\",\"position\":2,\"name\":\"comunicazioni_it\",\"item\":\"https:\/\/jagdverband.it\/it\/c\/comunicazioni-it\/\"},{\"@type\":\"ListItem\",\"position\":3,\"name\":\"120 nuovi cacciatori e cacciatrici\"}]},{\"@type\":\"WebSite\",\"@id\":\"https:\/\/jagdverband.it\/it\/#website\",\"url\":\"https:\/\/jagdverband.it\/it\/\",\"name\":\"S\u00fcdtiroler Jagdverband\",\"description\":\"S\u00fcdtiroler Jagdverband\",\"publisher\":{\"@id\":\"https:\/\/jagdverband.it\/it\/#organization\"},\"potentialAction\":[{\"@type\":\"SearchAction\",\"target\":{\"@type\":\"EntryPoint\",\"urlTemplate\":\"https:\/\/jagdverband.it\/it\/?s={search_term_string}\"},\"query-input\":\"required name=search_term_string\"}],\"inLanguage\":\"it-IT\"},{\"@type\":\"Organization\",\"@id\":\"https:\/\/jagdverband.it\/it\/#organization\",\"name\":\"S\u00fcdtiroler Jagdverband\",\"url\":\"https:\/\/jagdverband.it\/it\/\",\"sameAs\":[],\"logo\":{\"@type\":\"ImageObject\",\"inLanguage\":\"it-IT\",\"@id\":\"https:\/\/jagdverband.it\/it\/#\/schema\/logo\/image\/\",\"url\":\"\",\"contentUrl\":\"\",\"caption\":\"S\u00fcdtiroler Jagdverband\"},\"image\":{\"@id\":\"https:\/\/jagdverband.it\/it\/#\/schema\/logo\/image\/\"}},{\"@type\":\"Person\",\"@id\":\"https:\/\/jagdverband.it\/it\/#\/schema\/person\/3e030b3a4aa7c391e09cd551afd6dc73\",\"name\":\"admin\",\"image\":{\"@type\":\"ImageObject\",\"inLanguage\":\"it-IT\",\"@id\":\"https:\/\/jagdverband.it\/it\/#\/schema\/person\/image\/\",\"url\":\"https:\/\/secure.gravatar.com\/avatar\/badbf5eaa88657062fdcacb31218cc5c?s=96&d=blank&r=g\",\"contentUrl\":\"https:\/\/secure.gravatar.com\/avatar\/badbf5eaa88657062fdcacb31218cc5c?s=96&d=blank&r=g\",\"caption\":\"admin\"},\"url\":\"https:\/\/jagdverband.it\/it\/author\/admin\/\"}]}<\/script>\n<!-- \/ Yoast SEO plugin. -->","yoast_head_json":{"title":"120 nuovi cacciatori e cacciatrici - S\u00fcdtiroler Jagdverband","robots":{"index":"index","follow":"follow","max-snippet":"max-snippet:-1","max-image-preview":"max-image-preview:large","max-video-preview":"max-video-preview:-1"},"canonical":"https:\/\/jagdverband.it\/it\/120-nuovi-cacciatori-e-cacciatrici\/","og_locale":"it_IT","og_type":"article","og_title":"120 nuovi cacciatori e cacciatrici - S\u00fcdtiroler Jagdverband","og_description":"Nel 2019 hanno superato l'esame venatorio un totale di 95 uomini e 25 donne. Recentemente l'Ufficio Caccia e pesca e l'Associazione Cacciatori Alto Adige hanno organizzato per loro una piccola festa presso ...","og_url":"https:\/\/jagdverband.it\/it\/120-nuovi-cacciatori-e-cacciatrici\/","og_site_name":"S\u00fcdtiroler Jagdverband","article_published_time":"2020-01-29T07:24:48+00:00","article_modified_time":"2020-01-29T07:56:10+00:00","og_image":[{"width":1223,"height":788,"url":"https:\/\/jagdverband.it\/wp-content\/uploads\/2020\/01\/Jungjaeger2020.jpg","type":"image\/jpeg"}],"author":"admin","twitter_card":"summary","twitter_misc":{"Scritto da":"admin","Tempo di lettura stimato":"3 minuti"},"schema":{"@context":"https:\/\/schema.org","@graph":[{"@type":"Article","@id":"https:\/\/jagdverband.it\/it\/120-nuovi-cacciatori-e-cacciatrici\/#article","isPartOf":{"@id":"https:\/\/jagdverband.it\/it\/120-nuovi-cacciatori-e-cacciatrici\/"},"author":{"name":"admin","@id":"https:\/\/jagdverband.it\/it\/#\/schema\/person\/3e030b3a4aa7c391e09cd551afd6dc73"},"headline":"120 nuovi cacciatori e cacciatrici","datePublished":"2020-01-29T07:24:48+00:00","dateModified":"2020-01-29T07:56:10+00:00","mainEntityOfPage":{"@id":"https:\/\/jagdverband.it\/it\/120-nuovi-cacciatori-e-cacciatrici\/"},"wordCount":690,"publisher":{"@id":"https:\/\/jagdverband.it\/it\/#organization"},"articleSection":["comunicazioni_it"],"inLanguage":"it-IT"},{"@type":"WebPage","@id":"https:\/\/jagdverband.it\/it\/120-nuovi-cacciatori-e-cacciatrici\/","url":"https:\/\/jagdverband.it\/it\/120-nuovi-cacciatori-e-cacciatrici\/","name":"120 nuovi cacciatori e cacciatrici - S\u00fcdtiroler Jagdverband","isPartOf":{"@id":"https:\/\/jagdverband.it\/it\/#website"},"datePublished":"2020-01-29T07:24:48+00:00","dateModified":"2020-01-29T07:56:10+00:00","breadcrumb":{"@id":"https:\/\/jagdverband.it\/it\/120-nuovi-cacciatori-e-cacciatrici\/#breadcrumb"},"inLanguage":"it-IT","potentialAction":[{"@type":"ReadAction","target":["https:\/\/jagdverband.it\/it\/120-nuovi-cacciatori-e-cacciatrici\/"]}]},{"@type":"BreadcrumbList","@id":"https:\/\/jagdverband.it\/it\/120-nuovi-cacciatori-e-cacciatrici\/#breadcrumb","itemListElement":[{"@type":"ListItem","position":1,"name":"Home","item":"https:\/\/jagdverband.it\/it\/"},{"@type":"ListItem","position":2,"name":"comunicazioni_it","item":"https:\/\/jagdverband.it\/it\/c\/comunicazioni-it\/"},{"@type":"ListItem","position":3,"name":"120 nuovi cacciatori e cacciatrici"}]},{"@type":"WebSite","@id":"https:\/\/jagdverband.it\/it\/#website","url":"https:\/\/jagdverband.it\/it\/","name":"S\u00fcdtiroler Jagdverband","description":"S\u00fcdtiroler Jagdverband","publisher":{"@id":"https:\/\/jagdverband.it\/it\/#organization"},"potentialAction":[{"@type":"SearchAction","target":{"@type":"EntryPoint","urlTemplate":"https:\/\/jagdverband.it\/it\/?s={search_term_string}"},"query-input":"required name=search_term_string"}],"inLanguage":"it-IT"},{"@type":"Organization","@id":"https:\/\/jagdverband.it\/it\/#organization","name":"S\u00fcdtiroler Jagdverband","url":"https:\/\/jagdverband.it\/it\/","sameAs":[],"logo":{"@type":"ImageObject","inLanguage":"it-IT","@id":"https:\/\/jagdverband.it\/it\/#\/schema\/logo\/image\/","url":"","contentUrl":"","caption":"S\u00fcdtiroler Jagdverband"},"image":{"@id":"https:\/\/jagdverband.it\/it\/#\/schema\/logo\/image\/"}},{"@type":"Person","@id":"https:\/\/jagdverband.it\/it\/#\/schema\/person\/3e030b3a4aa7c391e09cd551afd6dc73","name":"admin","image":{"@type":"ImageObject","inLanguage":"it-IT","@id":"https:\/\/jagdverband.it\/it\/#\/schema\/person\/image\/","url":"https:\/\/secure.gravatar.com\/avatar\/badbf5eaa88657062fdcacb31218cc5c?s=96&d=blank&r=g","contentUrl":"https:\/\/secure.gravatar.com\/avatar\/badbf5eaa88657062fdcacb31218cc5c?s=96&d=blank&r=g","caption":"admin"},"url":"https:\/\/jagdverband.it\/it\/author\/admin\/"}]}},"_links":{"self":[{"href":"https:\/\/jagdverband.it\/it\/wp-json\/wp\/v2\/posts\/58884"}],"collection":[{"href":"https:\/\/jagdverband.it\/it\/wp-json\/wp\/v2\/posts"}],"about":[{"href":"https:\/\/jagdverband.it\/it\/wp-json\/wp\/v2\/types\/post"}],"author":[{"embeddable":true,"href":"https:\/\/jagdverband.it\/it\/wp-json\/wp\/v2\/users\/1"}],"replies":[{"embeddable":true,"href":"https:\/\/jagdverband.it\/it\/wp-json\/wp\/v2\/comments?post=58884"}],"version-history":[{"count":0,"href":"https:\/\/jagdverband.it\/it\/wp-json\/wp\/v2\/posts\/58884\/revisions"}],"wp:featuredmedia":[{"embeddable":true,"href":"https:\/\/jagdverband.it\/it\/wp-json\/wp\/v2\/media\/58879"}],"wp:attachment":[{"href":"https:\/\/jagdverband.it\/it\/wp-json\/wp\/v2\/media?parent=58884"}],"wp:term":[{"taxonomy":"category","embeddable":true,"href":"https:\/\/jagdverband.it\/it\/wp-json\/wp\/v2\/categories?post=58884"},{"taxonomy":"post_tag","embeddable":true,"href":"https:\/\/jagdverband.it\/it\/wp-json\/wp\/v2\/tags?post=58884"}],"curies":[{"name":"wp","href":"https:\/\/api.w.org\/{rel}","templated":true}]}}