{"id":58781,"date":"2020-01-26T09:51:06","date_gmt":"2020-01-26T08:51:06","guid":{"rendered":"https:\/\/jagdverband.it\/?p=58781"},"modified":"2020-01-29T09:00:37","modified_gmt":"2020-01-29T08:00:37","slug":"si-va-al-risparmio-prego-non-disturbare","status":"publish","type":"post","link":"https:\/\/jagdverband.it\/it\/si-va-al-risparmio-prego-non-disturbare\/","title":{"rendered":"Si va al risparmio! Prego, non disturbare \u2026"},"content":{"rendered":"\n[et_pb_section fb_built=&#8221;1&#8243; specialty=&#8221;on&#8221; _builder_version=&#8221;3.27.3&#8243;][et_pb_column type=&#8221;3_4&#8243; specialty_columns=&#8221;3&#8243; _builder_version=&#8221;3.25&#8243; custom_padding=&#8221;|||&#8221; custom_padding__hover=&#8221;|||&#8221;][et_pb_row_inner _builder_version=&#8221;3.27.3&#8243; custom_padding=&#8221;||5px||false|false&#8221;][et_pb_column_inner saved_specialty_column_type=&#8221;3_4&#8243; _builder_version=&#8221;3.27.3&#8243;][et_pb_text _builder_version=&#8221;4.0.9&#8243; custom_padding=&#8221;||0px|||&#8221; hover_enabled=&#8221;0&#8243;]<p>\u00d61-Podcast &#8220;La vita della natura&#8221;<\/p>\n<h1>Si va al risparmio! Prego, non disturbare\u2026<\/h1>\n<p><strong>Il biologo della fauna selvatica Walter Arnold sulle strategie di sopravvivenza della fauna selvatica durante l&#8217;inverno.<\/strong><\/p>\n<p><strong><\/strong><\/p>\n<h4><em>26 gennaio 2020<\/em><\/h4>\n<p><em><\/em><\/p>\n[\/et_pb_text][\/et_pb_column_inner][\/et_pb_row_inner][et_pb_row_inner column_structure=&#8221;1_2,1_2&#8243; _builder_version=&#8221;3.27.3&#8243; custom_padding=&#8221;0px||5px||false|false&#8221;][et_pb_column_inner type=&#8221;1_2&#8243; saved_specialty_column_type=&#8221;3_4&#8243; _builder_version=&#8221;3.27.3&#8243;][et_pb_text _builder_version=&#8221;4.0.9&#8243; hover_enabled=&#8221;0&#8243;]<p>In una serie di podcast della stazione radio \u00d61, il Prof. Walter Arnold, capo dell&#8217;Istituto di ricerca di Ecologia della fauna selvatica presso l&#8217;Universit\u00e0 di Medicina Veterinaria di Vienna, parla delle strategie di svernamento della fauna selvatica autoctona.<\/p>\n<p>L&#8217;inverno \u00e8 un periodo particolarmente difficile per i nostri animali selvatici. Devono confrontarsi con basse temperature e scarsa disponibilit\u00e0 di cibo. Molte specie si sono adattate a queste sfide nel corso dell&#8217;evoluzione. &#8220;Camoscio, stambecco o cervo riducono la loro attivit\u00e0 metabolica in inverno della met\u00e0&#8221;, spiega il biologo della fauna selvatica Walter Arnold. Gli animali abbassano la loro temperatura corporea e quindi il loro metabolismo. Lo stambecco pu\u00f2 ridurre la sua attivit\u00e0 metabolica quasi quanto quella di un orso in letargo. Rispetto a un animale in vero letargo, per\u00f2, la lo stambecco mantiene la libert\u00e0 di movimento, ma in una misura fortemente limitata. Alzarsi, sdraiarsi, mangiare &#8211; la vita per questi animali si svolge al rallentatore.<\/p>\n[\/et_pb_text][\/et_pb_column_inner][et_pb_column_inner type=&#8221;1_2&#8243; saved_specialty_column_type=&#8221;3_4&#8243; _builder_version=&#8221;3.27.3&#8243;][et_pb_image src=&#8221;https:\/\/jagdverband.it\/wp-content\/uploads\/2018\/09\/Rotwild-Winter-Renato-Grassi.jpg&#8221; show_in_lightbox=&#8221;on&#8221; align_tablet=&#8221;center&#8221; align_phone=&#8221;&#8221; align_last_edited=&#8221;on|desktop&#8221; _builder_version=&#8221;4.0.9&#8243; custom_margin=&#8221;0px||10px||false|false&#8221;][\/et_pb_image][\/et_pb_column_inner][\/et_pb_row_inner][et_pb_row_inner _builder_version=&#8221;3.27.3&#8243; custom_padding=&#8221;0px||5px||false|false&#8221;][et_pb_column_inner saved_specialty_column_type=&#8221;3_4&#8243; _builder_version=&#8221;3.27.3&#8243;][et_pb_text _builder_version=&#8221;4.0.9&#8243; hover_enabled=&#8221;0&#8243;]<p>In questa modalit\u00e0 di risparmio energetico, gli animali selvatici sono particolarmente sensibili ai disturbi. Che si tratti di sci alpinismo o di escursioni con le racchette da neve, con ognuna di queste attivit\u00e0 entriamo in casa, o meglio nella camera da letto degli animali selvatici e li esponiamo a una situazione di stress. Se i disturbi si accumulano, gli animali rimangono costantemente in allerta e non riescono ad abbassare in modo ottimale il loro metabolismo. Questo costa loro energia preziosa, come dimostra uno studio di Walter Arnold e del suo team dell&#8217;Universit\u00e0 di Medicina Veterinaria di Vienna. Con l&#8217;ausilio di strumenti di misura miniaturizzati, nel corso dell&#8217;anno sono state studiate le funzioni corporee pi\u00f9 importanti di camoscio, stambecco e cervo. Il risultato: in caso di disturbi frequenti, gli animali selvatici rimangono pi\u00f9 attivi durante l&#8217;inverno. Questo fa aumentare il loro dispendio di energia. Se, inoltre, gli animali provano paura e non osano pi\u00f9 entrare in modalit\u00e0 di risparmio energetico, il loro consumo di energia continua ad aumentare. In totale, il consumo di energia aumenta di circa un terzo quando i disturbi esterni si verificano pi\u00f9 frequentemente!<\/p>\n<p>&#8220;La lenta partenza degli animali in fuga d\u00e0 una falsa impressione&#8221;, dice Walter Arnold. &#8220;In realt\u00e0, gli animali vivono ai loro limiti. Ogni caloria \u00e8 vitale, cos\u00ec come ogni opportunit\u00e0 di risparmiare energia&#8221;.<\/p>\n[\/et_pb_text][\/et_pb_column_inner][\/et_pb_row_inner][et_pb_row_inner column_structure=&#8221;undefined&#8221; _builder_version=&#8221;3.27.3&#8243; custom_margin=&#8221;|auto|-94px|auto||&#8221; custom_padding=&#8221;0px||9px|||&#8221;][et_pb_column_inner type=&#8221;undefined&#8221; _builder_version=&#8221;3.27.3&#8243;][et_pb_divider color=&#8221;rgba(0,0,0,0.13)&#8221; _builder_version=&#8221;3.27.3&#8243;][\/et_pb_divider][et_pb_button button_url=&#8221;https:\/\/jagdverband.it\/mitteilungen\/&#8221; button_text=&#8221;torna indietro&#8221; button_alignment=&#8221;center&#8221; _builder_version=&#8221;4.0.9&#8243; hover_enabled=&#8221;0&#8243;][\/et_pb_button][\/et_pb_column_inner][\/et_pb_row_inner][\/et_pb_column][et_pb_column type=&#8221;1_4&#8243; _builder_version=&#8221;3.25&#8243; custom_padding=&#8221;|||&#8221; custom_padding__hover=&#8221;|||&#8221;][et_pb_sidebar orientation=&#8221;right&#8221; _builder_version=&#8221;3.27.3&#8243;][\/et_pb_sidebar][\/et_pb_column][\/et_pb_section]\n","protected":false},"excerpt":{"rendered":"<p>In una serie di podcast della stazione radio \u00d61, il Prof. Walter Arnold, capo dell&#8217;Istituto di ricerca di Ecologia della fauna selvatica presso l&#8217;Universit\u00e0 di Medicina Veterinaria di Vienna, parla delle strategie di svernamento della fauna selvatica  &#8230;<\/p>\n","protected":false},"author":1,"featured_media":58777,"comment_status":"closed","ping_status":"closed","sticky":false,"template":"","format":"standard","meta":{"_et_pb_use_builder":"on","_et_pb_old_content":"","_et_gb_content_width":""},"categories":[163],"tags":[],"featured_image_src":"https:\/\/jagdverband.it\/wp-content\/uploads\/2018\/09\/Rotwild-Winter-Renato-Grassi-1024x682.jpg","blog_images":{"medium":"https:\/\/jagdverband.it\/wp-content\/uploads\/2018\/09\/Rotwild-Winter-Renato-Grassi-300x200.jpg","large":"https:\/\/jagdverband.it\/wp-content\/uploads\/2018\/09\/Rotwild-Winter-Renato-Grassi-1024x682.jpg"},"ams_acf":[],"yoast_head":"<!-- This site is optimized with the Yoast SEO plugin v19.6 - https:\/\/yoast.com\/wordpress\/plugins\/seo\/ -->\n<title>Si va al risparmio! Prego, non disturbare \u2026 - S\u00fcdtiroler Jagdverband<\/title>\n<meta name=\"robots\" content=\"index, follow, max-snippet:-1, max-image-preview:large, max-video-preview:-1\" \/>\n<link rel=\"canonical\" href=\"https:\/\/jagdverband.it\/it\/si-va-al-risparmio-prego-non-disturbare\/\" \/>\n<meta property=\"og:locale\" content=\"it_IT\" \/>\n<meta property=\"og:type\" content=\"article\" \/>\n<meta property=\"og:title\" content=\"Si va al risparmio! Prego, non disturbare \u2026 - S\u00fcdtiroler Jagdverband\" \/>\n<meta property=\"og:description\" content=\"In una serie di podcast della stazione radio \u00d61, il Prof. Walter Arnold, capo dell&#039;Istituto di ricerca di Ecologia della fauna selvatica presso l&#039;Universit\u00e0 di Medicina Veterinaria di Vienna, parla delle strategie di svernamento della fauna selvatica ...\" \/>\n<meta property=\"og:url\" content=\"https:\/\/jagdverband.it\/it\/si-va-al-risparmio-prego-non-disturbare\/\" \/>\n<meta property=\"og:site_name\" content=\"S\u00fcdtiroler Jagdverband\" \/>\n<meta property=\"article:published_time\" content=\"2020-01-26T08:51:06+00:00\" \/>\n<meta property=\"article:modified_time\" content=\"2020-01-29T08:00:37+00:00\" \/>\n<meta property=\"og:image\" content=\"https:\/\/jagdverband.it\/wp-content\/uploads\/2018\/09\/Rotwild-Winter-Renato-Grassi.jpg\" \/>\n\t<meta property=\"og:image:width\" content=\"2048\" \/>\n\t<meta property=\"og:image:height\" content=\"1364\" \/>\n\t<meta property=\"og:image:type\" content=\"image\/jpeg\" \/>\n<meta name=\"author\" content=\"admin\" \/>\n<meta name=\"twitter:card\" content=\"summary\" \/>\n<meta name=\"twitter:label1\" content=\"Scritto da\" \/>\n\t<meta name=\"twitter:data1\" content=\"admin\" \/>\n\t<meta name=\"twitter:label2\" content=\"Tempo di lettura stimato\" \/>\n\t<meta name=\"twitter:data2\" content=\"3 minuti\" \/>\n<script type=\"application\/ld+json\" class=\"yoast-schema-graph\">{\"@context\":\"https:\/\/schema.org\",\"@graph\":[{\"@type\":\"Article\",\"@id\":\"https:\/\/jagdverband.it\/it\/si-va-al-risparmio-prego-non-disturbare\/#article\",\"isPartOf\":{\"@id\":\"https:\/\/jagdverband.it\/it\/si-va-al-risparmio-prego-non-disturbare\/\"},\"author\":{\"name\":\"admin\",\"@id\":\"https:\/\/jagdverband.it\/it\/#\/schema\/person\/3e030b3a4aa7c391e09cd551afd6dc73\"},\"headline\":\"Si va al risparmio! Prego, non disturbare \u2026\",\"datePublished\":\"2020-01-26T08:51:06+00:00\",\"dateModified\":\"2020-01-29T08:00:37+00:00\",\"mainEntityOfPage\":{\"@id\":\"https:\/\/jagdverband.it\/it\/si-va-al-risparmio-prego-non-disturbare\/\"},\"wordCount\":702,\"publisher\":{\"@id\":\"https:\/\/jagdverband.it\/it\/#organization\"},\"articleSection\":[\"comunicazioni_it\"],\"inLanguage\":\"it-IT\"},{\"@type\":\"WebPage\",\"@id\":\"https:\/\/jagdverband.it\/it\/si-va-al-risparmio-prego-non-disturbare\/\",\"url\":\"https:\/\/jagdverband.it\/it\/si-va-al-risparmio-prego-non-disturbare\/\",\"name\":\"Si va al risparmio! Prego, non disturbare \u2026 - S\u00fcdtiroler Jagdverband\",\"isPartOf\":{\"@id\":\"https:\/\/jagdverband.it\/it\/#website\"},\"datePublished\":\"2020-01-26T08:51:06+00:00\",\"dateModified\":\"2020-01-29T08:00:37+00:00\",\"breadcrumb\":{\"@id\":\"https:\/\/jagdverband.it\/it\/si-va-al-risparmio-prego-non-disturbare\/#breadcrumb\"},\"inLanguage\":\"it-IT\",\"potentialAction\":[{\"@type\":\"ReadAction\",\"target\":[\"https:\/\/jagdverband.it\/it\/si-va-al-risparmio-prego-non-disturbare\/\"]}]},{\"@type\":\"BreadcrumbList\",\"@id\":\"https:\/\/jagdverband.it\/it\/si-va-al-risparmio-prego-non-disturbare\/#breadcrumb\",\"itemListElement\":[{\"@type\":\"ListItem\",\"position\":1,\"name\":\"Home\",\"item\":\"https:\/\/jagdverband.it\/it\/\"},{\"@type\":\"ListItem\",\"position\":2,\"name\":\"comunicazioni_it\",\"item\":\"https:\/\/jagdverband.it\/it\/c\/comunicazioni-it\/\"},{\"@type\":\"ListItem\",\"position\":3,\"name\":\"Si va al risparmio! Prego, non disturbare \u2026\"}]},{\"@type\":\"WebSite\",\"@id\":\"https:\/\/jagdverband.it\/it\/#website\",\"url\":\"https:\/\/jagdverband.it\/it\/\",\"name\":\"S\u00fcdtiroler Jagdverband\",\"description\":\"S\u00fcdtiroler Jagdverband\",\"publisher\":{\"@id\":\"https:\/\/jagdverband.it\/it\/#organization\"},\"potentialAction\":[{\"@type\":\"SearchAction\",\"target\":{\"@type\":\"EntryPoint\",\"urlTemplate\":\"https:\/\/jagdverband.it\/it\/?s={search_term_string}\"},\"query-input\":\"required name=search_term_string\"}],\"inLanguage\":\"it-IT\"},{\"@type\":\"Organization\",\"@id\":\"https:\/\/jagdverband.it\/it\/#organization\",\"name\":\"S\u00fcdtiroler Jagdverband\",\"url\":\"https:\/\/jagdverband.it\/it\/\",\"sameAs\":[],\"logo\":{\"@type\":\"ImageObject\",\"inLanguage\":\"it-IT\",\"@id\":\"https:\/\/jagdverband.it\/it\/#\/schema\/logo\/image\/\",\"url\":\"\",\"contentUrl\":\"\",\"caption\":\"S\u00fcdtiroler Jagdverband\"},\"image\":{\"@id\":\"https:\/\/jagdverband.it\/it\/#\/schema\/logo\/image\/\"}},{\"@type\":\"Person\",\"@id\":\"https:\/\/jagdverband.it\/it\/#\/schema\/person\/3e030b3a4aa7c391e09cd551afd6dc73\",\"name\":\"admin\",\"image\":{\"@type\":\"ImageObject\",\"inLanguage\":\"it-IT\",\"@id\":\"https:\/\/jagdverband.it\/it\/#\/schema\/person\/image\/\",\"url\":\"https:\/\/secure.gravatar.com\/avatar\/badbf5eaa88657062fdcacb31218cc5c?s=96&d=blank&r=g\",\"contentUrl\":\"https:\/\/secure.gravatar.com\/avatar\/badbf5eaa88657062fdcacb31218cc5c?s=96&d=blank&r=g\",\"caption\":\"admin\"},\"url\":\"https:\/\/jagdverband.it\/it\/author\/admin\/\"}]}<\/script>\n<!-- \/ Yoast SEO plugin. -->","yoast_head_json":{"title":"Si va al risparmio! Prego, non disturbare \u2026 - S\u00fcdtiroler Jagdverband","robots":{"index":"index","follow":"follow","max-snippet":"max-snippet:-1","max-image-preview":"max-image-preview:large","max-video-preview":"max-video-preview:-1"},"canonical":"https:\/\/jagdverband.it\/it\/si-va-al-risparmio-prego-non-disturbare\/","og_locale":"it_IT","og_type":"article","og_title":"Si va al risparmio! Prego, non disturbare \u2026 - S\u00fcdtiroler Jagdverband","og_description":"In una serie di podcast della stazione radio \u00d61, il Prof. Walter Arnold, capo dell'Istituto di ricerca di Ecologia della fauna selvatica presso l'Universit\u00e0 di Medicina Veterinaria di Vienna, parla delle strategie di svernamento della fauna selvatica ...","og_url":"https:\/\/jagdverband.it\/it\/si-va-al-risparmio-prego-non-disturbare\/","og_site_name":"S\u00fcdtiroler Jagdverband","article_published_time":"2020-01-26T08:51:06+00:00","article_modified_time":"2020-01-29T08:00:37+00:00","og_image":[{"width":2048,"height":1364,"url":"https:\/\/jagdverband.it\/wp-content\/uploads\/2018\/09\/Rotwild-Winter-Renato-Grassi.jpg","type":"image\/jpeg"}],"author":"admin","twitter_card":"summary","twitter_misc":{"Scritto da":"admin","Tempo di lettura stimato":"3 minuti"},"schema":{"@context":"https:\/\/schema.org","@graph":[{"@type":"Article","@id":"https:\/\/jagdverband.it\/it\/si-va-al-risparmio-prego-non-disturbare\/#article","isPartOf":{"@id":"https:\/\/jagdverband.it\/it\/si-va-al-risparmio-prego-non-disturbare\/"},"author":{"name":"admin","@id":"https:\/\/jagdverband.it\/it\/#\/schema\/person\/3e030b3a4aa7c391e09cd551afd6dc73"},"headline":"Si va al risparmio! Prego, non disturbare \u2026","datePublished":"2020-01-26T08:51:06+00:00","dateModified":"2020-01-29T08:00:37+00:00","mainEntityOfPage":{"@id":"https:\/\/jagdverband.it\/it\/si-va-al-risparmio-prego-non-disturbare\/"},"wordCount":702,"publisher":{"@id":"https:\/\/jagdverband.it\/it\/#organization"},"articleSection":["comunicazioni_it"],"inLanguage":"it-IT"},{"@type":"WebPage","@id":"https:\/\/jagdverband.it\/it\/si-va-al-risparmio-prego-non-disturbare\/","url":"https:\/\/jagdverband.it\/it\/si-va-al-risparmio-prego-non-disturbare\/","name":"Si va al risparmio! Prego, non disturbare \u2026 - S\u00fcdtiroler Jagdverband","isPartOf":{"@id":"https:\/\/jagdverband.it\/it\/#website"},"datePublished":"2020-01-26T08:51:06+00:00","dateModified":"2020-01-29T08:00:37+00:00","breadcrumb":{"@id":"https:\/\/jagdverband.it\/it\/si-va-al-risparmio-prego-non-disturbare\/#breadcrumb"},"inLanguage":"it-IT","potentialAction":[{"@type":"ReadAction","target":["https:\/\/jagdverband.it\/it\/si-va-al-risparmio-prego-non-disturbare\/"]}]},{"@type":"BreadcrumbList","@id":"https:\/\/jagdverband.it\/it\/si-va-al-risparmio-prego-non-disturbare\/#breadcrumb","itemListElement":[{"@type":"ListItem","position":1,"name":"Home","item":"https:\/\/jagdverband.it\/it\/"},{"@type":"ListItem","position":2,"name":"comunicazioni_it","item":"https:\/\/jagdverband.it\/it\/c\/comunicazioni-it\/"},{"@type":"ListItem","position":3,"name":"Si va al risparmio! Prego, non disturbare \u2026"}]},{"@type":"WebSite","@id":"https:\/\/jagdverband.it\/it\/#website","url":"https:\/\/jagdverband.it\/it\/","name":"S\u00fcdtiroler Jagdverband","description":"S\u00fcdtiroler Jagdverband","publisher":{"@id":"https:\/\/jagdverband.it\/it\/#organization"},"potentialAction":[{"@type":"SearchAction","target":{"@type":"EntryPoint","urlTemplate":"https:\/\/jagdverband.it\/it\/?s={search_term_string}"},"query-input":"required name=search_term_string"}],"inLanguage":"it-IT"},{"@type":"Organization","@id":"https:\/\/jagdverband.it\/it\/#organization","name":"S\u00fcdtiroler Jagdverband","url":"https:\/\/jagdverband.it\/it\/","sameAs":[],"logo":{"@type":"ImageObject","inLanguage":"it-IT","@id":"https:\/\/jagdverband.it\/it\/#\/schema\/logo\/image\/","url":"","contentUrl":"","caption":"S\u00fcdtiroler Jagdverband"},"image":{"@id":"https:\/\/jagdverband.it\/it\/#\/schema\/logo\/image\/"}},{"@type":"Person","@id":"https:\/\/jagdverband.it\/it\/#\/schema\/person\/3e030b3a4aa7c391e09cd551afd6dc73","name":"admin","image":{"@type":"ImageObject","inLanguage":"it-IT","@id":"https:\/\/jagdverband.it\/it\/#\/schema\/person\/image\/","url":"https:\/\/secure.gravatar.com\/avatar\/badbf5eaa88657062fdcacb31218cc5c?s=96&d=blank&r=g","contentUrl":"https:\/\/secure.gravatar.com\/avatar\/badbf5eaa88657062fdcacb31218cc5c?s=96&d=blank&r=g","caption":"admin"},"url":"https:\/\/jagdverband.it\/it\/author\/admin\/"}]}},"_links":{"self":[{"href":"https:\/\/jagdverband.it\/it\/wp-json\/wp\/v2\/posts\/58781"}],"collection":[{"href":"https:\/\/jagdverband.it\/it\/wp-json\/wp\/v2\/posts"}],"about":[{"href":"https:\/\/jagdverband.it\/it\/wp-json\/wp\/v2\/types\/post"}],"author":[{"embeddable":true,"href":"https:\/\/jagdverband.it\/it\/wp-json\/wp\/v2\/users\/1"}],"replies":[{"embeddable":true,"href":"https:\/\/jagdverband.it\/it\/wp-json\/wp\/v2\/comments?post=58781"}],"version-history":[{"count":0,"href":"https:\/\/jagdverband.it\/it\/wp-json\/wp\/v2\/posts\/58781\/revisions"}],"wp:featuredmedia":[{"embeddable":true,"href":"https:\/\/jagdverband.it\/it\/wp-json\/wp\/v2\/media\/58777"}],"wp:attachment":[{"href":"https:\/\/jagdverband.it\/it\/wp-json\/wp\/v2\/media?parent=58781"}],"wp:term":[{"taxonomy":"category","embeddable":true,"href":"https:\/\/jagdverband.it\/it\/wp-json\/wp\/v2\/categories?post=58781"},{"taxonomy":"post_tag","embeddable":true,"href":"https:\/\/jagdverband.it\/it\/wp-json\/wp\/v2\/tags?post=58781"}],"curies":[{"name":"wp","href":"https:\/\/api.w.org\/{rel}","templated":true}]}}