{"id":58341,"date":"2019-11-07T11:01:18","date_gmt":"2019-11-07T10:01:18","guid":{"rendered":"https:\/\/jagdverband.it\/convegno-tetraonidi-copy\/"},"modified":"2020-01-13T12:02:37","modified_gmt":"2020-01-13T11:02:37","slug":"convegno-tetraonidi","status":"publish","type":"post","link":"https:\/\/jagdverband.it\/it\/convegno-tetraonidi\/","title":{"rendered":"Convegno interalpino sui tetraonidi"},"content":{"rendered":"<p>[et_pb_section fb_built=&#8221;1&#8243; specialty=&#8221;on&#8221; _builder_version=&#8221;3.27.3&#8243; fb_built=&#8221;1&#8243; _i=&#8221;0&#8243; _address=&#8221;0&#8243;][et_pb_column type=&#8221;3_4&#8243; specialty_columns=&#8221;3&#8243; _builder_version=&#8221;3.25&#8243; custom_padding=&#8221;|||&#8221; _i=&#8221;0&#8243; _address=&#8221;0.0&#8243; custom_padding__hover=&#8221;|||&#8221;][et_pb_row_inner column_structure=&#8221;1_2,1_2&#8243; _builder_version=&#8221;3.27.3&#8243; min_height=&#8221;414px&#8221; custom_padding=&#8221;||6px|||&#8221; _i=&#8221;0&#8243; _address=&#8221;0.0.0&#8243;][et_pb_column_inner type=&#8221;1_2&#8243; saved_specialty_column_type=&#8221;3_4&#8243; _builder_version=&#8221;3.27.3&#8243; _i=&#8221;0&#8243; _address=&#8221;0.0.0.0&#8243;][et_pb_text _builder_version=&#8221;3.27.3&#8243; custom_padding=&#8221;||0px|||&#8221; _i=&#8221;0&#8243; _address=&#8221;0.0.0.0.0&#8243;]<\/p>\n<h1>Convegno interalpino sui tetraonidi<\/h1>\n<p><strong>Un convegno a Bressanone (Vizentinum, 24-25 ottobre 2019), organizzato dalle associazioni venatorie dell\u2019Alto Adige, del Tirolo e della Baviera, ha fatto il punto sullo stato di salute delle popolazioni di questi affascinanti uccelli e sulle misure messe in atto nell\u2019area alpina per proteggere i loro delicati habitat.<\/strong><\/p>\n<p>Fatto \u00e8 che negli ultimi anni in molte aree delle Alpi le popolazioni dei tetraonidi, famiglia di cui fanno parte il\u00a0 gallo cedrone, il gallo forcello, il francolino di monte e la pernice bianca, sono in calo, e questo soprattutto a causa del deterioramento dell\u2019habitat: infittimento dei boschi \u2013 a fronte di un loro minore sfruttamento &#8211; , presenza di predatori e\u00a0 disturbo indotto da varie fonti. Ma anche il cambiamento climatico ha un suo impatto, per esempio sulla pernice bianca che ama neve e gelo, ma si trova a confrontarsi con inverni sempre meno rigidi e poveri di precipitazioni nevose ed estati molto calde.<\/p>\n<p>[\/et_pb_text][\/et_pb_column_inner][et_pb_column_inner type=&#8221;1_2&#8243; saved_specialty_column_type=&#8221;3_4&#8243; _builder_version=&#8221;3.27.3&#8243; _i=&#8221;1&#8243; _address=&#8221;0.0.0.1&#8243;][et_pb_image src=&#8221;https:\/\/jagdverband.it\/wp-content\/uploads\/2019\/11\/Auerhahn-Gottfried-Mair.jpg&#8221; show_in_lightbox=&#8221;on&#8221; align_tablet=&#8221;center&#8221; align_last_edited=&#8221;on|desktop&#8221; _builder_version=&#8221;3.27.3&#8243; _i=&#8221;0&#8243; _address=&#8221;0.0.0.1.0&#8243;][\/et_pb_image][\/et_pb_column_inner][\/et_pb_row_inner][et_pb_row_inner _builder_version=&#8221;3.27.3&#8243; custom_padding=&#8221;4px|||||&#8221; _i=&#8221;1&#8243; _address=&#8221;0.0.1&#8243;][et_pb_column_inner saved_specialty_column_type=&#8221;3_4&#8243; _builder_version=&#8221;3.27.3&#8243; _i=&#8221;0&#8243; _address=&#8221;0.0.1.0&#8243;][et_pb_text _builder_version=&#8221;3.27.3&#8243; _i=&#8221;0&#8243; _address=&#8221;0.0.1.0.0&#8243;]<\/p>\n<p><strong>Interventi in Alto Adige<\/strong><\/p>\n<p>Per questo in Alto Adige dal 2008 la Provincia sostiene diversi progetti nei sette Parchi naturali per tutelare i tetraonidi e il loro habitat. Coordinati dall\u2019ufficio provinciale natura, Paesaggio e Sviluppo del territorio, negli ultimi anni i cacciatori e le cacciatrici altoatesine hanno dedicato 8.780 ore di volontariato in opere di miglioramento dell\u2019habitat naturale di questi uccelli.<\/p>\n<p><b>Caratteristiche dei tetraonidi<\/b><\/p>\n<p>I tetraonidi si chiamano cos\u00ec, perch\u00e9 i loro piedi sono formati da quattro artigli, palmati fra di loro per non sprofondare nella neve. Altra caratteristica \u00e8 il ricco piumaggio che ricopre anche le zampe. Il pi\u00f9 grande fra questi uccelli, e forse anche il pi\u00f9 leggendario, \u00e8 il gallo cedrone, delle dimensioni di un\u2019oca che, molto raramente, si pu\u00f2 avvistare nei nostri boschi di conifere pi\u00f9 radi e fra gli arbusti di bacche di cui volentieri si ciba. L\u2019originale danza a balzi con la coda spiegata a ventaglio e il particolare canto che emette per attirare le femmine all\u2019inizio della primavera nella sua \u201carena di canto e di parata\u201d alle prime ore dell\u2019alba, sono uno spettacolo della natura.<\/p>\n<p>Al convegno di Bressanone, con relatori internazionali, hanno partecipato oltre un centinaio di cacciatori e naturalisti dell\u2019arco alpino interessati a contribuire alla conservazione di questi interessanti uccelli e del loro habitat.<\/p>\n<p>[\/et_pb_text][\/et_pb_column_inner][\/et_pb_row_inner][et_pb_row_inner column_structure=&#8221;undefined&#8221; _builder_version=&#8221;3.27.3&#8243; custom_margin=&#8221;|auto|-94px|auto||&#8221; custom_padding=&#8221;0px||9px|||&#8221; _i=&#8221;2&#8243; _address=&#8221;0.0.2&#8243;][et_pb_column_inner type=&#8221;undefined&#8221; _builder_version=&#8221;3.27.3&#8243; _i=&#8221;0&#8243; _address=&#8221;0.0.2.0&#8243;][et_pb_divider color=&#8221;rgba(0,0,0,0.13)&#8221; _builder_version=&#8221;3.27.3&#8243; _i=&#8221;0&#8243; _address=&#8221;0.0.2.0.0&#8243;][\/et_pb_divider][et_pb_button button_url=&#8221;https:\/\/jagdverband.it\/mitteilungen\/&#8221; button_text=&#8221;Torna indietro&#8221; button_alignment=&#8221;center&#8221; _builder_version=&#8221;3.27.3&#8243; hover_enabled=&#8221;0&#8243; _i=&#8221;1&#8243; _address=&#8221;0.0.2.0.1&#8243;][\/et_pb_button][\/et_pb_column_inner][\/et_pb_row_inner][\/et_pb_column][et_pb_column type=&#8221;1_4&#8243; _builder_version=&#8221;3.25&#8243; custom_padding=&#8221;|||&#8221; _i=&#8221;1&#8243; _address=&#8221;0.1&#8243; custom_padding__hover=&#8221;|||&#8221;][et_pb_sidebar orientation=&#8221;right&#8221; _builder_version=&#8221;3.27.3&#8243; _i=&#8221;0&#8243; _address=&#8221;0.1.0&#8243;][\/et_pb_sidebar][\/et_pb_column][\/et_pb_section]<\/p>\n","protected":false},"excerpt":{"rendered":"<p>Un convegno a Bressanone (Vizentinum, 24-25 ottobre 2019), organizzato dalle associazioni venatorie dell\u2019Alto Adige, del Tirolo e della Baviera, ha fatto il punto sullo stato di salute delle popolazioni di questi affascinanti uccelli e sulle misure messe in atto nell\u2019area alpina per proteggere i loro delicati habitat.<\/p>\n","protected":false},"author":1,"featured_media":54974,"comment_status":"open","ping_status":"open","sticky":false,"template":"","format":"standard","meta":{"_et_pb_use_builder":"on","_et_pb_old_content":"","_et_gb_content_width":""},"categories":[163],"tags":[],"featured_image_src":"https:\/\/jagdverband.it\/wp-content\/uploads\/2019\/11\/Auerhahn-Gottfried-Mair-1024x683.jpg","blog_images":{"medium":"https:\/\/jagdverband.it\/wp-content\/uploads\/2019\/11\/Auerhahn-Gottfried-Mair-300x200.jpg","large":"https:\/\/jagdverband.it\/wp-content\/uploads\/2019\/11\/Auerhahn-Gottfried-Mair-1024x683.jpg"},"ams_acf":[],"yoast_head":"<!-- This site is optimized with the Yoast SEO plugin v19.6 - https:\/\/yoast.com\/wordpress\/plugins\/seo\/ -->\n<title>Convegno interalpino sui tetraonidi - S\u00fcdtiroler Jagdverband<\/title>\n<meta name=\"robots\" content=\"index, follow, max-snippet:-1, max-image-preview:large, max-video-preview:-1\" \/>\n<link rel=\"canonical\" href=\"https:\/\/jagdverband.it\/it\/convegno-tetraonidi\/\" \/>\n<meta property=\"og:locale\" content=\"it_IT\" \/>\n<meta property=\"og:type\" content=\"article\" \/>\n<meta property=\"og:title\" content=\"Convegno interalpino sui tetraonidi - S\u00fcdtiroler Jagdverband\" \/>\n<meta property=\"og:description\" content=\"Un convegno a Bressanone (Vizentinum, 24-25 ottobre 2019), organizzato dalle associazioni venatorie dell\u2019Alto Adige, del Tirolo e della Baviera, ha fatto il punto sullo stato di salute delle popolazioni di questi affascinanti uccelli e sulle misure messe in atto nell\u2019area alpina per proteggere i loro delicati habitat.\" \/>\n<meta property=\"og:url\" content=\"https:\/\/jagdverband.it\/it\/convegno-tetraonidi\/\" \/>\n<meta property=\"og:site_name\" content=\"S\u00fcdtiroler Jagdverband\" \/>\n<meta property=\"article:published_time\" content=\"2019-11-07T10:01:18+00:00\" \/>\n<meta property=\"article:modified_time\" content=\"2020-01-13T11:02:37+00:00\" \/>\n<meta property=\"og:image\" content=\"https:\/\/jagdverband.it\/wp-content\/uploads\/2019\/11\/Auerhahn-Gottfried-Mair.jpg\" \/>\n\t<meta property=\"og:image:width\" content=\"1920\" \/>\n\t<meta property=\"og:image:height\" content=\"1280\" \/>\n\t<meta property=\"og:image:type\" content=\"image\/jpeg\" \/>\n<meta name=\"author\" content=\"admin\" \/>\n<meta name=\"twitter:card\" content=\"summary\" \/>\n<meta name=\"twitter:label1\" content=\"Scritto da\" \/>\n\t<meta name=\"twitter:data1\" content=\"admin\" \/>\n\t<meta name=\"twitter:label2\" content=\"Tempo di lettura stimato\" \/>\n\t<meta name=\"twitter:data2\" content=\"3 minuti\" \/>\n<script type=\"application\/ld+json\" class=\"yoast-schema-graph\">{\"@context\":\"https:\/\/schema.org\",\"@graph\":[{\"@type\":\"Article\",\"@id\":\"https:\/\/jagdverband.it\/it\/convegno-tetraonidi\/#article\",\"isPartOf\":{\"@id\":\"https:\/\/jagdverband.it\/it\/convegno-tetraonidi\/\"},\"author\":{\"name\":\"admin\",\"@id\":\"https:\/\/jagdverband.it\/it\/#\/schema\/person\/3e030b3a4aa7c391e09cd551afd6dc73\"},\"headline\":\"Convegno interalpino sui tetraonidi\",\"datePublished\":\"2019-11-07T10:01:18+00:00\",\"dateModified\":\"2020-01-13T11:02:37+00:00\",\"mainEntityOfPage\":{\"@id\":\"https:\/\/jagdverband.it\/it\/convegno-tetraonidi\/\"},\"wordCount\":651,\"commentCount\":0,\"publisher\":{\"@id\":\"https:\/\/jagdverband.it\/it\/#organization\"},\"articleSection\":[\"comunicazioni_it\"],\"inLanguage\":\"it-IT\",\"potentialAction\":[{\"@type\":\"CommentAction\",\"name\":\"Comment\",\"target\":[\"https:\/\/jagdverband.it\/it\/convegno-tetraonidi\/#respond\"]}]},{\"@type\":\"WebPage\",\"@id\":\"https:\/\/jagdverband.it\/it\/convegno-tetraonidi\/\",\"url\":\"https:\/\/jagdverband.it\/it\/convegno-tetraonidi\/\",\"name\":\"Convegno interalpino sui tetraonidi - S\u00fcdtiroler Jagdverband\",\"isPartOf\":{\"@id\":\"https:\/\/jagdverband.it\/it\/#website\"},\"datePublished\":\"2019-11-07T10:01:18+00:00\",\"dateModified\":\"2020-01-13T11:02:37+00:00\",\"breadcrumb\":{\"@id\":\"https:\/\/jagdverband.it\/it\/convegno-tetraonidi\/#breadcrumb\"},\"inLanguage\":\"it-IT\",\"potentialAction\":[{\"@type\":\"ReadAction\",\"target\":[\"https:\/\/jagdverband.it\/it\/convegno-tetraonidi\/\"]}]},{\"@type\":\"BreadcrumbList\",\"@id\":\"https:\/\/jagdverband.it\/it\/convegno-tetraonidi\/#breadcrumb\",\"itemListElement\":[{\"@type\":\"ListItem\",\"position\":1,\"name\":\"Home\",\"item\":\"https:\/\/jagdverband.it\/it\/\"},{\"@type\":\"ListItem\",\"position\":2,\"name\":\"comunicazioni_it\",\"item\":\"https:\/\/jagdverband.it\/it\/c\/comunicazioni-it\/\"},{\"@type\":\"ListItem\",\"position\":3,\"name\":\"Convegno interalpino sui tetraonidi\"}]},{\"@type\":\"WebSite\",\"@id\":\"https:\/\/jagdverband.it\/it\/#website\",\"url\":\"https:\/\/jagdverband.it\/it\/\",\"name\":\"S\u00fcdtiroler Jagdverband\",\"description\":\"S\u00fcdtiroler Jagdverband\",\"publisher\":{\"@id\":\"https:\/\/jagdverband.it\/it\/#organization\"},\"potentialAction\":[{\"@type\":\"SearchAction\",\"target\":{\"@type\":\"EntryPoint\",\"urlTemplate\":\"https:\/\/jagdverband.it\/it\/?s={search_term_string}\"},\"query-input\":\"required name=search_term_string\"}],\"inLanguage\":\"it-IT\"},{\"@type\":\"Organization\",\"@id\":\"https:\/\/jagdverband.it\/it\/#organization\",\"name\":\"S\u00fcdtiroler Jagdverband\",\"url\":\"https:\/\/jagdverband.it\/it\/\",\"sameAs\":[],\"logo\":{\"@type\":\"ImageObject\",\"inLanguage\":\"it-IT\",\"@id\":\"https:\/\/jagdverband.it\/it\/#\/schema\/logo\/image\/\",\"url\":\"\",\"contentUrl\":\"\",\"caption\":\"S\u00fcdtiroler Jagdverband\"},\"image\":{\"@id\":\"https:\/\/jagdverband.it\/it\/#\/schema\/logo\/image\/\"}},{\"@type\":\"Person\",\"@id\":\"https:\/\/jagdverband.it\/it\/#\/schema\/person\/3e030b3a4aa7c391e09cd551afd6dc73\",\"name\":\"admin\",\"image\":{\"@type\":\"ImageObject\",\"inLanguage\":\"it-IT\",\"@id\":\"https:\/\/jagdverband.it\/it\/#\/schema\/person\/image\/\",\"url\":\"https:\/\/secure.gravatar.com\/avatar\/badbf5eaa88657062fdcacb31218cc5c?s=96&d=blank&r=g\",\"contentUrl\":\"https:\/\/secure.gravatar.com\/avatar\/badbf5eaa88657062fdcacb31218cc5c?s=96&d=blank&r=g\",\"caption\":\"admin\"},\"url\":\"https:\/\/jagdverband.it\/it\/author\/admin\/\"}]}<\/script>\n<!-- \/ Yoast SEO plugin. -->","yoast_head_json":{"title":"Convegno interalpino sui tetraonidi - S\u00fcdtiroler Jagdverband","robots":{"index":"index","follow":"follow","max-snippet":"max-snippet:-1","max-image-preview":"max-image-preview:large","max-video-preview":"max-video-preview:-1"},"canonical":"https:\/\/jagdverband.it\/it\/convegno-tetraonidi\/","og_locale":"it_IT","og_type":"article","og_title":"Convegno interalpino sui tetraonidi - S\u00fcdtiroler Jagdverband","og_description":"Un convegno a Bressanone (Vizentinum, 24-25 ottobre 2019), organizzato dalle associazioni venatorie dell\u2019Alto Adige, del Tirolo e della Baviera, ha fatto il punto sullo stato di salute delle popolazioni di questi affascinanti uccelli e sulle misure messe in atto nell\u2019area alpina per proteggere i loro delicati habitat.","og_url":"https:\/\/jagdverband.it\/it\/convegno-tetraonidi\/","og_site_name":"S\u00fcdtiroler Jagdverband","article_published_time":"2019-11-07T10:01:18+00:00","article_modified_time":"2020-01-13T11:02:37+00:00","og_image":[{"width":1920,"height":1280,"url":"https:\/\/jagdverband.it\/wp-content\/uploads\/2019\/11\/Auerhahn-Gottfried-Mair.jpg","type":"image\/jpeg"}],"author":"admin","twitter_card":"summary","twitter_misc":{"Scritto da":"admin","Tempo di lettura stimato":"3 minuti"},"schema":{"@context":"https:\/\/schema.org","@graph":[{"@type":"Article","@id":"https:\/\/jagdverband.it\/it\/convegno-tetraonidi\/#article","isPartOf":{"@id":"https:\/\/jagdverband.it\/it\/convegno-tetraonidi\/"},"author":{"name":"admin","@id":"https:\/\/jagdverband.it\/it\/#\/schema\/person\/3e030b3a4aa7c391e09cd551afd6dc73"},"headline":"Convegno interalpino sui tetraonidi","datePublished":"2019-11-07T10:01:18+00:00","dateModified":"2020-01-13T11:02:37+00:00","mainEntityOfPage":{"@id":"https:\/\/jagdverband.it\/it\/convegno-tetraonidi\/"},"wordCount":651,"commentCount":0,"publisher":{"@id":"https:\/\/jagdverband.it\/it\/#organization"},"articleSection":["comunicazioni_it"],"inLanguage":"it-IT","potentialAction":[{"@type":"CommentAction","name":"Comment","target":["https:\/\/jagdverband.it\/it\/convegno-tetraonidi\/#respond"]}]},{"@type":"WebPage","@id":"https:\/\/jagdverband.it\/it\/convegno-tetraonidi\/","url":"https:\/\/jagdverband.it\/it\/convegno-tetraonidi\/","name":"Convegno interalpino sui tetraonidi - S\u00fcdtiroler Jagdverband","isPartOf":{"@id":"https:\/\/jagdverband.it\/it\/#website"},"datePublished":"2019-11-07T10:01:18+00:00","dateModified":"2020-01-13T11:02:37+00:00","breadcrumb":{"@id":"https:\/\/jagdverband.it\/it\/convegno-tetraonidi\/#breadcrumb"},"inLanguage":"it-IT","potentialAction":[{"@type":"ReadAction","target":["https:\/\/jagdverband.it\/it\/convegno-tetraonidi\/"]}]},{"@type":"BreadcrumbList","@id":"https:\/\/jagdverband.it\/it\/convegno-tetraonidi\/#breadcrumb","itemListElement":[{"@type":"ListItem","position":1,"name":"Home","item":"https:\/\/jagdverband.it\/it\/"},{"@type":"ListItem","position":2,"name":"comunicazioni_it","item":"https:\/\/jagdverband.it\/it\/c\/comunicazioni-it\/"},{"@type":"ListItem","position":3,"name":"Convegno interalpino sui tetraonidi"}]},{"@type":"WebSite","@id":"https:\/\/jagdverband.it\/it\/#website","url":"https:\/\/jagdverband.it\/it\/","name":"S\u00fcdtiroler Jagdverband","description":"S\u00fcdtiroler Jagdverband","publisher":{"@id":"https:\/\/jagdverband.it\/it\/#organization"},"potentialAction":[{"@type":"SearchAction","target":{"@type":"EntryPoint","urlTemplate":"https:\/\/jagdverband.it\/it\/?s={search_term_string}"},"query-input":"required name=search_term_string"}],"inLanguage":"it-IT"},{"@type":"Organization","@id":"https:\/\/jagdverband.it\/it\/#organization","name":"S\u00fcdtiroler Jagdverband","url":"https:\/\/jagdverband.it\/it\/","sameAs":[],"logo":{"@type":"ImageObject","inLanguage":"it-IT","@id":"https:\/\/jagdverband.it\/it\/#\/schema\/logo\/image\/","url":"","contentUrl":"","caption":"S\u00fcdtiroler Jagdverband"},"image":{"@id":"https:\/\/jagdverband.it\/it\/#\/schema\/logo\/image\/"}},{"@type":"Person","@id":"https:\/\/jagdverband.it\/it\/#\/schema\/person\/3e030b3a4aa7c391e09cd551afd6dc73","name":"admin","image":{"@type":"ImageObject","inLanguage":"it-IT","@id":"https:\/\/jagdverband.it\/it\/#\/schema\/person\/image\/","url":"https:\/\/secure.gravatar.com\/avatar\/badbf5eaa88657062fdcacb31218cc5c?s=96&d=blank&r=g","contentUrl":"https:\/\/secure.gravatar.com\/avatar\/badbf5eaa88657062fdcacb31218cc5c?s=96&d=blank&r=g","caption":"admin"},"url":"https:\/\/jagdverband.it\/it\/author\/admin\/"}]}},"_links":{"self":[{"href":"https:\/\/jagdverband.it\/it\/wp-json\/wp\/v2\/posts\/58341"}],"collection":[{"href":"https:\/\/jagdverband.it\/it\/wp-json\/wp\/v2\/posts"}],"about":[{"href":"https:\/\/jagdverband.it\/it\/wp-json\/wp\/v2\/types\/post"}],"author":[{"embeddable":true,"href":"https:\/\/jagdverband.it\/it\/wp-json\/wp\/v2\/users\/1"}],"replies":[{"embeddable":true,"href":"https:\/\/jagdverband.it\/it\/wp-json\/wp\/v2\/comments?post=58341"}],"version-history":[{"count":0,"href":"https:\/\/jagdverband.it\/it\/wp-json\/wp\/v2\/posts\/58341\/revisions"}],"wp:featuredmedia":[{"embeddable":true,"href":"https:\/\/jagdverband.it\/it\/wp-json\/wp\/v2\/media\/54974"}],"wp:attachment":[{"href":"https:\/\/jagdverband.it\/it\/wp-json\/wp\/v2\/media?parent=58341"}],"wp:term":[{"taxonomy":"category","embeddable":true,"href":"https:\/\/jagdverband.it\/it\/wp-json\/wp\/v2\/categories?post=58341"},{"taxonomy":"post_tag","embeddable":true,"href":"https:\/\/jagdverband.it\/it\/wp-json\/wp\/v2\/tags?post=58341"}],"curies":[{"name":"wp","href":"https:\/\/api.w.org\/{rel}","templated":true}]}}