{"id":58327,"date":"2020-01-08T10:44:31","date_gmt":"2020-01-08T09:44:31","guid":{"rendered":"https:\/\/jagdverband.it\/team-associazione-completato-copy\/"},"modified":"2020-01-13T12:06:52","modified_gmt":"2020-01-13T11:06:52","slug":"team-associazione-completato","status":"publish","type":"post","link":"https:\/\/jagdverband.it\/it\/team-associazione-completato\/","title":{"rendered":"Il team dell&#8217;Associazione Cacciatori Alto Adige \u00e8 ora di nuovo al completo"},"content":{"rendered":"<p>[et_pb_section fb_built=&#8221;1&#8243; specialty=&#8221;on&#8221; _builder_version=&#8221;3.27.3&#8243;][et_pb_column type=&#8221;3_4&#8243; specialty_columns=&#8221;3&#8243; _builder_version=&#8221;3.25&#8243; custom_padding=&#8221;|||&#8221; custom_padding__hover=&#8221;|||&#8221;][et_pb_row_inner _builder_version=&#8221;3.27.3&#8243; custom_padding=&#8221;||5px||false|false&#8221;][et_pb_column_inner saved_specialty_column_type=&#8221;3_4&#8243; _builder_version=&#8221;3.27.3&#8243;][et_pb_text _builder_version=&#8221;4.0.9&#8243; custom_padding=&#8221;||0px|||&#8221;]<\/p>\n<h1>Il team dell&#8217;Associazione Cacciatori Alto Adige \u00e8 di nuovo al completo_<\/h1>\n<h4><em>8 gennaio 2020<\/em><\/h4>\n<p>[\/et_pb_text][\/et_pb_column_inner][\/et_pb_row_inner][et_pb_row_inner column_structure=&#8221;1_2,1_2&#8243; _builder_version=&#8221;3.27.3&#8243; custom_padding=&#8221;0px||5px||false|false&#8221;][et_pb_column_inner type=&#8221;1_2&#8243; saved_specialty_column_type=&#8221;3_4&#8243; _builder_version=&#8221;3.27.3&#8243;][et_pb_text _builder_version=&#8221;4.0.9&#8243;]A partire dal 2 gennaio 2020, il posto vacante di assistente alla direzione dell&#8217;Associazione Cacciatori Alto Adige  \u00e8 stato nuovamente occupato. Birgith Unterthurner sosterr\u00e0 la direzione in futuro. Dopo la maturit\u00e0 presso la Scuola di Economia e Turismo di Merano, ha conseguito la laurea in Pianificazione e Architettura del Paesaggio presso l&#8217;Universit\u00e0 delle Risorse Naturali e Scienze della Vita Applicate BOKU di Vienna e un Master in Gestione della fauna selvatica ed Ecologia della fauna selvatica, con particolare attenzione all&#8217;ornitologia. Recentemente Birgith Unterthurner \u00e8 stata responsabile del progetto Eurac &#8220;Landschaft im Visier&#8221; che ha indagato il rapporto tra lo sviluppo demografico delle specie di selvaggina cacciabili e i cambiamenti del paesaggio in Alto Adige.[\/et_pb_text][\/et_pb_column_inner][et_pb_column_inner type=&#8221;1_2&#8243; saved_specialty_column_type=&#8221;3_4&#8243; _builder_version=&#8221;3.27.3&#8243;][et_pb_image src=&#8221;https:\/\/jagdverband.it\/wp-content\/uploads\/2018\/09\/Unterthurner-Birgith.jpg&#8221; show_in_lightbox=&#8221;on&#8221; align_tablet=&#8221;center&#8221; align_phone=&#8221;&#8221; align_last_edited=&#8221;on|desktop&#8221; _builder_version=&#8221;4.0.9&#8243; custom_margin=&#8221;0px||10px||false|false&#8221;][\/et_pb_image][\/et_pb_column_inner][\/et_pb_row_inner][et_pb_row_inner column_structure=&#8221;undefined&#8221; _builder_version=&#8221;3.27.3&#8243; custom_margin=&#8221;|auto|-94px|auto||&#8221; custom_padding=&#8221;0px||9px|||&#8221;][et_pb_column_inner type=&#8221;undefined&#8221; _builder_version=&#8221;3.27.3&#8243;][et_pb_divider color=&#8221;rgba(0,0,0,0.13)&#8221; _builder_version=&#8221;3.27.3&#8243;][\/et_pb_divider][et_pb_button button_url=&#8221;https:\/\/jagdverband.it\/mitteilungen\/&#8221; button_text=&#8221;Torna indietro&#8221; button_alignment=&#8221;center&#8221; _builder_version=&#8221;4.0.9&#8243; hover_enabled=&#8221;0&#8243;][\/et_pb_button][\/et_pb_column_inner][\/et_pb_row_inner][\/et_pb_column][et_pb_column type=&#8221;1_4&#8243; _builder_version=&#8221;3.25&#8243; custom_padding=&#8221;|||&#8221; custom_padding__hover=&#8221;|||&#8221;][et_pb_sidebar orientation=&#8221;right&#8221; _builder_version=&#8221;3.27.3&#8243;][\/et_pb_sidebar][\/et_pb_column][\/et_pb_section]<\/p>\n","protected":false},"excerpt":{"rendered":"<p>A partire dal 2 gennaio 2020, il posto vacante di assistente alla direzione dell\u2019Associazione Cacciatori Alto Adige \u00e8 stato nuovamente occupato. Birgith Unterthurner sosterr\u00e0 la direzione in futuro. Dopo la maturit\u00e0 presso &#8230;<\/p>\n","protected":false},"author":1,"featured_media":58046,"comment_status":"closed","ping_status":"closed","sticky":false,"template":"","format":"standard","meta":{"_et_pb_use_builder":"on","_et_pb_old_content":"","_et_gb_content_width":""},"categories":[163],"tags":[],"featured_image_src":"https:\/\/jagdverband.it\/wp-content\/uploads\/2020\/01\/Unterthurner-Birgith02.jpg","blog_images":{"medium":"https:\/\/jagdverband.it\/wp-content\/uploads\/2020\/01\/Unterthurner-Birgith02-300x224.jpg","large":"https:\/\/jagdverband.it\/wp-content\/uploads\/2020\/01\/Unterthurner-Birgith02.jpg"},"ams_acf":[],"yoast_head":"<!-- This site is optimized with the Yoast SEO plugin v19.6 - https:\/\/yoast.com\/wordpress\/plugins\/seo\/ -->\n<title>Il team dell&#039;Associazione Cacciatori Alto Adige \u00e8 ora di nuovo al completo - S\u00fcdtiroler Jagdverband<\/title>\n<meta name=\"robots\" content=\"index, follow, max-snippet:-1, max-image-preview:large, max-video-preview:-1\" \/>\n<link rel=\"canonical\" href=\"https:\/\/jagdverband.it\/it\/team-associazione-completato\/\" \/>\n<meta property=\"og:locale\" content=\"it_IT\" \/>\n<meta property=\"og:type\" content=\"article\" \/>\n<meta property=\"og:title\" content=\"Il team dell&#039;Associazione Cacciatori Alto Adige \u00e8 ora di nuovo al completo - S\u00fcdtiroler Jagdverband\" \/>\n<meta property=\"og:description\" content=\"A partire dal 2 gennaio 2020, il posto vacante di assistente alla direzione dell\u2019Associazione Cacciatori Alto Adige \u00e8 stato nuovamente occupato. Birgith Unterthurner sosterr\u00e0 la direzione in futuro. Dopo la maturit\u00e0 presso ...\" \/>\n<meta property=\"og:url\" content=\"https:\/\/jagdverband.it\/it\/team-associazione-completato\/\" \/>\n<meta property=\"og:site_name\" content=\"S\u00fcdtiroler Jagdverband\" \/>\n<meta property=\"article:published_time\" content=\"2020-01-08T09:44:31+00:00\" \/>\n<meta property=\"article:modified_time\" content=\"2020-01-13T11:06:52+00:00\" \/>\n<meta property=\"og:image\" content=\"https:\/\/jagdverband.it\/wp-content\/uploads\/2020\/01\/Unterthurner-Birgith02.jpg\" \/>\n\t<meta property=\"og:image:width\" content=\"968\" \/>\n\t<meta property=\"og:image:height\" content=\"722\" \/>\n\t<meta property=\"og:image:type\" content=\"image\/jpeg\" \/>\n<meta name=\"author\" content=\"admin\" \/>\n<meta name=\"twitter:card\" content=\"summary\" \/>\n<meta name=\"twitter:label1\" content=\"Scritto da\" \/>\n\t<meta name=\"twitter:data1\" content=\"admin\" \/>\n\t<meta name=\"twitter:label2\" content=\"Tempo di lettura stimato\" \/>\n\t<meta name=\"twitter:data2\" content=\"2 minuti\" \/>\n<script type=\"application\/ld+json\" class=\"yoast-schema-graph\">{\"@context\":\"https:\/\/schema.org\",\"@graph\":[{\"@type\":\"Article\",\"@id\":\"https:\/\/jagdverband.it\/it\/team-associazione-completato\/#article\",\"isPartOf\":{\"@id\":\"https:\/\/jagdverband.it\/it\/team-associazione-completato\/\"},\"author\":{\"name\":\"admin\",\"@id\":\"https:\/\/jagdverband.it\/it\/#\/schema\/person\/3e030b3a4aa7c391e09cd551afd6dc73\"},\"headline\":\"Il team dell&#8217;Associazione Cacciatori Alto Adige \u00e8 ora di nuovo al completo\",\"datePublished\":\"2020-01-08T09:44:31+00:00\",\"dateModified\":\"2020-01-13T11:06:52+00:00\",\"mainEntityOfPage\":{\"@id\":\"https:\/\/jagdverband.it\/it\/team-associazione-completato\/\"},\"wordCount\":384,\"publisher\":{\"@id\":\"https:\/\/jagdverband.it\/it\/#organization\"},\"articleSection\":[\"comunicazioni_it\"],\"inLanguage\":\"it-IT\"},{\"@type\":\"WebPage\",\"@id\":\"https:\/\/jagdverband.it\/it\/team-associazione-completato\/\",\"url\":\"https:\/\/jagdverband.it\/it\/team-associazione-completato\/\",\"name\":\"Il team dell'Associazione Cacciatori Alto Adige \u00e8 ora di nuovo al completo - S\u00fcdtiroler Jagdverband\",\"isPartOf\":{\"@id\":\"https:\/\/jagdverband.it\/it\/#website\"},\"datePublished\":\"2020-01-08T09:44:31+00:00\",\"dateModified\":\"2020-01-13T11:06:52+00:00\",\"breadcrumb\":{\"@id\":\"https:\/\/jagdverband.it\/it\/team-associazione-completato\/#breadcrumb\"},\"inLanguage\":\"it-IT\",\"potentialAction\":[{\"@type\":\"ReadAction\",\"target\":[\"https:\/\/jagdverband.it\/it\/team-associazione-completato\/\"]}]},{\"@type\":\"BreadcrumbList\",\"@id\":\"https:\/\/jagdverband.it\/it\/team-associazione-completato\/#breadcrumb\",\"itemListElement\":[{\"@type\":\"ListItem\",\"position\":1,\"name\":\"Home\",\"item\":\"https:\/\/jagdverband.it\/it\/\"},{\"@type\":\"ListItem\",\"position\":2,\"name\":\"comunicazioni_it\",\"item\":\"https:\/\/jagdverband.it\/it\/c\/comunicazioni-it\/\"},{\"@type\":\"ListItem\",\"position\":3,\"name\":\"Il team dell&#8217;Associazione Cacciatori Alto Adige \u00e8 ora di nuovo al completo\"}]},{\"@type\":\"WebSite\",\"@id\":\"https:\/\/jagdverband.it\/it\/#website\",\"url\":\"https:\/\/jagdverband.it\/it\/\",\"name\":\"S\u00fcdtiroler Jagdverband\",\"description\":\"S\u00fcdtiroler Jagdverband\",\"publisher\":{\"@id\":\"https:\/\/jagdverband.it\/it\/#organization\"},\"potentialAction\":[{\"@type\":\"SearchAction\",\"target\":{\"@type\":\"EntryPoint\",\"urlTemplate\":\"https:\/\/jagdverband.it\/it\/?s={search_term_string}\"},\"query-input\":\"required name=search_term_string\"}],\"inLanguage\":\"it-IT\"},{\"@type\":\"Organization\",\"@id\":\"https:\/\/jagdverband.it\/it\/#organization\",\"name\":\"S\u00fcdtiroler Jagdverband\",\"url\":\"https:\/\/jagdverband.it\/it\/\",\"sameAs\":[],\"logo\":{\"@type\":\"ImageObject\",\"inLanguage\":\"it-IT\",\"@id\":\"https:\/\/jagdverband.it\/it\/#\/schema\/logo\/image\/\",\"url\":\"\",\"contentUrl\":\"\",\"caption\":\"S\u00fcdtiroler Jagdverband\"},\"image\":{\"@id\":\"https:\/\/jagdverband.it\/it\/#\/schema\/logo\/image\/\"}},{\"@type\":\"Person\",\"@id\":\"https:\/\/jagdverband.it\/it\/#\/schema\/person\/3e030b3a4aa7c391e09cd551afd6dc73\",\"name\":\"admin\",\"image\":{\"@type\":\"ImageObject\",\"inLanguage\":\"it-IT\",\"@id\":\"https:\/\/jagdverband.it\/it\/#\/schema\/person\/image\/\",\"url\":\"https:\/\/secure.gravatar.com\/avatar\/badbf5eaa88657062fdcacb31218cc5c?s=96&d=blank&r=g\",\"contentUrl\":\"https:\/\/secure.gravatar.com\/avatar\/badbf5eaa88657062fdcacb31218cc5c?s=96&d=blank&r=g\",\"caption\":\"admin\"},\"url\":\"https:\/\/jagdverband.it\/it\/author\/admin\/\"}]}<\/script>\n<!-- \/ Yoast SEO plugin. -->","yoast_head_json":{"title":"Il team dell'Associazione Cacciatori Alto Adige \u00e8 ora di nuovo al completo - S\u00fcdtiroler Jagdverband","robots":{"index":"index","follow":"follow","max-snippet":"max-snippet:-1","max-image-preview":"max-image-preview:large","max-video-preview":"max-video-preview:-1"},"canonical":"https:\/\/jagdverband.it\/it\/team-associazione-completato\/","og_locale":"it_IT","og_type":"article","og_title":"Il team dell'Associazione Cacciatori Alto Adige \u00e8 ora di nuovo al completo - S\u00fcdtiroler Jagdverband","og_description":"A partire dal 2 gennaio 2020, il posto vacante di assistente alla direzione dell\u2019Associazione Cacciatori Alto Adige \u00e8 stato nuovamente occupato. Birgith Unterthurner sosterr\u00e0 la direzione in futuro. Dopo la maturit\u00e0 presso ...","og_url":"https:\/\/jagdverband.it\/it\/team-associazione-completato\/","og_site_name":"S\u00fcdtiroler Jagdverband","article_published_time":"2020-01-08T09:44:31+00:00","article_modified_time":"2020-01-13T11:06:52+00:00","og_image":[{"width":968,"height":722,"url":"https:\/\/jagdverband.it\/wp-content\/uploads\/2020\/01\/Unterthurner-Birgith02.jpg","type":"image\/jpeg"}],"author":"admin","twitter_card":"summary","twitter_misc":{"Scritto da":"admin","Tempo di lettura stimato":"2 minuti"},"schema":{"@context":"https:\/\/schema.org","@graph":[{"@type":"Article","@id":"https:\/\/jagdverband.it\/it\/team-associazione-completato\/#article","isPartOf":{"@id":"https:\/\/jagdverband.it\/it\/team-associazione-completato\/"},"author":{"name":"admin","@id":"https:\/\/jagdverband.it\/it\/#\/schema\/person\/3e030b3a4aa7c391e09cd551afd6dc73"},"headline":"Il team dell&#8217;Associazione Cacciatori Alto Adige \u00e8 ora di nuovo al completo","datePublished":"2020-01-08T09:44:31+00:00","dateModified":"2020-01-13T11:06:52+00:00","mainEntityOfPage":{"@id":"https:\/\/jagdverband.it\/it\/team-associazione-completato\/"},"wordCount":384,"publisher":{"@id":"https:\/\/jagdverband.it\/it\/#organization"},"articleSection":["comunicazioni_it"],"inLanguage":"it-IT"},{"@type":"WebPage","@id":"https:\/\/jagdverband.it\/it\/team-associazione-completato\/","url":"https:\/\/jagdverband.it\/it\/team-associazione-completato\/","name":"Il team dell'Associazione Cacciatori Alto Adige \u00e8 ora di nuovo al completo - S\u00fcdtiroler Jagdverband","isPartOf":{"@id":"https:\/\/jagdverband.it\/it\/#website"},"datePublished":"2020-01-08T09:44:31+00:00","dateModified":"2020-01-13T11:06:52+00:00","breadcrumb":{"@id":"https:\/\/jagdverband.it\/it\/team-associazione-completato\/#breadcrumb"},"inLanguage":"it-IT","potentialAction":[{"@type":"ReadAction","target":["https:\/\/jagdverband.it\/it\/team-associazione-completato\/"]}]},{"@type":"BreadcrumbList","@id":"https:\/\/jagdverband.it\/it\/team-associazione-completato\/#breadcrumb","itemListElement":[{"@type":"ListItem","position":1,"name":"Home","item":"https:\/\/jagdverband.it\/it\/"},{"@type":"ListItem","position":2,"name":"comunicazioni_it","item":"https:\/\/jagdverband.it\/it\/c\/comunicazioni-it\/"},{"@type":"ListItem","position":3,"name":"Il team dell&#8217;Associazione Cacciatori Alto Adige \u00e8 ora di nuovo al completo"}]},{"@type":"WebSite","@id":"https:\/\/jagdverband.it\/it\/#website","url":"https:\/\/jagdverband.it\/it\/","name":"S\u00fcdtiroler Jagdverband","description":"S\u00fcdtiroler Jagdverband","publisher":{"@id":"https:\/\/jagdverband.it\/it\/#organization"},"potentialAction":[{"@type":"SearchAction","target":{"@type":"EntryPoint","urlTemplate":"https:\/\/jagdverband.it\/it\/?s={search_term_string}"},"query-input":"required name=search_term_string"}],"inLanguage":"it-IT"},{"@type":"Organization","@id":"https:\/\/jagdverband.it\/it\/#organization","name":"S\u00fcdtiroler Jagdverband","url":"https:\/\/jagdverband.it\/it\/","sameAs":[],"logo":{"@type":"ImageObject","inLanguage":"it-IT","@id":"https:\/\/jagdverband.it\/it\/#\/schema\/logo\/image\/","url":"","contentUrl":"","caption":"S\u00fcdtiroler Jagdverband"},"image":{"@id":"https:\/\/jagdverband.it\/it\/#\/schema\/logo\/image\/"}},{"@type":"Person","@id":"https:\/\/jagdverband.it\/it\/#\/schema\/person\/3e030b3a4aa7c391e09cd551afd6dc73","name":"admin","image":{"@type":"ImageObject","inLanguage":"it-IT","@id":"https:\/\/jagdverband.it\/it\/#\/schema\/person\/image\/","url":"https:\/\/secure.gravatar.com\/avatar\/badbf5eaa88657062fdcacb31218cc5c?s=96&d=blank&r=g","contentUrl":"https:\/\/secure.gravatar.com\/avatar\/badbf5eaa88657062fdcacb31218cc5c?s=96&d=blank&r=g","caption":"admin"},"url":"https:\/\/jagdverband.it\/it\/author\/admin\/"}]}},"_links":{"self":[{"href":"https:\/\/jagdverband.it\/it\/wp-json\/wp\/v2\/posts\/58327"}],"collection":[{"href":"https:\/\/jagdverband.it\/it\/wp-json\/wp\/v2\/posts"}],"about":[{"href":"https:\/\/jagdverband.it\/it\/wp-json\/wp\/v2\/types\/post"}],"author":[{"embeddable":true,"href":"https:\/\/jagdverband.it\/it\/wp-json\/wp\/v2\/users\/1"}],"replies":[{"embeddable":true,"href":"https:\/\/jagdverband.it\/it\/wp-json\/wp\/v2\/comments?post=58327"}],"version-history":[{"count":0,"href":"https:\/\/jagdverband.it\/it\/wp-json\/wp\/v2\/posts\/58327\/revisions"}],"wp:featuredmedia":[{"embeddable":true,"href":"https:\/\/jagdverband.it\/it\/wp-json\/wp\/v2\/media\/58046"}],"wp:attachment":[{"href":"https:\/\/jagdverband.it\/it\/wp-json\/wp\/v2\/media?parent=58327"}],"wp:term":[{"taxonomy":"category","embeddable":true,"href":"https:\/\/jagdverband.it\/it\/wp-json\/wp\/v2\/categories?post=58327"},{"taxonomy":"post_tag","embeddable":true,"href":"https:\/\/jagdverband.it\/it\/wp-json\/wp\/v2\/tags?post=58327"}],"curies":[{"name":"wp","href":"https:\/\/api.w.org\/{rel}","templated":true}]}}