{"id":58149,"date":"2019-05-01T11:47:00","date_gmt":"2019-05-01T09:47:00","guid":{"rendered":"https:\/\/jagdverband.it\/so-kam-die-stockente-zu-ihrem-namen-copy\/"},"modified":"2022-03-09T19:03:34","modified_gmt":"2022-03-09T18:03:34","slug":"cosi-il-germano-reale-ha-acquisito-suo-nome-tedesco","status":"publish","type":"post","link":"https:\/\/jagdverband.it\/it\/cosi-il-germano-reale-ha-acquisito-suo-nome-tedesco\/","title":{"rendered":"Cos\u00ec il germano reale ha acquisito il suo nome tedesco"},"content":{"rendered":"<p>[et_pb_section fb_built=&#8221;1&#8243; specialty=&#8221;on&#8221; _builder_version=&#8221;3.22&#8243; saved_tabs=&#8221;all&#8221; global_colors_info=&#8221;{}&#8221;][et_pb_column type=&#8221;3_4&#8243; specialty_columns=&#8221;3&#8243; _builder_version=&#8221;3.25&#8243; custom_padding=&#8221;|||&#8221; global_colors_info=&#8221;{}&#8221; parallax__hover=&#8221;off&#8221; parallax_method__hover=&#8221;on&#8221; custom_padding__hover=&#8221;|||&#8221;][et_pb_row_inner _builder_version=&#8221;3.25&#8243; custom_padding=&#8221;18px|0px|0|0px|false|false&#8221; global_colors_info=&#8221;{}&#8221;][et_pb_column_inner saved_specialty_column_type=&#8221;3_4&#8243; _builder_version=&#8221;3.25&#8243; custom_padding=&#8221;|||&#8221; global_colors_info=&#8221;{}&#8221; parallax__hover=&#8221;off&#8221; parallax_method__hover=&#8221;on&#8221; custom_padding__hover=&#8221;|||&#8221;][et_pb_text _builder_version=&#8221;4.0.9&#8243; global_colors_info=&#8221;{}&#8221;]<\/p>\n<h1>Cos\u00ec il germano reale ha acquisito il suo nome tedesco<\/h1>\n<p>I germani reali sono estremamente adattabili. Lo si vede anche dalla scelta dei loro luoghi di cova che di solito si trovano ben nascosti nella vegetazione riparia, talora anche lontani dall\u2019acqua, ad esempio su ceppaie, in cavit\u00e0 degli alberi o in salici capitozzati. La scelta di questi luoghi di cova dovrebbe essere quella che ha dato il nome tedesco alla specie, cio\u00e8 \u201cStockente\u201d (\u201canatra ceppo\u201d). La nostra anatra pi\u00f9 comune, in Alto Adige viene anche chiamata \u201cWaldente\u201d (anatra del bosco) o \u201cM\u00e4rzente\u201d (anatra di marzo), dato che inizia di regola a nidificare verso marzo.<\/p>\n<p>[\/et_pb_text][et_pb_gallery gallery_ids=&#8221;51418,51420,51422,51424,51427&#8243; gallery_orderby=&#8221;rand&#8221; fullwidth=&#8221;on&#8221; _builder_version=&#8221;3.19&#8243; global_colors_info=&#8221;{}&#8221;][\/et_pb_gallery][\/et_pb_column_inner][\/et_pb_row_inner][et_pb_row_inner _builder_version=&#8221;4.14.8&#8243; hover_enabled=&#8221;0&#8243; global_colors_info=&#8221;{}&#8221; sticky_enabled=&#8221;0&#8243;][et_pb_column_inner saved_specialty_column_type=&#8221;3_4&#8243; _builder_version=&#8221;3.25&#8243; custom_padding=&#8221;|||&#8221; global_colors_info=&#8221;{}&#8221; parallax__hover=&#8221;off&#8221; parallax_method__hover=&#8221;on&#8221; custom_padding__hover=&#8221;|||&#8221;][et_pb_divider color=&#8221;rgba(0,0,0,0.1)&#8221; _builder_version=&#8221;3.19&#8243; global_colors_info=&#8221;{}&#8221; theme_builder_area=&#8221;post_content&#8221;][\/et_pb_divider][et_pb_text _builder_version=&#8221;4.0.9&#8243; global_colors_info=&#8221;{}&#8221; theme_builder_area=&#8221;post_content&#8221;]<\/p>\n<h1>Altri argomenti:<\/h1>\n<p>[\/et_pb_text][et_pb_post_slider posts_number=&#8221;50&#8243; include_categories=&#8221;138&#8243; more_text=&#8221;leggi di pi\u00f9&#8221; show_meta=&#8221;off&#8221; image_placement=&#8221;left&#8221; use_bg_overlay=&#8221;off&#8221; show_image_video_mobile=&#8221;on&#8221; _builder_version=&#8221;4.14.8&#8243; _module_preset=&#8221;default&#8221; header_level=&#8221;h3&#8243; header_font_size=&#8221;20px&#8221; background_color=&#8221;#baa877&#8243; auto=&#8221;on&#8221; auto_speed=&#8221;5000&#8243; global_colors_info=&#8221;{}&#8221; theme_builder_area=&#8221;post_content&#8221;][\/et_pb_post_slider][et_pb_divider color=&#8221;rgba(0,0,0,0.1)&#8221; _builder_version=&#8221;3.19&#8243; global_colors_info=&#8221;{}&#8221; theme_builder_area=&#8221;post_content&#8221;][\/et_pb_divider][\/et_pb_column_inner][\/et_pb_row_inner][\/et_pb_column][et_pb_column type=&#8221;1_4&#8243; _builder_version=&#8221;3.25&#8243; custom_padding=&#8221;|||&#8221; global_colors_info=&#8221;{}&#8221; parallax__hover=&#8221;off&#8221; parallax_method__hover=&#8221;on&#8221; custom_padding__hover=&#8221;|||&#8221;][et_pb_sidebar orientation=&#8221;right&#8221; disabled_on=&#8221;off|off|off&#8221; _builder_version=&#8221;3.27.3&#8243; global_colors_info=&#8221;{}&#8221;][\/et_pb_sidebar][\/et_pb_column][\/et_pb_section]<\/p>\n","protected":false},"excerpt":{"rendered":"<p>Il germano reale, a dispetto del suo nome, \u00e8 poco esigente e sa adattarsi bene all&#8217;ambiente, anche per quanto riguarda la scelta del luogo dove nidificare&#8230;<\/p>\n","protected":false},"author":1,"featured_media":58168,"comment_status":"open","ping_status":"open","sticky":false,"template":"","format":"standard","meta":{"_et_pb_use_builder":"on","_et_pb_old_content":"","_et_gb_content_width":""},"categories":[138],"tags":[],"featured_image_src":"https:\/\/jagdverband.it\/wp-content\/uploads\/2019\/05\/Enten4-1.jpg","blog_images":{"medium":"https:\/\/jagdverband.it\/wp-content\/uploads\/2019\/05\/Enten4-1-300x200.jpg","large":"https:\/\/jagdverband.it\/wp-content\/uploads\/2019\/05\/Enten4-1.jpg"},"ams_acf":[],"yoast_head":"<!-- This site is optimized with the Yoast SEO plugin v19.6 - https:\/\/yoast.com\/wordpress\/plugins\/seo\/ -->\n<title>Cos\u00ec il germano reale ha acquisito il suo nome tedesco - S\u00fcdtiroler Jagdverband<\/title>\n<meta name=\"robots\" content=\"index, follow, max-snippet:-1, max-image-preview:large, max-video-preview:-1\" \/>\n<link rel=\"canonical\" href=\"https:\/\/jagdverband.it\/it\/cosi-il-germano-reale-ha-acquisito-suo-nome-tedesco\/\" \/>\n<meta property=\"og:locale\" content=\"it_IT\" \/>\n<meta property=\"og:type\" content=\"article\" \/>\n<meta property=\"og:title\" content=\"Cos\u00ec il germano reale ha acquisito il suo nome tedesco - S\u00fcdtiroler Jagdverband\" \/>\n<meta property=\"og:description\" content=\"Il germano reale, a dispetto del suo nome, \u00e8 poco esigente e sa adattarsi bene all&#039;ambiente, anche per quanto riguarda la scelta del luogo dove nidificare...\" \/>\n<meta property=\"og:url\" content=\"https:\/\/jagdverband.it\/it\/cosi-il-germano-reale-ha-acquisito-suo-nome-tedesco\/\" \/>\n<meta property=\"og:site_name\" content=\"S\u00fcdtiroler Jagdverband\" \/>\n<meta property=\"article:published_time\" content=\"2019-05-01T09:47:00+00:00\" \/>\n<meta property=\"article:modified_time\" content=\"2022-03-09T18:03:34+00:00\" \/>\n<meta property=\"og:image\" content=\"https:\/\/jagdverband.it\/wp-content\/uploads\/2019\/05\/Enten4-1.jpg\" \/>\n\t<meta property=\"og:image:width\" content=\"640\" \/>\n\t<meta property=\"og:image:height\" content=\"426\" \/>\n\t<meta property=\"og:image:type\" content=\"image\/jpeg\" \/>\n<meta name=\"author\" content=\"admin\" \/>\n<meta name=\"twitter:card\" content=\"summary\" \/>\n<meta name=\"twitter:label1\" content=\"Scritto da\" \/>\n\t<meta name=\"twitter:data1\" content=\"admin\" \/>\n\t<meta name=\"twitter:label2\" content=\"Tempo di lettura stimato\" \/>\n\t<meta name=\"twitter:data2\" content=\"2 minuti\" \/>\n<script type=\"application\/ld+json\" class=\"yoast-schema-graph\">{\"@context\":\"https:\/\/schema.org\",\"@graph\":[{\"@type\":\"Article\",\"@id\":\"https:\/\/jagdverband.it\/it\/cosi-il-germano-reale-ha-acquisito-suo-nome-tedesco\/#article\",\"isPartOf\":{\"@id\":\"https:\/\/jagdverband.it\/it\/cosi-il-germano-reale-ha-acquisito-suo-nome-tedesco\/\"},\"author\":{\"name\":\"admin\",\"@id\":\"https:\/\/jagdverband.it\/it\/#\/schema\/person\/3e030b3a4aa7c391e09cd551afd6dc73\"},\"headline\":\"Cos\u00ec il germano reale ha acquisito il suo nome tedesco\",\"datePublished\":\"2019-05-01T09:47:00+00:00\",\"dateModified\":\"2022-03-09T18:03:34+00:00\",\"mainEntityOfPage\":{\"@id\":\"https:\/\/jagdverband.it\/it\/cosi-il-germano-reale-ha-acquisito-suo-nome-tedesco\/\"},\"wordCount\":439,\"commentCount\":0,\"publisher\":{\"@id\":\"https:\/\/jagdverband.it\/it\/#organization\"},\"articleSection\":[\"Lo sapevate che ...\"],\"inLanguage\":\"it-IT\",\"potentialAction\":[{\"@type\":\"CommentAction\",\"name\":\"Comment\",\"target\":[\"https:\/\/jagdverband.it\/it\/cosi-il-germano-reale-ha-acquisito-suo-nome-tedesco\/#respond\"]}]},{\"@type\":\"WebPage\",\"@id\":\"https:\/\/jagdverband.it\/it\/cosi-il-germano-reale-ha-acquisito-suo-nome-tedesco\/\",\"url\":\"https:\/\/jagdverband.it\/it\/cosi-il-germano-reale-ha-acquisito-suo-nome-tedesco\/\",\"name\":\"Cos\u00ec il germano reale ha acquisito il suo nome tedesco - S\u00fcdtiroler Jagdverband\",\"isPartOf\":{\"@id\":\"https:\/\/jagdverband.it\/it\/#website\"},\"datePublished\":\"2019-05-01T09:47:00+00:00\",\"dateModified\":\"2022-03-09T18:03:34+00:00\",\"breadcrumb\":{\"@id\":\"https:\/\/jagdverband.it\/it\/cosi-il-germano-reale-ha-acquisito-suo-nome-tedesco\/#breadcrumb\"},\"inLanguage\":\"it-IT\",\"potentialAction\":[{\"@type\":\"ReadAction\",\"target\":[\"https:\/\/jagdverband.it\/it\/cosi-il-germano-reale-ha-acquisito-suo-nome-tedesco\/\"]}]},{\"@type\":\"BreadcrumbList\",\"@id\":\"https:\/\/jagdverband.it\/it\/cosi-il-germano-reale-ha-acquisito-suo-nome-tedesco\/#breadcrumb\",\"itemListElement\":[{\"@type\":\"ListItem\",\"position\":1,\"name\":\"Home\",\"item\":\"https:\/\/jagdverband.it\/it\/\"},{\"@type\":\"ListItem\",\"position\":2,\"name\":\"Lo sapevate che ...\",\"item\":\"https:\/\/jagdverband.it\/it\/c\/lo-sapevate-che\/\"},{\"@type\":\"ListItem\",\"position\":3,\"name\":\"Cos\u00ec il germano reale ha acquisito il suo nome tedesco\"}]},{\"@type\":\"WebSite\",\"@id\":\"https:\/\/jagdverband.it\/it\/#website\",\"url\":\"https:\/\/jagdverband.it\/it\/\",\"name\":\"S\u00fcdtiroler Jagdverband\",\"description\":\"S\u00fcdtiroler Jagdverband\",\"publisher\":{\"@id\":\"https:\/\/jagdverband.it\/it\/#organization\"},\"potentialAction\":[{\"@type\":\"SearchAction\",\"target\":{\"@type\":\"EntryPoint\",\"urlTemplate\":\"https:\/\/jagdverband.it\/it\/?s={search_term_string}\"},\"query-input\":\"required name=search_term_string\"}],\"inLanguage\":\"it-IT\"},{\"@type\":\"Organization\",\"@id\":\"https:\/\/jagdverband.it\/it\/#organization\",\"name\":\"S\u00fcdtiroler Jagdverband\",\"url\":\"https:\/\/jagdverband.it\/it\/\",\"sameAs\":[],\"logo\":{\"@type\":\"ImageObject\",\"inLanguage\":\"it-IT\",\"@id\":\"https:\/\/jagdverband.it\/it\/#\/schema\/logo\/image\/\",\"url\":\"\",\"contentUrl\":\"\",\"caption\":\"S\u00fcdtiroler Jagdverband\"},\"image\":{\"@id\":\"https:\/\/jagdverband.it\/it\/#\/schema\/logo\/image\/\"}},{\"@type\":\"Person\",\"@id\":\"https:\/\/jagdverband.it\/it\/#\/schema\/person\/3e030b3a4aa7c391e09cd551afd6dc73\",\"name\":\"admin\",\"image\":{\"@type\":\"ImageObject\",\"inLanguage\":\"it-IT\",\"@id\":\"https:\/\/jagdverband.it\/it\/#\/schema\/person\/image\/\",\"url\":\"https:\/\/secure.gravatar.com\/avatar\/badbf5eaa88657062fdcacb31218cc5c?s=96&d=blank&r=g\",\"contentUrl\":\"https:\/\/secure.gravatar.com\/avatar\/badbf5eaa88657062fdcacb31218cc5c?s=96&d=blank&r=g\",\"caption\":\"admin\"},\"url\":\"https:\/\/jagdverband.it\/it\/author\/admin\/\"}]}<\/script>\n<!-- \/ Yoast SEO plugin. -->","yoast_head_json":{"title":"Cos\u00ec il germano reale ha acquisito il suo nome tedesco - S\u00fcdtiroler Jagdverband","robots":{"index":"index","follow":"follow","max-snippet":"max-snippet:-1","max-image-preview":"max-image-preview:large","max-video-preview":"max-video-preview:-1"},"canonical":"https:\/\/jagdverband.it\/it\/cosi-il-germano-reale-ha-acquisito-suo-nome-tedesco\/","og_locale":"it_IT","og_type":"article","og_title":"Cos\u00ec il germano reale ha acquisito il suo nome tedesco - S\u00fcdtiroler Jagdverband","og_description":"Il germano reale, a dispetto del suo nome, \u00e8 poco esigente e sa adattarsi bene all'ambiente, anche per quanto riguarda la scelta del luogo dove nidificare...","og_url":"https:\/\/jagdverband.it\/it\/cosi-il-germano-reale-ha-acquisito-suo-nome-tedesco\/","og_site_name":"S\u00fcdtiroler Jagdverband","article_published_time":"2019-05-01T09:47:00+00:00","article_modified_time":"2022-03-09T18:03:34+00:00","og_image":[{"width":640,"height":426,"url":"https:\/\/jagdverband.it\/wp-content\/uploads\/2019\/05\/Enten4-1.jpg","type":"image\/jpeg"}],"author":"admin","twitter_card":"summary","twitter_misc":{"Scritto da":"admin","Tempo di lettura stimato":"2 minuti"},"schema":{"@context":"https:\/\/schema.org","@graph":[{"@type":"Article","@id":"https:\/\/jagdverband.it\/it\/cosi-il-germano-reale-ha-acquisito-suo-nome-tedesco\/#article","isPartOf":{"@id":"https:\/\/jagdverband.it\/it\/cosi-il-germano-reale-ha-acquisito-suo-nome-tedesco\/"},"author":{"name":"admin","@id":"https:\/\/jagdverband.it\/it\/#\/schema\/person\/3e030b3a4aa7c391e09cd551afd6dc73"},"headline":"Cos\u00ec il germano reale ha acquisito il suo nome tedesco","datePublished":"2019-05-01T09:47:00+00:00","dateModified":"2022-03-09T18:03:34+00:00","mainEntityOfPage":{"@id":"https:\/\/jagdverband.it\/it\/cosi-il-germano-reale-ha-acquisito-suo-nome-tedesco\/"},"wordCount":439,"commentCount":0,"publisher":{"@id":"https:\/\/jagdverband.it\/it\/#organization"},"articleSection":["Lo sapevate che ..."],"inLanguage":"it-IT","potentialAction":[{"@type":"CommentAction","name":"Comment","target":["https:\/\/jagdverband.it\/it\/cosi-il-germano-reale-ha-acquisito-suo-nome-tedesco\/#respond"]}]},{"@type":"WebPage","@id":"https:\/\/jagdverband.it\/it\/cosi-il-germano-reale-ha-acquisito-suo-nome-tedesco\/","url":"https:\/\/jagdverband.it\/it\/cosi-il-germano-reale-ha-acquisito-suo-nome-tedesco\/","name":"Cos\u00ec il germano reale ha acquisito il suo nome tedesco - S\u00fcdtiroler Jagdverband","isPartOf":{"@id":"https:\/\/jagdverband.it\/it\/#website"},"datePublished":"2019-05-01T09:47:00+00:00","dateModified":"2022-03-09T18:03:34+00:00","breadcrumb":{"@id":"https:\/\/jagdverband.it\/it\/cosi-il-germano-reale-ha-acquisito-suo-nome-tedesco\/#breadcrumb"},"inLanguage":"it-IT","potentialAction":[{"@type":"ReadAction","target":["https:\/\/jagdverband.it\/it\/cosi-il-germano-reale-ha-acquisito-suo-nome-tedesco\/"]}]},{"@type":"BreadcrumbList","@id":"https:\/\/jagdverband.it\/it\/cosi-il-germano-reale-ha-acquisito-suo-nome-tedesco\/#breadcrumb","itemListElement":[{"@type":"ListItem","position":1,"name":"Home","item":"https:\/\/jagdverband.it\/it\/"},{"@type":"ListItem","position":2,"name":"Lo sapevate che ...","item":"https:\/\/jagdverband.it\/it\/c\/lo-sapevate-che\/"},{"@type":"ListItem","position":3,"name":"Cos\u00ec il germano reale ha acquisito il suo nome tedesco"}]},{"@type":"WebSite","@id":"https:\/\/jagdverband.it\/it\/#website","url":"https:\/\/jagdverband.it\/it\/","name":"S\u00fcdtiroler Jagdverband","description":"S\u00fcdtiroler Jagdverband","publisher":{"@id":"https:\/\/jagdverband.it\/it\/#organization"},"potentialAction":[{"@type":"SearchAction","target":{"@type":"EntryPoint","urlTemplate":"https:\/\/jagdverband.it\/it\/?s={search_term_string}"},"query-input":"required name=search_term_string"}],"inLanguage":"it-IT"},{"@type":"Organization","@id":"https:\/\/jagdverband.it\/it\/#organization","name":"S\u00fcdtiroler Jagdverband","url":"https:\/\/jagdverband.it\/it\/","sameAs":[],"logo":{"@type":"ImageObject","inLanguage":"it-IT","@id":"https:\/\/jagdverband.it\/it\/#\/schema\/logo\/image\/","url":"","contentUrl":"","caption":"S\u00fcdtiroler Jagdverband"},"image":{"@id":"https:\/\/jagdverband.it\/it\/#\/schema\/logo\/image\/"}},{"@type":"Person","@id":"https:\/\/jagdverband.it\/it\/#\/schema\/person\/3e030b3a4aa7c391e09cd551afd6dc73","name":"admin","image":{"@type":"ImageObject","inLanguage":"it-IT","@id":"https:\/\/jagdverband.it\/it\/#\/schema\/person\/image\/","url":"https:\/\/secure.gravatar.com\/avatar\/badbf5eaa88657062fdcacb31218cc5c?s=96&d=blank&r=g","contentUrl":"https:\/\/secure.gravatar.com\/avatar\/badbf5eaa88657062fdcacb31218cc5c?s=96&d=blank&r=g","caption":"admin"},"url":"https:\/\/jagdverband.it\/it\/author\/admin\/"}]}},"_links":{"self":[{"href":"https:\/\/jagdverband.it\/it\/wp-json\/wp\/v2\/posts\/58149"}],"collection":[{"href":"https:\/\/jagdverband.it\/it\/wp-json\/wp\/v2\/posts"}],"about":[{"href":"https:\/\/jagdverband.it\/it\/wp-json\/wp\/v2\/types\/post"}],"author":[{"embeddable":true,"href":"https:\/\/jagdverband.it\/it\/wp-json\/wp\/v2\/users\/1"}],"replies":[{"embeddable":true,"href":"https:\/\/jagdverband.it\/it\/wp-json\/wp\/v2\/comments?post=58149"}],"version-history":[{"count":0,"href":"https:\/\/jagdverband.it\/it\/wp-json\/wp\/v2\/posts\/58149\/revisions"}],"wp:featuredmedia":[{"embeddable":true,"href":"https:\/\/jagdverband.it\/it\/wp-json\/wp\/v2\/media\/58168"}],"wp:attachment":[{"href":"https:\/\/jagdverband.it\/it\/wp-json\/wp\/v2\/media?parent=58149"}],"wp:term":[{"taxonomy":"category","embeddable":true,"href":"https:\/\/jagdverband.it\/it\/wp-json\/wp\/v2\/categories?post=58149"},{"taxonomy":"post_tag","embeddable":true,"href":"https:\/\/jagdverband.it\/it\/wp-json\/wp\/v2\/tags?post=58149"}],"curies":[{"name":"wp","href":"https:\/\/api.w.org\/{rel}","templated":true}]}}