{"id":58137,"date":"2019-05-01T11:20:30","date_gmt":"2019-05-01T09:20:30","guid":{"rendered":"https:\/\/jagdverband.it\/schwanz-abwerfen-bei-gefahr-copy\/"},"modified":"2022-03-09T19:09:12","modified_gmt":"2022-03-09T18:09:12","slug":"in-caso-di-pericolo-stacca-la-coda","status":"publish","type":"post","link":"https:\/\/jagdverband.it\/it\/in-caso-di-pericolo-stacca-la-coda\/","title":{"rendered":"In caso di pericolo \u2026 stacca la coda"},"content":{"rendered":"<p>[et_pb_section fb_built=&#8221;1&#8243; specialty=&#8221;on&#8221; _builder_version=&#8221;3.22&#8243; saved_tabs=&#8221;all&#8221; global_colors_info=&#8221;{}&#8221;][et_pb_column type=&#8221;3_4&#8243; specialty_columns=&#8221;3&#8243; _builder_version=&#8221;3.25&#8243; custom_padding=&#8221;|||&#8221; global_colors_info=&#8221;{}&#8221; parallax__hover=&#8221;off&#8221; parallax_method__hover=&#8221;on&#8221; custom_padding__hover=&#8221;|||&#8221;][et_pb_row_inner column_structure=&#8221;1_2,1_2&#8243; _builder_version=&#8221;3.25&#8243; custom_padding=&#8221;18px|0px|0|0px|false|false&#8221; global_colors_info=&#8221;{}&#8221;][et_pb_column_inner type=&#8221;1_2&#8243; saved_specialty_column_type=&#8221;3_4&#8243; _builder_version=&#8221;3.25&#8243; custom_padding=&#8221;|||&#8221; global_colors_info=&#8221;{}&#8221; parallax__hover=&#8221;off&#8221; parallax_method__hover=&#8221;on&#8221; custom_padding__hover=&#8221;|||&#8221;][et_pb_image src=&#8221;https:\/\/jagdverband.it\/wp-content\/uploads\/2019\/05\/siebenschlaefer1-1.jpg&#8221; show_in_lightbox=&#8221;on&#8221; _builder_version=&#8221;3.27.3&#8243; global_colors_info=&#8221;{}&#8221;][\/et_pb_image][et_pb_gallery gallery_ids=&#8221;51391,51393,51395,51397&#8243; fullwidth=&#8221;on&#8221; _builder_version=&#8221;3.19&#8243; global_colors_info=&#8221;{}&#8221;][\/et_pb_gallery][\/et_pb_column_inner][et_pb_column_inner type=&#8221;1_2&#8243; saved_specialty_column_type=&#8221;3_4&#8243; _builder_version=&#8221;3.25&#8243; custom_padding=&#8221;|||&#8221; global_colors_info=&#8221;{}&#8221; parallax__hover=&#8221;off&#8221; parallax_method__hover=&#8221;on&#8221; custom_padding__hover=&#8221;|||&#8221;][et_pb_text _builder_version=&#8221;4.0.9&#8243; global_colors_info=&#8221;{}&#8221;]<\/p>\n<h1>In caso di pericolo \u2026 stacca la coda<\/h1>\n<p>Se un ghiro viene inseguito, si arrampica lungo il tronco verso la chioma dell\u2019albero. Tra i suoi principali nemici si annoverano soprattutto la martora e i rapaci notturni. Il moscardino e il quercino vengono predati anche da volpi, gatti e donnole. Per sfuggire ai predatori, i gliridi hanno sviluppato un particolare adattamento. La loro coda presenta infatti un punto di pre-frattura. Se un predatore riesce ad afferrare la punta della coda di un gliride e ne lacera la pelle, questa si staccher\u00e0 con facilit\u00e0 e il gliride potr\u00e0 riuscire a mettersi in salvo. Rimarr\u00e0 visibile solo una delle vertebre caudali, priva di pelo, che con il tempo si asciugher\u00e0 e cadr\u00e0. Dopo qualche settimana non rimarr\u00e0 traccia dell\u2019amputazione, ad eccezione della lunghezza della coda inferiore a prima, dato che, contrariamente alle lucertole, la coda spezzata dei gliridi non si riforma.<\/p>\n<p>[\/et_pb_text][\/et_pb_column_inner][\/et_pb_row_inner][et_pb_row_inner _builder_version=&#8221;4.14.8&#8243; global_colors_info=&#8221;{}&#8221;][et_pb_column_inner saved_specialty_column_type=&#8221;3_4&#8243; _builder_version=&#8221;3.25&#8243; custom_padding=&#8221;|||&#8221; global_colors_info=&#8221;{}&#8221; parallax__hover=&#8221;off&#8221; parallax_method__hover=&#8221;on&#8221; custom_padding__hover=&#8221;|||&#8221;][et_pb_divider color=&#8221;rgba(0,0,0,0.1)&#8221; _builder_version=&#8221;3.19&#8243; global_colors_info=&#8221;{}&#8221;][\/et_pb_divider][et_pb_text _builder_version=&#8221;4.0.9&#8243; global_colors_info=&#8221;{}&#8221;]<\/p>\n<h1>Altri argomenti:<\/h1>\n<p>[\/et_pb_text][et_pb_post_slider posts_number=&#8221;50&#8243; include_categories=&#8221;138&#8243; more_text=&#8221;leggi di pi\u00f9&#8221; show_meta=&#8221;off&#8221; image_placement=&#8221;left&#8221; use_bg_overlay=&#8221;off&#8221; show_image_video_mobile=&#8221;on&#8221; _builder_version=&#8221;4.14.8&#8243; _module_preset=&#8221;default&#8221; header_level=&#8221;h3&#8243; header_font_size=&#8221;20px&#8221; background_color=&#8221;#baa877&#8243; auto=&#8221;on&#8221; auto_speed=&#8221;5000&#8243; global_colors_info=&#8221;{}&#8221;][\/et_pb_post_slider][et_pb_divider color=&#8221;rgba(0,0,0,0.1)&#8221; _builder_version=&#8221;3.19&#8243; global_colors_info=&#8221;{}&#8221;][\/et_pb_divider][\/et_pb_column_inner][\/et_pb_row_inner][\/et_pb_column][et_pb_column type=&#8221;1_4&#8243; _builder_version=&#8221;3.25&#8243; custom_padding=&#8221;|||&#8221; global_colors_info=&#8221;{}&#8221; parallax__hover=&#8221;off&#8221; parallax_method__hover=&#8221;on&#8221; custom_padding__hover=&#8221;|||&#8221;][et_pb_sidebar orientation=&#8221;right&#8221; _builder_version=&#8221;3.27.3&#8243; global_colors_info=&#8221;{}&#8221;][\/et_pb_sidebar][\/et_pb_column][\/et_pb_section]<\/p>\n","protected":false},"excerpt":{"rendered":"<p>Un trucchetto dei gliridi che lascia spesso a bocca asciutta i malintenzionati&#8230; <\/p>\n","protected":false},"author":1,"featured_media":58174,"comment_status":"open","ping_status":"open","sticky":false,"template":"","format":"standard","meta":{"_et_pb_use_builder":"on","_et_pb_old_content":"","_et_gb_content_width":""},"categories":[138],"tags":[],"featured_image_src":"https:\/\/jagdverband.it\/wp-content\/uploads\/2019\/05\/siebenschlaefer1-1.jpg","blog_images":{"medium":"https:\/\/jagdverband.it\/wp-content\/uploads\/2019\/05\/siebenschlaefer1-1-300x200.jpg","large":"https:\/\/jagdverband.it\/wp-content\/uploads\/2019\/05\/siebenschlaefer1-1.jpg"},"ams_acf":[],"yoast_head":"<!-- This site is optimized with the Yoast SEO plugin v19.6 - https:\/\/yoast.com\/wordpress\/plugins\/seo\/ -->\n<title>In caso di pericolo \u2026 stacca la coda - S\u00fcdtiroler Jagdverband<\/title>\n<meta name=\"robots\" content=\"index, follow, max-snippet:-1, max-image-preview:large, max-video-preview:-1\" \/>\n<link rel=\"canonical\" href=\"https:\/\/jagdverband.it\/it\/in-caso-di-pericolo-stacca-la-coda\/\" \/>\n<meta property=\"og:locale\" content=\"it_IT\" \/>\n<meta property=\"og:type\" content=\"article\" \/>\n<meta property=\"og:title\" content=\"In caso di pericolo \u2026 stacca la coda - S\u00fcdtiroler Jagdverband\" \/>\n<meta property=\"og:description\" content=\"Un trucchetto dei gliridi che lascia spesso a bocca asciutta i malintenzionati...\" \/>\n<meta property=\"og:url\" content=\"https:\/\/jagdverband.it\/it\/in-caso-di-pericolo-stacca-la-coda\/\" \/>\n<meta property=\"og:site_name\" content=\"S\u00fcdtiroler Jagdverband\" \/>\n<meta property=\"article:published_time\" content=\"2019-05-01T09:20:30+00:00\" \/>\n<meta property=\"article:modified_time\" content=\"2022-03-09T18:09:12+00:00\" \/>\n<meta property=\"og:image\" content=\"https:\/\/jagdverband.it\/wp-content\/uploads\/2019\/05\/siebenschlaefer1-1.jpg\" \/>\n\t<meta property=\"og:image:width\" content=\"640\" \/>\n\t<meta property=\"og:image:height\" content=\"426\" \/>\n\t<meta property=\"og:image:type\" content=\"image\/jpeg\" \/>\n<meta name=\"author\" content=\"admin\" \/>\n<meta name=\"twitter:card\" content=\"summary\" \/>\n<meta name=\"twitter:label1\" content=\"Scritto da\" \/>\n\t<meta name=\"twitter:data1\" content=\"admin\" \/>\n\t<meta name=\"twitter:label2\" content=\"Tempo di lettura stimato\" \/>\n\t<meta name=\"twitter:data2\" content=\"2 minuti\" \/>\n<script type=\"application\/ld+json\" class=\"yoast-schema-graph\">{\"@context\":\"https:\/\/schema.org\",\"@graph\":[{\"@type\":\"Article\",\"@id\":\"https:\/\/jagdverband.it\/it\/in-caso-di-pericolo-stacca-la-coda\/#article\",\"isPartOf\":{\"@id\":\"https:\/\/jagdverband.it\/it\/in-caso-di-pericolo-stacca-la-coda\/\"},\"author\":{\"name\":\"admin\",\"@id\":\"https:\/\/jagdverband.it\/it\/#\/schema\/person\/3e030b3a4aa7c391e09cd551afd6dc73\"},\"headline\":\"In caso di pericolo \u2026 stacca la coda\",\"datePublished\":\"2019-05-01T09:20:30+00:00\",\"dateModified\":\"2022-03-09T18:09:12+00:00\",\"mainEntityOfPage\":{\"@id\":\"https:\/\/jagdverband.it\/it\/in-caso-di-pericolo-stacca-la-coda\/\"},\"wordCount\":504,\"commentCount\":0,\"publisher\":{\"@id\":\"https:\/\/jagdverband.it\/it\/#organization\"},\"articleSection\":[\"Lo sapevate che ...\"],\"inLanguage\":\"it-IT\",\"potentialAction\":[{\"@type\":\"CommentAction\",\"name\":\"Comment\",\"target\":[\"https:\/\/jagdverband.it\/it\/in-caso-di-pericolo-stacca-la-coda\/#respond\"]}]},{\"@type\":\"WebPage\",\"@id\":\"https:\/\/jagdverband.it\/it\/in-caso-di-pericolo-stacca-la-coda\/\",\"url\":\"https:\/\/jagdverband.it\/it\/in-caso-di-pericolo-stacca-la-coda\/\",\"name\":\"In caso di pericolo \u2026 stacca la coda - S\u00fcdtiroler Jagdverband\",\"isPartOf\":{\"@id\":\"https:\/\/jagdverband.it\/it\/#website\"},\"datePublished\":\"2019-05-01T09:20:30+00:00\",\"dateModified\":\"2022-03-09T18:09:12+00:00\",\"breadcrumb\":{\"@id\":\"https:\/\/jagdverband.it\/it\/in-caso-di-pericolo-stacca-la-coda\/#breadcrumb\"},\"inLanguage\":\"it-IT\",\"potentialAction\":[{\"@type\":\"ReadAction\",\"target\":[\"https:\/\/jagdverband.it\/it\/in-caso-di-pericolo-stacca-la-coda\/\"]}]},{\"@type\":\"BreadcrumbList\",\"@id\":\"https:\/\/jagdverband.it\/it\/in-caso-di-pericolo-stacca-la-coda\/#breadcrumb\",\"itemListElement\":[{\"@type\":\"ListItem\",\"position\":1,\"name\":\"Home\",\"item\":\"https:\/\/jagdverband.it\/it\/\"},{\"@type\":\"ListItem\",\"position\":2,\"name\":\"Lo sapevate che ...\",\"item\":\"https:\/\/jagdverband.it\/it\/c\/lo-sapevate-che\/\"},{\"@type\":\"ListItem\",\"position\":3,\"name\":\"In caso di pericolo \u2026 stacca la coda\"}]},{\"@type\":\"WebSite\",\"@id\":\"https:\/\/jagdverband.it\/it\/#website\",\"url\":\"https:\/\/jagdverband.it\/it\/\",\"name\":\"S\u00fcdtiroler Jagdverband\",\"description\":\"S\u00fcdtiroler Jagdverband\",\"publisher\":{\"@id\":\"https:\/\/jagdverband.it\/it\/#organization\"},\"potentialAction\":[{\"@type\":\"SearchAction\",\"target\":{\"@type\":\"EntryPoint\",\"urlTemplate\":\"https:\/\/jagdverband.it\/it\/?s={search_term_string}\"},\"query-input\":\"required name=search_term_string\"}],\"inLanguage\":\"it-IT\"},{\"@type\":\"Organization\",\"@id\":\"https:\/\/jagdverband.it\/it\/#organization\",\"name\":\"S\u00fcdtiroler Jagdverband\",\"url\":\"https:\/\/jagdverband.it\/it\/\",\"sameAs\":[],\"logo\":{\"@type\":\"ImageObject\",\"inLanguage\":\"it-IT\",\"@id\":\"https:\/\/jagdverband.it\/it\/#\/schema\/logo\/image\/\",\"url\":\"\",\"contentUrl\":\"\",\"caption\":\"S\u00fcdtiroler Jagdverband\"},\"image\":{\"@id\":\"https:\/\/jagdverband.it\/it\/#\/schema\/logo\/image\/\"}},{\"@type\":\"Person\",\"@id\":\"https:\/\/jagdverband.it\/it\/#\/schema\/person\/3e030b3a4aa7c391e09cd551afd6dc73\",\"name\":\"admin\",\"image\":{\"@type\":\"ImageObject\",\"inLanguage\":\"it-IT\",\"@id\":\"https:\/\/jagdverband.it\/it\/#\/schema\/person\/image\/\",\"url\":\"https:\/\/secure.gravatar.com\/avatar\/badbf5eaa88657062fdcacb31218cc5c?s=96&d=blank&r=g\",\"contentUrl\":\"https:\/\/secure.gravatar.com\/avatar\/badbf5eaa88657062fdcacb31218cc5c?s=96&d=blank&r=g\",\"caption\":\"admin\"},\"url\":\"https:\/\/jagdverband.it\/it\/author\/admin\/\"}]}<\/script>\n<!-- \/ Yoast SEO plugin. -->","yoast_head_json":{"title":"In caso di pericolo \u2026 stacca la coda - S\u00fcdtiroler Jagdverband","robots":{"index":"index","follow":"follow","max-snippet":"max-snippet:-1","max-image-preview":"max-image-preview:large","max-video-preview":"max-video-preview:-1"},"canonical":"https:\/\/jagdverband.it\/it\/in-caso-di-pericolo-stacca-la-coda\/","og_locale":"it_IT","og_type":"article","og_title":"In caso di pericolo \u2026 stacca la coda - S\u00fcdtiroler Jagdverband","og_description":"Un trucchetto dei gliridi che lascia spesso a bocca asciutta i malintenzionati...","og_url":"https:\/\/jagdverband.it\/it\/in-caso-di-pericolo-stacca-la-coda\/","og_site_name":"S\u00fcdtiroler Jagdverband","article_published_time":"2019-05-01T09:20:30+00:00","article_modified_time":"2022-03-09T18:09:12+00:00","og_image":[{"width":640,"height":426,"url":"https:\/\/jagdverband.it\/wp-content\/uploads\/2019\/05\/siebenschlaefer1-1.jpg","type":"image\/jpeg"}],"author":"admin","twitter_card":"summary","twitter_misc":{"Scritto da":"admin","Tempo di lettura stimato":"2 minuti"},"schema":{"@context":"https:\/\/schema.org","@graph":[{"@type":"Article","@id":"https:\/\/jagdverband.it\/it\/in-caso-di-pericolo-stacca-la-coda\/#article","isPartOf":{"@id":"https:\/\/jagdverband.it\/it\/in-caso-di-pericolo-stacca-la-coda\/"},"author":{"name":"admin","@id":"https:\/\/jagdverband.it\/it\/#\/schema\/person\/3e030b3a4aa7c391e09cd551afd6dc73"},"headline":"In caso di pericolo \u2026 stacca la coda","datePublished":"2019-05-01T09:20:30+00:00","dateModified":"2022-03-09T18:09:12+00:00","mainEntityOfPage":{"@id":"https:\/\/jagdverband.it\/it\/in-caso-di-pericolo-stacca-la-coda\/"},"wordCount":504,"commentCount":0,"publisher":{"@id":"https:\/\/jagdverband.it\/it\/#organization"},"articleSection":["Lo sapevate che ..."],"inLanguage":"it-IT","potentialAction":[{"@type":"CommentAction","name":"Comment","target":["https:\/\/jagdverband.it\/it\/in-caso-di-pericolo-stacca-la-coda\/#respond"]}]},{"@type":"WebPage","@id":"https:\/\/jagdverband.it\/it\/in-caso-di-pericolo-stacca-la-coda\/","url":"https:\/\/jagdverband.it\/it\/in-caso-di-pericolo-stacca-la-coda\/","name":"In caso di pericolo \u2026 stacca la coda - S\u00fcdtiroler Jagdverband","isPartOf":{"@id":"https:\/\/jagdverband.it\/it\/#website"},"datePublished":"2019-05-01T09:20:30+00:00","dateModified":"2022-03-09T18:09:12+00:00","breadcrumb":{"@id":"https:\/\/jagdverband.it\/it\/in-caso-di-pericolo-stacca-la-coda\/#breadcrumb"},"inLanguage":"it-IT","potentialAction":[{"@type":"ReadAction","target":["https:\/\/jagdverband.it\/it\/in-caso-di-pericolo-stacca-la-coda\/"]}]},{"@type":"BreadcrumbList","@id":"https:\/\/jagdverband.it\/it\/in-caso-di-pericolo-stacca-la-coda\/#breadcrumb","itemListElement":[{"@type":"ListItem","position":1,"name":"Home","item":"https:\/\/jagdverband.it\/it\/"},{"@type":"ListItem","position":2,"name":"Lo sapevate che ...","item":"https:\/\/jagdverband.it\/it\/c\/lo-sapevate-che\/"},{"@type":"ListItem","position":3,"name":"In caso di pericolo \u2026 stacca la coda"}]},{"@type":"WebSite","@id":"https:\/\/jagdverband.it\/it\/#website","url":"https:\/\/jagdverband.it\/it\/","name":"S\u00fcdtiroler Jagdverband","description":"S\u00fcdtiroler Jagdverband","publisher":{"@id":"https:\/\/jagdverband.it\/it\/#organization"},"potentialAction":[{"@type":"SearchAction","target":{"@type":"EntryPoint","urlTemplate":"https:\/\/jagdverband.it\/it\/?s={search_term_string}"},"query-input":"required name=search_term_string"}],"inLanguage":"it-IT"},{"@type":"Organization","@id":"https:\/\/jagdverband.it\/it\/#organization","name":"S\u00fcdtiroler Jagdverband","url":"https:\/\/jagdverband.it\/it\/","sameAs":[],"logo":{"@type":"ImageObject","inLanguage":"it-IT","@id":"https:\/\/jagdverband.it\/it\/#\/schema\/logo\/image\/","url":"","contentUrl":"","caption":"S\u00fcdtiroler Jagdverband"},"image":{"@id":"https:\/\/jagdverband.it\/it\/#\/schema\/logo\/image\/"}},{"@type":"Person","@id":"https:\/\/jagdverband.it\/it\/#\/schema\/person\/3e030b3a4aa7c391e09cd551afd6dc73","name":"admin","image":{"@type":"ImageObject","inLanguage":"it-IT","@id":"https:\/\/jagdverband.it\/it\/#\/schema\/person\/image\/","url":"https:\/\/secure.gravatar.com\/avatar\/badbf5eaa88657062fdcacb31218cc5c?s=96&d=blank&r=g","contentUrl":"https:\/\/secure.gravatar.com\/avatar\/badbf5eaa88657062fdcacb31218cc5c?s=96&d=blank&r=g","caption":"admin"},"url":"https:\/\/jagdverband.it\/it\/author\/admin\/"}]}},"_links":{"self":[{"href":"https:\/\/jagdverband.it\/it\/wp-json\/wp\/v2\/posts\/58137"}],"collection":[{"href":"https:\/\/jagdverband.it\/it\/wp-json\/wp\/v2\/posts"}],"about":[{"href":"https:\/\/jagdverband.it\/it\/wp-json\/wp\/v2\/types\/post"}],"author":[{"embeddable":true,"href":"https:\/\/jagdverband.it\/it\/wp-json\/wp\/v2\/users\/1"}],"replies":[{"embeddable":true,"href":"https:\/\/jagdverband.it\/it\/wp-json\/wp\/v2\/comments?post=58137"}],"version-history":[{"count":0,"href":"https:\/\/jagdverband.it\/it\/wp-json\/wp\/v2\/posts\/58137\/revisions"}],"wp:featuredmedia":[{"embeddable":true,"href":"https:\/\/jagdverband.it\/it\/wp-json\/wp\/v2\/media\/58174"}],"wp:attachment":[{"href":"https:\/\/jagdverband.it\/it\/wp-json\/wp\/v2\/media?parent=58137"}],"wp:term":[{"taxonomy":"category","embeddable":true,"href":"https:\/\/jagdverband.it\/it\/wp-json\/wp\/v2\/categories?post=58137"},{"taxonomy":"post_tag","embeddable":true,"href":"https:\/\/jagdverband.it\/it\/wp-json\/wp\/v2\/tags?post=58137"}],"curies":[{"name":"wp","href":"https:\/\/api.w.org\/{rel}","templated":true}]}}