{"id":58123,"date":"2019-05-01T10:58:50","date_gmt":"2019-05-01T08:58:50","guid":{"rendered":"https:\/\/jagdverband.it\/baumeister-und-zimmervermieter-copy\/"},"modified":"2022-03-09T19:14:05","modified_gmt":"2022-03-09T18:14:05","slug":"carpentiere-e-affittacamere","status":"publish","type":"post","link":"https:\/\/jagdverband.it\/it\/carpentiere-e-affittacamere\/","title":{"rendered":"Carpentiere e affittacamere"},"content":{"rendered":"<p>[et_pb_section fb_built=&#8221;1&#8243; specialty=&#8221;on&#8221; _builder_version=&#8221;3.22&#8243; saved_tabs=&#8221;all&#8221; global_colors_info=&#8221;{}&#8221;][et_pb_column type=&#8221;3_4&#8243; specialty_columns=&#8221;3&#8243; _builder_version=&#8221;3.25&#8243; custom_padding=&#8221;|||&#8221; global_colors_info=&#8221;{}&#8221; parallax__hover=&#8221;off&#8221; parallax_method__hover=&#8221;on&#8221; custom_padding__hover=&#8221;|||&#8221;][et_pb_row_inner _builder_version=&#8221;3.25&#8243; custom_padding=&#8221;18px|0px|0|0px|false|false&#8221; global_colors_info=&#8221;{}&#8221;][et_pb_column_inner saved_specialty_column_type=&#8221;3_4&#8243; _builder_version=&#8221;3.25&#8243; custom_padding=&#8221;|||&#8221; global_colors_info=&#8221;{}&#8221; parallax__hover=&#8221;off&#8221; parallax_method__hover=&#8221;on&#8221; custom_padding__hover=&#8221;|||&#8221;][et_pb_text _builder_version=&#8221;4.0.9&#8243; global_colors_info=&#8221;{}&#8221;]<\/p>\n<h1>Carpentiere e affittacamere<\/h1>\n<p>Per lo scavo del nido vengono preferiti tronchi marcescenti o legno morbido. I due sessi si alternano nello scavo, facendo anche lunghe pause. Le schegge di legno vengono man mano buttate all\u2019esterno della cavit\u00e0, tant\u2019\u00e8 che sotto un nido appena scavato il terreno appare chiaro, perch\u00e9 ricoperto di schegge fresche. Dopo un periodo da una a tre settimane, la cavit\u00e0 \u00e8 pronta e pu\u00f2 avere luogo la deposizione. La coppia difende il territorio da conspecifici e si alterna nell\u2019allevamento dei nidiacei. I picchi generalmente scavano pi\u00f9 cavit\u00e0 di quante servano, anche se in realt\u00e0 non costruiscono ogni anno un nuovo nido, ma solo quando il vecchio non \u00e8 pi\u00f9 utilizzabile. Comunque, con la loro intensa attivit\u00e0 consentono a una grande quantit\u00e0 di altre specie, legate alle cavit\u00e0, di colonizzare il bosco.<\/p>\n<p>[\/et_pb_text][et_pb_gallery gallery_ids=&#8221;51346,51354,51365,51367,51369,51371&#8243; gallery_orderby=&#8221;rand&#8221; fullwidth=&#8221;on&#8221; _builder_version=&#8221;3.19&#8243; global_colors_info=&#8221;{}&#8221;][\/et_pb_gallery][\/et_pb_column_inner][\/et_pb_row_inner][et_pb_row_inner _builder_version=&#8221;3.27.1&#8243; global_colors_info=&#8221;{}&#8221;][et_pb_column_inner saved_specialty_column_type=&#8221;3_4&#8243; _builder_version=&#8221;3.27.1&#8243; global_colors_info=&#8221;{}&#8221;][et_pb_image src=&#8221;https:\/\/jagdverband.it\/wp-content\/uploads\/2019\/05\/specht2.jpg&#8221; show_in_lightbox=&#8221;on&#8221; align=&#8221;center&#8221; _builder_version=&#8221;3.27.3&#8243; global_colors_info=&#8221;{}&#8221;][\/et_pb_image][\/et_pb_column_inner][\/et_pb_row_inner][et_pb_row_inner _builder_version=&#8221;4.14.8&#8243; global_colors_info=&#8221;{}&#8221;][et_pb_column_inner saved_specialty_column_type=&#8221;3_4&#8243; _builder_version=&#8221;3.25&#8243; custom_padding=&#8221;|||&#8221; global_colors_info=&#8221;{}&#8221; parallax__hover=&#8221;off&#8221; parallax_method__hover=&#8221;on&#8221; custom_padding__hover=&#8221;|||&#8221;][et_pb_divider color=&#8221;rgba(0,0,0,0.1)&#8221; _builder_version=&#8221;3.19&#8243; global_colors_info=&#8221;{}&#8221;][\/et_pb_divider][et_pb_text _builder_version=&#8221;4.0.9&#8243; global_colors_info=&#8221;{}&#8221;]<\/p>\n<h1>Altri argomenti:<\/h1>\n<p>[\/et_pb_text][et_pb_post_slider posts_number=&#8221;50&#8243; include_categories=&#8221;138&#8243; more_text=&#8221;leggi di pi\u00f9&#8221; show_meta=&#8221;off&#8221; image_placement=&#8221;left&#8221; use_bg_overlay=&#8221;off&#8221; show_image_video_mobile=&#8221;on&#8221; _builder_version=&#8221;4.14.8&#8243; _module_preset=&#8221;default&#8221; header_level=&#8221;h3&#8243; header_font_size=&#8221;20px&#8221; background_color=&#8221;#baa877&#8243; auto=&#8221;on&#8221; auto_speed=&#8221;5000&#8243; global_colors_info=&#8221;{}&#8221;][\/et_pb_post_slider][et_pb_divider color=&#8221;rgba(0,0,0,0.1)&#8221; _builder_version=&#8221;3.19&#8243; global_colors_info=&#8221;{}&#8221;][\/et_pb_divider][\/et_pb_column_inner][\/et_pb_row_inner][\/et_pb_column][et_pb_column type=&#8221;1_4&#8243; _builder_version=&#8221;3.25&#8243; custom_padding=&#8221;|||&#8221; global_colors_info=&#8221;{}&#8221; parallax__hover=&#8221;off&#8221; parallax_method__hover=&#8221;on&#8221; custom_padding__hover=&#8221;|||&#8221;][et_pb_sidebar orientation=&#8221;right&#8221; disabled_on=&#8221;off|off|off&#8221; _builder_version=&#8221;3.27.3&#8243; global_colors_info=&#8221;{}&#8221;][\/et_pb_sidebar][\/et_pb_column][\/et_pb_section]<\/p>\n","protected":false},"excerpt":{"rendered":"<p>Per scavare il loro nido, i picchi lavorano instancabilmente fino a tre settimane. Ad approfittarne poi saranno anche altri abitanti del bosco&#8230;<\/p>\n","protected":false},"author":1,"featured_media":58178,"comment_status":"open","ping_status":"open","sticky":false,"template":"","format":"standard","meta":{"_et_pb_use_builder":"on","_et_pb_old_content":"","_et_gb_content_width":""},"categories":[138],"tags":[],"featured_image_src":"https:\/\/jagdverband.it\/wp-content\/uploads\/2019\/05\/specht-1.jpg","blog_images":{"medium":"https:\/\/jagdverband.it\/wp-content\/uploads\/2019\/05\/specht-1-300x200.jpg","large":"https:\/\/jagdverband.it\/wp-content\/uploads\/2019\/05\/specht-1.jpg"},"ams_acf":[],"yoast_head":"<!-- This site is optimized with the Yoast SEO plugin v19.6 - https:\/\/yoast.com\/wordpress\/plugins\/seo\/ -->\n<title>Carpentiere e affittacamere - S\u00fcdtiroler Jagdverband<\/title>\n<meta name=\"robots\" content=\"index, follow, max-snippet:-1, max-image-preview:large, max-video-preview:-1\" \/>\n<link rel=\"canonical\" href=\"https:\/\/jagdverband.it\/it\/carpentiere-e-affittacamere\/\" \/>\n<meta property=\"og:locale\" content=\"it_IT\" \/>\n<meta property=\"og:type\" content=\"article\" \/>\n<meta property=\"og:title\" content=\"Carpentiere e affittacamere - S\u00fcdtiroler Jagdverband\" \/>\n<meta property=\"og:description\" content=\"Per scavare il loro nido, i picchi lavorano instancabilmente fino a tre settimane. Ad approfittarne poi saranno anche altri abitanti del bosco...\" \/>\n<meta property=\"og:url\" content=\"https:\/\/jagdverband.it\/it\/carpentiere-e-affittacamere\/\" \/>\n<meta property=\"og:site_name\" content=\"S\u00fcdtiroler Jagdverband\" \/>\n<meta property=\"article:published_time\" content=\"2019-05-01T08:58:50+00:00\" \/>\n<meta property=\"article:modified_time\" content=\"2022-03-09T18:14:05+00:00\" \/>\n<meta property=\"og:image\" content=\"https:\/\/jagdverband.it\/wp-content\/uploads\/2019\/05\/specht-1.jpg\" \/>\n\t<meta property=\"og:image:width\" content=\"640\" \/>\n\t<meta property=\"og:image:height\" content=\"426\" \/>\n\t<meta property=\"og:image:type\" content=\"image\/jpeg\" \/>\n<meta name=\"author\" content=\"admin\" \/>\n<meta name=\"twitter:card\" content=\"summary\" \/>\n<meta name=\"twitter:label1\" content=\"Scritto da\" \/>\n\t<meta name=\"twitter:data1\" content=\"admin\" \/>\n\t<meta name=\"twitter:label2\" content=\"Tempo di lettura stimato\" \/>\n\t<meta name=\"twitter:data2\" content=\"2 minuti\" \/>\n<script type=\"application\/ld+json\" class=\"yoast-schema-graph\">{\"@context\":\"https:\/\/schema.org\",\"@graph\":[{\"@type\":\"Article\",\"@id\":\"https:\/\/jagdverband.it\/it\/carpentiere-e-affittacamere\/#article\",\"isPartOf\":{\"@id\":\"https:\/\/jagdverband.it\/it\/carpentiere-e-affittacamere\/\"},\"author\":{\"name\":\"admin\",\"@id\":\"https:\/\/jagdverband.it\/it\/#\/schema\/person\/3e030b3a4aa7c391e09cd551afd6dc73\"},\"headline\":\"Carpentiere e affittacamere\",\"datePublished\":\"2019-05-01T08:58:50+00:00\",\"dateModified\":\"2022-03-09T18:14:05+00:00\",\"mainEntityOfPage\":{\"@id\":\"https:\/\/jagdverband.it\/it\/carpentiere-e-affittacamere\/\"},\"wordCount\":491,\"commentCount\":0,\"publisher\":{\"@id\":\"https:\/\/jagdverband.it\/it\/#organization\"},\"articleSection\":[\"Lo sapevate che ...\"],\"inLanguage\":\"it-IT\",\"potentialAction\":[{\"@type\":\"CommentAction\",\"name\":\"Comment\",\"target\":[\"https:\/\/jagdverband.it\/it\/carpentiere-e-affittacamere\/#respond\"]}]},{\"@type\":\"WebPage\",\"@id\":\"https:\/\/jagdverband.it\/it\/carpentiere-e-affittacamere\/\",\"url\":\"https:\/\/jagdverband.it\/it\/carpentiere-e-affittacamere\/\",\"name\":\"Carpentiere e affittacamere - S\u00fcdtiroler Jagdverband\",\"isPartOf\":{\"@id\":\"https:\/\/jagdverband.it\/it\/#website\"},\"datePublished\":\"2019-05-01T08:58:50+00:00\",\"dateModified\":\"2022-03-09T18:14:05+00:00\",\"breadcrumb\":{\"@id\":\"https:\/\/jagdverband.it\/it\/carpentiere-e-affittacamere\/#breadcrumb\"},\"inLanguage\":\"it-IT\",\"potentialAction\":[{\"@type\":\"ReadAction\",\"target\":[\"https:\/\/jagdverband.it\/it\/carpentiere-e-affittacamere\/\"]}]},{\"@type\":\"BreadcrumbList\",\"@id\":\"https:\/\/jagdverband.it\/it\/carpentiere-e-affittacamere\/#breadcrumb\",\"itemListElement\":[{\"@type\":\"ListItem\",\"position\":1,\"name\":\"Home\",\"item\":\"https:\/\/jagdverband.it\/it\/\"},{\"@type\":\"ListItem\",\"position\":2,\"name\":\"Lo sapevate che ...\",\"item\":\"https:\/\/jagdverband.it\/it\/c\/lo-sapevate-che\/\"},{\"@type\":\"ListItem\",\"position\":3,\"name\":\"Carpentiere e affittacamere\"}]},{\"@type\":\"WebSite\",\"@id\":\"https:\/\/jagdverband.it\/it\/#website\",\"url\":\"https:\/\/jagdverband.it\/it\/\",\"name\":\"S\u00fcdtiroler Jagdverband\",\"description\":\"S\u00fcdtiroler Jagdverband\",\"publisher\":{\"@id\":\"https:\/\/jagdverband.it\/it\/#organization\"},\"potentialAction\":[{\"@type\":\"SearchAction\",\"target\":{\"@type\":\"EntryPoint\",\"urlTemplate\":\"https:\/\/jagdverband.it\/it\/?s={search_term_string}\"},\"query-input\":\"required name=search_term_string\"}],\"inLanguage\":\"it-IT\"},{\"@type\":\"Organization\",\"@id\":\"https:\/\/jagdverband.it\/it\/#organization\",\"name\":\"S\u00fcdtiroler Jagdverband\",\"url\":\"https:\/\/jagdverband.it\/it\/\",\"sameAs\":[],\"logo\":{\"@type\":\"ImageObject\",\"inLanguage\":\"it-IT\",\"@id\":\"https:\/\/jagdverband.it\/it\/#\/schema\/logo\/image\/\",\"url\":\"\",\"contentUrl\":\"\",\"caption\":\"S\u00fcdtiroler Jagdverband\"},\"image\":{\"@id\":\"https:\/\/jagdverband.it\/it\/#\/schema\/logo\/image\/\"}},{\"@type\":\"Person\",\"@id\":\"https:\/\/jagdverband.it\/it\/#\/schema\/person\/3e030b3a4aa7c391e09cd551afd6dc73\",\"name\":\"admin\",\"image\":{\"@type\":\"ImageObject\",\"inLanguage\":\"it-IT\",\"@id\":\"https:\/\/jagdverband.it\/it\/#\/schema\/person\/image\/\",\"url\":\"https:\/\/secure.gravatar.com\/avatar\/badbf5eaa88657062fdcacb31218cc5c?s=96&d=blank&r=g\",\"contentUrl\":\"https:\/\/secure.gravatar.com\/avatar\/badbf5eaa88657062fdcacb31218cc5c?s=96&d=blank&r=g\",\"caption\":\"admin\"},\"url\":\"https:\/\/jagdverband.it\/it\/author\/admin\/\"}]}<\/script>\n<!-- \/ Yoast SEO plugin. -->","yoast_head_json":{"title":"Carpentiere e affittacamere - S\u00fcdtiroler Jagdverband","robots":{"index":"index","follow":"follow","max-snippet":"max-snippet:-1","max-image-preview":"max-image-preview:large","max-video-preview":"max-video-preview:-1"},"canonical":"https:\/\/jagdverband.it\/it\/carpentiere-e-affittacamere\/","og_locale":"it_IT","og_type":"article","og_title":"Carpentiere e affittacamere - S\u00fcdtiroler Jagdverband","og_description":"Per scavare il loro nido, i picchi lavorano instancabilmente fino a tre settimane. Ad approfittarne poi saranno anche altri abitanti del bosco...","og_url":"https:\/\/jagdverband.it\/it\/carpentiere-e-affittacamere\/","og_site_name":"S\u00fcdtiroler Jagdverband","article_published_time":"2019-05-01T08:58:50+00:00","article_modified_time":"2022-03-09T18:14:05+00:00","og_image":[{"width":640,"height":426,"url":"https:\/\/jagdverband.it\/wp-content\/uploads\/2019\/05\/specht-1.jpg","type":"image\/jpeg"}],"author":"admin","twitter_card":"summary","twitter_misc":{"Scritto da":"admin","Tempo di lettura stimato":"2 minuti"},"schema":{"@context":"https:\/\/schema.org","@graph":[{"@type":"Article","@id":"https:\/\/jagdverband.it\/it\/carpentiere-e-affittacamere\/#article","isPartOf":{"@id":"https:\/\/jagdverband.it\/it\/carpentiere-e-affittacamere\/"},"author":{"name":"admin","@id":"https:\/\/jagdverband.it\/it\/#\/schema\/person\/3e030b3a4aa7c391e09cd551afd6dc73"},"headline":"Carpentiere e affittacamere","datePublished":"2019-05-01T08:58:50+00:00","dateModified":"2022-03-09T18:14:05+00:00","mainEntityOfPage":{"@id":"https:\/\/jagdverband.it\/it\/carpentiere-e-affittacamere\/"},"wordCount":491,"commentCount":0,"publisher":{"@id":"https:\/\/jagdverband.it\/it\/#organization"},"articleSection":["Lo sapevate che ..."],"inLanguage":"it-IT","potentialAction":[{"@type":"CommentAction","name":"Comment","target":["https:\/\/jagdverband.it\/it\/carpentiere-e-affittacamere\/#respond"]}]},{"@type":"WebPage","@id":"https:\/\/jagdverband.it\/it\/carpentiere-e-affittacamere\/","url":"https:\/\/jagdverband.it\/it\/carpentiere-e-affittacamere\/","name":"Carpentiere e affittacamere - S\u00fcdtiroler Jagdverband","isPartOf":{"@id":"https:\/\/jagdverband.it\/it\/#website"},"datePublished":"2019-05-01T08:58:50+00:00","dateModified":"2022-03-09T18:14:05+00:00","breadcrumb":{"@id":"https:\/\/jagdverband.it\/it\/carpentiere-e-affittacamere\/#breadcrumb"},"inLanguage":"it-IT","potentialAction":[{"@type":"ReadAction","target":["https:\/\/jagdverband.it\/it\/carpentiere-e-affittacamere\/"]}]},{"@type":"BreadcrumbList","@id":"https:\/\/jagdverband.it\/it\/carpentiere-e-affittacamere\/#breadcrumb","itemListElement":[{"@type":"ListItem","position":1,"name":"Home","item":"https:\/\/jagdverband.it\/it\/"},{"@type":"ListItem","position":2,"name":"Lo sapevate che ...","item":"https:\/\/jagdverband.it\/it\/c\/lo-sapevate-che\/"},{"@type":"ListItem","position":3,"name":"Carpentiere e affittacamere"}]},{"@type":"WebSite","@id":"https:\/\/jagdverband.it\/it\/#website","url":"https:\/\/jagdverband.it\/it\/","name":"S\u00fcdtiroler Jagdverband","description":"S\u00fcdtiroler Jagdverband","publisher":{"@id":"https:\/\/jagdverband.it\/it\/#organization"},"potentialAction":[{"@type":"SearchAction","target":{"@type":"EntryPoint","urlTemplate":"https:\/\/jagdverband.it\/it\/?s={search_term_string}"},"query-input":"required name=search_term_string"}],"inLanguage":"it-IT"},{"@type":"Organization","@id":"https:\/\/jagdverband.it\/it\/#organization","name":"S\u00fcdtiroler Jagdverband","url":"https:\/\/jagdverband.it\/it\/","sameAs":[],"logo":{"@type":"ImageObject","inLanguage":"it-IT","@id":"https:\/\/jagdverband.it\/it\/#\/schema\/logo\/image\/","url":"","contentUrl":"","caption":"S\u00fcdtiroler Jagdverband"},"image":{"@id":"https:\/\/jagdverband.it\/it\/#\/schema\/logo\/image\/"}},{"@type":"Person","@id":"https:\/\/jagdverband.it\/it\/#\/schema\/person\/3e030b3a4aa7c391e09cd551afd6dc73","name":"admin","image":{"@type":"ImageObject","inLanguage":"it-IT","@id":"https:\/\/jagdverband.it\/it\/#\/schema\/person\/image\/","url":"https:\/\/secure.gravatar.com\/avatar\/badbf5eaa88657062fdcacb31218cc5c?s=96&d=blank&r=g","contentUrl":"https:\/\/secure.gravatar.com\/avatar\/badbf5eaa88657062fdcacb31218cc5c?s=96&d=blank&r=g","caption":"admin"},"url":"https:\/\/jagdverband.it\/it\/author\/admin\/"}]}},"_links":{"self":[{"href":"https:\/\/jagdverband.it\/it\/wp-json\/wp\/v2\/posts\/58123"}],"collection":[{"href":"https:\/\/jagdverband.it\/it\/wp-json\/wp\/v2\/posts"}],"about":[{"href":"https:\/\/jagdverband.it\/it\/wp-json\/wp\/v2\/types\/post"}],"author":[{"embeddable":true,"href":"https:\/\/jagdverband.it\/it\/wp-json\/wp\/v2\/users\/1"}],"replies":[{"embeddable":true,"href":"https:\/\/jagdverband.it\/it\/wp-json\/wp\/v2\/comments?post=58123"}],"version-history":[{"count":0,"href":"https:\/\/jagdverband.it\/it\/wp-json\/wp\/v2\/posts\/58123\/revisions"}],"wp:featuredmedia":[{"embeddable":true,"href":"https:\/\/jagdverband.it\/it\/wp-json\/wp\/v2\/media\/58178"}],"wp:attachment":[{"href":"https:\/\/jagdverband.it\/it\/wp-json\/wp\/v2\/media?parent=58123"}],"wp:term":[{"taxonomy":"category","embeddable":true,"href":"https:\/\/jagdverband.it\/it\/wp-json\/wp\/v2\/categories?post=58123"},{"taxonomy":"post_tag","embeddable":true,"href":"https:\/\/jagdverband.it\/it\/wp-json\/wp\/v2\/tags?post=58123"}],"curies":[{"name":"wp","href":"https:\/\/api.w.org\/{rel}","templated":true}]}}