{"id":54047,"date":"2019-09-23T16:34:23","date_gmt":"2019-09-23T14:34:23","guid":{"rendered":"https:\/\/jagdverband.it\/?p=54047"},"modified":"2022-03-07T20:35:48","modified_gmt":"2022-03-07T19:35:48","slug":"54047-2","status":"publish","type":"post","link":"https:\/\/jagdverband.it\/it\/54047-2\/","title":{"rendered":"&#8220;Unwiderstehlich Wild&#8221;"},"content":{"rendered":"<p>[et_pb_section fb_built=&#8221;1&#8243; specialty=&#8221;on&#8221; _builder_version=&#8221;3.22.3&#8243; custom_padding=&#8221;||16px|||&#8221; global_colors_info=&#8221;{}&#8221;][et_pb_column type=&#8221;3_4&#8243; specialty_columns=&#8221;3&#8243; _builder_version=&#8221;3.25&#8243; custom_padding=&#8221;|||&#8221; global_colors_info=&#8221;{}&#8221; parallax__hover=&#8221;off&#8221; parallax_method__hover=&#8221;on&#8221; custom_padding__hover=&#8221;|||&#8221;][et_pb_row_inner _builder_version=&#8221;3.27.3&#8243; custom_padding=&#8221;0px||2px|||&#8221; global_colors_info=&#8221;{}&#8221;][et_pb_column_inner saved_specialty_column_type=&#8221;3_4&#8243; _builder_version=&#8221;3.27.3&#8243; global_colors_info=&#8221;{}&#8221;][et_pb_text _builder_version=&#8221;3.27.4&#8243; global_colors_info=&#8221;{}&#8221;]<\/p>\n<h1>&#8220;Unwiderstehlich Wild&#8221;<\/h1>\n<p>[\/et_pb_text][\/et_pb_column_inner][\/et_pb_row_inner][et_pb_row_inner column_structure=&#8221;1_2,1_2&#8243; _builder_version=&#8221;3.25.2&#8243; custom_padding=&#8221;4px||27px|||&#8221; global_colors_info=&#8221;{}&#8221;][et_pb_column_inner type=&#8221;1_2&#8243; saved_specialty_column_type=&#8221;3_4&#8243; _builder_version=&#8221;3.25.2&#8243; global_colors_info=&#8221;{}&#8221;][et_pb_image src=&#8221;https:\/\/jagdverband.it\/wp-content\/uploads\/2019\/09\/unwwild.jpg&#8221; show_in_lightbox=&#8221;on&#8221; align_tablet=&#8221;center&#8221; align_phone=&#8221;&#8221; align_last_edited=&#8221;on|desktop&#8221; _builder_version=&#8221;3.27.3&#8243; global_colors_info=&#8221;{}&#8221;][\/et_pb_image][\/et_pb_column_inner][et_pb_column_inner type=&#8221;1_2&#8243; saved_specialty_column_type=&#8221;3_4&#8243; _builder_version=&#8221;3.25.2&#8243; global_colors_info=&#8221;{}&#8221;][et_pb_text _builder_version=&#8221;3.27.4&#8243; custom_margin=&#8221;-19px|||||&#8221; custom_padding=&#8221;0px|||||&#8221; global_colors_info=&#8221;{}&#8221;]<\/p>\n<h3>Gemeinsames Buchprojekt der alpinen Jagdverb\u00e4nde<\/h3>\n<p>Bereits in der Vergangenheit arbeiteten der S\u00fcdtiroler Jagdverband, der Bayerische und der Tiroler Jagdverband eng zusammen. Um diese Ber\u00fchrungspunkte auf \u201egenussvolle Weise\u201c zum Ausdruck zu bringen, entstand das gemeinsame alpenl\u00e4ndische Wild?Kochbuch \u201eUnwiderstehlich Wild\u201c, das soeben im Athesia?Tappeiner Verlag erschienen ist.<\/p>\n<p>Klassische, innovative und Spezialit\u00e4tenrezepte f\u00fcr Wild aus den Alpenregionen S\u00fcdtirol, Tirol, Bayern und dem Kanton Aargau verf\u00fchren zum Wildkochen und -essen. Die vier Landesverb\u00e4nde f\u00fchren in die Welt der Jagd in den Alpengebieten ein und pr\u00e4sentieren jeweils zehn ihrer besten Wildrezepte. Einleitend zu jedem Kapitel portr\u00e4tieren spannende Texte und stimmungsvolle Fotografien die vier Jagdgebiete. Dabei werden gel\u00e4ufige Gemeinsamkeiten aber auch interessante Unterschiede der Jagd in den vier Regionen geschildert. Wo darf man Murmeltiere schie\u00dfen? In welchem Land sind Rebh\u00fchner eine Delikatesse? Rehhackt\u00e4schli aus der Schweiz, Gamslasagnette aus S\u00fcdtirol, Murmeltierbraten in Rotweinmarinade aus Nordtirol oder Wildschweinkeule aus Bayern sind nur Beispiele der gro\u00dfartigen, sorgf\u00e4ltig ausgew\u00e4hlten und abgestimmten Gerichte mit frischen und unbedenklichen Fleischwaren. Ob Hirsch, Wildschwein, Gams oder Ente \u2013 dieses Kochbuch bietet f\u00fcr jeden Anlass ein passendes Wildrezept, jeweils mit exklusiven und atmosph\u00e4rischen Bildern. Die besonderen und abwechslungsreichen Wildrezepte erhalten konkrete Angaben zum Nachkochen f\u00fcr Jedermann. Mit Beilagenlisten und Informationen \u00fcber Bezugsquellen des Fleisches. Ein Muss f\u00fcr Liebhaber der Wild-K\u00fcche!<\/p>\n<p>&nbsp;<\/p>\n<p><strong>Unwiderstehlich Wild \u2013 Die besten Rezepte aus S\u00fcdtirol, Tirol, Bayern und dem Aargau<\/strong><\/p>\n<p>128 Seiten \u2013 Hardcover \u2013 195 x 260 mm \u2013 25 \u20ac \u2013 ISBN 978?88?6839?422?6<\/p>\n<p>[\/et_pb_text][\/et_pb_column_inner][\/et_pb_row_inner][et_pb_row_inner _builder_version=&#8221;4.14.8&#8243; saved_tabs=&#8221;all&#8221; global_colors_info=&#8221;{}&#8221;][et_pb_column_inner saved_specialty_column_type=&#8221;3_4&#8243; _builder_version=&#8221;3.25.2&#8243; global_colors_info=&#8221;{}&#8221;][et_pb_divider color=&#8221;rgba(0,0,0,0.1)&#8221; _builder_version=&#8221;3.19&#8243; global_colors_info=&#8221;{}&#8221;][\/et_pb_divider][et_pb_text _builder_version=&#8221;3.27.4&#8243; custom_margin=&#8221;-19px|||||&#8221; custom_padding=&#8221;17px|||||&#8221; global_colors_info=&#8221;{}&#8221;]<\/p>\n<h1>Mehr Buchempfehlungen:<\/h1>\n<p>[\/et_pb_text][et_pb_post_slider include_categories=&#8221;78&#8243; more_text=&#8221;weiterlesen&#8221; show_meta=&#8221;off&#8221; image_placement=&#8221;left&#8221; use_bg_overlay=&#8221;off&#8221; use_text_overlay=&#8221;off&#8221; show_image_video_mobile=&#8221;on&#8221; _builder_version=&#8221;4.14.8&#8243; _module_preset=&#8221;default&#8221; header_level=&#8221;h3&#8243; header_font=&#8221;||||||||&#8221; header_font_size=&#8221;20px&#8221; background_color=&#8221;#baa877&#8243; hover_enabled=&#8221;0&#8243; global_colors_info=&#8221;{}&#8221; auto=&#8221;on&#8221; sticky_enabled=&#8221;0&#8243;][\/et_pb_post_slider][\/et_pb_column_inner][\/et_pb_row_inner][\/et_pb_column][et_pb_column type=&#8221;1_4&#8243; _builder_version=&#8221;3.25&#8243; custom_padding=&#8221;|||&#8221; global_colors_info=&#8221;{}&#8221; parallax__hover=&#8221;off&#8221; parallax_method__hover=&#8221;on&#8221; custom_padding__hover=&#8221;|||&#8221;][et_pb_sidebar orientation=&#8221;right&#8221; disabled_on=&#8221;off|off|off&#8221; _builder_version=&#8221;3.27.3&#8243; global_colors_info=&#8221;{}&#8221;][\/et_pb_sidebar][\/et_pb_column][\/et_pb_section]<\/p>\n","protected":false},"excerpt":{"rendered":"<p>Gemeinsames Buchprojekt der alpinen Jagdverb\u00e4nde.<\/p>\n<p>Bereits in der Vergangenheit arbeiteten der S\u00fcdtiroler Jagdverband, der Bayerische und der Tiroler Jagdverband eng zusammen. Um diese Ber\u00fchrungspunkte auf \u201egenussvolle Weise\u201c zum Ausdruck zu bringen, entstand das gemeinsame alpenl\u00e4ndische Wild?Kochbuch &#8230;<\/p>\n","protected":false},"author":3,"featured_media":53517,"comment_status":"open","ping_status":"open","sticky":false,"template":"","format":"standard","meta":{"_et_pb_use_builder":"on","_et_pb_old_content":"","_et_gb_content_width":""},"categories":[78],"tags":[],"featured_image_src":"https:\/\/jagdverband.it\/wp-content\/uploads\/2019\/09\/unwwild.jpg","blog_images":{"medium":"https:\/\/jagdverband.it\/wp-content\/uploads\/2019\/09\/unwwild-226x300.jpg","large":"https:\/\/jagdverband.it\/wp-content\/uploads\/2019\/09\/unwwild.jpg"},"ams_acf":[],"yoast_head":"<!-- This site is optimized with the Yoast SEO plugin v19.6 - https:\/\/yoast.com\/wordpress\/plugins\/seo\/ -->\n<title>&quot;Unwiderstehlich Wild&quot; - S\u00fcdtiroler Jagdverband<\/title>\n<meta name=\"robots\" content=\"index, follow, max-snippet:-1, max-image-preview:large, max-video-preview:-1\" \/>\n<link rel=\"canonical\" href=\"https:\/\/jagdverband.it\/it\/54047-2\/\" \/>\n<meta property=\"og:locale\" content=\"it_IT\" \/>\n<meta property=\"og:type\" content=\"article\" \/>\n<meta property=\"og:title\" content=\"&quot;Unwiderstehlich Wild&quot; - S\u00fcdtiroler Jagdverband\" \/>\n<meta property=\"og:description\" content=\"Gemeinsames Buchprojekt der alpinen Jagdverb\u00e4nde.  Bereits in der Vergangenheit arbeiteten der S\u00fcdtiroler Jagdverband, der Bayerische und der Tiroler Jagdverband eng zusammen. Um diese Ber\u00fchrungspunkte auf \u201egenussvolle Weise\u201c zum Ausdruck zu bringen, entstand das gemeinsame alpenl\u00e4ndische Wild?Kochbuch ...\" \/>\n<meta property=\"og:url\" content=\"https:\/\/jagdverband.it\/it\/54047-2\/\" \/>\n<meta property=\"og:site_name\" content=\"S\u00fcdtiroler Jagdverband\" \/>\n<meta property=\"article:published_time\" content=\"2019-09-23T14:34:23+00:00\" \/>\n<meta property=\"article:modified_time\" content=\"2022-03-07T19:35:48+00:00\" \/>\n<meta property=\"og:image\" content=\"https:\/\/jagdverband.it\/wp-content\/uploads\/2019\/09\/unwwild.jpg\" \/>\n\t<meta property=\"og:image:width\" content=\"451\" \/>\n\t<meta property=\"og:image:height\" content=\"600\" \/>\n\t<meta property=\"og:image:type\" content=\"image\/jpeg\" \/>\n<meta name=\"author\" content=\"Ulrike Raffl\" \/>\n<meta name=\"twitter:card\" content=\"summary\" \/>\n<meta name=\"twitter:label1\" content=\"Scritto da\" \/>\n\t<meta name=\"twitter:data1\" content=\"Ulrike Raffl\" \/>\n\t<meta name=\"twitter:label2\" content=\"Tempo di lettura stimato\" \/>\n\t<meta name=\"twitter:data2\" content=\"3 minuti\" \/>\n<script type=\"application\/ld+json\" class=\"yoast-schema-graph\">{\"@context\":\"https:\/\/schema.org\",\"@graph\":[{\"@type\":\"Article\",\"@id\":\"https:\/\/jagdverband.it\/it\/54047-2\/#article\",\"isPartOf\":{\"@id\":\"https:\/\/jagdverband.it\/it\/54047-2\/\"},\"author\":{\"name\":\"Ulrike Raffl\",\"@id\":\"https:\/\/jagdverband.it\/it\/#\/schema\/person\/96618422a6413f537ca6967db018c4c7\"},\"headline\":\"&#8220;Unwiderstehlich Wild&#8221;\",\"datePublished\":\"2019-09-23T14:34:23+00:00\",\"dateModified\":\"2022-03-07T19:35:48+00:00\",\"mainEntityOfPage\":{\"@id\":\"https:\/\/jagdverband.it\/it\/54047-2\/\"},\"wordCount\":615,\"commentCount\":0,\"publisher\":{\"@id\":\"https:\/\/jagdverband.it\/it\/#organization\"},\"articleSection\":[\"Buchempfehlungen\"],\"inLanguage\":\"it-IT\",\"potentialAction\":[{\"@type\":\"CommentAction\",\"name\":\"Comment\",\"target\":[\"https:\/\/jagdverband.it\/it\/54047-2\/#respond\"]}]},{\"@type\":\"WebPage\",\"@id\":\"https:\/\/jagdverband.it\/it\/54047-2\/\",\"url\":\"https:\/\/jagdverband.it\/it\/54047-2\/\",\"name\":\"\\\"Unwiderstehlich Wild\\\" - S\u00fcdtiroler Jagdverband\",\"isPartOf\":{\"@id\":\"https:\/\/jagdverband.it\/it\/#website\"},\"datePublished\":\"2019-09-23T14:34:23+00:00\",\"dateModified\":\"2022-03-07T19:35:48+00:00\",\"breadcrumb\":{\"@id\":\"https:\/\/jagdverband.it\/it\/54047-2\/#breadcrumb\"},\"inLanguage\":\"it-IT\",\"potentialAction\":[{\"@type\":\"ReadAction\",\"target\":[\"https:\/\/jagdverband.it\/it\/54047-2\/\"]}]},{\"@type\":\"BreadcrumbList\",\"@id\":\"https:\/\/jagdverband.it\/it\/54047-2\/#breadcrumb\",\"itemListElement\":[{\"@type\":\"ListItem\",\"position\":1,\"name\":\"Home\",\"item\":\"https:\/\/jagdverband.it\/it\/\"},{\"@type\":\"ListItem\",\"position\":2,\"name\":\"Buchempfehlungen\",\"item\":\"https:\/\/jagdverband.it\/c\/buchempfehlungen\/\"},{\"@type\":\"ListItem\",\"position\":3,\"name\":\"&#8222;Unwiderstehlich Wild&#8220;\"}]},{\"@type\":\"WebSite\",\"@id\":\"https:\/\/jagdverband.it\/it\/#website\",\"url\":\"https:\/\/jagdverband.it\/it\/\",\"name\":\"S\u00fcdtiroler Jagdverband\",\"description\":\"S\u00fcdtiroler Jagdverband\",\"publisher\":{\"@id\":\"https:\/\/jagdverband.it\/it\/#organization\"},\"potentialAction\":[{\"@type\":\"SearchAction\",\"target\":{\"@type\":\"EntryPoint\",\"urlTemplate\":\"https:\/\/jagdverband.it\/it\/?s={search_term_string}\"},\"query-input\":\"required name=search_term_string\"}],\"inLanguage\":\"it-IT\"},{\"@type\":\"Organization\",\"@id\":\"https:\/\/jagdverband.it\/it\/#organization\",\"name\":\"S\u00fcdtiroler Jagdverband\",\"url\":\"https:\/\/jagdverband.it\/it\/\",\"sameAs\":[],\"logo\":{\"@type\":\"ImageObject\",\"inLanguage\":\"it-IT\",\"@id\":\"https:\/\/jagdverband.it\/it\/#\/schema\/logo\/image\/\",\"url\":\"\",\"contentUrl\":\"\",\"caption\":\"S\u00fcdtiroler Jagdverband\"},\"image\":{\"@id\":\"https:\/\/jagdverband.it\/it\/#\/schema\/logo\/image\/\"}},{\"@type\":\"Person\",\"@id\":\"https:\/\/jagdverband.it\/it\/#\/schema\/person\/96618422a6413f537ca6967db018c4c7\",\"name\":\"Ulrike Raffl\",\"image\":{\"@type\":\"ImageObject\",\"inLanguage\":\"it-IT\",\"@id\":\"https:\/\/jagdverband.it\/it\/#\/schema\/person\/image\/\",\"url\":\"https:\/\/secure.gravatar.com\/avatar\/ce9d6b5545555bfae50f5b8da4b2c771?s=96&d=blank&r=g\",\"contentUrl\":\"https:\/\/secure.gravatar.com\/avatar\/ce9d6b5545555bfae50f5b8da4b2c771?s=96&d=blank&r=g\",\"caption\":\"Ulrike Raffl\"},\"sameAs\":[\"https:\/\/jagdverband.it\"],\"url\":\"https:\/\/jagdverband.it\/it\/author\/ulrike-raffljagdverband-it\/\"}]}<\/script>\n<!-- \/ Yoast SEO plugin. -->","yoast_head_json":{"title":"\"Unwiderstehlich Wild\" - S\u00fcdtiroler Jagdverband","robots":{"index":"index","follow":"follow","max-snippet":"max-snippet:-1","max-image-preview":"max-image-preview:large","max-video-preview":"max-video-preview:-1"},"canonical":"https:\/\/jagdverband.it\/it\/54047-2\/","og_locale":"it_IT","og_type":"article","og_title":"\"Unwiderstehlich Wild\" - S\u00fcdtiroler Jagdverband","og_description":"Gemeinsames Buchprojekt der alpinen Jagdverb\u00e4nde.  Bereits in der Vergangenheit arbeiteten der S\u00fcdtiroler Jagdverband, der Bayerische und der Tiroler Jagdverband eng zusammen. Um diese Ber\u00fchrungspunkte auf \u201egenussvolle Weise\u201c zum Ausdruck zu bringen, entstand das gemeinsame alpenl\u00e4ndische Wild?Kochbuch ...","og_url":"https:\/\/jagdverband.it\/it\/54047-2\/","og_site_name":"S\u00fcdtiroler Jagdverband","article_published_time":"2019-09-23T14:34:23+00:00","article_modified_time":"2022-03-07T19:35:48+00:00","og_image":[{"width":451,"height":600,"url":"https:\/\/jagdverband.it\/wp-content\/uploads\/2019\/09\/unwwild.jpg","type":"image\/jpeg"}],"author":"Ulrike Raffl","twitter_card":"summary","twitter_misc":{"Scritto da":"Ulrike Raffl","Tempo di lettura stimato":"3 minuti"},"schema":{"@context":"https:\/\/schema.org","@graph":[{"@type":"Article","@id":"https:\/\/jagdverband.it\/it\/54047-2\/#article","isPartOf":{"@id":"https:\/\/jagdverband.it\/it\/54047-2\/"},"author":{"name":"Ulrike Raffl","@id":"https:\/\/jagdverband.it\/it\/#\/schema\/person\/96618422a6413f537ca6967db018c4c7"},"headline":"&#8220;Unwiderstehlich Wild&#8221;","datePublished":"2019-09-23T14:34:23+00:00","dateModified":"2022-03-07T19:35:48+00:00","mainEntityOfPage":{"@id":"https:\/\/jagdverband.it\/it\/54047-2\/"},"wordCount":615,"commentCount":0,"publisher":{"@id":"https:\/\/jagdverband.it\/it\/#organization"},"articleSection":["Buchempfehlungen"],"inLanguage":"it-IT","potentialAction":[{"@type":"CommentAction","name":"Comment","target":["https:\/\/jagdverband.it\/it\/54047-2\/#respond"]}]},{"@type":"WebPage","@id":"https:\/\/jagdverband.it\/it\/54047-2\/","url":"https:\/\/jagdverband.it\/it\/54047-2\/","name":"\"Unwiderstehlich Wild\" - S\u00fcdtiroler Jagdverband","isPartOf":{"@id":"https:\/\/jagdverband.it\/it\/#website"},"datePublished":"2019-09-23T14:34:23+00:00","dateModified":"2022-03-07T19:35:48+00:00","breadcrumb":{"@id":"https:\/\/jagdverband.it\/it\/54047-2\/#breadcrumb"},"inLanguage":"it-IT","potentialAction":[{"@type":"ReadAction","target":["https:\/\/jagdverband.it\/it\/54047-2\/"]}]},{"@type":"BreadcrumbList","@id":"https:\/\/jagdverband.it\/it\/54047-2\/#breadcrumb","itemListElement":[{"@type":"ListItem","position":1,"name":"Home","item":"https:\/\/jagdverband.it\/it\/"},{"@type":"ListItem","position":2,"name":"Buchempfehlungen","item":"https:\/\/jagdverband.it\/c\/buchempfehlungen\/"},{"@type":"ListItem","position":3,"name":"&#8222;Unwiderstehlich Wild&#8220;"}]},{"@type":"WebSite","@id":"https:\/\/jagdverband.it\/it\/#website","url":"https:\/\/jagdverband.it\/it\/","name":"S\u00fcdtiroler Jagdverband","description":"S\u00fcdtiroler Jagdverband","publisher":{"@id":"https:\/\/jagdverband.it\/it\/#organization"},"potentialAction":[{"@type":"SearchAction","target":{"@type":"EntryPoint","urlTemplate":"https:\/\/jagdverband.it\/it\/?s={search_term_string}"},"query-input":"required name=search_term_string"}],"inLanguage":"it-IT"},{"@type":"Organization","@id":"https:\/\/jagdverband.it\/it\/#organization","name":"S\u00fcdtiroler Jagdverband","url":"https:\/\/jagdverband.it\/it\/","sameAs":[],"logo":{"@type":"ImageObject","inLanguage":"it-IT","@id":"https:\/\/jagdverband.it\/it\/#\/schema\/logo\/image\/","url":"","contentUrl":"","caption":"S\u00fcdtiroler Jagdverband"},"image":{"@id":"https:\/\/jagdverband.it\/it\/#\/schema\/logo\/image\/"}},{"@type":"Person","@id":"https:\/\/jagdverband.it\/it\/#\/schema\/person\/96618422a6413f537ca6967db018c4c7","name":"Ulrike Raffl","image":{"@type":"ImageObject","inLanguage":"it-IT","@id":"https:\/\/jagdverband.it\/it\/#\/schema\/person\/image\/","url":"https:\/\/secure.gravatar.com\/avatar\/ce9d6b5545555bfae50f5b8da4b2c771?s=96&d=blank&r=g","contentUrl":"https:\/\/secure.gravatar.com\/avatar\/ce9d6b5545555bfae50f5b8da4b2c771?s=96&d=blank&r=g","caption":"Ulrike Raffl"},"sameAs":["https:\/\/jagdverband.it"],"url":"https:\/\/jagdverband.it\/it\/author\/ulrike-raffljagdverband-it\/"}]}},"_links":{"self":[{"href":"https:\/\/jagdverband.it\/it\/wp-json\/wp\/v2\/posts\/54047"}],"collection":[{"href":"https:\/\/jagdverband.it\/it\/wp-json\/wp\/v2\/posts"}],"about":[{"href":"https:\/\/jagdverband.it\/it\/wp-json\/wp\/v2\/types\/post"}],"author":[{"embeddable":true,"href":"https:\/\/jagdverband.it\/it\/wp-json\/wp\/v2\/users\/3"}],"replies":[{"embeddable":true,"href":"https:\/\/jagdverband.it\/it\/wp-json\/wp\/v2\/comments?post=54047"}],"version-history":[{"count":0,"href":"https:\/\/jagdverband.it\/it\/wp-json\/wp\/v2\/posts\/54047\/revisions"}],"wp:featuredmedia":[{"embeddable":true,"href":"https:\/\/jagdverband.it\/it\/wp-json\/wp\/v2\/media\/53517"}],"wp:attachment":[{"href":"https:\/\/jagdverband.it\/it\/wp-json\/wp\/v2\/media?parent=54047"}],"wp:term":[{"taxonomy":"category","embeddable":true,"href":"https:\/\/jagdverband.it\/it\/wp-json\/wp\/v2\/categories?post=54047"},{"taxonomy":"post_tag","embeddable":true,"href":"https:\/\/jagdverband.it\/it\/wp-json\/wp\/v2\/tags?post=54047"}],"curies":[{"name":"wp","href":"https:\/\/api.w.org\/{rel}","templated":true}]}}