{"id":53641,"date":"2019-06-10T16:05:01","date_gmt":"2019-06-10T14:05:01","guid":{"rendered":"https:\/\/jagdverband.it\/?p=53641"},"modified":"2019-09-12T13:40:51","modified_gmt":"2019-09-12T11:40:51","slug":"zahl-der-jaegerinnen-steigt","status":"publish","type":"post","link":"https:\/\/jagdverband.it\/it\/zahl-der-jaegerinnen-steigt\/","title":{"rendered":"Zahl der J\u00e4gerinnen steigt"},"content":{"rendered":"\n\n\n[et_pb_section fb_built=&#8221;1&#8243; specialty=&#8221;on&#8221; _builder_version=&#8221;3.27.3&#8243; fb_built=&#8221;1&#8243; _i=&#8221;0&#8243; _address=&#8221;0&#8243;][et_pb_column type=&#8221;3_4&#8243; specialty_columns=&#8221;3&#8243; _builder_version=&#8221;3.25&#8243; custom_padding=&#8221;|||&#8221; _i=&#8221;0&#8243; _address=&#8221;0.0&#8243; custom_padding__hover=&#8221;|||&#8221;][et_pb_row_inner column_structure=&#8221;1_2,1_2&#8243; _builder_version=&#8221;3.27.3&#8243; custom_padding=&#8221;8px||17px|||&#8221; _i=&#8221;0&#8243; _address=&#8221;0.0.0&#8243;][et_pb_column_inner type=&#8221;1_2&#8243; saved_specialty_column_type=&#8221;3_4&#8243; _builder_version=&#8221;3.27.3&#8243; _i=&#8221;0&#8243; _address=&#8221;0.0.0.0&#8243;][et_pb_text _builder_version=&#8221;3.27.3&#8243; hover_enabled=&#8221;0&#8243; _i=&#8221;0&#8243; _address=&#8221;0.0.0.0.0&#8243;]<div>Mit 1. Mai hat in S\u00fcdtirol die Jagdsaison begonnen. S\u00fcdtirol Heute hat eine J\u00e4gerin auf die Pirsch im Revier Kastelruth begleitet und berichtet \u00fcber das steigende Interesse der Frauen am Weidwerk.<br \/> Der Fernsehbeitrag kann in der TV-Thek des ORF abgerufen werden: <a href=\"https:\/\/tvthek.orf.at\/profile\/Suedtirol-heute\/1277675\/Suedtirol-Heute\/14015046\">https:\/\/tvthek.orf.at<\/a><\/div>\n[\/et_pb_text][\/et_pb_column_inner][et_pb_column_inner type=&#8221;1_2&#8243; saved_specialty_column_type=&#8221;3_4&#8243; _builder_version=&#8221;3.27.3&#8243; _i=&#8221;1&#8243; _address=&#8221;0.0.0.1&#8243;][et_pb_image src=&#8221;https:\/\/jagdverband.it\/wp-content\/uploads\/2019\/09\/JaegerinObexer.jpg&#8221; align_tablet=&#8221;center&#8221; align_last_edited=&#8221;on|desktop&#8221; _builder_version=&#8221;3.27.3&#8243; hover_enabled=&#8221;0&#8243; _i=&#8221;0&#8243; _address=&#8221;0.0.0.1.0&#8243;][\/et_pb_image][\/et_pb_column_inner][\/et_pb_row_inner][et_pb_row_inner column_structure=&#8221;undefined&#8221; _builder_version=&#8221;3.27.3&#8243; custom_margin=&#8221;|auto|-94px|auto||&#8221; custom_padding=&#8221;0px||9px|||&#8221; global_module=&#8221;53454&#8243; _i=&#8221;0&#8243; _address=&#8221;0&#8243;][et_pb_column_inner type=&#8221;undefined&#8221; _builder_version=&#8221;3.27.3&#8243; _i=&#8221;0&#8243; _address=&#8221;0.0.1.0&#8243;][et_pb_divider color=&#8221;rgba(0,0,0,0.13)&#8221; _builder_version=&#8221;3.27.3&#8243; _i=&#8221;0&#8243; _address=&#8221;0.0.1.0.0&#8243;][\/et_pb_divider][et_pb_button button_url=&#8221;https:\/\/jagdverband.it\/mitteilungen\/&#8221; button_text=&#8221;Zur\u00fcck zur \u00dcbersicht&#8221; button_alignment=&#8221;center&#8221; _builder_version=&#8221;3.27.3&#8243; _i=&#8221;1&#8243; _address=&#8221;0.0.1.0.1&#8243;][\/et_pb_button][\/et_pb_column_inner][\/et_pb_row_inner][\/et_pb_column][et_pb_column type=&#8221;1_4&#8243; _builder_version=&#8221;3.25&#8243; custom_padding=&#8221;|||&#8221; _i=&#8221;1&#8243; _address=&#8221;0.1&#8243; custom_padding__hover=&#8221;|||&#8221;][et_pb_sidebar orientation=&#8221;right&#8221; _builder_version=&#8221;3.27.3&#8243; _i=&#8221;0&#8243; _address=&#8221;0.1.0&#8243;][\/et_pb_sidebar][\/et_pb_column][\/et_pb_section]\n\n\n","protected":false},"excerpt":{"rendered":"<p>Mit 1. Mai hat in S\u00fcdtirol die Jagdsaison begonnen. S\u00fcdtirol Heute hat eine J\u00e4gerin auf die Pirsch im Revier Kastelruth begleitet und berichtet \u00fcber das steigende Interesse der Frauen am [&hellip;]<\/p>\n","protected":false},"author":3,"featured_media":53638,"comment_status":"open","ping_status":"open","sticky":false,"template":"","format":"standard","meta":{"_et_pb_use_builder":"on","_et_pb_old_content":"","_et_gb_content_width":""},"categories":[80],"tags":[],"featured_image_src":"https:\/\/jagdverband.it\/wp-content\/uploads\/2019\/09\/JaegerinObexer.jpg","blog_images":{"medium":"https:\/\/jagdverband.it\/wp-content\/uploads\/2019\/09\/JaegerinObexer-300x198.jpg","large":"https:\/\/jagdverband.it\/wp-content\/uploads\/2019\/09\/JaegerinObexer.jpg"},"ams_acf":[],"yoast_head":"<!-- This site is optimized with the Yoast SEO plugin v19.6 - https:\/\/yoast.com\/wordpress\/plugins\/seo\/ -->\n<title>Zahl der J\u00e4gerinnen steigt - S\u00fcdtiroler Jagdverband<\/title>\n<meta name=\"robots\" content=\"index, follow, max-snippet:-1, max-image-preview:large, max-video-preview:-1\" \/>\n<link rel=\"canonical\" href=\"https:\/\/jagdverband.it\/it\/zahl-der-jaegerinnen-steigt\/\" \/>\n<meta property=\"og:locale\" content=\"it_IT\" \/>\n<meta property=\"og:type\" content=\"article\" \/>\n<meta property=\"og:title\" content=\"Zahl der J\u00e4gerinnen steigt - S\u00fcdtiroler Jagdverband\" \/>\n<meta property=\"og:description\" content=\"Mit 1. Mai hat in S\u00fcdtirol die Jagdsaison begonnen. S\u00fcdtirol Heute hat eine J\u00e4gerin auf die Pirsch im Revier Kastelruth begleitet und berichtet \u00fcber das steigende Interesse der Frauen am [&hellip;]\" \/>\n<meta property=\"og:url\" content=\"https:\/\/jagdverband.it\/it\/zahl-der-jaegerinnen-steigt\/\" \/>\n<meta property=\"og:site_name\" content=\"S\u00fcdtiroler Jagdverband\" \/>\n<meta property=\"article:published_time\" content=\"2019-06-10T14:05:01+00:00\" \/>\n<meta property=\"article:modified_time\" content=\"2019-09-12T11:40:51+00:00\" \/>\n<meta property=\"og:image\" content=\"https:\/\/jagdverband.it\/wp-content\/uploads\/2019\/09\/JaegerinObexer.jpg\" \/>\n\t<meta property=\"og:image:width\" content=\"652\" \/>\n\t<meta property=\"og:image:height\" content=\"430\" \/>\n\t<meta property=\"og:image:type\" content=\"image\/jpeg\" \/>\n<meta name=\"author\" content=\"Ulrike Raffl\" \/>\n<meta name=\"twitter:card\" content=\"summary\" \/>\n<meta name=\"twitter:label1\" content=\"Scritto da\" \/>\n\t<meta name=\"twitter:data1\" content=\"Ulrike Raffl\" \/>\n\t<meta name=\"twitter:label2\" content=\"Tempo di lettura stimato\" \/>\n\t<meta name=\"twitter:data2\" content=\"1 minuto\" \/>\n<script type=\"application\/ld+json\" class=\"yoast-schema-graph\">{\"@context\":\"https:\/\/schema.org\",\"@graph\":[{\"@type\":\"Article\",\"@id\":\"https:\/\/jagdverband.it\/it\/zahl-der-jaegerinnen-steigt\/#article\",\"isPartOf\":{\"@id\":\"https:\/\/jagdverband.it\/it\/zahl-der-jaegerinnen-steigt\/\"},\"author\":{\"name\":\"Ulrike Raffl\",\"@id\":\"https:\/\/jagdverband.it\/it\/#\/schema\/person\/96618422a6413f537ca6967db018c4c7\"},\"headline\":\"Zahl der J\u00e4gerinnen steigt\",\"datePublished\":\"2019-06-10T14:05:01+00:00\",\"dateModified\":\"2019-09-12T11:40:51+00:00\",\"mainEntityOfPage\":{\"@id\":\"https:\/\/jagdverband.it\/it\/zahl-der-jaegerinnen-steigt\/\"},\"wordCount\":284,\"commentCount\":0,\"publisher\":{\"@id\":\"https:\/\/jagdverband.it\/it\/#organization\"},\"articleSection\":[\"Mitteilungen\"],\"inLanguage\":\"it-IT\",\"potentialAction\":[{\"@type\":\"CommentAction\",\"name\":\"Comment\",\"target\":[\"https:\/\/jagdverband.it\/it\/zahl-der-jaegerinnen-steigt\/#respond\"]}]},{\"@type\":\"WebPage\",\"@id\":\"https:\/\/jagdverband.it\/it\/zahl-der-jaegerinnen-steigt\/\",\"url\":\"https:\/\/jagdverband.it\/it\/zahl-der-jaegerinnen-steigt\/\",\"name\":\"Zahl der J\u00e4gerinnen steigt - S\u00fcdtiroler Jagdverband\",\"isPartOf\":{\"@id\":\"https:\/\/jagdverband.it\/it\/#website\"},\"datePublished\":\"2019-06-10T14:05:01+00:00\",\"dateModified\":\"2019-09-12T11:40:51+00:00\",\"breadcrumb\":{\"@id\":\"https:\/\/jagdverband.it\/it\/zahl-der-jaegerinnen-steigt\/#breadcrumb\"},\"inLanguage\":\"it-IT\",\"potentialAction\":[{\"@type\":\"ReadAction\",\"target\":[\"https:\/\/jagdverband.it\/it\/zahl-der-jaegerinnen-steigt\/\"]}]},{\"@type\":\"BreadcrumbList\",\"@id\":\"https:\/\/jagdverband.it\/it\/zahl-der-jaegerinnen-steigt\/#breadcrumb\",\"itemListElement\":[{\"@type\":\"ListItem\",\"position\":1,\"name\":\"Home\",\"item\":\"https:\/\/jagdverband.it\/it\/\"},{\"@type\":\"ListItem\",\"position\":2,\"name\":\"Mitteilungen\",\"item\":\"https:\/\/jagdverband.it\/c\/mitteilungen\/\"},{\"@type\":\"ListItem\",\"position\":3,\"name\":\"Zahl der J\u00e4gerinnen steigt\"}]},{\"@type\":\"WebSite\",\"@id\":\"https:\/\/jagdverband.it\/it\/#website\",\"url\":\"https:\/\/jagdverband.it\/it\/\",\"name\":\"S\u00fcdtiroler Jagdverband\",\"description\":\"S\u00fcdtiroler Jagdverband\",\"publisher\":{\"@id\":\"https:\/\/jagdverband.it\/it\/#organization\"},\"potentialAction\":[{\"@type\":\"SearchAction\",\"target\":{\"@type\":\"EntryPoint\",\"urlTemplate\":\"https:\/\/jagdverband.it\/it\/?s={search_term_string}\"},\"query-input\":\"required name=search_term_string\"}],\"inLanguage\":\"it-IT\"},{\"@type\":\"Organization\",\"@id\":\"https:\/\/jagdverband.it\/it\/#organization\",\"name\":\"S\u00fcdtiroler Jagdverband\",\"url\":\"https:\/\/jagdverband.it\/it\/\",\"sameAs\":[],\"logo\":{\"@type\":\"ImageObject\",\"inLanguage\":\"it-IT\",\"@id\":\"https:\/\/jagdverband.it\/it\/#\/schema\/logo\/image\/\",\"url\":\"\",\"contentUrl\":\"\",\"caption\":\"S\u00fcdtiroler Jagdverband\"},\"image\":{\"@id\":\"https:\/\/jagdverband.it\/it\/#\/schema\/logo\/image\/\"}},{\"@type\":\"Person\",\"@id\":\"https:\/\/jagdverband.it\/it\/#\/schema\/person\/96618422a6413f537ca6967db018c4c7\",\"name\":\"Ulrike Raffl\",\"image\":{\"@type\":\"ImageObject\",\"inLanguage\":\"it-IT\",\"@id\":\"https:\/\/jagdverband.it\/it\/#\/schema\/person\/image\/\",\"url\":\"https:\/\/secure.gravatar.com\/avatar\/ce9d6b5545555bfae50f5b8da4b2c771?s=96&d=blank&r=g\",\"contentUrl\":\"https:\/\/secure.gravatar.com\/avatar\/ce9d6b5545555bfae50f5b8da4b2c771?s=96&d=blank&r=g\",\"caption\":\"Ulrike Raffl\"},\"sameAs\":[\"https:\/\/jagdverband.it\"],\"url\":\"https:\/\/jagdverband.it\/it\/author\/ulrike-raffljagdverband-it\/\"}]}<\/script>\n<!-- \/ Yoast SEO plugin. -->","yoast_head_json":{"title":"Zahl der J\u00e4gerinnen steigt - S\u00fcdtiroler Jagdverband","robots":{"index":"index","follow":"follow","max-snippet":"max-snippet:-1","max-image-preview":"max-image-preview:large","max-video-preview":"max-video-preview:-1"},"canonical":"https:\/\/jagdverband.it\/it\/zahl-der-jaegerinnen-steigt\/","og_locale":"it_IT","og_type":"article","og_title":"Zahl der J\u00e4gerinnen steigt - S\u00fcdtiroler Jagdverband","og_description":"Mit 1. Mai hat in S\u00fcdtirol die Jagdsaison begonnen. S\u00fcdtirol Heute hat eine J\u00e4gerin auf die Pirsch im Revier Kastelruth begleitet und berichtet \u00fcber das steigende Interesse der Frauen am [&hellip;]","og_url":"https:\/\/jagdverband.it\/it\/zahl-der-jaegerinnen-steigt\/","og_site_name":"S\u00fcdtiroler Jagdverband","article_published_time":"2019-06-10T14:05:01+00:00","article_modified_time":"2019-09-12T11:40:51+00:00","og_image":[{"width":652,"height":430,"url":"https:\/\/jagdverband.it\/wp-content\/uploads\/2019\/09\/JaegerinObexer.jpg","type":"image\/jpeg"}],"author":"Ulrike Raffl","twitter_card":"summary","twitter_misc":{"Scritto da":"Ulrike Raffl","Tempo di lettura stimato":"1 minuto"},"schema":{"@context":"https:\/\/schema.org","@graph":[{"@type":"Article","@id":"https:\/\/jagdverband.it\/it\/zahl-der-jaegerinnen-steigt\/#article","isPartOf":{"@id":"https:\/\/jagdverband.it\/it\/zahl-der-jaegerinnen-steigt\/"},"author":{"name":"Ulrike Raffl","@id":"https:\/\/jagdverband.it\/it\/#\/schema\/person\/96618422a6413f537ca6967db018c4c7"},"headline":"Zahl der J\u00e4gerinnen steigt","datePublished":"2019-06-10T14:05:01+00:00","dateModified":"2019-09-12T11:40:51+00:00","mainEntityOfPage":{"@id":"https:\/\/jagdverband.it\/it\/zahl-der-jaegerinnen-steigt\/"},"wordCount":284,"commentCount":0,"publisher":{"@id":"https:\/\/jagdverband.it\/it\/#organization"},"articleSection":["Mitteilungen"],"inLanguage":"it-IT","potentialAction":[{"@type":"CommentAction","name":"Comment","target":["https:\/\/jagdverband.it\/it\/zahl-der-jaegerinnen-steigt\/#respond"]}]},{"@type":"WebPage","@id":"https:\/\/jagdverband.it\/it\/zahl-der-jaegerinnen-steigt\/","url":"https:\/\/jagdverband.it\/it\/zahl-der-jaegerinnen-steigt\/","name":"Zahl der J\u00e4gerinnen steigt - S\u00fcdtiroler Jagdverband","isPartOf":{"@id":"https:\/\/jagdverband.it\/it\/#website"},"datePublished":"2019-06-10T14:05:01+00:00","dateModified":"2019-09-12T11:40:51+00:00","breadcrumb":{"@id":"https:\/\/jagdverband.it\/it\/zahl-der-jaegerinnen-steigt\/#breadcrumb"},"inLanguage":"it-IT","potentialAction":[{"@type":"ReadAction","target":["https:\/\/jagdverband.it\/it\/zahl-der-jaegerinnen-steigt\/"]}]},{"@type":"BreadcrumbList","@id":"https:\/\/jagdverband.it\/it\/zahl-der-jaegerinnen-steigt\/#breadcrumb","itemListElement":[{"@type":"ListItem","position":1,"name":"Home","item":"https:\/\/jagdverband.it\/it\/"},{"@type":"ListItem","position":2,"name":"Mitteilungen","item":"https:\/\/jagdverband.it\/c\/mitteilungen\/"},{"@type":"ListItem","position":3,"name":"Zahl der J\u00e4gerinnen steigt"}]},{"@type":"WebSite","@id":"https:\/\/jagdverband.it\/it\/#website","url":"https:\/\/jagdverband.it\/it\/","name":"S\u00fcdtiroler Jagdverband","description":"S\u00fcdtiroler Jagdverband","publisher":{"@id":"https:\/\/jagdverband.it\/it\/#organization"},"potentialAction":[{"@type":"SearchAction","target":{"@type":"EntryPoint","urlTemplate":"https:\/\/jagdverband.it\/it\/?s={search_term_string}"},"query-input":"required name=search_term_string"}],"inLanguage":"it-IT"},{"@type":"Organization","@id":"https:\/\/jagdverband.it\/it\/#organization","name":"S\u00fcdtiroler Jagdverband","url":"https:\/\/jagdverband.it\/it\/","sameAs":[],"logo":{"@type":"ImageObject","inLanguage":"it-IT","@id":"https:\/\/jagdverband.it\/it\/#\/schema\/logo\/image\/","url":"","contentUrl":"","caption":"S\u00fcdtiroler Jagdverband"},"image":{"@id":"https:\/\/jagdverband.it\/it\/#\/schema\/logo\/image\/"}},{"@type":"Person","@id":"https:\/\/jagdverband.it\/it\/#\/schema\/person\/96618422a6413f537ca6967db018c4c7","name":"Ulrike Raffl","image":{"@type":"ImageObject","inLanguage":"it-IT","@id":"https:\/\/jagdverband.it\/it\/#\/schema\/person\/image\/","url":"https:\/\/secure.gravatar.com\/avatar\/ce9d6b5545555bfae50f5b8da4b2c771?s=96&d=blank&r=g","contentUrl":"https:\/\/secure.gravatar.com\/avatar\/ce9d6b5545555bfae50f5b8da4b2c771?s=96&d=blank&r=g","caption":"Ulrike Raffl"},"sameAs":["https:\/\/jagdverband.it"],"url":"https:\/\/jagdverband.it\/it\/author\/ulrike-raffljagdverband-it\/"}]}},"_links":{"self":[{"href":"https:\/\/jagdverband.it\/it\/wp-json\/wp\/v2\/posts\/53641"}],"collection":[{"href":"https:\/\/jagdverband.it\/it\/wp-json\/wp\/v2\/posts"}],"about":[{"href":"https:\/\/jagdverband.it\/it\/wp-json\/wp\/v2\/types\/post"}],"author":[{"embeddable":true,"href":"https:\/\/jagdverband.it\/it\/wp-json\/wp\/v2\/users\/3"}],"replies":[{"embeddable":true,"href":"https:\/\/jagdverband.it\/it\/wp-json\/wp\/v2\/comments?post=53641"}],"version-history":[{"count":0,"href":"https:\/\/jagdverband.it\/it\/wp-json\/wp\/v2\/posts\/53641\/revisions"}],"wp:featuredmedia":[{"embeddable":true,"href":"https:\/\/jagdverband.it\/it\/wp-json\/wp\/v2\/media\/53638"}],"wp:attachment":[{"href":"https:\/\/jagdverband.it\/it\/wp-json\/wp\/v2\/media?parent=53641"}],"wp:term":[{"taxonomy":"category","embeddable":true,"href":"https:\/\/jagdverband.it\/it\/wp-json\/wp\/v2\/categories?post=53641"},{"taxonomy":"post_tag","embeddable":true,"href":"https:\/\/jagdverband.it\/it\/wp-json\/wp\/v2\/tags?post=53641"}],"curies":[{"name":"wp","href":"https:\/\/api.w.org\/{rel}","templated":true}]}}