{"id":53288,"date":"2019-08-28T15:26:20","date_gmt":"2019-08-28T13:26:20","guid":{"rendered":"https:\/\/jagdverband.it\/?p=53288"},"modified":"2020-07-21T09:00:03","modified_gmt":"2020-07-21T07:00:03","slug":"maneggio-armi","status":"publish","type":"post","link":"https:\/\/jagdverband.it\/it\/maneggio-armi\/","title":{"rendered":"Eignung zur Handhabung von Waffen (Maneggio armi)"},"content":{"rendered":"<p>[et_pb_section fb_built=&#8221;1&#8243; specialty=&#8221;on&#8221; _builder_version=&#8221;3.22&#8243; saved_tabs=&#8221;all&#8221;][et_pb_column type=&#8221;3_4&#8243; specialty_columns=&#8221;3&#8243; _builder_version=&#8221;3.25&#8243; custom_padding=&#8221;|||&#8221; parallax__hover=&#8221;off&#8221; parallax_method__hover=&#8221;on&#8221; custom_padding__hover=&#8221;|||&#8221;][et_pb_row_inner column_structure=&#8221;1_2,1_2&#8243; _builder_version=&#8221;3.27.1&#8243; custom_margin=&#8221;-19px|||||&#8221; custom_padding=&#8221;18px|0px|0|0px|false|false&#8221;][et_pb_column_inner type=&#8221;1_2&#8243; saved_specialty_column_type=&#8221;3_4&#8243; _builder_version=&#8221;3.27.1&#8243; custom_padding=&#8221;|||&#8221; parallax__hover=&#8221;off&#8221; parallax_method__hover=&#8221;on&#8221; custom_padding__hover=&#8221;|||&#8221;][et_pb_text _builder_version=&#8221;4.0.9&#8243; custom_padding=&#8221;7px|||||&#8221; hover_enabled=&#8221;0&#8243;]<\/p>\n<h1>Eignung zur Handhabung von Waffen (Maneggio armi)<\/h1>\n<p>&nbsp;<\/p>\n<p>Der S\u00fcdtiroler Jagdverband ist Anlaufstelle f\u00fcr verschiedenste Fragen der J\u00e4gerschaft bzw. der J\u00e4geranw\u00e4rter. Darunter auch jene nach den Schie\u00dfst\u00e4nden, wo es m\u00f6glich ist, die Bescheinigung \u00fcber die Eignung zur Handhabung von Waffen (certificato di idoneit\u00e1 al maneggio armi) zu erhalten. Diese Bescheinigung muss dem Antrag um Ausstellung des Jagdgewehrscheins beigelegt werden.<\/p>\n<div>\n<p>Nachfolgend eine Liste der Schie\u00dfst\u00e4nde, die diesen Service anbieten.<\/p>\n<p><strong>Schie\u00dfstand\u00a0Bozen:<br \/>\n<\/strong><a href=\"http:\/\/www.tsnbolzano.it\">www.tsnbolzano.it<\/a>, Tel. 0471 280292 oder E-Mail <a href=\"mailto:info@tsnbolzano.it\">info@tsnbolzano.it<\/a>\u00a0<strong><br \/>\n<\/strong><\/p>\n<p><strong>Schie\u00dfstand Meran:<br \/>\n<\/strong><a href=\"http:\/\/www.tsn-merano.it\">www.tsn-merano.it<\/a>, Tel. 0473 237466 oder E-Mail <a href=\"mailto:tsn_merano@infinito.it\">tsn_merano@infinito.it<\/a>\u00a0 \u00a0 \u00a0 \u00a0 \u00a0 \u00a0\u00a0<strong><br \/>\n<\/strong><\/p>\n<p><strong>Schie\u00dfstand Kaltern\u00a0\u00a0<\/strong><br \/>\n<a href=\"http:\/\/www.sportschuetzen-kaltern.it\">www.sportschuetzen-kaltern.it<\/a>\u00a0Tel. 347 0895055 oder E-Mail <a href=\"mailto:info@sportschuetzen-kaltern.it\">info@sportschuetzen-kaltern.it<\/a><\/p>\n<p><strong>Schie\u00dfstand\u00a0Eppan\u00a0\u00a0\u00a0\u00a0<\/strong><br \/>\n<a href=\"http:\/\/www.sportschuetzen-eppan.it\">www.sportschuetzen-eppan.it<\/a>, Tel. 0471 664588 oder E-Mail <a href=\"mailto:schiesstand.stmichael@rolmail.net\">schiesstand.stmichael@rolmail.net<\/a><\/p>\n<p><strong>Schie\u00dfstand\u00a0Goldrain<\/strong><br \/>\n<a href=\"http:\/\/www.schiessstandgoldrain.it\">www.schiessstandgoldrain.it<\/a>, Tel. 335 7709010 oder E-Mail <a href=\"mailto:schiessstand.goldrain@rolmail.net\">schiessstand.goldrain@rolmail.net<\/a><\/p>\n<p><strong>Schie\u00dfstand St. Lorenzen<\/strong><br \/>\n<a href=\"http:\/\/www.sgsl.org\">www.sgsl.org<\/a>, Tel. 0474 474549 oder E-Mail <a href=\"mailto:info@sgsl.org\">info@sgsl.org<\/a><\/p>\n<\/div>\n<p>[\/et_pb_text][et_pb_gallery gallery_ids=&#8221;51391,51393,51395,51397&#8243; fullwidth=&#8221;on&#8221; _builder_version=&#8221;3.19&#8243;][\/et_pb_gallery][\/et_pb_column_inner][et_pb_column_inner type=&#8221;1_2&#8243; saved_specialty_column_type=&#8221;3_4&#8243; _builder_version=&#8221;3.27.1&#8243; custom_padding=&#8221;|||&#8221; parallax__hover=&#8221;off&#8221; parallax_method__hover=&#8221;on&#8221; custom_padding__hover=&#8221;|||&#8221;][et_pb_image src=&#8221;https:\/\/jagdverband.it\/wp-content\/uploads\/2018\/09\/WaffeSchiessstand-1024&#215;576.jpg&#8221; show_in_lightbox=&#8221;on&#8221; _builder_version=&#8221;3.27.3&#8243;][\/et_pb_image][\/et_pb_column_inner][\/et_pb_row_inner][et_pb_row_inner column_structure=&#8221;undefined&#8221; _builder_version=&#8221;3.27.3&#8243; custom_margin=&#8221;|auto|-94px|auto||&#8221; custom_padding=&#8221;0px||9px|||&#8221;][et_pb_column_inner type=&#8221;undefined&#8221; _builder_version=&#8221;3.27.3&#8243;][et_pb_divider color=&#8221;rgba(0,0,0,0.13)&#8221; _builder_version=&#8221;3.27.3&#8243;][\/et_pb_divider][et_pb_button button_url=&#8221;https:\/\/jagdverband.it\/mitteilungen\/&#8221; button_text=&#8221;Zur\u00fcck zur \u00dcbersicht&#8221; button_alignment=&#8221;center&#8221; _builder_version=&#8221;3.27.3&#8243;][\/et_pb_button][\/et_pb_column_inner][\/et_pb_row_inner][\/et_pb_column][et_pb_column type=&#8221;1_4&#8243; _builder_version=&#8221;3.25&#8243; custom_padding=&#8221;|||&#8221; parallax__hover=&#8221;off&#8221; parallax_method__hover=&#8221;on&#8221; custom_padding__hover=&#8221;|||&#8221;][et_pb_sidebar orientation=&#8221;right&#8221; _builder_version=&#8221;3.27.3&#8243;][\/et_pb_sidebar][\/et_pb_column][\/et_pb_section]<\/p>\n","protected":false},"excerpt":{"rendered":"<p>Der S\u00fcdtiroler Jagdverband ist Anlaufstelle f\u00fcr verschiedenste Fragen der J\u00e4gerschaft bzw. der J\u00e4geranw\u00e4rter. Darunter auch jene nach den Schie\u00dfst\u00e4nden, wo es m\u00f6glich &#8230;<\/p>\n","protected":false},"author":3,"featured_media":53291,"comment_status":"open","ping_status":"open","sticky":false,"template":"","format":"standard","meta":{"_et_pb_use_builder":"on","_et_pb_old_content":"","_et_gb_content_width":""},"categories":[80],"tags":[],"featured_image_src":"https:\/\/jagdverband.it\/wp-content\/uploads\/2018\/09\/WaffeSchiessstand-1024x576.jpg","blog_images":{"medium":"https:\/\/jagdverband.it\/wp-content\/uploads\/2018\/09\/WaffeSchiessstand-300x169.jpg","large":"https:\/\/jagdverband.it\/wp-content\/uploads\/2018\/09\/WaffeSchiessstand-1024x576.jpg"},"ams_acf":[],"yoast_head":"<!-- This site is optimized with the Yoast SEO plugin v19.6 - https:\/\/yoast.com\/wordpress\/plugins\/seo\/ -->\n<title>Eignung zur Handhabung von Waffen (Maneggio armi) - S\u00fcdtiroler Jagdverband<\/title>\n<meta name=\"robots\" content=\"index, follow, max-snippet:-1, max-image-preview:large, max-video-preview:-1\" \/>\n<link rel=\"canonical\" href=\"https:\/\/jagdverband.it\/it\/maneggio-armi\/\" \/>\n<meta property=\"og:locale\" content=\"it_IT\" \/>\n<meta property=\"og:type\" content=\"article\" \/>\n<meta property=\"og:title\" content=\"Eignung zur Handhabung von Waffen (Maneggio armi) - S\u00fcdtiroler Jagdverband\" \/>\n<meta property=\"og:description\" content=\"Der S\u00fcdtiroler Jagdverband ist Anlaufstelle f\u00fcr verschiedenste Fragen der J\u00e4gerschaft bzw. der J\u00e4geranw\u00e4rter. Darunter auch jene nach den Schie\u00dfst\u00e4nden, wo es m\u00f6glich ...\" \/>\n<meta property=\"og:url\" content=\"https:\/\/jagdverband.it\/it\/maneggio-armi\/\" \/>\n<meta property=\"og:site_name\" content=\"S\u00fcdtiroler Jagdverband\" \/>\n<meta property=\"article:published_time\" content=\"2019-08-28T13:26:20+00:00\" \/>\n<meta property=\"article:modified_time\" content=\"2020-07-21T07:00:03+00:00\" \/>\n<meta property=\"og:image\" content=\"https:\/\/jagdverband.it\/wp-content\/uploads\/2018\/09\/WaffeSchiessstand.jpg\" \/>\n\t<meta property=\"og:image:width\" content=\"1280\" \/>\n\t<meta property=\"og:image:height\" content=\"720\" \/>\n\t<meta property=\"og:image:type\" content=\"image\/jpeg\" \/>\n<meta name=\"author\" content=\"Ulrike Raffl\" \/>\n<meta name=\"twitter:card\" content=\"summary\" \/>\n<meta name=\"twitter:label1\" content=\"Scritto da\" \/>\n\t<meta name=\"twitter:data1\" content=\"Ulrike Raffl\" \/>\n\t<meta name=\"twitter:label2\" content=\"Tempo di lettura stimato\" \/>\n\t<meta name=\"twitter:data2\" content=\"2 minuti\" \/>\n<script type=\"application\/ld+json\" class=\"yoast-schema-graph\">{\"@context\":\"https:\/\/schema.org\",\"@graph\":[{\"@type\":\"Article\",\"@id\":\"https:\/\/jagdverband.it\/it\/maneggio-armi\/#article\",\"isPartOf\":{\"@id\":\"https:\/\/jagdverband.it\/it\/maneggio-armi\/\"},\"author\":{\"name\":\"Ulrike Raffl\",\"@id\":\"https:\/\/jagdverband.it\/it\/#\/schema\/person\/96618422a6413f537ca6967db018c4c7\"},\"headline\":\"Eignung zur Handhabung von Waffen (Maneggio armi)\",\"datePublished\":\"2019-08-28T13:26:20+00:00\",\"dateModified\":\"2020-07-21T07:00:03+00:00\",\"mainEntityOfPage\":{\"@id\":\"https:\/\/jagdverband.it\/it\/maneggio-armi\/\"},\"wordCount\":421,\"commentCount\":0,\"publisher\":{\"@id\":\"https:\/\/jagdverband.it\/it\/#organization\"},\"articleSection\":[\"Mitteilungen\"],\"inLanguage\":\"it-IT\",\"potentialAction\":[{\"@type\":\"CommentAction\",\"name\":\"Comment\",\"target\":[\"https:\/\/jagdverband.it\/it\/maneggio-armi\/#respond\"]}]},{\"@type\":\"WebPage\",\"@id\":\"https:\/\/jagdverband.it\/it\/maneggio-armi\/\",\"url\":\"https:\/\/jagdverband.it\/it\/maneggio-armi\/\",\"name\":\"Eignung zur Handhabung von Waffen (Maneggio armi) - S\u00fcdtiroler Jagdverband\",\"isPartOf\":{\"@id\":\"https:\/\/jagdverband.it\/it\/#website\"},\"datePublished\":\"2019-08-28T13:26:20+00:00\",\"dateModified\":\"2020-07-21T07:00:03+00:00\",\"breadcrumb\":{\"@id\":\"https:\/\/jagdverband.it\/it\/maneggio-armi\/#breadcrumb\"},\"inLanguage\":\"it-IT\",\"potentialAction\":[{\"@type\":\"ReadAction\",\"target\":[\"https:\/\/jagdverband.it\/it\/maneggio-armi\/\"]}]},{\"@type\":\"BreadcrumbList\",\"@id\":\"https:\/\/jagdverband.it\/it\/maneggio-armi\/#breadcrumb\",\"itemListElement\":[{\"@type\":\"ListItem\",\"position\":1,\"name\":\"Home\",\"item\":\"https:\/\/jagdverband.it\/it\/\"},{\"@type\":\"ListItem\",\"position\":2,\"name\":\"Mitteilungen\",\"item\":\"https:\/\/jagdverband.it\/c\/mitteilungen\/\"},{\"@type\":\"ListItem\",\"position\":3,\"name\":\"Eignung zur Handhabung von Waffen (Maneggio armi)\"}]},{\"@type\":\"WebSite\",\"@id\":\"https:\/\/jagdverband.it\/it\/#website\",\"url\":\"https:\/\/jagdverband.it\/it\/\",\"name\":\"S\u00fcdtiroler Jagdverband\",\"description\":\"S\u00fcdtiroler Jagdverband\",\"publisher\":{\"@id\":\"https:\/\/jagdverband.it\/it\/#organization\"},\"potentialAction\":[{\"@type\":\"SearchAction\",\"target\":{\"@type\":\"EntryPoint\",\"urlTemplate\":\"https:\/\/jagdverband.it\/it\/?s={search_term_string}\"},\"query-input\":\"required name=search_term_string\"}],\"inLanguage\":\"it-IT\"},{\"@type\":\"Organization\",\"@id\":\"https:\/\/jagdverband.it\/it\/#organization\",\"name\":\"S\u00fcdtiroler Jagdverband\",\"url\":\"https:\/\/jagdverband.it\/it\/\",\"sameAs\":[],\"logo\":{\"@type\":\"ImageObject\",\"inLanguage\":\"it-IT\",\"@id\":\"https:\/\/jagdverband.it\/it\/#\/schema\/logo\/image\/\",\"url\":\"\",\"contentUrl\":\"\",\"caption\":\"S\u00fcdtiroler Jagdverband\"},\"image\":{\"@id\":\"https:\/\/jagdverband.it\/it\/#\/schema\/logo\/image\/\"}},{\"@type\":\"Person\",\"@id\":\"https:\/\/jagdverband.it\/it\/#\/schema\/person\/96618422a6413f537ca6967db018c4c7\",\"name\":\"Ulrike Raffl\",\"image\":{\"@type\":\"ImageObject\",\"inLanguage\":\"it-IT\",\"@id\":\"https:\/\/jagdverband.it\/it\/#\/schema\/person\/image\/\",\"url\":\"https:\/\/secure.gravatar.com\/avatar\/ce9d6b5545555bfae50f5b8da4b2c771?s=96&d=blank&r=g\",\"contentUrl\":\"https:\/\/secure.gravatar.com\/avatar\/ce9d6b5545555bfae50f5b8da4b2c771?s=96&d=blank&r=g\",\"caption\":\"Ulrike Raffl\"},\"sameAs\":[\"https:\/\/jagdverband.it\"],\"url\":\"https:\/\/jagdverband.it\/it\/author\/ulrike-raffljagdverband-it\/\"}]}<\/script>\n<!-- \/ Yoast SEO plugin. -->","yoast_head_json":{"title":"Eignung zur Handhabung von Waffen (Maneggio armi) - S\u00fcdtiroler Jagdverband","robots":{"index":"index","follow":"follow","max-snippet":"max-snippet:-1","max-image-preview":"max-image-preview:large","max-video-preview":"max-video-preview:-1"},"canonical":"https:\/\/jagdverband.it\/it\/maneggio-armi\/","og_locale":"it_IT","og_type":"article","og_title":"Eignung zur Handhabung von Waffen (Maneggio armi) - S\u00fcdtiroler Jagdverband","og_description":"Der S\u00fcdtiroler Jagdverband ist Anlaufstelle f\u00fcr verschiedenste Fragen der J\u00e4gerschaft bzw. der J\u00e4geranw\u00e4rter. Darunter auch jene nach den Schie\u00dfst\u00e4nden, wo es m\u00f6glich ...","og_url":"https:\/\/jagdverband.it\/it\/maneggio-armi\/","og_site_name":"S\u00fcdtiroler Jagdverband","article_published_time":"2019-08-28T13:26:20+00:00","article_modified_time":"2020-07-21T07:00:03+00:00","og_image":[{"width":1280,"height":720,"url":"https:\/\/jagdverband.it\/wp-content\/uploads\/2018\/09\/WaffeSchiessstand.jpg","type":"image\/jpeg"}],"author":"Ulrike Raffl","twitter_card":"summary","twitter_misc":{"Scritto da":"Ulrike Raffl","Tempo di lettura stimato":"2 minuti"},"schema":{"@context":"https:\/\/schema.org","@graph":[{"@type":"Article","@id":"https:\/\/jagdverband.it\/it\/maneggio-armi\/#article","isPartOf":{"@id":"https:\/\/jagdverband.it\/it\/maneggio-armi\/"},"author":{"name":"Ulrike Raffl","@id":"https:\/\/jagdverband.it\/it\/#\/schema\/person\/96618422a6413f537ca6967db018c4c7"},"headline":"Eignung zur Handhabung von Waffen (Maneggio armi)","datePublished":"2019-08-28T13:26:20+00:00","dateModified":"2020-07-21T07:00:03+00:00","mainEntityOfPage":{"@id":"https:\/\/jagdverband.it\/it\/maneggio-armi\/"},"wordCount":421,"commentCount":0,"publisher":{"@id":"https:\/\/jagdverband.it\/it\/#organization"},"articleSection":["Mitteilungen"],"inLanguage":"it-IT","potentialAction":[{"@type":"CommentAction","name":"Comment","target":["https:\/\/jagdverband.it\/it\/maneggio-armi\/#respond"]}]},{"@type":"WebPage","@id":"https:\/\/jagdverband.it\/it\/maneggio-armi\/","url":"https:\/\/jagdverband.it\/it\/maneggio-armi\/","name":"Eignung zur Handhabung von Waffen (Maneggio armi) - S\u00fcdtiroler Jagdverband","isPartOf":{"@id":"https:\/\/jagdverband.it\/it\/#website"},"datePublished":"2019-08-28T13:26:20+00:00","dateModified":"2020-07-21T07:00:03+00:00","breadcrumb":{"@id":"https:\/\/jagdverband.it\/it\/maneggio-armi\/#breadcrumb"},"inLanguage":"it-IT","potentialAction":[{"@type":"ReadAction","target":["https:\/\/jagdverband.it\/it\/maneggio-armi\/"]}]},{"@type":"BreadcrumbList","@id":"https:\/\/jagdverband.it\/it\/maneggio-armi\/#breadcrumb","itemListElement":[{"@type":"ListItem","position":1,"name":"Home","item":"https:\/\/jagdverband.it\/it\/"},{"@type":"ListItem","position":2,"name":"Mitteilungen","item":"https:\/\/jagdverband.it\/c\/mitteilungen\/"},{"@type":"ListItem","position":3,"name":"Eignung zur Handhabung von Waffen (Maneggio armi)"}]},{"@type":"WebSite","@id":"https:\/\/jagdverband.it\/it\/#website","url":"https:\/\/jagdverband.it\/it\/","name":"S\u00fcdtiroler Jagdverband","description":"S\u00fcdtiroler Jagdverband","publisher":{"@id":"https:\/\/jagdverband.it\/it\/#organization"},"potentialAction":[{"@type":"SearchAction","target":{"@type":"EntryPoint","urlTemplate":"https:\/\/jagdverband.it\/it\/?s={search_term_string}"},"query-input":"required name=search_term_string"}],"inLanguage":"it-IT"},{"@type":"Organization","@id":"https:\/\/jagdverband.it\/it\/#organization","name":"S\u00fcdtiroler Jagdverband","url":"https:\/\/jagdverband.it\/it\/","sameAs":[],"logo":{"@type":"ImageObject","inLanguage":"it-IT","@id":"https:\/\/jagdverband.it\/it\/#\/schema\/logo\/image\/","url":"","contentUrl":"","caption":"S\u00fcdtiroler Jagdverband"},"image":{"@id":"https:\/\/jagdverband.it\/it\/#\/schema\/logo\/image\/"}},{"@type":"Person","@id":"https:\/\/jagdverband.it\/it\/#\/schema\/person\/96618422a6413f537ca6967db018c4c7","name":"Ulrike Raffl","image":{"@type":"ImageObject","inLanguage":"it-IT","@id":"https:\/\/jagdverband.it\/it\/#\/schema\/person\/image\/","url":"https:\/\/secure.gravatar.com\/avatar\/ce9d6b5545555bfae50f5b8da4b2c771?s=96&d=blank&r=g","contentUrl":"https:\/\/secure.gravatar.com\/avatar\/ce9d6b5545555bfae50f5b8da4b2c771?s=96&d=blank&r=g","caption":"Ulrike Raffl"},"sameAs":["https:\/\/jagdverband.it"],"url":"https:\/\/jagdverband.it\/it\/author\/ulrike-raffljagdverband-it\/"}]}},"_links":{"self":[{"href":"https:\/\/jagdverband.it\/it\/wp-json\/wp\/v2\/posts\/53288"}],"collection":[{"href":"https:\/\/jagdverband.it\/it\/wp-json\/wp\/v2\/posts"}],"about":[{"href":"https:\/\/jagdverband.it\/it\/wp-json\/wp\/v2\/types\/post"}],"author":[{"embeddable":true,"href":"https:\/\/jagdverband.it\/it\/wp-json\/wp\/v2\/users\/3"}],"replies":[{"embeddable":true,"href":"https:\/\/jagdverband.it\/it\/wp-json\/wp\/v2\/comments?post=53288"}],"version-history":[{"count":0,"href":"https:\/\/jagdverband.it\/it\/wp-json\/wp\/v2\/posts\/53288\/revisions"}],"wp:featuredmedia":[{"embeddable":true,"href":"https:\/\/jagdverband.it\/it\/wp-json\/wp\/v2\/media\/53291"}],"wp:attachment":[{"href":"https:\/\/jagdverband.it\/it\/wp-json\/wp\/v2\/media?parent=53288"}],"wp:term":[{"taxonomy":"category","embeddable":true,"href":"https:\/\/jagdverband.it\/it\/wp-json\/wp\/v2\/categories?post=53288"},{"taxonomy":"post_tag","embeddable":true,"href":"https:\/\/jagdverband.it\/it\/wp-json\/wp\/v2\/tags?post=53288"}],"curies":[{"name":"wp","href":"https:\/\/api.w.org\/{rel}","templated":true}]}}