{"id":50776,"date":"2018-12-23T11:36:34","date_gmt":"2018-12-23T10:36:34","guid":{"rendered":"https:\/\/www.stjvb.it\/?p=50776"},"modified":"2019-10-15T07:49:45","modified_gmt":"2019-10-15T05:49:45","slug":"alpenlaendisches-wildkochbuch-geplant","status":"publish","type":"post","link":"https:\/\/jagdverband.it\/it\/alpenlaendisches-wildkochbuch-geplant\/","title":{"rendered":"Alpenl\u00e4ndisches Wildkochbuch geplant"},"content":{"rendered":"<p>[et_pb_section admin_label=&#8221;section&#8221;]<br \/>\n\t\t[et_pb_row admin_label=&#8221;row&#8221;]<br \/>\n\t\t\t[et_pb_column type=&#8221;4_4&#8243;][et_pb_text admin_label=&#8221;Text&#8221;]<strong>Die Jagdverb\u00e4nde Bayern, Tirol und S\u00fcdtirol haben sich k\u00fcrzlich mit der Idee befasst, ein gemeinsamen Kochbuch mit Wildrezepten zusammenzustellen. Ein erstes Treffen fand in der Gesch\u00e4ftsstelle des Tiroler J\u00e4gerverbandes in Innsbruck statt.\u00a0<\/strong><br \/>\n<!--more--><br \/>\nDie drei Landesj\u00e4germeister Anton Larcher, Berthold Marx und J\u00fcrgen Vocke wollten zuerst die Machbarkeit und die Verbreitungsm\u00f6glichkeit eines Kochbuches mit ausgew\u00e4hlten Rezepten aus Bayern, Tirol und S\u00fcdtirol besprechen. Auch eine Schweizer Beteiligung wurde angedacht.<br \/>\nMit dem Buch k\u00f6nnte das Wildbret als wertvolles, gesundes und nat\u00fcrliches Nahrungsmittel beworben und hervorgehoben werden. Das kann nur im Interesse der Jagdverb\u00e4nde sein.<br \/>\nEin n\u00e4chstes Treffen zum Projekt wird bald einmal stattfinden. Dabei wird entschieden, ob der Plan weiter verfolgt und zusammen umgesetzt wird.<\/p>\n<p><img loading=\"lazy\" class=\"aligncenter size-full wp-image-50778\" src=\"https:\/\/jagdverband.it\/wp-content\/uploads\/2018\/12\/KochbuchDSC_7154.jpg\" alt=\"\" width=\"1280\" height=\"854\" \/><\/p>\n<p><em>Im Bild:\u00a0Pr\u00e4sident J\u00fcrgen Vocke (zweiter von links) vom Bayerischen Jagdverband, Landesj\u00e4germeister Anton Larcher vom Tiroler J\u00e4gerverband, Landesj\u00e4germeister Berthold Marx und Gesch\u00e4ftsf\u00fchrer Heinrich Aukenthaler vom S\u00fcdtiroler Jagdverband\u00a0<\/em>[\/et_pb_text][\/et_pb_column]<br \/>\n\t\t[\/et_pb_row]<br \/>\n\t[\/et_pb_section]<\/p>\n","protected":false},"excerpt":{"rendered":"<p>Die Jagdverb\u00e4nde Bayern, Tirol und S\u00fcdtirol haben sich k\u00fcrzlich mit der Idee befasst, ein gemeinsamen Kochbuch mit Wildrezepten zusammenzustellen. Ein erstes Treffen fand in der Gesch\u00e4ftsstelle des Tiroler J\u00e4gerverbandes in [&hellip;]<\/p>\n","protected":false},"author":1,"featured_media":0,"comment_status":"open","ping_status":"open","sticky":false,"template":"","format":"standard","meta":{"_et_pb_use_builder":"on","_et_pb_old_content":"<strong>Die Jagdverb\u00e4nde Bayern, Tirol und S\u00fcdtirol haben sich k\u00fcrzlich mit der Idee befasst, ein gemeinsamen Kochbuch mit Wildrezepten zusammenzustellen. Ein erstes Treffen fand in der Gesch\u00e4ftsstelle des Tiroler J\u00e4gerverbandes in Innsbruck statt.\u00a0<\/strong>\r\n<!--more-->\r\nDie drei Landesj\u00e4germeister Anton Larcher, Berthold Marx und J\u00fcrgen Vocke wollten zuerst die Machbarkeit und die Verbreitungsm\u00f6glichkeit eines Kochbuches mit ausgew\u00e4hlten Rezepten aus Bayern, Tirol und S\u00fcdtirol besprechen. Auch eine Schweizer Beteiligung wurde angedacht.\r\nMit dem Buch k\u00f6nnte das Wildbret als wertvolles, gesundes und nat\u00fcrliches Nahrungsmittel beworben und hervorgehoben werden. Das kann nur im Interesse der Jagdverb\u00e4nde sein.\r\nEin n\u00e4chstes Treffen zum Projekt wird bald einmal stattfinden. Dabei wird entschieden, ob der Plan weiter verfolgt und zusammen umgesetzt wird.\r\n\r\n<img class=\"aligncenter size-full wp-image-50778\" src=\"https:\/\/jagdverband.it\/wp-content\/uploads\/2018\/12\/KochbuchDSC_7154.jpg\" alt=\"\" width=\"1280\" height=\"854\" \/>\r\n\r\n<em>Im Bild:\u00a0Pr\u00e4sident J\u00fcrgen Vocke (zweiter von links) vom Bayerischen Jagdverband, Landesj\u00e4germeister Anton Larcher vom Tiroler J\u00e4gerverband, Landesj\u00e4germeister Berthold Marx und Gesch\u00e4ftsf\u00fchrer Heinrich Aukenthaler vom S\u00fcdtiroler Jagdverband\u00a0<\/em>","_et_gb_content_width":""},"categories":[2],"tags":[],"featured_image_src":"","blog_images":{"medium":"","large":""},"ams_acf":[],"yoast_head":"<!-- This site is optimized with the Yoast SEO plugin v19.6 - https:\/\/yoast.com\/wordpress\/plugins\/seo\/ -->\n<title>Alpenl\u00e4ndisches Wildkochbuch geplant - S\u00fcdtiroler Jagdverband<\/title>\n<meta name=\"robots\" content=\"index, follow, max-snippet:-1, max-image-preview:large, max-video-preview:-1\" \/>\n<link rel=\"canonical\" href=\"https:\/\/jagdverband.it\/it\/alpenlaendisches-wildkochbuch-geplant\/\" \/>\n<meta property=\"og:locale\" content=\"it_IT\" \/>\n<meta property=\"og:type\" content=\"article\" \/>\n<meta property=\"og:title\" content=\"Alpenl\u00e4ndisches Wildkochbuch geplant - S\u00fcdtiroler Jagdverband\" \/>\n<meta property=\"og:description\" content=\"Die Jagdverb\u00e4nde Bayern, Tirol und S\u00fcdtirol haben sich k\u00fcrzlich mit der Idee befasst, ein gemeinsamen Kochbuch mit Wildrezepten zusammenzustellen. Ein erstes Treffen fand in der Gesch\u00e4ftsstelle des Tiroler J\u00e4gerverbandes in [&hellip;]\" \/>\n<meta property=\"og:url\" content=\"https:\/\/jagdverband.it\/it\/alpenlaendisches-wildkochbuch-geplant\/\" \/>\n<meta property=\"og:site_name\" content=\"S\u00fcdtiroler Jagdverband\" \/>\n<meta property=\"article:published_time\" content=\"2018-12-23T10:36:34+00:00\" \/>\n<meta property=\"article:modified_time\" content=\"2019-10-15T05:49:45+00:00\" \/>\n<meta property=\"og:image\" content=\"https:\/\/jagdverband.it\/wp-content\/uploads\/2018\/12\/KochbuchDSC_7154.jpg\" \/>\n<meta name=\"author\" content=\"admin\" \/>\n<meta name=\"twitter:card\" content=\"summary\" \/>\n<meta name=\"twitter:label1\" content=\"Scritto da\" \/>\n\t<meta name=\"twitter:data1\" content=\"admin\" \/>\n\t<meta name=\"twitter:label2\" content=\"Tempo di lettura stimato\" \/>\n\t<meta name=\"twitter:data2\" content=\"1 minuto\" \/>\n<script type=\"application\/ld+json\" class=\"yoast-schema-graph\">{\"@context\":\"https:\/\/schema.org\",\"@graph\":[{\"@type\":\"Article\",\"@id\":\"https:\/\/jagdverband.it\/it\/alpenlaendisches-wildkochbuch-geplant\/#article\",\"isPartOf\":{\"@id\":\"https:\/\/jagdverband.it\/it\/alpenlaendisches-wildkochbuch-geplant\/\"},\"author\":{\"name\":\"admin\",\"@id\":\"https:\/\/jagdverband.it\/it\/#\/schema\/person\/3e030b3a4aa7c391e09cd551afd6dc73\"},\"headline\":\"Alpenl\u00e4ndisches Wildkochbuch geplant\",\"datePublished\":\"2018-12-23T10:36:34+00:00\",\"dateModified\":\"2019-10-15T05:49:45+00:00\",\"mainEntityOfPage\":{\"@id\":\"https:\/\/jagdverband.it\/it\/alpenlaendisches-wildkochbuch-geplant\/\"},\"wordCount\":198,\"commentCount\":0,\"publisher\":{\"@id\":\"https:\/\/jagdverband.it\/it\/#organization\"},\"articleSection\":[\"Unkategorisiert\"],\"inLanguage\":\"it-IT\",\"potentialAction\":[{\"@type\":\"CommentAction\",\"name\":\"Comment\",\"target\":[\"https:\/\/jagdverband.it\/it\/alpenlaendisches-wildkochbuch-geplant\/#respond\"]}]},{\"@type\":\"WebPage\",\"@id\":\"https:\/\/jagdverband.it\/it\/alpenlaendisches-wildkochbuch-geplant\/\",\"url\":\"https:\/\/jagdverband.it\/it\/alpenlaendisches-wildkochbuch-geplant\/\",\"name\":\"Alpenl\u00e4ndisches Wildkochbuch geplant - S\u00fcdtiroler Jagdverband\",\"isPartOf\":{\"@id\":\"https:\/\/jagdverband.it\/it\/#website\"},\"datePublished\":\"2018-12-23T10:36:34+00:00\",\"dateModified\":\"2019-10-15T05:49:45+00:00\",\"breadcrumb\":{\"@id\":\"https:\/\/jagdverband.it\/it\/alpenlaendisches-wildkochbuch-geplant\/#breadcrumb\"},\"inLanguage\":\"it-IT\",\"potentialAction\":[{\"@type\":\"ReadAction\",\"target\":[\"https:\/\/jagdverband.it\/it\/alpenlaendisches-wildkochbuch-geplant\/\"]}]},{\"@type\":\"BreadcrumbList\",\"@id\":\"https:\/\/jagdverband.it\/it\/alpenlaendisches-wildkochbuch-geplant\/#breadcrumb\",\"itemListElement\":[{\"@type\":\"ListItem\",\"position\":1,\"name\":\"Home\",\"item\":\"https:\/\/jagdverband.it\/it\/\"},{\"@type\":\"ListItem\",\"position\":2,\"name\":\"Unkategorisiert\",\"item\":\"https:\/\/jagdverband.it\/c\/unkategorisiert\/\"},{\"@type\":\"ListItem\",\"position\":3,\"name\":\"Alpenl\u00e4ndisches Wildkochbuch geplant\"}]},{\"@type\":\"WebSite\",\"@id\":\"https:\/\/jagdverband.it\/it\/#website\",\"url\":\"https:\/\/jagdverband.it\/it\/\",\"name\":\"S\u00fcdtiroler Jagdverband\",\"description\":\"S\u00fcdtiroler Jagdverband\",\"publisher\":{\"@id\":\"https:\/\/jagdverband.it\/it\/#organization\"},\"potentialAction\":[{\"@type\":\"SearchAction\",\"target\":{\"@type\":\"EntryPoint\",\"urlTemplate\":\"https:\/\/jagdverband.it\/it\/?s={search_term_string}\"},\"query-input\":\"required name=search_term_string\"}],\"inLanguage\":\"it-IT\"},{\"@type\":\"Organization\",\"@id\":\"https:\/\/jagdverband.it\/it\/#organization\",\"name\":\"S\u00fcdtiroler Jagdverband\",\"url\":\"https:\/\/jagdverband.it\/it\/\",\"sameAs\":[],\"logo\":{\"@type\":\"ImageObject\",\"inLanguage\":\"it-IT\",\"@id\":\"https:\/\/jagdverband.it\/it\/#\/schema\/logo\/image\/\",\"url\":\"\",\"contentUrl\":\"\",\"caption\":\"S\u00fcdtiroler Jagdverband\"},\"image\":{\"@id\":\"https:\/\/jagdverband.it\/it\/#\/schema\/logo\/image\/\"}},{\"@type\":\"Person\",\"@id\":\"https:\/\/jagdverband.it\/it\/#\/schema\/person\/3e030b3a4aa7c391e09cd551afd6dc73\",\"name\":\"admin\",\"image\":{\"@type\":\"ImageObject\",\"inLanguage\":\"it-IT\",\"@id\":\"https:\/\/jagdverband.it\/it\/#\/schema\/person\/image\/\",\"url\":\"https:\/\/secure.gravatar.com\/avatar\/badbf5eaa88657062fdcacb31218cc5c?s=96&d=blank&r=g\",\"contentUrl\":\"https:\/\/secure.gravatar.com\/avatar\/badbf5eaa88657062fdcacb31218cc5c?s=96&d=blank&r=g\",\"caption\":\"admin\"},\"url\":\"https:\/\/jagdverband.it\/it\/author\/admin\/\"}]}<\/script>\n<!-- \/ Yoast SEO plugin. -->","yoast_head_json":{"title":"Alpenl\u00e4ndisches Wildkochbuch geplant - S\u00fcdtiroler Jagdverband","robots":{"index":"index","follow":"follow","max-snippet":"max-snippet:-1","max-image-preview":"max-image-preview:large","max-video-preview":"max-video-preview:-1"},"canonical":"https:\/\/jagdverband.it\/it\/alpenlaendisches-wildkochbuch-geplant\/","og_locale":"it_IT","og_type":"article","og_title":"Alpenl\u00e4ndisches Wildkochbuch geplant - S\u00fcdtiroler Jagdverband","og_description":"Die Jagdverb\u00e4nde Bayern, Tirol und S\u00fcdtirol haben sich k\u00fcrzlich mit der Idee befasst, ein gemeinsamen Kochbuch mit Wildrezepten zusammenzustellen. Ein erstes Treffen fand in der Gesch\u00e4ftsstelle des Tiroler J\u00e4gerverbandes in [&hellip;]","og_url":"https:\/\/jagdverband.it\/it\/alpenlaendisches-wildkochbuch-geplant\/","og_site_name":"S\u00fcdtiroler Jagdverband","article_published_time":"2018-12-23T10:36:34+00:00","article_modified_time":"2019-10-15T05:49:45+00:00","og_image":[{"url":"https:\/\/jagdverband.it\/wp-content\/uploads\/2018\/12\/KochbuchDSC_7154.jpg"}],"author":"admin","twitter_card":"summary","twitter_misc":{"Scritto da":"admin","Tempo di lettura stimato":"1 minuto"},"schema":{"@context":"https:\/\/schema.org","@graph":[{"@type":"Article","@id":"https:\/\/jagdverband.it\/it\/alpenlaendisches-wildkochbuch-geplant\/#article","isPartOf":{"@id":"https:\/\/jagdverband.it\/it\/alpenlaendisches-wildkochbuch-geplant\/"},"author":{"name":"admin","@id":"https:\/\/jagdverband.it\/it\/#\/schema\/person\/3e030b3a4aa7c391e09cd551afd6dc73"},"headline":"Alpenl\u00e4ndisches Wildkochbuch geplant","datePublished":"2018-12-23T10:36:34+00:00","dateModified":"2019-10-15T05:49:45+00:00","mainEntityOfPage":{"@id":"https:\/\/jagdverband.it\/it\/alpenlaendisches-wildkochbuch-geplant\/"},"wordCount":198,"commentCount":0,"publisher":{"@id":"https:\/\/jagdverband.it\/it\/#organization"},"articleSection":["Unkategorisiert"],"inLanguage":"it-IT","potentialAction":[{"@type":"CommentAction","name":"Comment","target":["https:\/\/jagdverband.it\/it\/alpenlaendisches-wildkochbuch-geplant\/#respond"]}]},{"@type":"WebPage","@id":"https:\/\/jagdverband.it\/it\/alpenlaendisches-wildkochbuch-geplant\/","url":"https:\/\/jagdverband.it\/it\/alpenlaendisches-wildkochbuch-geplant\/","name":"Alpenl\u00e4ndisches Wildkochbuch geplant - S\u00fcdtiroler Jagdverband","isPartOf":{"@id":"https:\/\/jagdverband.it\/it\/#website"},"datePublished":"2018-12-23T10:36:34+00:00","dateModified":"2019-10-15T05:49:45+00:00","breadcrumb":{"@id":"https:\/\/jagdverband.it\/it\/alpenlaendisches-wildkochbuch-geplant\/#breadcrumb"},"inLanguage":"it-IT","potentialAction":[{"@type":"ReadAction","target":["https:\/\/jagdverband.it\/it\/alpenlaendisches-wildkochbuch-geplant\/"]}]},{"@type":"BreadcrumbList","@id":"https:\/\/jagdverband.it\/it\/alpenlaendisches-wildkochbuch-geplant\/#breadcrumb","itemListElement":[{"@type":"ListItem","position":1,"name":"Home","item":"https:\/\/jagdverband.it\/it\/"},{"@type":"ListItem","position":2,"name":"Unkategorisiert","item":"https:\/\/jagdverband.it\/c\/unkategorisiert\/"},{"@type":"ListItem","position":3,"name":"Alpenl\u00e4ndisches Wildkochbuch geplant"}]},{"@type":"WebSite","@id":"https:\/\/jagdverband.it\/it\/#website","url":"https:\/\/jagdverband.it\/it\/","name":"S\u00fcdtiroler Jagdverband","description":"S\u00fcdtiroler Jagdverband","publisher":{"@id":"https:\/\/jagdverband.it\/it\/#organization"},"potentialAction":[{"@type":"SearchAction","target":{"@type":"EntryPoint","urlTemplate":"https:\/\/jagdverband.it\/it\/?s={search_term_string}"},"query-input":"required name=search_term_string"}],"inLanguage":"it-IT"},{"@type":"Organization","@id":"https:\/\/jagdverband.it\/it\/#organization","name":"S\u00fcdtiroler Jagdverband","url":"https:\/\/jagdverband.it\/it\/","sameAs":[],"logo":{"@type":"ImageObject","inLanguage":"it-IT","@id":"https:\/\/jagdverband.it\/it\/#\/schema\/logo\/image\/","url":"","contentUrl":"","caption":"S\u00fcdtiroler Jagdverband"},"image":{"@id":"https:\/\/jagdverband.it\/it\/#\/schema\/logo\/image\/"}},{"@type":"Person","@id":"https:\/\/jagdverband.it\/it\/#\/schema\/person\/3e030b3a4aa7c391e09cd551afd6dc73","name":"admin","image":{"@type":"ImageObject","inLanguage":"it-IT","@id":"https:\/\/jagdverband.it\/it\/#\/schema\/person\/image\/","url":"https:\/\/secure.gravatar.com\/avatar\/badbf5eaa88657062fdcacb31218cc5c?s=96&d=blank&r=g","contentUrl":"https:\/\/secure.gravatar.com\/avatar\/badbf5eaa88657062fdcacb31218cc5c?s=96&d=blank&r=g","caption":"admin"},"url":"https:\/\/jagdverband.it\/it\/author\/admin\/"}]}},"_links":{"self":[{"href":"https:\/\/jagdverband.it\/it\/wp-json\/wp\/v2\/posts\/50776"}],"collection":[{"href":"https:\/\/jagdverband.it\/it\/wp-json\/wp\/v2\/posts"}],"about":[{"href":"https:\/\/jagdverband.it\/it\/wp-json\/wp\/v2\/types\/post"}],"author":[{"embeddable":true,"href":"https:\/\/jagdverband.it\/it\/wp-json\/wp\/v2\/users\/1"}],"replies":[{"embeddable":true,"href":"https:\/\/jagdverband.it\/it\/wp-json\/wp\/v2\/comments?post=50776"}],"version-history":[{"count":0,"href":"https:\/\/jagdverband.it\/it\/wp-json\/wp\/v2\/posts\/50776\/revisions"}],"wp:attachment":[{"href":"https:\/\/jagdverband.it\/it\/wp-json\/wp\/v2\/media?parent=50776"}],"wp:term":[{"taxonomy":"category","embeddable":true,"href":"https:\/\/jagdverband.it\/it\/wp-json\/wp\/v2\/categories?post=50776"},{"taxonomy":"post_tag","embeddable":true,"href":"https:\/\/jagdverband.it\/it\/wp-json\/wp\/v2\/tags?post=50776"}],"curies":[{"name":"wp","href":"https:\/\/api.w.org\/{rel}","templated":true}]}}